{"id":236,"date":"2014-02-01T22:19:25","date_gmt":"2014-02-01T21:19:25","guid":{"rendered":"http:\/\/wp.kristdemokraterna.se\/klippan\/?p=236"},"modified":"2014-02-01T23:15:04","modified_gmt":"2014-02-01T22:15:04","slug":"vart-vallokalsfonster","status":"publish","type":"post","link":"https:\/\/wp.kristdemokraterna.se\/klippan\/vart-vallokalsfonster\/","title":{"rendered":"V\u00e5rt Vallokalsf\u00f6nster"},"content":{"rendered":"<p style=\"text-align: left\"><a href=\"http:\/\/wp.kristdemokraterna.se\/klippan\/files\/2014\/02\/416.jpg\"><img loading=\"lazy\" decoding=\"async\" class=\"alignnone size-medium wp-image-237\" alt=\"416\" src=\"http:\/\/wp.kristdemokraterna.se\/klippan\/files\/2014\/02\/416-168x300.jpg\" width=\"168\" height=\"300\" srcset=\"https:\/\/wp.kristdemokraterna.se\/klippan\/files\/2014\/02\/416-168x300.jpg 168w, https:\/\/wp.kristdemokraterna.se\/klippan\/files\/2014\/02\/416-303x540.jpg 303w, https:\/\/wp.kristdemokraterna.se\/klippan\/files\/2014\/02\/416-194x346.jpg 194w, https:\/\/wp.kristdemokraterna.se\/klippan\/files\/2014\/02\/416-63x112.jpg 63w, https:\/\/wp.kristdemokraterna.se\/klippan\/files\/2014\/02\/416.jpg 1836w\" sizes=\"auto, (max-width: 168px) 100vw, 168px\" \/><\/a><\/p>\n<p style=\"text-align: left\">V\u00e4lkomna p\u00e5 en pratstund och en kopp kaffe. Vi finns i Klippan, gamla &#8221;old corner&#8221;, mellan 11-13 varje l\u00f6rdag. ( utom den 8:e feb d\u00e5 vi har \u00e5rsm\u00f6te )<\/p>\n<p style=\"text-align: left\">\n","protected":false},"excerpt":{"rendered":"<p>V\u00e4lkomna p\u00e5 en pratstund och en kopp kaffe. Vi finns i Klippan, gamla &#8221;old corner&#8221;, mellan 11-13 varje l\u00f6rdag. ( utom den 8:e feb d\u00e5 vi har \u00e5rsm\u00f6te )<\/p>\n","protected":false},"author":545,"featured_media":0,"comment_status":"open","ping_status":"open","sticky":false,"template":"","format":"standard","meta":{"_acf_changed":false,"footnotes":""},"categories":[1],"tags":[],"class_list":["post-236","post","type-post","status-publish","format-standard","hentry","category-okategoriserade"],"acf":[],"yoast_head":"<!-- This site is optimized with the Yoast SEO plugin v27.5 - https:\/\/yoast.com\/product\/yoast-seo-wordpress\/ -->\n<title>V\u00e5rt Vallokalsf\u00f6nster - Klippan<\/title>\n<meta name=\"robots\" content=\"index, follow, max-snippet:-1, max-image-preview:large, max-video-preview:-1\" \/>\n<link rel=\"canonical\" href=\"https:\/\/wp.kristdemokraterna.se\/klippan\/vart-vallokalsfonster\/\" \/>\n<meta property=\"og:locale\" content=\"sv_SE\" \/>\n<meta property=\"og:type\" content=\"article\" \/>\n<meta property=\"og:title\" content=\"V\u00e5rt Vallokalsf\u00f6nster - Klippan\" \/>\n<meta property=\"og:description\" content=\"V\u00e4lkomna p\u00e5 en pratstund och en kopp kaffe. Vi finns i Klippan, gamla &#8221;old corner&#8221;, mellan 11-13 varje l\u00f6rdag. ( utom den 8:e feb d\u00e5 vi har \u00e5rsm\u00f6te )\" \/>\n<meta property=\"og:url\" content=\"https:\/\/wp.kristdemokraterna.se\/klippan\/vart-vallokalsfonster\/\" \/>\n<meta property=\"og:site_name\" content=\"Klippan\" \/>\n<meta property=\"article:published_time\" content=\"2014-02-01T21:19:25+00:00\" \/>\n<meta property=\"article:modified_time\" content=\"2014-02-01T22:15:04+00:00\" \/>\n<meta property=\"og:image\" content=\"http:\/\/wp.kristdemokraterna.se\/klippan\/files\/2014\/02\/416-168x300.jpg\" \/>\n<meta name=\"author\" content=\"bodil\" \/>\n<meta name=\"twitter:card\" content=\"summary_large_image\" \/>\n<meta name=\"twitter:label1\" content=\"Skriven av\" \/>\n\t<meta name=\"twitter:data1\" content=\"bodil\" \/>\n<script type=\"application\/ld+json\" class=\"yoast-schema-graph\">{\"@context\":\"https:\\\/\\\/schema.org\",\"@graph\":[{\"@type\":\"Article\",\"@id\":\"https:\\\/\\\/wp.kristdemokraterna.se\\\/klippan\\\/vart-vallokalsfonster\\\/#article\",\"isPartOf\":{\"@id\":\"https:\\\/\\\/wp.kristdemokraterna.se\\\/klippan\\\/vart-vallokalsfonster\\\/\"},\"author\":{\"name\":\"bodil\",\"@id\":\"https:\\\/\\\/wp.kristdemokraterna.se\\\/klippan\\\/#\\\/schema\\\/person\\\/c6a9f1b40c460596c205f46621b962a3\"},\"headline\":\"V\u00e5rt Vallokalsf\u00f6nster\",\"datePublished\":\"2014-02-01T21:19:25+00:00\",\"dateModified\":\"2014-02-01T22:15:04+00:00\",\"mainEntityOfPage\":{\"@id\":\"https:\\\/\\\/wp.kristdemokraterna.se\\\/klippan\\\/vart-vallokalsfonster\\\/\"},\"wordCount\":34,\"commentCount\":0,\"image\":{\"@id\":\"https:\\\/\\\/wp.kristdemokraterna.se\\\/klippan\\\/vart-vallokalsfonster\\\/#primaryimage\"},\"thumbnailUrl\":\"http:\\\/\\\/wp.kristdemokraterna.se\\\/klippan\\\/files\\\/2014\\\/02\\\/416-168x300.jpg\",\"inLanguage\":\"sv-SE\"},{\"@type\":\"WebPage\",\"@id\":\"https:\\\/\\\/wp.kristdemokraterna.se\\\/klippan\\\/vart-vallokalsfonster\\\/\",\"url\":\"https:\\\/\\\/wp.kristdemokraterna.se\\\/klippan\\\/vart-vallokalsfonster\\\/\",\"name\":\"V\u00e5rt Vallokalsf\u00f6nster - Klippan\",\"isPartOf\":{\"@id\":\"https:\\\/\\\/wp.kristdemokraterna.se\\\/klippan\\\/#website\"},\"primaryImageOfPage\":{\"@id\":\"https:\\\/\\\/wp.kristdemokraterna.se\\\/klippan\\\/vart-vallokalsfonster\\\/#primaryimage\"},\"image\":{\"@id\":\"https:\\\/\\\/wp.kristdemokraterna.se\\\/klippan\\\/vart-vallokalsfonster\\\/#primaryimage\"},\"thumbnailUrl\":\"http:\\\/\\\/wp.kristdemokraterna.se\\\/klippan\\\/files\\\/2014\\\/02\\\/416-168x300.jpg\",\"datePublished\":\"2014-02-01T21:19:25+00:00\",\"dateModified\":\"2014-02-01T22:15:04+00:00\",\"author\":{\"@id\":\"https:\\\/\\\/wp.kristdemokraterna.se\\\/klippan\\\/#\\\/schema\\\/person\\\/c6a9f1b40c460596c205f46621b962a3\"},\"breadcrumb\":{\"@id\":\"https:\\\/\\\/wp.kristdemokraterna.se\\\/klippan\\\/vart-vallokalsfonster\\\/#breadcrumb\"},\"inLanguage\":\"sv-SE\",\"potentialAction\":[{\"@type\":\"ReadAction\",\"target\":[\"https:\\\/\\\/wp.kristdemokraterna.se\\\/klippan\\\/vart-vallokalsfonster\\\/\"]}]},{\"@type\":\"ImageObject\",\"inLanguage\":\"sv-SE\",\"@id\":\"https:\\\/\\\/wp.kristdemokraterna.se\\\/klippan\\\/vart-vallokalsfonster\\\/#primaryimage\",\"url\":\"https:\\\/\\\/wp.kristdemokraterna.se\\\/klippan\\\/files\\\/2014\\\/02\\\/416.jpg\",\"contentUrl\":\"https:\\\/\\\/wp.kristdemokraterna.se\\\/klippan\\\/files\\\/2014\\\/02\\\/416.jpg\",\"width\":1836,\"height\":3264},{\"@type\":\"BreadcrumbList\",\"@id\":\"https:\\\/\\\/wp.kristdemokraterna.se\\\/klippan\\\/vart-vallokalsfonster\\\/#breadcrumb\",\"itemListElement\":[{\"@type\":\"ListItem\",\"position\":1,\"name\":\"Hem\",\"item\":\"https:\\\/\\\/wp.kristdemokraterna.se\\\/klippan\\\/\"},{\"@type\":\"ListItem\",\"position\":2,\"name\":\"V\u00e5rt Vallokalsf\u00f6nster\"}]},{\"@type\":\"WebSite\",\"@id\":\"https:\\\/\\\/wp.kristdemokraterna.se\\\/klippan\\\/#website\",\"url\":\"https:\\\/\\\/wp.kristdemokraterna.se\\\/klippan\\\/\",\"name\":\"Klippan\",\"description\":\"En till Kristdemokraterna webbplats\",\"inLanguage\":\"sv-SE\"},{\"@type\":\"Person\",\"@id\":\"https:\\\/\\\/wp.kristdemokraterna.se\\\/klippan\\\/#\\\/schema\\\/person\\\/c6a9f1b40c460596c205f46621b962a3\",\"name\":\"bodil\",\"image\":{\"@type\":\"ImageObject\",\"inLanguage\":\"sv-SE\",\"@id\":\"https:\\\/\\\/secure.gravatar.com\\\/avatar\\\/b28889bac62e061e989e716a5f0a2269a4164284151f3e27bef399a70b3d31ea?s=96&r=g\",\"url\":\"https:\\\/\\\/secure.gravatar.com\\\/avatar\\\/b28889bac62e061e989e716a5f0a2269a4164284151f3e27bef399a70b3d31ea?s=96&r=g\",\"contentUrl\":\"https:\\\/\\\/secure.gravatar.com\\\/avatar\\\/b28889bac62e061e989e716a5f0a2269a4164284151f3e27bef399a70b3d31ea?s=96&r=g\",\"caption\":\"bodil\"},\"url\":\"https:\\\/\\\/wp.kristdemokraterna.se\\\/klippan\\\/author\\\/bodil\\\/\"}]}<\/script>\n<!-- \/ Yoast SEO plugin. -->","yoast_head_json":{"title":"V\u00e5rt Vallokalsf\u00f6nster - Klippan","robots":{"index":"index","follow":"follow","max-snippet":"max-snippet:-1","max-image-preview":"max-image-preview:large","max-video-preview":"max-video-preview:-1"},"canonical":"https:\/\/wp.kristdemokraterna.se\/klippan\/vart-vallokalsfonster\/","og_locale":"sv_SE","og_type":"article","og_title":"V\u00e5rt Vallokalsf\u00f6nster - Klippan","og_description":"V\u00e4lkomna p\u00e5 en pratstund och en kopp kaffe. Vi finns i Klippan, gamla &#8221;old corner&#8221;, mellan 11-13 varje l\u00f6rdag. ( utom den 8:e feb d\u00e5 vi har \u00e5rsm\u00f6te )","og_url":"https:\/\/wp.kristdemokraterna.se\/klippan\/vart-vallokalsfonster\/","og_site_name":"Klippan","article_published_time":"2014-02-01T21:19:25+00:00","article_modified_time":"2014-02-01T22:15:04+00:00","og_image":[{"url":"http:\/\/wp.kristdemokraterna.se\/klippan\/files\/2014\/02\/416-168x300.jpg","type":"","width":"","height":""}],"author":"bodil","twitter_card":"summary_large_image","twitter_misc":{"Skriven av":"bodil"},"schema":{"@context":"https:\/\/schema.org","@graph":[{"@type":"Article","@id":"https:\/\/wp.kristdemokraterna.se\/klippan\/vart-vallokalsfonster\/#article","isPartOf":{"@id":"https:\/\/wp.kristdemokraterna.se\/klippan\/vart-vallokalsfonster\/"},"author":{"name":"bodil","@id":"https:\/\/wp.kristdemokraterna.se\/klippan\/#\/schema\/person\/c6a9f1b40c460596c205f46621b962a3"},"headline":"V\u00e5rt Vallokalsf\u00f6nster","datePublished":"2014-02-01T21:19:25+00:00","dateModified":"2014-02-01T22:15:04+00:00","mainEntityOfPage":{"@id":"https:\/\/wp.kristdemokraterna.se\/klippan\/vart-vallokalsfonster\/"},"wordCount":34,"commentCount":0,"image":{"@id":"https:\/\/wp.kristdemokraterna.se\/klippan\/vart-vallokalsfonster\/#primaryimage"},"thumbnailUrl":"http:\/\/wp.kristdemokraterna.se\/klippan\/files\/2014\/02\/416-168x300.jpg","inLanguage":"sv-SE"},{"@type":"WebPage","@id":"https:\/\/wp.kristdemokraterna.se\/klippan\/vart-vallokalsfonster\/","url":"https:\/\/wp.kristdemokraterna.se\/klippan\/vart-vallokalsfonster\/","name":"V\u00e5rt Vallokalsf\u00f6nster - Klippan","isPartOf":{"@id":"https:\/\/wp.kristdemokraterna.se\/klippan\/#website"},"primaryImageOfPage":{"@id":"https:\/\/wp.kristdemokraterna.se\/klippan\/vart-vallokalsfonster\/#primaryimage"},"image":{"@id":"https:\/\/wp.kristdemokraterna.se\/klippan\/vart-vallokalsfonster\/#primaryimage"},"thumbnailUrl":"http:\/\/wp.kristdemokraterna.se\/klippan\/files\/2014\/02\/416-168x300.jpg","datePublished":"2014-02-01T21:19:25+00:00","dateModified":"2014-02-01T22:15:04+00:00","author":{"@id":"https:\/\/wp.kristdemokraterna.se\/klippan\/#\/schema\/person\/c6a9f1b40c460596c205f46621b962a3"},"breadcrumb":{"@id":"https:\/\/wp.kristdemokraterna.se\/klippan\/vart-vallokalsfonster\/#breadcrumb"},"inLanguage":"sv-SE","potentialAction":[{"@type":"ReadAction","target":["https:\/\/wp.kristdemokraterna.se\/klippan\/vart-vallokalsfonster\/"]}]},{"@type":"ImageObject","inLanguage":"sv-SE","@id":"https:\/\/wp.kristdemokraterna.se\/klippan\/vart-vallokalsfonster\/#primaryimage","url":"https:\/\/wp.kristdemokraterna.se\/klippan\/files\/2014\/02\/416.jpg","contentUrl":"https:\/\/wp.kristdemokraterna.se\/klippan\/files\/2014\/02\/416.jpg","width":1836,"height":3264},{"@type":"BreadcrumbList","@id":"https:\/\/wp.kristdemokraterna.se\/klippan\/vart-vallokalsfonster\/#breadcrumb","itemListElement":[{"@type":"ListItem","position":1,"name":"Hem","item":"https:\/\/wp.kristdemokraterna.se\/klippan\/"},{"@type":"ListItem","position":2,"name":"V\u00e5rt Vallokalsf\u00f6nster"}]},{"@type":"WebSite","@id":"https:\/\/wp.kristdemokraterna.se\/klippan\/#website","url":"https:\/\/wp.kristdemokraterna.se\/klippan\/","name":"Klippan","description":"En till Kristdemokraterna webbplats","inLanguage":"sv-SE"},{"@type":"Person","@id":"https:\/\/wp.kristdemokraterna.se\/klippan\/#\/schema\/person\/c6a9f1b40c460596c205f46621b962a3","name":"bodil","image":{"@type":"ImageObject","inLanguage":"sv-SE","@id":"https:\/\/secure.gravatar.com\/avatar\/b28889bac62e061e989e716a5f0a2269a4164284151f3e27bef399a70b3d31ea?s=96&r=g","url":"https:\/\/secure.gravatar.com\/avatar\/b28889bac62e061e989e716a5f0a2269a4164284151f3e27bef399a70b3d31ea?s=96&r=g","contentUrl":"https:\/\/secure.gravatar.com\/avatar\/b28889bac62e061e989e716a5f0a2269a4164284151f3e27bef399a70b3d31ea?s=96&r=g","caption":"bodil"},"url":"https:\/\/wp.kristdemokraterna.se\/klippan\/author\/bodil\/"}]}},"_links":{"self":[{"href":"https:\/\/wp.kristdemokraterna.se\/klippan\/wp-json\/wp\/v2\/posts\/236","targetHints":{"allow":["GET"]}}],"collection":[{"href":"https:\/\/wp.kristdemokraterna.se\/klippan\/wp-json\/wp\/v2\/posts"}],"about":[{"href":"https:\/\/wp.kristdemokraterna.se\/klippan\/wp-json\/wp\/v2\/types\/post"}],"author":[{"embeddable":true,"href":"https:\/\/wp.kristdemokraterna.se\/klippan\/wp-json\/wp\/v2\/users\/545"}],"replies":[{"embeddable":true,"href":"https:\/\/wp.kristdemokraterna.se\/klippan\/wp-json\/wp\/v2\/comments?post=236"}],"version-history":[{"count":10,"href":"https:\/\/wp.kristdemokraterna.se\/klippan\/wp-json\/wp\/v2\/posts\/236\/revisions"}],"predecessor-version":[{"id":248,"href":"https:\/\/wp.kristdemokraterna.se\/klippan\/wp-json\/wp\/v2\/posts\/236\/revisions\/248"}],"wp:attachment":[{"href":"https:\/\/wp.kristdemokraterna.se\/klippan\/wp-json\/wp\/v2\/media?parent=236"}],"wp:term":[{"taxonomy":"category","embeddable":true,"href":"https:\/\/wp.kristdemokraterna.se\/klippan\/wp-json\/wp\/v2\/categories?post=236"},{"taxonomy":"post_tag","embeddable":true,"href":"https:\/\/wp.kristdemokraterna.se\/klippan\/wp-json\/wp\/v2\/tags?post=236"}],"curies":[{"name":"wp","href":"https:\/\/api.w.org\/{rel}","templated":true}]}}