{"id":291,"date":"2014-02-03T13:14:29","date_gmt":"2014-02-03T12:14:29","guid":{"rendered":"http:\/\/wp.kristdemokraterna.se\/klippan\/?p=291"},"modified":"2014-02-03T13:20:46","modified_gmt":"2014-02-03T12:20:46","slug":"nu-rullar-politikerskolan-2","status":"publish","type":"post","link":"https:\/\/wp.kristdemokraterna.se\/klippan\/nu-rullar-politikerskolan-2\/","title":{"rendered":"Nu rullar politikerskolan !"},"content":{"rendered":"<p><a href=\"http:\/\/wp.kristdemokraterna.se\/klippan\/files\/2014\/02\/YB0702-06-e1391428971454.jpg\"><img loading=\"lazy\" decoding=\"async\" class=\"alignnone size-medium wp-image-289\" alt=\"Bert-inge Karlsson\" src=\"http:\/\/wp.kristdemokraterna.se\/klippan\/files\/2014\/02\/YB0702-06-e1391428971454-229x300.jpg\" width=\"229\" height=\"300\" srcset=\"https:\/\/wp.kristdemokraterna.se\/klippan\/files\/2014\/02\/YB0702-06-e1391428971454-229x300.jpg 229w, https:\/\/wp.kristdemokraterna.se\/klippan\/files\/2014\/02\/YB0702-06-e1391428971454-412x540.jpg 412w, https:\/\/wp.kristdemokraterna.se\/klippan\/files\/2014\/02\/YB0702-06-e1391428971454.jpg 872w\" sizes=\"auto, (max-width: 229px) 100vw, 229px\" \/><\/a><\/p>\n<p>Fantastiskt och se nya ansikten som \u00e4r intresserade av att l\u00e4ra sig mer om hur man kan p\u00e5verka i sin kommun. Bert-Inge Karlsson delade med sig av sin kunskap om riksdagen och regeringen. F\u00f6rklarade betydelsen av att vi g\u00e5r och r\u00f6star, varje r\u00f6st \u00e4r en p\u00e5verkan p\u00e5 besluten. N\u00e4sta tr\u00e4ff \u00e4r den 13 februari, d\u00e5 g\u00e5r vi igenom hur kommunen \u00e4r strukturerad och hur man g\u00f6r f\u00f6r att p\u00e5verka besluten som tas h\u00e4r. Det blir Anders Johansson , vice ordf\u00f6rande i Kommunfullm\u00e4ktige som delger oss sin kunskap d\u00e5.<\/p>\n","protected":false},"excerpt":{"rendered":"<p>Fantastiskt och se nya ansikten som \u00e4r intresserade av att l\u00e4ra sig mer om hur man kan p\u00e5verka i sin kommun. Bert-Inge Karlsson delade med sig av sin kunskap om riksdagen och regeringen. F\u00f6rklarade betydelsen av att vi g\u00e5r och r\u00f6star, varje r\u00f6st \u00e4r en p\u00e5verkan p\u00e5 besluten. N\u00e4sta tr\u00e4ff \u00e4r den 13 februari, d\u00e5 <a class=\"read-more-link\" href=\"https:\/\/wp.kristdemokraterna.se\/klippan\/nu-rullar-politikerskolan-2\/\">Read More<\/a><\/p>\n","protected":false},"author":545,"featured_media":0,"comment_status":"open","ping_status":"open","sticky":false,"template":"","format":"standard","meta":{"_acf_changed":false,"footnotes":""},"categories":[1],"tags":[],"class_list":["post-291","post","type-post","status-publish","format-standard","hentry","category-okategoriserade"],"acf":[],"yoast_head":"<!-- This site is optimized with the Yoast SEO plugin v27.5 - https:\/\/yoast.com\/product\/yoast-seo-wordpress\/ -->\n<title>Nu rullar politikerskolan ! - Klippan<\/title>\n<meta name=\"robots\" content=\"index, follow, max-snippet:-1, max-image-preview:large, max-video-preview:-1\" \/>\n<link rel=\"canonical\" href=\"https:\/\/wp.kristdemokraterna.se\/klippan\/nu-rullar-politikerskolan-2\/\" \/>\n<meta property=\"og:locale\" content=\"sv_SE\" \/>\n<meta property=\"og:type\" content=\"article\" \/>\n<meta property=\"og:title\" content=\"Nu rullar politikerskolan ! - Klippan\" \/>\n<meta property=\"og:description\" content=\"Fantastiskt och se nya ansikten som \u00e4r intresserade av att l\u00e4ra sig mer om hur man kan p\u00e5verka i sin kommun. Bert-Inge Karlsson delade med sig av sin kunskap om riksdagen och regeringen. F\u00f6rklarade betydelsen av att vi g\u00e5r och r\u00f6star, varje r\u00f6st \u00e4r en p\u00e5verkan p\u00e5 besluten. N\u00e4sta tr\u00e4ff \u00e4r den 13 februari, d\u00e5 Read More\" \/>\n<meta property=\"og:url\" content=\"https:\/\/wp.kristdemokraterna.se\/klippan\/nu-rullar-politikerskolan-2\/\" \/>\n<meta property=\"og:site_name\" content=\"Klippan\" \/>\n<meta property=\"article:published_time\" content=\"2014-02-03T12:14:29+00:00\" \/>\n<meta property=\"article:modified_time\" content=\"2014-02-03T12:20:46+00:00\" \/>\n<meta property=\"og:image\" content=\"http:\/\/wp.kristdemokraterna.se\/klippan\/files\/2014\/02\/YB0702-06-e1391428971454-229x300.jpg\" \/>\n<meta name=\"author\" content=\"bodil\" \/>\n<meta name=\"twitter:card\" content=\"summary_large_image\" \/>\n<meta name=\"twitter:label1\" content=\"Skriven av\" \/>\n\t<meta name=\"twitter:data1\" content=\"bodil\" \/>\n\t<meta name=\"twitter:label2\" content=\"Ber\u00e4knad l\u00e4stid\" \/>\n\t<meta name=\"twitter:data2\" content=\"1 minut\" \/>\n<script type=\"application\/ld+json\" class=\"yoast-schema-graph\">{\"@context\":\"https:\\\/\\\/schema.org\",\"@graph\":[{\"@type\":\"Article\",\"@id\":\"https:\\\/\\\/wp.kristdemokraterna.se\\\/klippan\\\/nu-rullar-politikerskolan-2\\\/#article\",\"isPartOf\":{\"@id\":\"https:\\\/\\\/wp.kristdemokraterna.se\\\/klippan\\\/nu-rullar-politikerskolan-2\\\/\"},\"author\":{\"name\":\"bodil\",\"@id\":\"https:\\\/\\\/wp.kristdemokraterna.se\\\/klippan\\\/#\\\/schema\\\/person\\\/c6a9f1b40c460596c205f46621b962a3\"},\"headline\":\"Nu rullar politikerskolan !\",\"datePublished\":\"2014-02-03T12:14:29+00:00\",\"dateModified\":\"2014-02-03T12:20:46+00:00\",\"mainEntityOfPage\":{\"@id\":\"https:\\\/\\\/wp.kristdemokraterna.se\\\/klippan\\\/nu-rullar-politikerskolan-2\\\/\"},\"wordCount\":105,\"commentCount\":0,\"image\":{\"@id\":\"https:\\\/\\\/wp.kristdemokraterna.se\\\/klippan\\\/nu-rullar-politikerskolan-2\\\/#primaryimage\"},\"thumbnailUrl\":\"http:\\\/\\\/wp.kristdemokraterna.se\\\/klippan\\\/files\\\/2014\\\/02\\\/YB0702-06-e1391428971454-229x300.jpg\",\"inLanguage\":\"sv-SE\"},{\"@type\":\"WebPage\",\"@id\":\"https:\\\/\\\/wp.kristdemokraterna.se\\\/klippan\\\/nu-rullar-politikerskolan-2\\\/\",\"url\":\"https:\\\/\\\/wp.kristdemokraterna.se\\\/klippan\\\/nu-rullar-politikerskolan-2\\\/\",\"name\":\"Nu rullar politikerskolan ! - Klippan\",\"isPartOf\":{\"@id\":\"https:\\\/\\\/wp.kristdemokraterna.se\\\/klippan\\\/#website\"},\"primaryImageOfPage\":{\"@id\":\"https:\\\/\\\/wp.kristdemokraterna.se\\\/klippan\\\/nu-rullar-politikerskolan-2\\\/#primaryimage\"},\"image\":{\"@id\":\"https:\\\/\\\/wp.kristdemokraterna.se\\\/klippan\\\/nu-rullar-politikerskolan-2\\\/#primaryimage\"},\"thumbnailUrl\":\"http:\\\/\\\/wp.kristdemokraterna.se\\\/klippan\\\/files\\\/2014\\\/02\\\/YB0702-06-e1391428971454-229x300.jpg\",\"datePublished\":\"2014-02-03T12:14:29+00:00\",\"dateModified\":\"2014-02-03T12:20:46+00:00\",\"author\":{\"@id\":\"https:\\\/\\\/wp.kristdemokraterna.se\\\/klippan\\\/#\\\/schema\\\/person\\\/c6a9f1b40c460596c205f46621b962a3\"},\"breadcrumb\":{\"@id\":\"https:\\\/\\\/wp.kristdemokraterna.se\\\/klippan\\\/nu-rullar-politikerskolan-2\\\/#breadcrumb\"},\"inLanguage\":\"sv-SE\",\"potentialAction\":[{\"@type\":\"ReadAction\",\"target\":[\"https:\\\/\\\/wp.kristdemokraterna.se\\\/klippan\\\/nu-rullar-politikerskolan-2\\\/\"]}]},{\"@type\":\"ImageObject\",\"inLanguage\":\"sv-SE\",\"@id\":\"https:\\\/\\\/wp.kristdemokraterna.se\\\/klippan\\\/nu-rullar-politikerskolan-2\\\/#primaryimage\",\"url\":\"https:\\\/\\\/wp.kristdemokraterna.se\\\/klippan\\\/files\\\/2014\\\/02\\\/YB0702-06-e1391428971454.jpg\",\"contentUrl\":\"https:\\\/\\\/wp.kristdemokraterna.se\\\/klippan\\\/files\\\/2014\\\/02\\\/YB0702-06-e1391428971454.jpg\",\"width\":872,\"height\":1142},{\"@type\":\"BreadcrumbList\",\"@id\":\"https:\\\/\\\/wp.kristdemokraterna.se\\\/klippan\\\/nu-rullar-politikerskolan-2\\\/#breadcrumb\",\"itemListElement\":[{\"@type\":\"ListItem\",\"position\":1,\"name\":\"Hem\",\"item\":\"https:\\\/\\\/wp.kristdemokraterna.se\\\/klippan\\\/\"},{\"@type\":\"ListItem\",\"position\":2,\"name\":\"Nu rullar politikerskolan !\"}]},{\"@type\":\"WebSite\",\"@id\":\"https:\\\/\\\/wp.kristdemokraterna.se\\\/klippan\\\/#website\",\"url\":\"https:\\\/\\\/wp.kristdemokraterna.se\\\/klippan\\\/\",\"name\":\"Klippan\",\"description\":\"En till Kristdemokraterna webbplats\",\"inLanguage\":\"sv-SE\"},{\"@type\":\"Person\",\"@id\":\"https:\\\/\\\/wp.kristdemokraterna.se\\\/klippan\\\/#\\\/schema\\\/person\\\/c6a9f1b40c460596c205f46621b962a3\",\"name\":\"bodil\",\"image\":{\"@type\":\"ImageObject\",\"inLanguage\":\"sv-SE\",\"@id\":\"https:\\\/\\\/secure.gravatar.com\\\/avatar\\\/b28889bac62e061e989e716a5f0a2269a4164284151f3e27bef399a70b3d31ea?s=96&r=g\",\"url\":\"https:\\\/\\\/secure.gravatar.com\\\/avatar\\\/b28889bac62e061e989e716a5f0a2269a4164284151f3e27bef399a70b3d31ea?s=96&r=g\",\"contentUrl\":\"https:\\\/\\\/secure.gravatar.com\\\/avatar\\\/b28889bac62e061e989e716a5f0a2269a4164284151f3e27bef399a70b3d31ea?s=96&r=g\",\"caption\":\"bodil\"},\"url\":\"https:\\\/\\\/wp.kristdemokraterna.se\\\/klippan\\\/author\\\/bodil\\\/\"}]}<\/script>\n<!-- \/ Yoast SEO plugin. -->","yoast_head_json":{"title":"Nu rullar politikerskolan ! - Klippan","robots":{"index":"index","follow":"follow","max-snippet":"max-snippet:-1","max-image-preview":"max-image-preview:large","max-video-preview":"max-video-preview:-1"},"canonical":"https:\/\/wp.kristdemokraterna.se\/klippan\/nu-rullar-politikerskolan-2\/","og_locale":"sv_SE","og_type":"article","og_title":"Nu rullar politikerskolan ! - Klippan","og_description":"Fantastiskt och se nya ansikten som \u00e4r intresserade av att l\u00e4ra sig mer om hur man kan p\u00e5verka i sin kommun. Bert-Inge Karlsson delade med sig av sin kunskap om riksdagen och regeringen. F\u00f6rklarade betydelsen av att vi g\u00e5r och r\u00f6star, varje r\u00f6st \u00e4r en p\u00e5verkan p\u00e5 besluten. N\u00e4sta tr\u00e4ff \u00e4r den 13 februari, d\u00e5 Read More","og_url":"https:\/\/wp.kristdemokraterna.se\/klippan\/nu-rullar-politikerskolan-2\/","og_site_name":"Klippan","article_published_time":"2014-02-03T12:14:29+00:00","article_modified_time":"2014-02-03T12:20:46+00:00","og_image":[{"url":"http:\/\/wp.kristdemokraterna.se\/klippan\/files\/2014\/02\/YB0702-06-e1391428971454-229x300.jpg","type":"","width":"","height":""}],"author":"bodil","twitter_card":"summary_large_image","twitter_misc":{"Skriven av":"bodil","Ber\u00e4knad l\u00e4stid":"1 minut"},"schema":{"@context":"https:\/\/schema.org","@graph":[{"@type":"Article","@id":"https:\/\/wp.kristdemokraterna.se\/klippan\/nu-rullar-politikerskolan-2\/#article","isPartOf":{"@id":"https:\/\/wp.kristdemokraterna.se\/klippan\/nu-rullar-politikerskolan-2\/"},"author":{"name":"bodil","@id":"https:\/\/wp.kristdemokraterna.se\/klippan\/#\/schema\/person\/c6a9f1b40c460596c205f46621b962a3"},"headline":"Nu rullar politikerskolan !","datePublished":"2014-02-03T12:14:29+00:00","dateModified":"2014-02-03T12:20:46+00:00","mainEntityOfPage":{"@id":"https:\/\/wp.kristdemokraterna.se\/klippan\/nu-rullar-politikerskolan-2\/"},"wordCount":105,"commentCount":0,"image":{"@id":"https:\/\/wp.kristdemokraterna.se\/klippan\/nu-rullar-politikerskolan-2\/#primaryimage"},"thumbnailUrl":"http:\/\/wp.kristdemokraterna.se\/klippan\/files\/2014\/02\/YB0702-06-e1391428971454-229x300.jpg","inLanguage":"sv-SE"},{"@type":"WebPage","@id":"https:\/\/wp.kristdemokraterna.se\/klippan\/nu-rullar-politikerskolan-2\/","url":"https:\/\/wp.kristdemokraterna.se\/klippan\/nu-rullar-politikerskolan-2\/","name":"Nu rullar politikerskolan ! - Klippan","isPartOf":{"@id":"https:\/\/wp.kristdemokraterna.se\/klippan\/#website"},"primaryImageOfPage":{"@id":"https:\/\/wp.kristdemokraterna.se\/klippan\/nu-rullar-politikerskolan-2\/#primaryimage"},"image":{"@id":"https:\/\/wp.kristdemokraterna.se\/klippan\/nu-rullar-politikerskolan-2\/#primaryimage"},"thumbnailUrl":"http:\/\/wp.kristdemokraterna.se\/klippan\/files\/2014\/02\/YB0702-06-e1391428971454-229x300.jpg","datePublished":"2014-02-03T12:14:29+00:00","dateModified":"2014-02-03T12:20:46+00:00","author":{"@id":"https:\/\/wp.kristdemokraterna.se\/klippan\/#\/schema\/person\/c6a9f1b40c460596c205f46621b962a3"},"breadcrumb":{"@id":"https:\/\/wp.kristdemokraterna.se\/klippan\/nu-rullar-politikerskolan-2\/#breadcrumb"},"inLanguage":"sv-SE","potentialAction":[{"@type":"ReadAction","target":["https:\/\/wp.kristdemokraterna.se\/klippan\/nu-rullar-politikerskolan-2\/"]}]},{"@type":"ImageObject","inLanguage":"sv-SE","@id":"https:\/\/wp.kristdemokraterna.se\/klippan\/nu-rullar-politikerskolan-2\/#primaryimage","url":"https:\/\/wp.kristdemokraterna.se\/klippan\/files\/2014\/02\/YB0702-06-e1391428971454.jpg","contentUrl":"https:\/\/wp.kristdemokraterna.se\/klippan\/files\/2014\/02\/YB0702-06-e1391428971454.jpg","width":872,"height":1142},{"@type":"BreadcrumbList","@id":"https:\/\/wp.kristdemokraterna.se\/klippan\/nu-rullar-politikerskolan-2\/#breadcrumb","itemListElement":[{"@type":"ListItem","position":1,"name":"Hem","item":"https:\/\/wp.kristdemokraterna.se\/klippan\/"},{"@type":"ListItem","position":2,"name":"Nu rullar politikerskolan !"}]},{"@type":"WebSite","@id":"https:\/\/wp.kristdemokraterna.se\/klippan\/#website","url":"https:\/\/wp.kristdemokraterna.se\/klippan\/","name":"Klippan","description":"En till Kristdemokraterna webbplats","inLanguage":"sv-SE"},{"@type":"Person","@id":"https:\/\/wp.kristdemokraterna.se\/klippan\/#\/schema\/person\/c6a9f1b40c460596c205f46621b962a3","name":"bodil","image":{"@type":"ImageObject","inLanguage":"sv-SE","@id":"https:\/\/secure.gravatar.com\/avatar\/b28889bac62e061e989e716a5f0a2269a4164284151f3e27bef399a70b3d31ea?s=96&r=g","url":"https:\/\/secure.gravatar.com\/avatar\/b28889bac62e061e989e716a5f0a2269a4164284151f3e27bef399a70b3d31ea?s=96&r=g","contentUrl":"https:\/\/secure.gravatar.com\/avatar\/b28889bac62e061e989e716a5f0a2269a4164284151f3e27bef399a70b3d31ea?s=96&r=g","caption":"bodil"},"url":"https:\/\/wp.kristdemokraterna.se\/klippan\/author\/bodil\/"}]}},"_links":{"self":[{"href":"https:\/\/wp.kristdemokraterna.se\/klippan\/wp-json\/wp\/v2\/posts\/291","targetHints":{"allow":["GET"]}}],"collection":[{"href":"https:\/\/wp.kristdemokraterna.se\/klippan\/wp-json\/wp\/v2\/posts"}],"about":[{"href":"https:\/\/wp.kristdemokraterna.se\/klippan\/wp-json\/wp\/v2\/types\/post"}],"author":[{"embeddable":true,"href":"https:\/\/wp.kristdemokraterna.se\/klippan\/wp-json\/wp\/v2\/users\/545"}],"replies":[{"embeddable":true,"href":"https:\/\/wp.kristdemokraterna.se\/klippan\/wp-json\/wp\/v2\/comments?post=291"}],"version-history":[{"count":2,"href":"https:\/\/wp.kristdemokraterna.se\/klippan\/wp-json\/wp\/v2\/posts\/291\/revisions"}],"predecessor-version":[{"id":294,"href":"https:\/\/wp.kristdemokraterna.se\/klippan\/wp-json\/wp\/v2\/posts\/291\/revisions\/294"}],"wp:attachment":[{"href":"https:\/\/wp.kristdemokraterna.se\/klippan\/wp-json\/wp\/v2\/media?parent=291"}],"wp:term":[{"taxonomy":"category","embeddable":true,"href":"https:\/\/wp.kristdemokraterna.se\/klippan\/wp-json\/wp\/v2\/categories?post=291"},{"taxonomy":"post_tag","embeddable":true,"href":"https:\/\/wp.kristdemokraterna.se\/klippan\/wp-json\/wp\/v2\/tags?post=291"}],"curies":[{"name":"wp","href":"https:\/\/api.w.org\/{rel}","templated":true}]}}