{"id":506,"date":"2014-12-02T21:09:21","date_gmt":"2014-12-02T20:09:21","guid":{"rendered":"http:\/\/wp.kristdemokraterna.se\/klippan\/?p=506"},"modified":"2014-12-02T21:17:39","modified_gmt":"2014-12-02T20:17:39","slug":"valkommen-till-var-arliga-jultraff","status":"publish","type":"post","link":"https:\/\/wp.kristdemokraterna.se\/klippan\/valkommen-till-var-arliga-jultraff\/","title":{"rendered":"V\u00e4lkommen till v\u00e5r \u00e5rliga jultr\u00e4ff!"},"content":{"rendered":"<p>Torsdagen den 11 december \u00e4r det dags f\u00f6r v\u00e5r \u00e5rliga julfika. Vi tr\u00e4ffas p\u00e5 Ljungbergs Tryckeri AB kl 18.30.<\/p>\n<p>I \u00e5r kommer vi att f\u00e5 lyssna till Mikael Arnefur som bla talar om sina hj\u00e4rtefr\u00e5gor Invandring och integration.Vi kommer ocks\u00e5 att f\u00e5 en rundvandring p\u00e5\u00a0tryckeriet av Bengt Ljungberg. Dessutom blir\u00a0det s\u00e5klart julfika!<\/p>\n<p>\u00c4r du sugen p\u00e5 att delta anm\u00e4l er till Madeleine eller klicka <a title=\"h\u00e4r\" href=\"http:\/\/simplesignup.se\/private_event\/53937\/aaa30dc461\" target=\"_blank\">h\u00e4r<\/a>\u00a0(sista dag f\u00f6r anm\u00e4lan den 9dec)<\/p>\n<h4><strong>Varmt v\u00e4lkomna!\u00a0<\/strong><a href=\"http:\/\/wp.kristdemokraterna.se\/klippan\/files\/2014\/12\/tomte.jpg\"><img loading=\"lazy\" decoding=\"async\" class=\"size-medium wp-image-507 alignright\" src=\"http:\/\/wp.kristdemokraterna.se\/klippan\/files\/2014\/12\/tomte-300x225.jpg\" alt=\"tomte\" width=\"300\" height=\"225\" srcset=\"https:\/\/wp.kristdemokraterna.se\/klippan\/files\/2014\/12\/tomte-300x225.jpg 300w, https:\/\/wp.kristdemokraterna.se\/klippan\/files\/2014\/12\/tomte-540x405.jpg 540w, https:\/\/wp.kristdemokraterna.se\/klippan\/files\/2014\/12\/tomte-461x346.jpg 461w, https:\/\/wp.kristdemokraterna.se\/klippan\/files\/2014\/12\/tomte-149x112.jpg 149w, https:\/\/wp.kristdemokraterna.se\/klippan\/files\/2014\/12\/tomte.jpg 1024w\" sizes=\"auto, (max-width: 300px) 100vw, 300px\" \/><\/a><\/h4>\n","protected":false},"excerpt":{"rendered":"<p>Torsdagen den 11 december \u00e4r det dags f\u00f6r v\u00e5r \u00e5rliga julfika. Vi tr\u00e4ffas p\u00e5 Ljungbergs Tryckeri AB kl 18.30. I \u00e5r kommer vi att f\u00e5 lyssna till Mikael Arnefur som bla talar om sina hj\u00e4rtefr\u00e5gor Invandring och integration.Vi kommer ocks\u00e5 att f\u00e5 en rundvandring p\u00e5\u00a0tryckeriet av Bengt Ljungberg. Dessutom blir\u00a0det s\u00e5klart julfika! \u00c4r du sugen <a class=\"read-more-link\" href=\"https:\/\/wp.kristdemokraterna.se\/klippan\/valkommen-till-var-arliga-jultraff\/\">Read More<\/a><\/p>\n","protected":false},"author":477,"featured_media":0,"comment_status":"closed","ping_status":"closed","sticky":false,"template":"","format":"standard","meta":{"_acf_changed":false,"footnotes":""},"categories":[1],"tags":[],"class_list":["post-506","post","type-post","status-publish","format-standard","hentry","category-okategoriserade"],"acf":[],"yoast_head":"<!-- This site is optimized with the Yoast SEO plugin v27.4 - https:\/\/yoast.com\/product\/yoast-seo-wordpress\/ -->\n<title>V\u00e4lkommen till v\u00e5r \u00e5rliga jultr\u00e4ff! - Klippan<\/title>\n<meta name=\"robots\" content=\"index, follow, max-snippet:-1, max-image-preview:large, max-video-preview:-1\" \/>\n<link rel=\"canonical\" href=\"https:\/\/wp.kristdemokraterna.se\/klippan\/valkommen-till-var-arliga-jultraff\/\" \/>\n<meta property=\"og:locale\" content=\"sv_SE\" \/>\n<meta property=\"og:type\" content=\"article\" \/>\n<meta property=\"og:title\" content=\"V\u00e4lkommen till v\u00e5r \u00e5rliga jultr\u00e4ff! - Klippan\" \/>\n<meta property=\"og:description\" content=\"Torsdagen den 11 december \u00e4r det dags f\u00f6r v\u00e5r \u00e5rliga julfika. Vi tr\u00e4ffas p\u00e5 Ljungbergs Tryckeri AB kl 18.30. I \u00e5r kommer vi att f\u00e5 lyssna till Mikael Arnefur som bla talar om sina hj\u00e4rtefr\u00e5gor Invandring och integration.Vi kommer ocks\u00e5 att f\u00e5 en rundvandring p\u00e5\u00a0tryckeriet av Bengt Ljungberg. Dessutom blir\u00a0det s\u00e5klart julfika! \u00c4r du sugen Read More\" \/>\n<meta property=\"og:url\" content=\"https:\/\/wp.kristdemokraterna.se\/klippan\/valkommen-till-var-arliga-jultraff\/\" \/>\n<meta property=\"og:site_name\" content=\"Klippan\" \/>\n<meta property=\"article:published_time\" content=\"2014-12-02T20:09:21+00:00\" \/>\n<meta property=\"article:modified_time\" content=\"2014-12-02T20:17:39+00:00\" \/>\n<meta property=\"og:image\" content=\"http:\/\/wp.kristdemokraterna.se\/klippan\/files\/2014\/12\/tomte-300x225.jpg\" \/>\n<meta name=\"author\" content=\"klippan\" \/>\n<meta name=\"twitter:card\" content=\"summary_large_image\" \/>\n<meta name=\"twitter:label1\" content=\"Skriven av\" \/>\n\t<meta name=\"twitter:data1\" content=\"klippan\" \/>\n<script type=\"application\/ld+json\" class=\"yoast-schema-graph\">{\"@context\":\"https:\\\/\\\/schema.org\",\"@graph\":[{\"@type\":\"Article\",\"@id\":\"https:\\\/\\\/wp.kristdemokraterna.se\\\/klippan\\\/valkommen-till-var-arliga-jultraff\\\/#article\",\"isPartOf\":{\"@id\":\"https:\\\/\\\/wp.kristdemokraterna.se\\\/klippan\\\/valkommen-till-var-arliga-jultraff\\\/\"},\"author\":{\"name\":\"klippan\",\"@id\":\"https:\\\/\\\/wp.kristdemokraterna.se\\\/klippan\\\/#\\\/schema\\\/person\\\/7d98c45cdb8f672d1f67ceac8bb6f68f\"},\"headline\":\"V\u00e4lkommen till v\u00e5r \u00e5rliga jultr\u00e4ff!\",\"datePublished\":\"2014-12-02T20:09:21+00:00\",\"dateModified\":\"2014-12-02T20:17:39+00:00\",\"mainEntityOfPage\":{\"@id\":\"https:\\\/\\\/wp.kristdemokraterna.se\\\/klippan\\\/valkommen-till-var-arliga-jultraff\\\/\"},\"wordCount\":93,\"image\":{\"@id\":\"https:\\\/\\\/wp.kristdemokraterna.se\\\/klippan\\\/valkommen-till-var-arliga-jultraff\\\/#primaryimage\"},\"thumbnailUrl\":\"http:\\\/\\\/wp.kristdemokraterna.se\\\/klippan\\\/files\\\/2014\\\/12\\\/tomte-300x225.jpg\",\"inLanguage\":\"sv-SE\"},{\"@type\":\"WebPage\",\"@id\":\"https:\\\/\\\/wp.kristdemokraterna.se\\\/klippan\\\/valkommen-till-var-arliga-jultraff\\\/\",\"url\":\"https:\\\/\\\/wp.kristdemokraterna.se\\\/klippan\\\/valkommen-till-var-arliga-jultraff\\\/\",\"name\":\"V\u00e4lkommen till v\u00e5r \u00e5rliga jultr\u00e4ff! - Klippan\",\"isPartOf\":{\"@id\":\"https:\\\/\\\/wp.kristdemokraterna.se\\\/klippan\\\/#website\"},\"primaryImageOfPage\":{\"@id\":\"https:\\\/\\\/wp.kristdemokraterna.se\\\/klippan\\\/valkommen-till-var-arliga-jultraff\\\/#primaryimage\"},\"image\":{\"@id\":\"https:\\\/\\\/wp.kristdemokraterna.se\\\/klippan\\\/valkommen-till-var-arliga-jultraff\\\/#primaryimage\"},\"thumbnailUrl\":\"http:\\\/\\\/wp.kristdemokraterna.se\\\/klippan\\\/files\\\/2014\\\/12\\\/tomte-300x225.jpg\",\"datePublished\":\"2014-12-02T20:09:21+00:00\",\"dateModified\":\"2014-12-02T20:17:39+00:00\",\"author\":{\"@id\":\"https:\\\/\\\/wp.kristdemokraterna.se\\\/klippan\\\/#\\\/schema\\\/person\\\/7d98c45cdb8f672d1f67ceac8bb6f68f\"},\"breadcrumb\":{\"@id\":\"https:\\\/\\\/wp.kristdemokraterna.se\\\/klippan\\\/valkommen-till-var-arliga-jultraff\\\/#breadcrumb\"},\"inLanguage\":\"sv-SE\",\"potentialAction\":[{\"@type\":\"ReadAction\",\"target\":[\"https:\\\/\\\/wp.kristdemokraterna.se\\\/klippan\\\/valkommen-till-var-arliga-jultraff\\\/\"]}]},{\"@type\":\"ImageObject\",\"inLanguage\":\"sv-SE\",\"@id\":\"https:\\\/\\\/wp.kristdemokraterna.se\\\/klippan\\\/valkommen-till-var-arliga-jultraff\\\/#primaryimage\",\"url\":\"https:\\\/\\\/wp.kristdemokraterna.se\\\/klippan\\\/files\\\/2014\\\/12\\\/tomte.jpg\",\"contentUrl\":\"https:\\\/\\\/wp.kristdemokraterna.se\\\/klippan\\\/files\\\/2014\\\/12\\\/tomte.jpg\",\"width\":1024,\"height\":768},{\"@type\":\"BreadcrumbList\",\"@id\":\"https:\\\/\\\/wp.kristdemokraterna.se\\\/klippan\\\/valkommen-till-var-arliga-jultraff\\\/#breadcrumb\",\"itemListElement\":[{\"@type\":\"ListItem\",\"position\":1,\"name\":\"Hem\",\"item\":\"https:\\\/\\\/wp.kristdemokraterna.se\\\/klippan\\\/\"},{\"@type\":\"ListItem\",\"position\":2,\"name\":\"V\u00e4lkommen till v\u00e5r \u00e5rliga jultr\u00e4ff!\"}]},{\"@type\":\"WebSite\",\"@id\":\"https:\\\/\\\/wp.kristdemokraterna.se\\\/klippan\\\/#website\",\"url\":\"https:\\\/\\\/wp.kristdemokraterna.se\\\/klippan\\\/\",\"name\":\"Klippan\",\"description\":\"En till Kristdemokraterna webbplats\",\"inLanguage\":\"sv-SE\"},{\"@type\":\"Person\",\"@id\":\"https:\\\/\\\/wp.kristdemokraterna.se\\\/klippan\\\/#\\\/schema\\\/person\\\/7d98c45cdb8f672d1f67ceac8bb6f68f\",\"name\":\"klippan\",\"image\":{\"@type\":\"ImageObject\",\"inLanguage\":\"sv-SE\",\"@id\":\"https:\\\/\\\/secure.gravatar.com\\\/avatar\\\/c15534d9060eae6804b69ce13a7b0a1c3dbc2100970b48ddfd5782623228b696?s=96&r=g\",\"url\":\"https:\\\/\\\/secure.gravatar.com\\\/avatar\\\/c15534d9060eae6804b69ce13a7b0a1c3dbc2100970b48ddfd5782623228b696?s=96&r=g\",\"contentUrl\":\"https:\\\/\\\/secure.gravatar.com\\\/avatar\\\/c15534d9060eae6804b69ce13a7b0a1c3dbc2100970b48ddfd5782623228b696?s=96&r=g\",\"caption\":\"klippan\"},\"url\":\"https:\\\/\\\/wp.kristdemokraterna.se\\\/klippan\\\/author\\\/klippan\\\/\"}]}<\/script>\n<!-- \/ Yoast SEO plugin. -->","yoast_head_json":{"title":"V\u00e4lkommen till v\u00e5r \u00e5rliga jultr\u00e4ff! - Klippan","robots":{"index":"index","follow":"follow","max-snippet":"max-snippet:-1","max-image-preview":"max-image-preview:large","max-video-preview":"max-video-preview:-1"},"canonical":"https:\/\/wp.kristdemokraterna.se\/klippan\/valkommen-till-var-arliga-jultraff\/","og_locale":"sv_SE","og_type":"article","og_title":"V\u00e4lkommen till v\u00e5r \u00e5rliga jultr\u00e4ff! - Klippan","og_description":"Torsdagen den 11 december \u00e4r det dags f\u00f6r v\u00e5r \u00e5rliga julfika. Vi tr\u00e4ffas p\u00e5 Ljungbergs Tryckeri AB kl 18.30. I \u00e5r kommer vi att f\u00e5 lyssna till Mikael Arnefur som bla talar om sina hj\u00e4rtefr\u00e5gor Invandring och integration.Vi kommer ocks\u00e5 att f\u00e5 en rundvandring p\u00e5\u00a0tryckeriet av Bengt Ljungberg. Dessutom blir\u00a0det s\u00e5klart julfika! \u00c4r du sugen Read More","og_url":"https:\/\/wp.kristdemokraterna.se\/klippan\/valkommen-till-var-arliga-jultraff\/","og_site_name":"Klippan","article_published_time":"2014-12-02T20:09:21+00:00","article_modified_time":"2014-12-02T20:17:39+00:00","og_image":[{"url":"http:\/\/wp.kristdemokraterna.se\/klippan\/files\/2014\/12\/tomte-300x225.jpg","type":"","width":"","height":""}],"author":"klippan","twitter_card":"summary_large_image","twitter_misc":{"Skriven av":"klippan"},"schema":{"@context":"https:\/\/schema.org","@graph":[{"@type":"Article","@id":"https:\/\/wp.kristdemokraterna.se\/klippan\/valkommen-till-var-arliga-jultraff\/#article","isPartOf":{"@id":"https:\/\/wp.kristdemokraterna.se\/klippan\/valkommen-till-var-arliga-jultraff\/"},"author":{"name":"klippan","@id":"https:\/\/wp.kristdemokraterna.se\/klippan\/#\/schema\/person\/7d98c45cdb8f672d1f67ceac8bb6f68f"},"headline":"V\u00e4lkommen till v\u00e5r \u00e5rliga jultr\u00e4ff!","datePublished":"2014-12-02T20:09:21+00:00","dateModified":"2014-12-02T20:17:39+00:00","mainEntityOfPage":{"@id":"https:\/\/wp.kristdemokraterna.se\/klippan\/valkommen-till-var-arliga-jultraff\/"},"wordCount":93,"image":{"@id":"https:\/\/wp.kristdemokraterna.se\/klippan\/valkommen-till-var-arliga-jultraff\/#primaryimage"},"thumbnailUrl":"http:\/\/wp.kristdemokraterna.se\/klippan\/files\/2014\/12\/tomte-300x225.jpg","inLanguage":"sv-SE"},{"@type":"WebPage","@id":"https:\/\/wp.kristdemokraterna.se\/klippan\/valkommen-till-var-arliga-jultraff\/","url":"https:\/\/wp.kristdemokraterna.se\/klippan\/valkommen-till-var-arliga-jultraff\/","name":"V\u00e4lkommen till v\u00e5r \u00e5rliga jultr\u00e4ff! - Klippan","isPartOf":{"@id":"https:\/\/wp.kristdemokraterna.se\/klippan\/#website"},"primaryImageOfPage":{"@id":"https:\/\/wp.kristdemokraterna.se\/klippan\/valkommen-till-var-arliga-jultraff\/#primaryimage"},"image":{"@id":"https:\/\/wp.kristdemokraterna.se\/klippan\/valkommen-till-var-arliga-jultraff\/#primaryimage"},"thumbnailUrl":"http:\/\/wp.kristdemokraterna.se\/klippan\/files\/2014\/12\/tomte-300x225.jpg","datePublished":"2014-12-02T20:09:21+00:00","dateModified":"2014-12-02T20:17:39+00:00","author":{"@id":"https:\/\/wp.kristdemokraterna.se\/klippan\/#\/schema\/person\/7d98c45cdb8f672d1f67ceac8bb6f68f"},"breadcrumb":{"@id":"https:\/\/wp.kristdemokraterna.se\/klippan\/valkommen-till-var-arliga-jultraff\/#breadcrumb"},"inLanguage":"sv-SE","potentialAction":[{"@type":"ReadAction","target":["https:\/\/wp.kristdemokraterna.se\/klippan\/valkommen-till-var-arliga-jultraff\/"]}]},{"@type":"ImageObject","inLanguage":"sv-SE","@id":"https:\/\/wp.kristdemokraterna.se\/klippan\/valkommen-till-var-arliga-jultraff\/#primaryimage","url":"https:\/\/wp.kristdemokraterna.se\/klippan\/files\/2014\/12\/tomte.jpg","contentUrl":"https:\/\/wp.kristdemokraterna.se\/klippan\/files\/2014\/12\/tomte.jpg","width":1024,"height":768},{"@type":"BreadcrumbList","@id":"https:\/\/wp.kristdemokraterna.se\/klippan\/valkommen-till-var-arliga-jultraff\/#breadcrumb","itemListElement":[{"@type":"ListItem","position":1,"name":"Hem","item":"https:\/\/wp.kristdemokraterna.se\/klippan\/"},{"@type":"ListItem","position":2,"name":"V\u00e4lkommen till v\u00e5r \u00e5rliga jultr\u00e4ff!"}]},{"@type":"WebSite","@id":"https:\/\/wp.kristdemokraterna.se\/klippan\/#website","url":"https:\/\/wp.kristdemokraterna.se\/klippan\/","name":"Klippan","description":"En till Kristdemokraterna webbplats","inLanguage":"sv-SE"},{"@type":"Person","@id":"https:\/\/wp.kristdemokraterna.se\/klippan\/#\/schema\/person\/7d98c45cdb8f672d1f67ceac8bb6f68f","name":"klippan","image":{"@type":"ImageObject","inLanguage":"sv-SE","@id":"https:\/\/secure.gravatar.com\/avatar\/c15534d9060eae6804b69ce13a7b0a1c3dbc2100970b48ddfd5782623228b696?s=96&r=g","url":"https:\/\/secure.gravatar.com\/avatar\/c15534d9060eae6804b69ce13a7b0a1c3dbc2100970b48ddfd5782623228b696?s=96&r=g","contentUrl":"https:\/\/secure.gravatar.com\/avatar\/c15534d9060eae6804b69ce13a7b0a1c3dbc2100970b48ddfd5782623228b696?s=96&r=g","caption":"klippan"},"url":"https:\/\/wp.kristdemokraterna.se\/klippan\/author\/klippan\/"}]}},"_links":{"self":[{"href":"https:\/\/wp.kristdemokraterna.se\/klippan\/wp-json\/wp\/v2\/posts\/506","targetHints":{"allow":["GET"]}}],"collection":[{"href":"https:\/\/wp.kristdemokraterna.se\/klippan\/wp-json\/wp\/v2\/posts"}],"about":[{"href":"https:\/\/wp.kristdemokraterna.se\/klippan\/wp-json\/wp\/v2\/types\/post"}],"author":[{"embeddable":true,"href":"https:\/\/wp.kristdemokraterna.se\/klippan\/wp-json\/wp\/v2\/users\/477"}],"replies":[{"embeddable":true,"href":"https:\/\/wp.kristdemokraterna.se\/klippan\/wp-json\/wp\/v2\/comments?post=506"}],"version-history":[{"count":2,"href":"https:\/\/wp.kristdemokraterna.se\/klippan\/wp-json\/wp\/v2\/posts\/506\/revisions"}],"predecessor-version":[{"id":509,"href":"https:\/\/wp.kristdemokraterna.se\/klippan\/wp-json\/wp\/v2\/posts\/506\/revisions\/509"}],"wp:attachment":[{"href":"https:\/\/wp.kristdemokraterna.se\/klippan\/wp-json\/wp\/v2\/media?parent=506"}],"wp:term":[{"taxonomy":"category","embeddable":true,"href":"https:\/\/wp.kristdemokraterna.se\/klippan\/wp-json\/wp\/v2\/categories?post=506"},{"taxonomy":"post_tag","embeddable":true,"href":"https:\/\/wp.kristdemokraterna.se\/klippan\/wp-json\/wp\/v2\/tags?post=506"}],"curies":[{"name":"wp","href":"https:\/\/api.w.org\/{rel}","templated":true}]}}