{"id":521,"date":"2015-01-04T00:27:28","date_gmt":"2015-01-03T23:27:28","guid":{"rendered":"http:\/\/wp.kristdemokraterna.se\/klippan\/?p=521"},"modified":"2015-01-29T20:50:05","modified_gmt":"2015-01-29T19:50:05","slug":"vara-representanter-2015","status":"publish","type":"post","link":"https:\/\/wp.kristdemokraterna.se\/klippan\/vara-representanter-2015\/","title":{"rendered":"V\u00e5ra representanter 2015!"},"content":{"rendered":"<p>Detta \u00e4r v\u00e5ra representanter i de olika n\u00e4mnderna i kommunen inf\u00f6r 2015<\/p>\n<h1>Kommunfullm\u00e4ktige<\/h1>\n<p>Bert-Inge Karlsson, ledarmot<br \/>\nBodil Andersson, ledarmot<br \/>\nPeter Kromnow, ers\u00e4ttare<br \/>\nCharlotte Eliasson Anderberg, ers\u00e4ttare<\/p>\n<p><strong>Kommunstyrelsen<br \/>\n<\/strong>Bodil Andersson, ledarmot<br \/>\nRobert Larsson, ers\u00e4ttare<\/p>\n<p><strong>Barn-och utbildningsn\u00e4mnden<br \/>\n<\/strong>Charlotte Eliasson Anderberg, ledarmot<\/p>\n<p><strong>Kultur-och fritidsn\u00e4mnden<br \/>\n<\/strong>Anders Andersson,\u00a0ledamot<\/p>\n<p><strong>Plan-och byggn\u00e4mnden<br \/>\n<\/strong>Margareta Dahlgren, ers\u00e4ttare<\/p>\n<p><strong>Socialn\u00e4mnden<br \/>\n<\/strong>Peter Kromnow,\u00a0ledamot<\/p>\n<p><strong>Valn\u00e4mnden<br \/>\n<\/strong>Anders Johansson, ledamot<\/p>\n<p><strong>Revisionen<br \/>\n<\/strong>Sven Carlsson, revisor<\/p>\n<p><b>Trekl\u00f6vern:<br \/>\n<\/b>Fredrik Nytz\u00e9n,\u00a0ers\u00e4ttare<\/p>\n<p><b>N\u00e5rab:<\/b><br \/>\nAnders Johansson, ers\u00e4ttare<\/p>\n<p><b>Kommunf\u00f6rbundet Sk\u00e5ne:<br \/>\n<\/b>Bert-Inge Karlsson, ers\u00e4ttare<\/p>\n<p><b>SIKAB<br \/>\n<\/b>Bodil Andersson, ers\u00e4ttare<\/p>\n<p><b>Brottsf\u00f6rebyggander\u00e5det:<br \/>\n<\/b>Bodil Andersson, ledamot<\/p>\n<p><strong>Pension\u00e4rsr\u00e5det:<\/strong><br \/>\nMargareta Dahlgren<\/p>\n<p><strong>Handikappr\u00e5det:<\/strong><br \/>\nPeter Kromnow och Robert Larsson<\/p>\n<p><strong>N\u00e4mndeman:<\/strong><br \/>\nHenry Danielsson<\/p>\n","protected":false},"excerpt":{"rendered":"<p>Detta \u00e4r v\u00e5ra representanter i de olika n\u00e4mnderna i kommunen inf\u00f6r 2015 Kommunfullm\u00e4ktige Bert-Inge Karlsson, ledarmot Bodil Andersson, ledarmot Peter Kromnow, ers\u00e4ttare Charlotte Eliasson Anderberg, ers\u00e4ttare Kommunstyrelsen Bodil Andersson, ledarmot Robert Larsson, ers\u00e4ttare Barn-och utbildningsn\u00e4mnden Charlotte Eliasson Anderberg, ledarmot Kultur-och fritidsn\u00e4mnden Anders Andersson,\u00a0ledamot Plan-och byggn\u00e4mnden Margareta Dahlgren, ers\u00e4ttare Socialn\u00e4mnden Peter Kromnow,\u00a0ledamot Valn\u00e4mnden Anders Johansson, ledamot <a class=\"read-more-link\" href=\"https:\/\/wp.kristdemokraterna.se\/klippan\/vara-representanter-2015\/\">Read More<\/a><\/p>\n","protected":false},"author":477,"featured_media":0,"comment_status":"closed","ping_status":"closed","sticky":false,"template":"","format":"standard","meta":{"_acf_changed":false,"footnotes":""},"categories":[1],"tags":[],"class_list":["post-521","post","type-post","status-publish","format-standard","hentry","category-okategoriserade"],"acf":[],"yoast_head":"<!-- This site is optimized with the Yoast SEO plugin v27.4 - https:\/\/yoast.com\/product\/yoast-seo-wordpress\/ -->\n<title>V\u00e5ra representanter 2015! - Klippan<\/title>\n<meta name=\"robots\" content=\"index, follow, max-snippet:-1, max-image-preview:large, max-video-preview:-1\" \/>\n<link rel=\"canonical\" href=\"https:\/\/wp.kristdemokraterna.se\/klippan\/vara-representanter-2015\/\" \/>\n<meta property=\"og:locale\" content=\"sv_SE\" \/>\n<meta property=\"og:type\" content=\"article\" \/>\n<meta property=\"og:title\" content=\"V\u00e5ra representanter 2015! - Klippan\" \/>\n<meta property=\"og:description\" content=\"Detta \u00e4r v\u00e5ra representanter i de olika n\u00e4mnderna i kommunen inf\u00f6r 2015 Kommunfullm\u00e4ktige Bert-Inge Karlsson, ledarmot Bodil Andersson, ledarmot Peter Kromnow, ers\u00e4ttare Charlotte Eliasson Anderberg, ers\u00e4ttare Kommunstyrelsen Bodil Andersson, ledarmot Robert Larsson, ers\u00e4ttare Barn-och utbildningsn\u00e4mnden Charlotte Eliasson Anderberg, ledarmot Kultur-och fritidsn\u00e4mnden Anders Andersson,\u00a0ledamot Plan-och byggn\u00e4mnden Margareta Dahlgren, ers\u00e4ttare Socialn\u00e4mnden Peter Kromnow,\u00a0ledamot Valn\u00e4mnden Anders Johansson, ledamot Read More\" \/>\n<meta property=\"og:url\" content=\"https:\/\/wp.kristdemokraterna.se\/klippan\/vara-representanter-2015\/\" \/>\n<meta property=\"og:site_name\" content=\"Klippan\" \/>\n<meta property=\"article:published_time\" content=\"2015-01-03T23:27:28+00:00\" \/>\n<meta property=\"article:modified_time\" content=\"2015-01-29T19:50:05+00:00\" \/>\n<meta name=\"author\" content=\"klippan\" \/>\n<meta name=\"twitter:card\" content=\"summary_large_image\" \/>\n<meta name=\"twitter:label1\" content=\"Skriven av\" \/>\n\t<meta name=\"twitter:data1\" content=\"klippan\" \/>\n\t<meta name=\"twitter:label2\" content=\"Ber\u00e4knad l\u00e4stid\" \/>\n\t<meta name=\"twitter:data2\" content=\"1 minut\" \/>\n<script type=\"application\/ld+json\" class=\"yoast-schema-graph\">{\"@context\":\"https:\\\/\\\/schema.org\",\"@graph\":[{\"@type\":\"Article\",\"@id\":\"https:\\\/\\\/wp.kristdemokraterna.se\\\/klippan\\\/vara-representanter-2015\\\/#article\",\"isPartOf\":{\"@id\":\"https:\\\/\\\/wp.kristdemokraterna.se\\\/klippan\\\/vara-representanter-2015\\\/\"},\"author\":{\"name\":\"klippan\",\"@id\":\"https:\\\/\\\/wp.kristdemokraterna.se\\\/klippan\\\/#\\\/schema\\\/person\\\/7d98c45cdb8f672d1f67ceac8bb6f68f\"},\"headline\":\"V\u00e5ra representanter 2015!\",\"datePublished\":\"2015-01-03T23:27:28+00:00\",\"dateModified\":\"2015-01-29T19:50:05+00:00\",\"mainEntityOfPage\":{\"@id\":\"https:\\\/\\\/wp.kristdemokraterna.se\\\/klippan\\\/vara-representanter-2015\\\/\"},\"wordCount\":124,\"inLanguage\":\"sv-SE\"},{\"@type\":\"WebPage\",\"@id\":\"https:\\\/\\\/wp.kristdemokraterna.se\\\/klippan\\\/vara-representanter-2015\\\/\",\"url\":\"https:\\\/\\\/wp.kristdemokraterna.se\\\/klippan\\\/vara-representanter-2015\\\/\",\"name\":\"V\u00e5ra representanter 2015! - Klippan\",\"isPartOf\":{\"@id\":\"https:\\\/\\\/wp.kristdemokraterna.se\\\/klippan\\\/#website\"},\"datePublished\":\"2015-01-03T23:27:28+00:00\",\"dateModified\":\"2015-01-29T19:50:05+00:00\",\"author\":{\"@id\":\"https:\\\/\\\/wp.kristdemokraterna.se\\\/klippan\\\/#\\\/schema\\\/person\\\/7d98c45cdb8f672d1f67ceac8bb6f68f\"},\"breadcrumb\":{\"@id\":\"https:\\\/\\\/wp.kristdemokraterna.se\\\/klippan\\\/vara-representanter-2015\\\/#breadcrumb\"},\"inLanguage\":\"sv-SE\",\"potentialAction\":[{\"@type\":\"ReadAction\",\"target\":[\"https:\\\/\\\/wp.kristdemokraterna.se\\\/klippan\\\/vara-representanter-2015\\\/\"]}]},{\"@type\":\"BreadcrumbList\",\"@id\":\"https:\\\/\\\/wp.kristdemokraterna.se\\\/klippan\\\/vara-representanter-2015\\\/#breadcrumb\",\"itemListElement\":[{\"@type\":\"ListItem\",\"position\":1,\"name\":\"Hem\",\"item\":\"https:\\\/\\\/wp.kristdemokraterna.se\\\/klippan\\\/\"},{\"@type\":\"ListItem\",\"position\":2,\"name\":\"V\u00e5ra representanter 2015!\"}]},{\"@type\":\"WebSite\",\"@id\":\"https:\\\/\\\/wp.kristdemokraterna.se\\\/klippan\\\/#website\",\"url\":\"https:\\\/\\\/wp.kristdemokraterna.se\\\/klippan\\\/\",\"name\":\"Klippan\",\"description\":\"En till Kristdemokraterna webbplats\",\"inLanguage\":\"sv-SE\"},{\"@type\":\"Person\",\"@id\":\"https:\\\/\\\/wp.kristdemokraterna.se\\\/klippan\\\/#\\\/schema\\\/person\\\/7d98c45cdb8f672d1f67ceac8bb6f68f\",\"name\":\"klippan\",\"image\":{\"@type\":\"ImageObject\",\"inLanguage\":\"sv-SE\",\"@id\":\"https:\\\/\\\/secure.gravatar.com\\\/avatar\\\/c15534d9060eae6804b69ce13a7b0a1c3dbc2100970b48ddfd5782623228b696?s=96&r=g\",\"url\":\"https:\\\/\\\/secure.gravatar.com\\\/avatar\\\/c15534d9060eae6804b69ce13a7b0a1c3dbc2100970b48ddfd5782623228b696?s=96&r=g\",\"contentUrl\":\"https:\\\/\\\/secure.gravatar.com\\\/avatar\\\/c15534d9060eae6804b69ce13a7b0a1c3dbc2100970b48ddfd5782623228b696?s=96&r=g\",\"caption\":\"klippan\"},\"url\":\"https:\\\/\\\/wp.kristdemokraterna.se\\\/klippan\\\/author\\\/klippan\\\/\"}]}<\/script>\n<!-- \/ Yoast SEO plugin. -->","yoast_head_json":{"title":"V\u00e5ra representanter 2015! - Klippan","robots":{"index":"index","follow":"follow","max-snippet":"max-snippet:-1","max-image-preview":"max-image-preview:large","max-video-preview":"max-video-preview:-1"},"canonical":"https:\/\/wp.kristdemokraterna.se\/klippan\/vara-representanter-2015\/","og_locale":"sv_SE","og_type":"article","og_title":"V\u00e5ra representanter 2015! - Klippan","og_description":"Detta \u00e4r v\u00e5ra representanter i de olika n\u00e4mnderna i kommunen inf\u00f6r 2015 Kommunfullm\u00e4ktige Bert-Inge Karlsson, ledarmot Bodil Andersson, ledarmot Peter Kromnow, ers\u00e4ttare Charlotte Eliasson Anderberg, ers\u00e4ttare Kommunstyrelsen Bodil Andersson, ledarmot Robert Larsson, ers\u00e4ttare Barn-och utbildningsn\u00e4mnden Charlotte Eliasson Anderberg, ledarmot Kultur-och fritidsn\u00e4mnden Anders Andersson,\u00a0ledamot Plan-och byggn\u00e4mnden Margareta Dahlgren, ers\u00e4ttare Socialn\u00e4mnden Peter Kromnow,\u00a0ledamot Valn\u00e4mnden Anders Johansson, ledamot Read More","og_url":"https:\/\/wp.kristdemokraterna.se\/klippan\/vara-representanter-2015\/","og_site_name":"Klippan","article_published_time":"2015-01-03T23:27:28+00:00","article_modified_time":"2015-01-29T19:50:05+00:00","author":"klippan","twitter_card":"summary_large_image","twitter_misc":{"Skriven av":"klippan","Ber\u00e4knad l\u00e4stid":"1 minut"},"schema":{"@context":"https:\/\/schema.org","@graph":[{"@type":"Article","@id":"https:\/\/wp.kristdemokraterna.se\/klippan\/vara-representanter-2015\/#article","isPartOf":{"@id":"https:\/\/wp.kristdemokraterna.se\/klippan\/vara-representanter-2015\/"},"author":{"name":"klippan","@id":"https:\/\/wp.kristdemokraterna.se\/klippan\/#\/schema\/person\/7d98c45cdb8f672d1f67ceac8bb6f68f"},"headline":"V\u00e5ra representanter 2015!","datePublished":"2015-01-03T23:27:28+00:00","dateModified":"2015-01-29T19:50:05+00:00","mainEntityOfPage":{"@id":"https:\/\/wp.kristdemokraterna.se\/klippan\/vara-representanter-2015\/"},"wordCount":124,"inLanguage":"sv-SE"},{"@type":"WebPage","@id":"https:\/\/wp.kristdemokraterna.se\/klippan\/vara-representanter-2015\/","url":"https:\/\/wp.kristdemokraterna.se\/klippan\/vara-representanter-2015\/","name":"V\u00e5ra representanter 2015! - Klippan","isPartOf":{"@id":"https:\/\/wp.kristdemokraterna.se\/klippan\/#website"},"datePublished":"2015-01-03T23:27:28+00:00","dateModified":"2015-01-29T19:50:05+00:00","author":{"@id":"https:\/\/wp.kristdemokraterna.se\/klippan\/#\/schema\/person\/7d98c45cdb8f672d1f67ceac8bb6f68f"},"breadcrumb":{"@id":"https:\/\/wp.kristdemokraterna.se\/klippan\/vara-representanter-2015\/#breadcrumb"},"inLanguage":"sv-SE","potentialAction":[{"@type":"ReadAction","target":["https:\/\/wp.kristdemokraterna.se\/klippan\/vara-representanter-2015\/"]}]},{"@type":"BreadcrumbList","@id":"https:\/\/wp.kristdemokraterna.se\/klippan\/vara-representanter-2015\/#breadcrumb","itemListElement":[{"@type":"ListItem","position":1,"name":"Hem","item":"https:\/\/wp.kristdemokraterna.se\/klippan\/"},{"@type":"ListItem","position":2,"name":"V\u00e5ra representanter 2015!"}]},{"@type":"WebSite","@id":"https:\/\/wp.kristdemokraterna.se\/klippan\/#website","url":"https:\/\/wp.kristdemokraterna.se\/klippan\/","name":"Klippan","description":"En till Kristdemokraterna webbplats","inLanguage":"sv-SE"},{"@type":"Person","@id":"https:\/\/wp.kristdemokraterna.se\/klippan\/#\/schema\/person\/7d98c45cdb8f672d1f67ceac8bb6f68f","name":"klippan","image":{"@type":"ImageObject","inLanguage":"sv-SE","@id":"https:\/\/secure.gravatar.com\/avatar\/c15534d9060eae6804b69ce13a7b0a1c3dbc2100970b48ddfd5782623228b696?s=96&r=g","url":"https:\/\/secure.gravatar.com\/avatar\/c15534d9060eae6804b69ce13a7b0a1c3dbc2100970b48ddfd5782623228b696?s=96&r=g","contentUrl":"https:\/\/secure.gravatar.com\/avatar\/c15534d9060eae6804b69ce13a7b0a1c3dbc2100970b48ddfd5782623228b696?s=96&r=g","caption":"klippan"},"url":"https:\/\/wp.kristdemokraterna.se\/klippan\/author\/klippan\/"}]}},"_links":{"self":[{"href":"https:\/\/wp.kristdemokraterna.se\/klippan\/wp-json\/wp\/v2\/posts\/521","targetHints":{"allow":["GET"]}}],"collection":[{"href":"https:\/\/wp.kristdemokraterna.se\/klippan\/wp-json\/wp\/v2\/posts"}],"about":[{"href":"https:\/\/wp.kristdemokraterna.se\/klippan\/wp-json\/wp\/v2\/types\/post"}],"author":[{"embeddable":true,"href":"https:\/\/wp.kristdemokraterna.se\/klippan\/wp-json\/wp\/v2\/users\/477"}],"replies":[{"embeddable":true,"href":"https:\/\/wp.kristdemokraterna.se\/klippan\/wp-json\/wp\/v2\/comments?post=521"}],"version-history":[{"count":4,"href":"https:\/\/wp.kristdemokraterna.se\/klippan\/wp-json\/wp\/v2\/posts\/521\/revisions"}],"predecessor-version":[{"id":534,"href":"https:\/\/wp.kristdemokraterna.se\/klippan\/wp-json\/wp\/v2\/posts\/521\/revisions\/534"}],"wp:attachment":[{"href":"https:\/\/wp.kristdemokraterna.se\/klippan\/wp-json\/wp\/v2\/media?parent=521"}],"wp:term":[{"taxonomy":"category","embeddable":true,"href":"https:\/\/wp.kristdemokraterna.se\/klippan\/wp-json\/wp\/v2\/categories?post=521"},{"taxonomy":"post_tag","embeddable":true,"href":"https:\/\/wp.kristdemokraterna.se\/klippan\/wp-json\/wp\/v2\/tags?post=521"}],"curies":[{"name":"wp","href":"https:\/\/api.w.org\/{rel}","templated":true}]}}