{"id":545,"date":"2015-03-09T21:03:30","date_gmt":"2015-03-09T20:03:30","guid":{"rendered":"http:\/\/wp.kristdemokraterna.se\/klippan\/?p=545"},"modified":"2015-03-09T21:03:30","modified_gmt":"2015-03-09T20:03:30","slug":"oka-kommunikationen-i-kommunen","status":"publish","type":"post","link":"https:\/\/wp.kristdemokraterna.se\/klippan\/oka-kommunikationen-i-kommunen\/","title":{"rendered":"\u00d6ka kommunikationen i kommunen"},"content":{"rendered":"<p>Vi Kristdemokrater vill ge landsbygden st\u00f6rre m\u00f6jlighet att ta sig in till t\u00e4torterna, d\u00e4rf\u00f6r har vi en ny motion p\u00e5 g\u00e5ng.<br \/>\nVi har idag en bra fungerande skolbussverksamhet. T\u00e4nk om vi kunde \u00f6ppna upp den f\u00f6r alla som bor i v\u00e5r kommun? Ge landsbygdens barn m\u00f6jlighet att komma in till aktiviteter som oftast arrangeras i t\u00e4torterna. \u00c4ldre som b\u00f6rjar tycka det \u00e4r jobbigt att k\u00f6ra bil kan ta bussen f\u00f6r att handla o.s.v.<\/p>\n<p>Genom att utnyttja befintliga h\u00e5llplatser med v\u00e4ntkurer s\u00e5 f\u00e5r vi en kommunal busslinje f\u00f6r alla kommuninv\u00e5nare.<\/p>\n<p>L\u00e4s g\u00e4rna <a href=\"http:\/\/www.hd.se\/lokalt\/klippan\/2015\/03\/06\/lat-alla-aka-med-skolbussarna\/\" target=\"_blank\">HD\u00b4s artikel om v\u00e5r motion h\u00e4r<\/a><\/p>\n","protected":false},"excerpt":{"rendered":"<p>Vi Kristdemokrater vill ge landsbygden st\u00f6rre m\u00f6jlighet att ta sig in till t\u00e4torterna, d\u00e4rf\u00f6r har vi en ny motion p\u00e5 g\u00e5ng. Vi har idag en bra fungerande skolbussverksamhet. T\u00e4nk om vi kunde \u00f6ppna upp den f\u00f6r alla som bor i v\u00e5r kommun? Ge landsbygdens barn m\u00f6jlighet att komma in till aktiviteter som oftast arrangeras i <a class=\"read-more-link\" href=\"https:\/\/wp.kristdemokraterna.se\/klippan\/oka-kommunikationen-i-kommunen\/\">Read More<\/a><\/p>\n","protected":false},"author":477,"featured_media":0,"comment_status":"closed","ping_status":"closed","sticky":false,"template":"","format":"standard","meta":{"_acf_changed":false,"footnotes":""},"categories":[1],"tags":[],"class_list":["post-545","post","type-post","status-publish","format-standard","hentry","category-okategoriserade"],"acf":[],"yoast_head":"<!-- This site is optimized with the Yoast SEO plugin v27.5 - https:\/\/yoast.com\/product\/yoast-seo-wordpress\/ -->\n<title>\u00d6ka kommunikationen i kommunen - Klippan<\/title>\n<meta name=\"robots\" content=\"index, follow, max-snippet:-1, max-image-preview:large, max-video-preview:-1\" \/>\n<link rel=\"canonical\" href=\"https:\/\/wp.kristdemokraterna.se\/klippan\/oka-kommunikationen-i-kommunen\/\" \/>\n<meta property=\"og:locale\" content=\"sv_SE\" \/>\n<meta property=\"og:type\" content=\"article\" \/>\n<meta property=\"og:title\" content=\"\u00d6ka kommunikationen i kommunen - Klippan\" \/>\n<meta property=\"og:description\" content=\"Vi Kristdemokrater vill ge landsbygden st\u00f6rre m\u00f6jlighet att ta sig in till t\u00e4torterna, d\u00e4rf\u00f6r har vi en ny motion p\u00e5 g\u00e5ng. Vi har idag en bra fungerande skolbussverksamhet. T\u00e4nk om vi kunde \u00f6ppna upp den f\u00f6r alla som bor i v\u00e5r kommun? Ge landsbygdens barn m\u00f6jlighet att komma in till aktiviteter som oftast arrangeras i Read More\" \/>\n<meta property=\"og:url\" content=\"https:\/\/wp.kristdemokraterna.se\/klippan\/oka-kommunikationen-i-kommunen\/\" \/>\n<meta property=\"og:site_name\" content=\"Klippan\" \/>\n<meta property=\"article:published_time\" content=\"2015-03-09T20:03:30+00:00\" \/>\n<meta name=\"author\" content=\"klippan\" \/>\n<meta name=\"twitter:card\" content=\"summary_large_image\" \/>\n<meta name=\"twitter:label1\" content=\"Skriven av\" \/>\n\t<meta name=\"twitter:data1\" content=\"klippan\" \/>\n\t<meta name=\"twitter:label2\" content=\"Ber\u00e4knad l\u00e4stid\" \/>\n\t<meta name=\"twitter:data2\" content=\"1 minut\" \/>\n<script type=\"application\/ld+json\" class=\"yoast-schema-graph\">{\"@context\":\"https:\\\/\\\/schema.org\",\"@graph\":[{\"@type\":\"Article\",\"@id\":\"https:\\\/\\\/wp.kristdemokraterna.se\\\/klippan\\\/oka-kommunikationen-i-kommunen\\\/#article\",\"isPartOf\":{\"@id\":\"https:\\\/\\\/wp.kristdemokraterna.se\\\/klippan\\\/oka-kommunikationen-i-kommunen\\\/\"},\"author\":{\"name\":\"klippan\",\"@id\":\"https:\\\/\\\/wp.kristdemokraterna.se\\\/klippan\\\/#\\\/schema\\\/person\\\/7d98c45cdb8f672d1f67ceac8bb6f68f\"},\"headline\":\"\u00d6ka kommunikationen i kommunen\",\"datePublished\":\"2015-03-09T20:03:30+00:00\",\"mainEntityOfPage\":{\"@id\":\"https:\\\/\\\/wp.kristdemokraterna.se\\\/klippan\\\/oka-kommunikationen-i-kommunen\\\/\"},\"wordCount\":127,\"inLanguage\":\"sv-SE\"},{\"@type\":\"WebPage\",\"@id\":\"https:\\\/\\\/wp.kristdemokraterna.se\\\/klippan\\\/oka-kommunikationen-i-kommunen\\\/\",\"url\":\"https:\\\/\\\/wp.kristdemokraterna.se\\\/klippan\\\/oka-kommunikationen-i-kommunen\\\/\",\"name\":\"\u00d6ka kommunikationen i kommunen - Klippan\",\"isPartOf\":{\"@id\":\"https:\\\/\\\/wp.kristdemokraterna.se\\\/klippan\\\/#website\"},\"datePublished\":\"2015-03-09T20:03:30+00:00\",\"author\":{\"@id\":\"https:\\\/\\\/wp.kristdemokraterna.se\\\/klippan\\\/#\\\/schema\\\/person\\\/7d98c45cdb8f672d1f67ceac8bb6f68f\"},\"breadcrumb\":{\"@id\":\"https:\\\/\\\/wp.kristdemokraterna.se\\\/klippan\\\/oka-kommunikationen-i-kommunen\\\/#breadcrumb\"},\"inLanguage\":\"sv-SE\",\"potentialAction\":[{\"@type\":\"ReadAction\",\"target\":[\"https:\\\/\\\/wp.kristdemokraterna.se\\\/klippan\\\/oka-kommunikationen-i-kommunen\\\/\"]}]},{\"@type\":\"BreadcrumbList\",\"@id\":\"https:\\\/\\\/wp.kristdemokraterna.se\\\/klippan\\\/oka-kommunikationen-i-kommunen\\\/#breadcrumb\",\"itemListElement\":[{\"@type\":\"ListItem\",\"position\":1,\"name\":\"Hem\",\"item\":\"https:\\\/\\\/wp.kristdemokraterna.se\\\/klippan\\\/\"},{\"@type\":\"ListItem\",\"position\":2,\"name\":\"\u00d6ka kommunikationen i kommunen\"}]},{\"@type\":\"WebSite\",\"@id\":\"https:\\\/\\\/wp.kristdemokraterna.se\\\/klippan\\\/#website\",\"url\":\"https:\\\/\\\/wp.kristdemokraterna.se\\\/klippan\\\/\",\"name\":\"Klippan\",\"description\":\"En till Kristdemokraterna webbplats\",\"inLanguage\":\"sv-SE\"},{\"@type\":\"Person\",\"@id\":\"https:\\\/\\\/wp.kristdemokraterna.se\\\/klippan\\\/#\\\/schema\\\/person\\\/7d98c45cdb8f672d1f67ceac8bb6f68f\",\"name\":\"klippan\",\"image\":{\"@type\":\"ImageObject\",\"inLanguage\":\"sv-SE\",\"@id\":\"https:\\\/\\\/secure.gravatar.com\\\/avatar\\\/c15534d9060eae6804b69ce13a7b0a1c3dbc2100970b48ddfd5782623228b696?s=96&r=g\",\"url\":\"https:\\\/\\\/secure.gravatar.com\\\/avatar\\\/c15534d9060eae6804b69ce13a7b0a1c3dbc2100970b48ddfd5782623228b696?s=96&r=g\",\"contentUrl\":\"https:\\\/\\\/secure.gravatar.com\\\/avatar\\\/c15534d9060eae6804b69ce13a7b0a1c3dbc2100970b48ddfd5782623228b696?s=96&r=g\",\"caption\":\"klippan\"},\"url\":\"https:\\\/\\\/wp.kristdemokraterna.se\\\/klippan\\\/author\\\/klippan\\\/\"}]}<\/script>\n<!-- \/ Yoast SEO plugin. -->","yoast_head_json":{"title":"\u00d6ka kommunikationen i kommunen - Klippan","robots":{"index":"index","follow":"follow","max-snippet":"max-snippet:-1","max-image-preview":"max-image-preview:large","max-video-preview":"max-video-preview:-1"},"canonical":"https:\/\/wp.kristdemokraterna.se\/klippan\/oka-kommunikationen-i-kommunen\/","og_locale":"sv_SE","og_type":"article","og_title":"\u00d6ka kommunikationen i kommunen - Klippan","og_description":"Vi Kristdemokrater vill ge landsbygden st\u00f6rre m\u00f6jlighet att ta sig in till t\u00e4torterna, d\u00e4rf\u00f6r har vi en ny motion p\u00e5 g\u00e5ng. Vi har idag en bra fungerande skolbussverksamhet. T\u00e4nk om vi kunde \u00f6ppna upp den f\u00f6r alla som bor i v\u00e5r kommun? Ge landsbygdens barn m\u00f6jlighet att komma in till aktiviteter som oftast arrangeras i Read More","og_url":"https:\/\/wp.kristdemokraterna.se\/klippan\/oka-kommunikationen-i-kommunen\/","og_site_name":"Klippan","article_published_time":"2015-03-09T20:03:30+00:00","author":"klippan","twitter_card":"summary_large_image","twitter_misc":{"Skriven av":"klippan","Ber\u00e4knad l\u00e4stid":"1 minut"},"schema":{"@context":"https:\/\/schema.org","@graph":[{"@type":"Article","@id":"https:\/\/wp.kristdemokraterna.se\/klippan\/oka-kommunikationen-i-kommunen\/#article","isPartOf":{"@id":"https:\/\/wp.kristdemokraterna.se\/klippan\/oka-kommunikationen-i-kommunen\/"},"author":{"name":"klippan","@id":"https:\/\/wp.kristdemokraterna.se\/klippan\/#\/schema\/person\/7d98c45cdb8f672d1f67ceac8bb6f68f"},"headline":"\u00d6ka kommunikationen i kommunen","datePublished":"2015-03-09T20:03:30+00:00","mainEntityOfPage":{"@id":"https:\/\/wp.kristdemokraterna.se\/klippan\/oka-kommunikationen-i-kommunen\/"},"wordCount":127,"inLanguage":"sv-SE"},{"@type":"WebPage","@id":"https:\/\/wp.kristdemokraterna.se\/klippan\/oka-kommunikationen-i-kommunen\/","url":"https:\/\/wp.kristdemokraterna.se\/klippan\/oka-kommunikationen-i-kommunen\/","name":"\u00d6ka kommunikationen i kommunen - Klippan","isPartOf":{"@id":"https:\/\/wp.kristdemokraterna.se\/klippan\/#website"},"datePublished":"2015-03-09T20:03:30+00:00","author":{"@id":"https:\/\/wp.kristdemokraterna.se\/klippan\/#\/schema\/person\/7d98c45cdb8f672d1f67ceac8bb6f68f"},"breadcrumb":{"@id":"https:\/\/wp.kristdemokraterna.se\/klippan\/oka-kommunikationen-i-kommunen\/#breadcrumb"},"inLanguage":"sv-SE","potentialAction":[{"@type":"ReadAction","target":["https:\/\/wp.kristdemokraterna.se\/klippan\/oka-kommunikationen-i-kommunen\/"]}]},{"@type":"BreadcrumbList","@id":"https:\/\/wp.kristdemokraterna.se\/klippan\/oka-kommunikationen-i-kommunen\/#breadcrumb","itemListElement":[{"@type":"ListItem","position":1,"name":"Hem","item":"https:\/\/wp.kristdemokraterna.se\/klippan\/"},{"@type":"ListItem","position":2,"name":"\u00d6ka kommunikationen i kommunen"}]},{"@type":"WebSite","@id":"https:\/\/wp.kristdemokraterna.se\/klippan\/#website","url":"https:\/\/wp.kristdemokraterna.se\/klippan\/","name":"Klippan","description":"En till Kristdemokraterna webbplats","inLanguage":"sv-SE"},{"@type":"Person","@id":"https:\/\/wp.kristdemokraterna.se\/klippan\/#\/schema\/person\/7d98c45cdb8f672d1f67ceac8bb6f68f","name":"klippan","image":{"@type":"ImageObject","inLanguage":"sv-SE","@id":"https:\/\/secure.gravatar.com\/avatar\/c15534d9060eae6804b69ce13a7b0a1c3dbc2100970b48ddfd5782623228b696?s=96&r=g","url":"https:\/\/secure.gravatar.com\/avatar\/c15534d9060eae6804b69ce13a7b0a1c3dbc2100970b48ddfd5782623228b696?s=96&r=g","contentUrl":"https:\/\/secure.gravatar.com\/avatar\/c15534d9060eae6804b69ce13a7b0a1c3dbc2100970b48ddfd5782623228b696?s=96&r=g","caption":"klippan"},"url":"https:\/\/wp.kristdemokraterna.se\/klippan\/author\/klippan\/"}]}},"_links":{"self":[{"href":"https:\/\/wp.kristdemokraterna.se\/klippan\/wp-json\/wp\/v2\/posts\/545","targetHints":{"allow":["GET"]}}],"collection":[{"href":"https:\/\/wp.kristdemokraterna.se\/klippan\/wp-json\/wp\/v2\/posts"}],"about":[{"href":"https:\/\/wp.kristdemokraterna.se\/klippan\/wp-json\/wp\/v2\/types\/post"}],"author":[{"embeddable":true,"href":"https:\/\/wp.kristdemokraterna.se\/klippan\/wp-json\/wp\/v2\/users\/477"}],"replies":[{"embeddable":true,"href":"https:\/\/wp.kristdemokraterna.se\/klippan\/wp-json\/wp\/v2\/comments?post=545"}],"version-history":[{"count":1,"href":"https:\/\/wp.kristdemokraterna.se\/klippan\/wp-json\/wp\/v2\/posts\/545\/revisions"}],"predecessor-version":[{"id":546,"href":"https:\/\/wp.kristdemokraterna.se\/klippan\/wp-json\/wp\/v2\/posts\/545\/revisions\/546"}],"wp:attachment":[{"href":"https:\/\/wp.kristdemokraterna.se\/klippan\/wp-json\/wp\/v2\/media?parent=545"}],"wp:term":[{"taxonomy":"category","embeddable":true,"href":"https:\/\/wp.kristdemokraterna.se\/klippan\/wp-json\/wp\/v2\/categories?post=545"},{"taxonomy":"post_tag","embeddable":true,"href":"https:\/\/wp.kristdemokraterna.se\/klippan\/wp-json\/wp\/v2\/tags?post=545"}],"curies":[{"name":"wp","href":"https:\/\/api.w.org\/{rel}","templated":true}]}}