{"id":548,"date":"2015-02-02T20:53:02","date_gmt":"2015-02-02T19:53:02","guid":{"rendered":"http:\/\/wp.kristdemokraterna.se\/klippan\/?p=548"},"modified":"2015-03-10T20:56:03","modified_gmt":"2015-03-10T19:56:03","slug":"548","status":"publish","type":"post","link":"https:\/\/wp.kristdemokraterna.se\/klippan\/548\/","title":{"rendered":""},"content":{"rendered":"<p>Vi Kristdemokrater\u00a0\u00e4r tr\u00f6tta p\u00e5 alla fyrverkerier inf\u00f6r ny\u00e5r och allt okynnessm\u00e4llande som sker under denna period. Det \u00e4r s\u00e5 m\u00e5nga som lider av of\u00f6rutsedda \u00f6verraskande explosioner. Dessa skr\u00e4mmer b\u00e5de m\u00e4nniskor och djur, otroligt m\u00e5nga st\u00f6rs av det varje nytt \u00e5r.<\/p>\n<p>Ta del av <a href=\"http:\/\/www.hd.se\/lokalt\/klippan\/2015\/02\/02\/kd-vill-stoppa-okynnessmallar\/\" target=\"_blank\">HD\u00b4s artikel kring v\u00e5r motion h\u00e4r<\/a><\/p>\n","protected":false},"excerpt":{"rendered":"<p>Vi Kristdemokrater\u00a0\u00e4r tr\u00f6tta p\u00e5 alla fyrverkerier inf\u00f6r ny\u00e5r och allt okynnessm\u00e4llande som sker under denna period. Det \u00e4r s\u00e5 m\u00e5nga som lider av of\u00f6rutsedda \u00f6verraskande explosioner. Dessa skr\u00e4mmer b\u00e5de m\u00e4nniskor och djur, otroligt m\u00e5nga st\u00f6rs av det varje nytt \u00e5r. Ta del av HD\u00b4s artikel kring v\u00e5r motion h\u00e4r<\/p>\n","protected":false},"author":477,"featured_media":0,"comment_status":"closed","ping_status":"closed","sticky":false,"template":"","format":"standard","meta":{"_acf_changed":false,"footnotes":""},"categories":[1],"tags":[],"class_list":["post-548","post","type-post","status-publish","format-standard","hentry","category-okategoriserade"],"acf":[],"yoast_head":"<!-- This site is optimized with the Yoast SEO plugin v27.5 - https:\/\/yoast.com\/product\/yoast-seo-wordpress\/ -->\n<title>- Klippan<\/title>\n<meta name=\"robots\" content=\"index, follow, max-snippet:-1, max-image-preview:large, max-video-preview:-1\" \/>\n<link rel=\"canonical\" href=\"https:\/\/wp.kristdemokraterna.se\/klippan\/548\/\" \/>\n<meta property=\"og:locale\" content=\"sv_SE\" \/>\n<meta property=\"og:type\" content=\"article\" \/>\n<meta property=\"og:title\" content=\"- Klippan\" \/>\n<meta property=\"og:description\" content=\"Vi Kristdemokrater\u00a0\u00e4r tr\u00f6tta p\u00e5 alla fyrverkerier inf\u00f6r ny\u00e5r och allt okynnessm\u00e4llande som sker under denna period. Det \u00e4r s\u00e5 m\u00e5nga som lider av of\u00f6rutsedda \u00f6verraskande explosioner. Dessa skr\u00e4mmer b\u00e5de m\u00e4nniskor och djur, otroligt m\u00e5nga st\u00f6rs av det varje nytt \u00e5r. Ta del av HD\u00b4s artikel kring v\u00e5r motion h\u00e4r\" \/>\n<meta property=\"og:url\" content=\"https:\/\/wp.kristdemokraterna.se\/klippan\/548\/\" \/>\n<meta property=\"og:site_name\" content=\"Klippan\" \/>\n<meta property=\"article:published_time\" content=\"2015-02-02T19:53:02+00:00\" \/>\n<meta property=\"article:modified_time\" content=\"2015-03-10T19:56:03+00:00\" \/>\n<meta name=\"author\" content=\"klippan\" \/>\n<meta name=\"twitter:card\" content=\"summary_large_image\" \/>\n<meta name=\"twitter:label1\" content=\"Skriven av\" \/>\n\t<meta name=\"twitter:data1\" content=\"klippan\" \/>\n<script type=\"application\/ld+json\" class=\"yoast-schema-graph\">{\"@context\":\"https:\\\/\\\/schema.org\",\"@graph\":[{\"@type\":\"Article\",\"@id\":\"https:\\\/\\\/wp.kristdemokraterna.se\\\/klippan\\\/548\\\/#article\",\"isPartOf\":{\"@id\":\"https:\\\/\\\/wp.kristdemokraterna.se\\\/klippan\\\/548\\\/\"},\"author\":{\"name\":\"klippan\",\"@id\":\"https:\\\/\\\/wp.kristdemokraterna.se\\\/klippan\\\/#\\\/schema\\\/person\\\/7d98c45cdb8f672d1f67ceac8bb6f68f\"},\"headline\":\"Ingen rubrik\",\"datePublished\":\"2015-02-02T19:53:02+00:00\",\"dateModified\":\"2015-03-10T19:56:03+00:00\",\"mainEntityOfPage\":{\"@id\":\"https:\\\/\\\/wp.kristdemokraterna.se\\\/klippan\\\/548\\\/\"},\"wordCount\":64,\"inLanguage\":\"sv-SE\"},{\"@type\":\"WebPage\",\"@id\":\"https:\\\/\\\/wp.kristdemokraterna.se\\\/klippan\\\/548\\\/\",\"url\":\"https:\\\/\\\/wp.kristdemokraterna.se\\\/klippan\\\/548\\\/\",\"name\":\"- Klippan\",\"isPartOf\":{\"@id\":\"https:\\\/\\\/wp.kristdemokraterna.se\\\/klippan\\\/#website\"},\"datePublished\":\"2015-02-02T19:53:02+00:00\",\"dateModified\":\"2015-03-10T19:56:03+00:00\",\"author\":{\"@id\":\"https:\\\/\\\/wp.kristdemokraterna.se\\\/klippan\\\/#\\\/schema\\\/person\\\/7d98c45cdb8f672d1f67ceac8bb6f68f\"},\"inLanguage\":\"sv-SE\",\"potentialAction\":[{\"@type\":\"ReadAction\",\"target\":[\"https:\\\/\\\/wp.kristdemokraterna.se\\\/klippan\\\/548\\\/\"]}]},{\"@type\":\"WebSite\",\"@id\":\"https:\\\/\\\/wp.kristdemokraterna.se\\\/klippan\\\/#website\",\"url\":\"https:\\\/\\\/wp.kristdemokraterna.se\\\/klippan\\\/\",\"name\":\"Klippan\",\"description\":\"En till Kristdemokraterna webbplats\",\"inLanguage\":\"sv-SE\"},{\"@type\":\"Person\",\"@id\":\"https:\\\/\\\/wp.kristdemokraterna.se\\\/klippan\\\/#\\\/schema\\\/person\\\/7d98c45cdb8f672d1f67ceac8bb6f68f\",\"name\":\"klippan\",\"image\":{\"@type\":\"ImageObject\",\"inLanguage\":\"sv-SE\",\"@id\":\"https:\\\/\\\/secure.gravatar.com\\\/avatar\\\/c15534d9060eae6804b69ce13a7b0a1c3dbc2100970b48ddfd5782623228b696?s=96&r=g\",\"url\":\"https:\\\/\\\/secure.gravatar.com\\\/avatar\\\/c15534d9060eae6804b69ce13a7b0a1c3dbc2100970b48ddfd5782623228b696?s=96&r=g\",\"contentUrl\":\"https:\\\/\\\/secure.gravatar.com\\\/avatar\\\/c15534d9060eae6804b69ce13a7b0a1c3dbc2100970b48ddfd5782623228b696?s=96&r=g\",\"caption\":\"klippan\"},\"url\":\"https:\\\/\\\/wp.kristdemokraterna.se\\\/klippan\\\/author\\\/klippan\\\/\"}]}<\/script>\n<!-- \/ Yoast SEO plugin. -->","yoast_head_json":{"title":"- Klippan","robots":{"index":"index","follow":"follow","max-snippet":"max-snippet:-1","max-image-preview":"max-image-preview:large","max-video-preview":"max-video-preview:-1"},"canonical":"https:\/\/wp.kristdemokraterna.se\/klippan\/548\/","og_locale":"sv_SE","og_type":"article","og_title":"- Klippan","og_description":"Vi Kristdemokrater\u00a0\u00e4r tr\u00f6tta p\u00e5 alla fyrverkerier inf\u00f6r ny\u00e5r och allt okynnessm\u00e4llande som sker under denna period. Det \u00e4r s\u00e5 m\u00e5nga som lider av of\u00f6rutsedda \u00f6verraskande explosioner. Dessa skr\u00e4mmer b\u00e5de m\u00e4nniskor och djur, otroligt m\u00e5nga st\u00f6rs av det varje nytt \u00e5r. Ta del av HD\u00b4s artikel kring v\u00e5r motion h\u00e4r","og_url":"https:\/\/wp.kristdemokraterna.se\/klippan\/548\/","og_site_name":"Klippan","article_published_time":"2015-02-02T19:53:02+00:00","article_modified_time":"2015-03-10T19:56:03+00:00","author":"klippan","twitter_card":"summary_large_image","twitter_misc":{"Skriven av":"klippan"},"schema":{"@context":"https:\/\/schema.org","@graph":[{"@type":"Article","@id":"https:\/\/wp.kristdemokraterna.se\/klippan\/548\/#article","isPartOf":{"@id":"https:\/\/wp.kristdemokraterna.se\/klippan\/548\/"},"author":{"name":"klippan","@id":"https:\/\/wp.kristdemokraterna.se\/klippan\/#\/schema\/person\/7d98c45cdb8f672d1f67ceac8bb6f68f"},"headline":"Ingen rubrik","datePublished":"2015-02-02T19:53:02+00:00","dateModified":"2015-03-10T19:56:03+00:00","mainEntityOfPage":{"@id":"https:\/\/wp.kristdemokraterna.se\/klippan\/548\/"},"wordCount":64,"inLanguage":"sv-SE"},{"@type":"WebPage","@id":"https:\/\/wp.kristdemokraterna.se\/klippan\/548\/","url":"https:\/\/wp.kristdemokraterna.se\/klippan\/548\/","name":"- Klippan","isPartOf":{"@id":"https:\/\/wp.kristdemokraterna.se\/klippan\/#website"},"datePublished":"2015-02-02T19:53:02+00:00","dateModified":"2015-03-10T19:56:03+00:00","author":{"@id":"https:\/\/wp.kristdemokraterna.se\/klippan\/#\/schema\/person\/7d98c45cdb8f672d1f67ceac8bb6f68f"},"inLanguage":"sv-SE","potentialAction":[{"@type":"ReadAction","target":["https:\/\/wp.kristdemokraterna.se\/klippan\/548\/"]}]},{"@type":"WebSite","@id":"https:\/\/wp.kristdemokraterna.se\/klippan\/#website","url":"https:\/\/wp.kristdemokraterna.se\/klippan\/","name":"Klippan","description":"En till Kristdemokraterna webbplats","inLanguage":"sv-SE"},{"@type":"Person","@id":"https:\/\/wp.kristdemokraterna.se\/klippan\/#\/schema\/person\/7d98c45cdb8f672d1f67ceac8bb6f68f","name":"klippan","image":{"@type":"ImageObject","inLanguage":"sv-SE","@id":"https:\/\/secure.gravatar.com\/avatar\/c15534d9060eae6804b69ce13a7b0a1c3dbc2100970b48ddfd5782623228b696?s=96&r=g","url":"https:\/\/secure.gravatar.com\/avatar\/c15534d9060eae6804b69ce13a7b0a1c3dbc2100970b48ddfd5782623228b696?s=96&r=g","contentUrl":"https:\/\/secure.gravatar.com\/avatar\/c15534d9060eae6804b69ce13a7b0a1c3dbc2100970b48ddfd5782623228b696?s=96&r=g","caption":"klippan"},"url":"https:\/\/wp.kristdemokraterna.se\/klippan\/author\/klippan\/"}]}},"_links":{"self":[{"href":"https:\/\/wp.kristdemokraterna.se\/klippan\/wp-json\/wp\/v2\/posts\/548","targetHints":{"allow":["GET"]}}],"collection":[{"href":"https:\/\/wp.kristdemokraterna.se\/klippan\/wp-json\/wp\/v2\/posts"}],"about":[{"href":"https:\/\/wp.kristdemokraterna.se\/klippan\/wp-json\/wp\/v2\/types\/post"}],"author":[{"embeddable":true,"href":"https:\/\/wp.kristdemokraterna.se\/klippan\/wp-json\/wp\/v2\/users\/477"}],"replies":[{"embeddable":true,"href":"https:\/\/wp.kristdemokraterna.se\/klippan\/wp-json\/wp\/v2\/comments?post=548"}],"version-history":[{"count":1,"href":"https:\/\/wp.kristdemokraterna.se\/klippan\/wp-json\/wp\/v2\/posts\/548\/revisions"}],"predecessor-version":[{"id":549,"href":"https:\/\/wp.kristdemokraterna.se\/klippan\/wp-json\/wp\/v2\/posts\/548\/revisions\/549"}],"wp:attachment":[{"href":"https:\/\/wp.kristdemokraterna.se\/klippan\/wp-json\/wp\/v2\/media?parent=548"}],"wp:term":[{"taxonomy":"category","embeddable":true,"href":"https:\/\/wp.kristdemokraterna.se\/klippan\/wp-json\/wp\/v2\/categories?post=548"},{"taxonomy":"post_tag","embeddable":true,"href":"https:\/\/wp.kristdemokraterna.se\/klippan\/wp-json\/wp\/v2\/tags?post=548"}],"curies":[{"name":"wp","href":"https:\/\/api.w.org\/{rel}","templated":true}]}}