{"id":557,"date":"2015-04-14T12:31:17","date_gmt":"2015-04-14T10:31:17","guid":{"rendered":"http:\/\/wp.kristdemokraterna.se\/klippan\/?p=557"},"modified":"2015-04-14T12:31:17","modified_gmt":"2015-04-14T10:31:17","slug":"nyheter-fran-skane-alliansen","status":"publish","type":"post","link":"https:\/\/wp.kristdemokraterna.se\/klippan\/nyheter-fran-skane-alliansen\/","title":{"rendered":"Nyheter fr\u00e5n Sk\u00e5ne Alliansen"},"content":{"rendered":"<h2 class=\"newsroom-list-header\"><a title=\"Unga vuxna med psykisk oh\u00e4lsa f\u00e5r fast kontaktperson efter f\u00f6rsta bes\u00f6ket\" href=\"http:\/\/www.mynewsdesk.com\/se\/alliansforskane\/pressreleases\/unga-vuxna-med-psykisk-ohaelsa-faar-fast-kontaktperson-efter-foersta-besoeket-1127733\">Unga vuxna med psykisk oh\u00e4lsa f\u00e5r fast kontaktperson efter f\u00f6rsta bes\u00f6ket<\/a><\/h2>\n<h4 class=\"meta\"><span class=\"hidden-small\"><span class=\"release-type pressrelease\"><a href=\"http:\/\/www.mynewsdesk.com\/se\/alliansforskane\/pressreleases\">Pressmeddelanden<\/a><\/span> \u00a0 \u2022 \u00a0 <\/span>2015-03-09 12:41 CET<\/h4>\n<p class=\"hidden-small\">\u2013 Unga vuxna i Sk\u00e5ne som s\u00f6ker akut psykiatri f\u00f6r f\u00f6rsta g\u00e5ngen f\u00e5r nu, tack vare Allians f\u00f6r Sk\u00e5ne, en fast kontaktperson som st\u00e4rker omh\u00e4ndertagandet, \u00f6kar tryggheten hos den unga vuxna och ge en enda ing\u00e5ng till v\u00e5rden. Detta tror vi kommer att och f\u00f6renkla f\u00f6r den enskilde patienten och upplevas som mycket positivt, s\u00e4ger Ulrika Heindorff (M).<\/p>\n","protected":false},"excerpt":{"rendered":"<p>Unga vuxna med psykisk oh\u00e4lsa f\u00e5r fast kontaktperson efter f\u00f6rsta bes\u00f6ket Pressmeddelanden \u00a0 \u2022 \u00a0 2015-03-09 12:41 CET \u2013 Unga vuxna i Sk\u00e5ne som s\u00f6ker akut psykiatri f\u00f6r f\u00f6rsta g\u00e5ngen f\u00e5r nu, tack vare Allians f\u00f6r Sk\u00e5ne, en fast kontaktperson som st\u00e4rker omh\u00e4ndertagandet, \u00f6kar tryggheten hos den unga vuxna och ge en enda ing\u00e5ng till <a class=\"read-more-link\" href=\"https:\/\/wp.kristdemokraterna.se\/klippan\/nyheter-fran-skane-alliansen\/\">Read More<\/a><\/p>\n","protected":false},"author":545,"featured_media":0,"comment_status":"closed","ping_status":"closed","sticky":false,"template":"","format":"standard","meta":{"_acf_changed":false,"footnotes":""},"categories":[1],"tags":[],"class_list":["post-557","post","type-post","status-publish","format-standard","hentry","category-okategoriserade"],"acf":[],"yoast_head":"<!-- This site is optimized with the Yoast SEO plugin v27.5 - https:\/\/yoast.com\/product\/yoast-seo-wordpress\/ -->\n<title>Nyheter fr\u00e5n Sk\u00e5ne Alliansen - Klippan<\/title>\n<meta name=\"robots\" content=\"index, follow, max-snippet:-1, max-image-preview:large, max-video-preview:-1\" \/>\n<link rel=\"canonical\" href=\"https:\/\/wp.kristdemokraterna.se\/klippan\/nyheter-fran-skane-alliansen\/\" \/>\n<meta property=\"og:locale\" content=\"sv_SE\" \/>\n<meta property=\"og:type\" content=\"article\" \/>\n<meta property=\"og:title\" content=\"Nyheter fr\u00e5n Sk\u00e5ne Alliansen - Klippan\" \/>\n<meta property=\"og:description\" content=\"Unga vuxna med psykisk oh\u00e4lsa f\u00e5r fast kontaktperson efter f\u00f6rsta bes\u00f6ket Pressmeddelanden \u00a0 \u2022 \u00a0 2015-03-09 12:41 CET \u2013 Unga vuxna i Sk\u00e5ne som s\u00f6ker akut psykiatri f\u00f6r f\u00f6rsta g\u00e5ngen f\u00e5r nu, tack vare Allians f\u00f6r Sk\u00e5ne, en fast kontaktperson som st\u00e4rker omh\u00e4ndertagandet, \u00f6kar tryggheten hos den unga vuxna och ge en enda ing\u00e5ng till Read More\" \/>\n<meta property=\"og:url\" content=\"https:\/\/wp.kristdemokraterna.se\/klippan\/nyheter-fran-skane-alliansen\/\" \/>\n<meta property=\"og:site_name\" content=\"Klippan\" \/>\n<meta property=\"article:published_time\" content=\"2015-04-14T10:31:17+00:00\" \/>\n<meta name=\"author\" content=\"bodil\" \/>\n<meta name=\"twitter:card\" content=\"summary_large_image\" \/>\n<meta name=\"twitter:label1\" content=\"Skriven av\" \/>\n\t<meta name=\"twitter:data1\" content=\"bodil\" \/>\n<script type=\"application\/ld+json\" class=\"yoast-schema-graph\">{\"@context\":\"https:\\\/\\\/schema.org\",\"@graph\":[{\"@type\":\"Article\",\"@id\":\"https:\\\/\\\/wp.kristdemokraterna.se\\\/klippan\\\/nyheter-fran-skane-alliansen\\\/#article\",\"isPartOf\":{\"@id\":\"https:\\\/\\\/wp.kristdemokraterna.se\\\/klippan\\\/nyheter-fran-skane-alliansen\\\/\"},\"author\":{\"name\":\"bodil\",\"@id\":\"https:\\\/\\\/wp.kristdemokraterna.se\\\/klippan\\\/#\\\/schema\\\/person\\\/c6a9f1b40c460596c205f46621b962a3\"},\"headline\":\"Nyheter fr\u00e5n Sk\u00e5ne Alliansen\",\"datePublished\":\"2015-04-14T10:31:17+00:00\",\"mainEntityOfPage\":{\"@id\":\"https:\\\/\\\/wp.kristdemokraterna.se\\\/klippan\\\/nyheter-fran-skane-alliansen\\\/\"},\"wordCount\":97,\"inLanguage\":\"sv-SE\"},{\"@type\":\"WebPage\",\"@id\":\"https:\\\/\\\/wp.kristdemokraterna.se\\\/klippan\\\/nyheter-fran-skane-alliansen\\\/\",\"url\":\"https:\\\/\\\/wp.kristdemokraterna.se\\\/klippan\\\/nyheter-fran-skane-alliansen\\\/\",\"name\":\"Nyheter fr\u00e5n Sk\u00e5ne Alliansen - Klippan\",\"isPartOf\":{\"@id\":\"https:\\\/\\\/wp.kristdemokraterna.se\\\/klippan\\\/#website\"},\"datePublished\":\"2015-04-14T10:31:17+00:00\",\"author\":{\"@id\":\"https:\\\/\\\/wp.kristdemokraterna.se\\\/klippan\\\/#\\\/schema\\\/person\\\/c6a9f1b40c460596c205f46621b962a3\"},\"breadcrumb\":{\"@id\":\"https:\\\/\\\/wp.kristdemokraterna.se\\\/klippan\\\/nyheter-fran-skane-alliansen\\\/#breadcrumb\"},\"inLanguage\":\"sv-SE\",\"potentialAction\":[{\"@type\":\"ReadAction\",\"target\":[\"https:\\\/\\\/wp.kristdemokraterna.se\\\/klippan\\\/nyheter-fran-skane-alliansen\\\/\"]}]},{\"@type\":\"BreadcrumbList\",\"@id\":\"https:\\\/\\\/wp.kristdemokraterna.se\\\/klippan\\\/nyheter-fran-skane-alliansen\\\/#breadcrumb\",\"itemListElement\":[{\"@type\":\"ListItem\",\"position\":1,\"name\":\"Hem\",\"item\":\"https:\\\/\\\/wp.kristdemokraterna.se\\\/klippan\\\/\"},{\"@type\":\"ListItem\",\"position\":2,\"name\":\"Nyheter fr\u00e5n Sk\u00e5ne Alliansen\"}]},{\"@type\":\"WebSite\",\"@id\":\"https:\\\/\\\/wp.kristdemokraterna.se\\\/klippan\\\/#website\",\"url\":\"https:\\\/\\\/wp.kristdemokraterna.se\\\/klippan\\\/\",\"name\":\"Klippan\",\"description\":\"En till Kristdemokraterna webbplats\",\"inLanguage\":\"sv-SE\"},{\"@type\":\"Person\",\"@id\":\"https:\\\/\\\/wp.kristdemokraterna.se\\\/klippan\\\/#\\\/schema\\\/person\\\/c6a9f1b40c460596c205f46621b962a3\",\"name\":\"bodil\",\"image\":{\"@type\":\"ImageObject\",\"inLanguage\":\"sv-SE\",\"@id\":\"https:\\\/\\\/secure.gravatar.com\\\/avatar\\\/b28889bac62e061e989e716a5f0a2269a4164284151f3e27bef399a70b3d31ea?s=96&r=g\",\"url\":\"https:\\\/\\\/secure.gravatar.com\\\/avatar\\\/b28889bac62e061e989e716a5f0a2269a4164284151f3e27bef399a70b3d31ea?s=96&r=g\",\"contentUrl\":\"https:\\\/\\\/secure.gravatar.com\\\/avatar\\\/b28889bac62e061e989e716a5f0a2269a4164284151f3e27bef399a70b3d31ea?s=96&r=g\",\"caption\":\"bodil\"},\"url\":\"https:\\\/\\\/wp.kristdemokraterna.se\\\/klippan\\\/author\\\/bodil\\\/\"}]}<\/script>\n<!-- \/ Yoast SEO plugin. -->","yoast_head_json":{"title":"Nyheter fr\u00e5n Sk\u00e5ne Alliansen - Klippan","robots":{"index":"index","follow":"follow","max-snippet":"max-snippet:-1","max-image-preview":"max-image-preview:large","max-video-preview":"max-video-preview:-1"},"canonical":"https:\/\/wp.kristdemokraterna.se\/klippan\/nyheter-fran-skane-alliansen\/","og_locale":"sv_SE","og_type":"article","og_title":"Nyheter fr\u00e5n Sk\u00e5ne Alliansen - Klippan","og_description":"Unga vuxna med psykisk oh\u00e4lsa f\u00e5r fast kontaktperson efter f\u00f6rsta bes\u00f6ket Pressmeddelanden \u00a0 \u2022 \u00a0 2015-03-09 12:41 CET \u2013 Unga vuxna i Sk\u00e5ne som s\u00f6ker akut psykiatri f\u00f6r f\u00f6rsta g\u00e5ngen f\u00e5r nu, tack vare Allians f\u00f6r Sk\u00e5ne, en fast kontaktperson som st\u00e4rker omh\u00e4ndertagandet, \u00f6kar tryggheten hos den unga vuxna och ge en enda ing\u00e5ng till Read More","og_url":"https:\/\/wp.kristdemokraterna.se\/klippan\/nyheter-fran-skane-alliansen\/","og_site_name":"Klippan","article_published_time":"2015-04-14T10:31:17+00:00","author":"bodil","twitter_card":"summary_large_image","twitter_misc":{"Skriven av":"bodil"},"schema":{"@context":"https:\/\/schema.org","@graph":[{"@type":"Article","@id":"https:\/\/wp.kristdemokraterna.se\/klippan\/nyheter-fran-skane-alliansen\/#article","isPartOf":{"@id":"https:\/\/wp.kristdemokraterna.se\/klippan\/nyheter-fran-skane-alliansen\/"},"author":{"name":"bodil","@id":"https:\/\/wp.kristdemokraterna.se\/klippan\/#\/schema\/person\/c6a9f1b40c460596c205f46621b962a3"},"headline":"Nyheter fr\u00e5n Sk\u00e5ne Alliansen","datePublished":"2015-04-14T10:31:17+00:00","mainEntityOfPage":{"@id":"https:\/\/wp.kristdemokraterna.se\/klippan\/nyheter-fran-skane-alliansen\/"},"wordCount":97,"inLanguage":"sv-SE"},{"@type":"WebPage","@id":"https:\/\/wp.kristdemokraterna.se\/klippan\/nyheter-fran-skane-alliansen\/","url":"https:\/\/wp.kristdemokraterna.se\/klippan\/nyheter-fran-skane-alliansen\/","name":"Nyheter fr\u00e5n Sk\u00e5ne Alliansen - Klippan","isPartOf":{"@id":"https:\/\/wp.kristdemokraterna.se\/klippan\/#website"},"datePublished":"2015-04-14T10:31:17+00:00","author":{"@id":"https:\/\/wp.kristdemokraterna.se\/klippan\/#\/schema\/person\/c6a9f1b40c460596c205f46621b962a3"},"breadcrumb":{"@id":"https:\/\/wp.kristdemokraterna.se\/klippan\/nyheter-fran-skane-alliansen\/#breadcrumb"},"inLanguage":"sv-SE","potentialAction":[{"@type":"ReadAction","target":["https:\/\/wp.kristdemokraterna.se\/klippan\/nyheter-fran-skane-alliansen\/"]}]},{"@type":"BreadcrumbList","@id":"https:\/\/wp.kristdemokraterna.se\/klippan\/nyheter-fran-skane-alliansen\/#breadcrumb","itemListElement":[{"@type":"ListItem","position":1,"name":"Hem","item":"https:\/\/wp.kristdemokraterna.se\/klippan\/"},{"@type":"ListItem","position":2,"name":"Nyheter fr\u00e5n Sk\u00e5ne Alliansen"}]},{"@type":"WebSite","@id":"https:\/\/wp.kristdemokraterna.se\/klippan\/#website","url":"https:\/\/wp.kristdemokraterna.se\/klippan\/","name":"Klippan","description":"En till Kristdemokraterna webbplats","inLanguage":"sv-SE"},{"@type":"Person","@id":"https:\/\/wp.kristdemokraterna.se\/klippan\/#\/schema\/person\/c6a9f1b40c460596c205f46621b962a3","name":"bodil","image":{"@type":"ImageObject","inLanguage":"sv-SE","@id":"https:\/\/secure.gravatar.com\/avatar\/b28889bac62e061e989e716a5f0a2269a4164284151f3e27bef399a70b3d31ea?s=96&r=g","url":"https:\/\/secure.gravatar.com\/avatar\/b28889bac62e061e989e716a5f0a2269a4164284151f3e27bef399a70b3d31ea?s=96&r=g","contentUrl":"https:\/\/secure.gravatar.com\/avatar\/b28889bac62e061e989e716a5f0a2269a4164284151f3e27bef399a70b3d31ea?s=96&r=g","caption":"bodil"},"url":"https:\/\/wp.kristdemokraterna.se\/klippan\/author\/bodil\/"}]}},"_links":{"self":[{"href":"https:\/\/wp.kristdemokraterna.se\/klippan\/wp-json\/wp\/v2\/posts\/557","targetHints":{"allow":["GET"]}}],"collection":[{"href":"https:\/\/wp.kristdemokraterna.se\/klippan\/wp-json\/wp\/v2\/posts"}],"about":[{"href":"https:\/\/wp.kristdemokraterna.se\/klippan\/wp-json\/wp\/v2\/types\/post"}],"author":[{"embeddable":true,"href":"https:\/\/wp.kristdemokraterna.se\/klippan\/wp-json\/wp\/v2\/users\/545"}],"replies":[{"embeddable":true,"href":"https:\/\/wp.kristdemokraterna.se\/klippan\/wp-json\/wp\/v2\/comments?post=557"}],"version-history":[{"count":1,"href":"https:\/\/wp.kristdemokraterna.se\/klippan\/wp-json\/wp\/v2\/posts\/557\/revisions"}],"predecessor-version":[{"id":558,"href":"https:\/\/wp.kristdemokraterna.se\/klippan\/wp-json\/wp\/v2\/posts\/557\/revisions\/558"}],"wp:attachment":[{"href":"https:\/\/wp.kristdemokraterna.se\/klippan\/wp-json\/wp\/v2\/media?parent=557"}],"wp:term":[{"taxonomy":"category","embeddable":true,"href":"https:\/\/wp.kristdemokraterna.se\/klippan\/wp-json\/wp\/v2\/categories?post=557"},{"taxonomy":"post_tag","embeddable":true,"href":"https:\/\/wp.kristdemokraterna.se\/klippan\/wp-json\/wp\/v2\/tags?post=557"}],"curies":[{"name":"wp","href":"https:\/\/api.w.org\/{rel}","templated":true}]}}