{"id":586,"date":"2015-09-03T14:37:51","date_gmt":"2015-09-03T12:37:51","guid":{"rendered":"http:\/\/wp.kristdemokraterna.se\/klippan\/?p=586"},"modified":"2016-01-18T12:42:12","modified_gmt":"2016-01-18T11:42:12","slug":"insandare-till-hd","status":"publish","type":"post","link":"https:\/\/wp.kristdemokraterna.se\/klippan\/insandare-till-hd\/","title":{"rendered":"Ins\u00e4ndare till Hd"},"content":{"rendered":"<p><span style=\"font-weight: 400\">Ma\u030alet fo\u0308r Kristdemokraterna a\u0308r att fo\u0308ra\u0308ldrarna ska kunna va\u0308lja den barnomsorg som a\u0308r ba\u0308st fo\u0308r deras barn. D\u00e4rf\u00f6r \u00e4r det viktigt att det i hela kommunen finns olika omsorgsformer f\u00f6r att m\u00f6ta familjens behov.<\/span><\/p>\n<p><span style=\"font-weight: 400\">\u00c4n s\u00e5 l\u00e4nge kan man som sm\u00e5barnsf\u00f6r\u00e4lder i Klippans kommun v\u00e4lja mellan att ta ut v\u00e5rdnadsbidrag, pedagogisk barnomsorg (dagmamma) eller f\u00f6rskola men fr\u00e5gan \u00e4r hur l\u00e4nge till? Den styrande majoriteten, dvs Socialdemokraterna, Centern och Milj\u00f6partiet visar mer och mer p\u00e5 att de arbetar p\u00e5 att minska eller till och med ta bort v\u00e5ra dagmammor. De har \u00e4ven i sin budget visat att de vill ta bort m\u00f6jligheten att ta ut v\u00e5rdnadsbidrag. Detta skr\u00e4mmer oss eftersom det inneb\u00e4r att det inte l\u00e4ngre kommer att finnas n\u00e5gon valfrihet f\u00f6r v\u00e5ra f\u00f6r\u00e4ldrar i kommunen.<\/span><\/p>\n<p><span style=\"font-weight: 400\">I dagsl\u00e4get \u00e4r det ca 20 familjer som anv\u00e4nder sig av v\u00e5rdnadsbidraget. Dvs att f\u00f6r\u00e4ldrarna valt att vara hemma med sina barn med ett bidrag p\u00e5 3000kr i m\u00e5naden. Om v\u00e5rdnadsbidraget tas bort skulle det inneb\u00e4ra att minst 20 barn till ska f\u00e5 plats i v\u00e5ra f\u00f6rskolor. Vi har redan idag brist p\u00e5 f\u00f6rskoleplatser.<\/span><\/p>\n<p><span style=\"font-weight: 400\">Vi vet att det \u00e4r f\u00e4rre f\u00f6r\u00e4ldrar som v\u00e4ljer pedagogisk barnomsorg i dagsl\u00e4get och det beror bl.a p\u00e5 att den inte marknadsf\u00f6rts lika tydligt som v\u00e5ra f\u00f6rskolor. Var ska de f\u00f6r\u00e4ldrarna som vill l\u00e4mna sina barn i mindre grupper eller i en hemmilj\u00f6 ta v\u00e4gen? <\/span><\/p>\n<p><span style=\"font-weight: 400\">Hur l\u00f6ser vi f\u00f6rskoleplatser till ytterligare 15-20 barn om tre dagmammor tas bort?<\/span><\/p>\n<p><span style=\"font-weight: 400\">Om v\u00e5rdnadsbidraget och pedagogiska barnomsorgen tas bort kan det inneb\u00e4ra att ytterligare ca 40 barn beh\u00f6ver f\u00f6rskoleplats. Hur l\u00f6ser vi det?<\/span><\/p>\n<p><span style=\"font-weight: 400\">Och till Centern skulle vi vilja st\u00e4lla en direkt fr\u00e5ga: Vad \u00e4r er inst\u00e4llning egentligen? I BUN sitter en ledamot och ifr\u00e5gas\u00e4tter pedagogisk barnomsorg medan andra f\u00f6retr\u00e4dare talar f\u00f6r den. Likas\u00e5 var ni v\u00e4ldigt tydliga i den f\u00f6rra valperioden att dagmammorna var viktiga. <\/span><\/p>\n<p><span style=\"font-weight: 400\">Vi har tre kommundelar i Klippan; Ljungbyhed med landsbygd, Klippans centrum och \u00d6stra Ljungby\/Stidsvig. Det \u00e4r viktigt att man tar h\u00e4nsyn till alla tre delarna och inte bara centrum. Samtidigt \u00e4r det viktigt att vi t\u00e4nker p\u00e5 att bygga framtidens skola. Det inneb\u00e4r att vi m\u00e5ste v\u00e5ga t\u00e4nka nytt och \u00e4ven ta h\u00e4nsyn till framtida planerad bebyggelse i v\u00e5r kommun enligt \u00f6versiktsplanen. \u00a0T ex vi kanske ska bygga ut Vedbys skolomr\u00e5de med en f\u00f6rskola och ytterligare lokaler till skolan d\u00e5 det \u00e4r ett av de st\u00e4llena i kommunen d\u00e4r planeras det att byggas ut. <\/span><\/p>\n<p><span style=\"font-weight: 400\">Vi vill ha valfrihet och likv\u00e4rdig f\u00f6rskola\/skola och barnomsorg, som kan m\u00f6ta framtidens barn i alla kommundelar!<\/span><\/p>\n<p><span style=\"font-weight: 400\">H\u00e4lsningar<\/span><\/p>\n<p><span style=\"font-weight: 400\">Kristdemokraterna <\/span><\/p>\n<p><span style=\"font-weight: 400\">Bodil Andersson, Charlotte Eliasson Anderberg<\/span><\/p>\n","protected":false},"excerpt":{"rendered":"<p>Ma\u030alet fo\u0308r Kristdemokraterna a\u0308r att fo\u0308ra\u0308ldrarna ska kunna va\u0308lja den barnomsorg som a\u0308r ba\u0308st fo\u0308r deras barn. D\u00e4rf\u00f6r \u00e4r det viktigt att det i hela kommunen finns olika omsorgsformer f\u00f6r att m\u00f6ta familjens behov. \u00c4n s\u00e5 l\u00e4nge kan man som sm\u00e5barnsf\u00f6r\u00e4lder i Klippans kommun v\u00e4lja mellan att ta ut v\u00e5rdnadsbidrag, pedagogisk barnomsorg (dagmamma) eller f\u00f6rskola <a class=\"read-more-link\" href=\"https:\/\/wp.kristdemokraterna.se\/klippan\/insandare-till-hd\/\">Read More<\/a><\/p>\n","protected":false},"author":545,"featured_media":0,"comment_status":"closed","ping_status":"closed","sticky":false,"template":"","format":"standard","meta":{"_acf_changed":false,"footnotes":""},"categories":[1],"tags":[],"class_list":["post-586","post","type-post","status-publish","format-standard","hentry","category-okategoriserade"],"acf":[],"yoast_head":"<!-- This site is optimized with the Yoast SEO plugin v27.4 - https:\/\/yoast.com\/product\/yoast-seo-wordpress\/ -->\n<title>Ins\u00e4ndare till Hd - Klippan<\/title>\n<meta name=\"robots\" content=\"index, follow, max-snippet:-1, max-image-preview:large, max-video-preview:-1\" \/>\n<link rel=\"canonical\" href=\"https:\/\/wp.kristdemokraterna.se\/klippan\/insandare-till-hd\/\" \/>\n<meta property=\"og:locale\" content=\"sv_SE\" \/>\n<meta property=\"og:type\" content=\"article\" \/>\n<meta property=\"og:title\" content=\"Ins\u00e4ndare till Hd - Klippan\" \/>\n<meta property=\"og:description\" content=\"Ma\u030alet fo\u0308r Kristdemokraterna a\u0308r att fo\u0308ra\u0308ldrarna ska kunna va\u0308lja den barnomsorg som a\u0308r ba\u0308st fo\u0308r deras barn. D\u00e4rf\u00f6r \u00e4r det viktigt att det i hela kommunen finns olika omsorgsformer f\u00f6r att m\u00f6ta familjens behov. \u00c4n s\u00e5 l\u00e4nge kan man som sm\u00e5barnsf\u00f6r\u00e4lder i Klippans kommun v\u00e4lja mellan att ta ut v\u00e5rdnadsbidrag, pedagogisk barnomsorg (dagmamma) eller f\u00f6rskola Read More\" \/>\n<meta property=\"og:url\" content=\"https:\/\/wp.kristdemokraterna.se\/klippan\/insandare-till-hd\/\" \/>\n<meta property=\"og:site_name\" content=\"Klippan\" \/>\n<meta property=\"article:published_time\" content=\"2015-09-03T12:37:51+00:00\" \/>\n<meta property=\"article:modified_time\" content=\"2016-01-18T11:42:12+00:00\" \/>\n<meta name=\"author\" content=\"bodil\" \/>\n<meta name=\"twitter:card\" content=\"summary_large_image\" \/>\n<meta name=\"twitter:label1\" content=\"Skriven av\" \/>\n\t<meta name=\"twitter:data1\" content=\"bodil\" \/>\n\t<meta name=\"twitter:label2\" content=\"Ber\u00e4knad l\u00e4stid\" \/>\n\t<meta name=\"twitter:data2\" content=\"3 minuter\" \/>\n<script type=\"application\/ld+json\" class=\"yoast-schema-graph\">{\"@context\":\"https:\\\/\\\/schema.org\",\"@graph\":[{\"@type\":\"Article\",\"@id\":\"https:\\\/\\\/wp.kristdemokraterna.se\\\/klippan\\\/insandare-till-hd\\\/#article\",\"isPartOf\":{\"@id\":\"https:\\\/\\\/wp.kristdemokraterna.se\\\/klippan\\\/insandare-till-hd\\\/\"},\"author\":{\"name\":\"bodil\",\"@id\":\"https:\\\/\\\/wp.kristdemokraterna.se\\\/klippan\\\/#\\\/schema\\\/person\\\/c6a9f1b40c460596c205f46621b962a3\"},\"headline\":\"Ins\u00e4ndare till Hd\",\"datePublished\":\"2015-09-03T12:37:51+00:00\",\"dateModified\":\"2016-01-18T11:42:12+00:00\",\"mainEntityOfPage\":{\"@id\":\"https:\\\/\\\/wp.kristdemokraterna.se\\\/klippan\\\/insandare-till-hd\\\/\"},\"wordCount\":513,\"inLanguage\":\"sv-SE\"},{\"@type\":\"WebPage\",\"@id\":\"https:\\\/\\\/wp.kristdemokraterna.se\\\/klippan\\\/insandare-till-hd\\\/\",\"url\":\"https:\\\/\\\/wp.kristdemokraterna.se\\\/klippan\\\/insandare-till-hd\\\/\",\"name\":\"Ins\u00e4ndare till Hd - Klippan\",\"isPartOf\":{\"@id\":\"https:\\\/\\\/wp.kristdemokraterna.se\\\/klippan\\\/#website\"},\"datePublished\":\"2015-09-03T12:37:51+00:00\",\"dateModified\":\"2016-01-18T11:42:12+00:00\",\"author\":{\"@id\":\"https:\\\/\\\/wp.kristdemokraterna.se\\\/klippan\\\/#\\\/schema\\\/person\\\/c6a9f1b40c460596c205f46621b962a3\"},\"breadcrumb\":{\"@id\":\"https:\\\/\\\/wp.kristdemokraterna.se\\\/klippan\\\/insandare-till-hd\\\/#breadcrumb\"},\"inLanguage\":\"sv-SE\",\"potentialAction\":[{\"@type\":\"ReadAction\",\"target\":[\"https:\\\/\\\/wp.kristdemokraterna.se\\\/klippan\\\/insandare-till-hd\\\/\"]}]},{\"@type\":\"BreadcrumbList\",\"@id\":\"https:\\\/\\\/wp.kristdemokraterna.se\\\/klippan\\\/insandare-till-hd\\\/#breadcrumb\",\"itemListElement\":[{\"@type\":\"ListItem\",\"position\":1,\"name\":\"Hem\",\"item\":\"https:\\\/\\\/wp.kristdemokraterna.se\\\/klippan\\\/\"},{\"@type\":\"ListItem\",\"position\":2,\"name\":\"Ins\u00e4ndare till Hd\"}]},{\"@type\":\"WebSite\",\"@id\":\"https:\\\/\\\/wp.kristdemokraterna.se\\\/klippan\\\/#website\",\"url\":\"https:\\\/\\\/wp.kristdemokraterna.se\\\/klippan\\\/\",\"name\":\"Klippan\",\"description\":\"En till Kristdemokraterna webbplats\",\"inLanguage\":\"sv-SE\"},{\"@type\":\"Person\",\"@id\":\"https:\\\/\\\/wp.kristdemokraterna.se\\\/klippan\\\/#\\\/schema\\\/person\\\/c6a9f1b40c460596c205f46621b962a3\",\"name\":\"bodil\",\"image\":{\"@type\":\"ImageObject\",\"inLanguage\":\"sv-SE\",\"@id\":\"https:\\\/\\\/secure.gravatar.com\\\/avatar\\\/b28889bac62e061e989e716a5f0a2269a4164284151f3e27bef399a70b3d31ea?s=96&r=g\",\"url\":\"https:\\\/\\\/secure.gravatar.com\\\/avatar\\\/b28889bac62e061e989e716a5f0a2269a4164284151f3e27bef399a70b3d31ea?s=96&r=g\",\"contentUrl\":\"https:\\\/\\\/secure.gravatar.com\\\/avatar\\\/b28889bac62e061e989e716a5f0a2269a4164284151f3e27bef399a70b3d31ea?s=96&r=g\",\"caption\":\"bodil\"},\"url\":\"https:\\\/\\\/wp.kristdemokraterna.se\\\/klippan\\\/author\\\/bodil\\\/\"}]}<\/script>\n<!-- \/ Yoast SEO plugin. -->","yoast_head_json":{"title":"Ins\u00e4ndare till Hd - Klippan","robots":{"index":"index","follow":"follow","max-snippet":"max-snippet:-1","max-image-preview":"max-image-preview:large","max-video-preview":"max-video-preview:-1"},"canonical":"https:\/\/wp.kristdemokraterna.se\/klippan\/insandare-till-hd\/","og_locale":"sv_SE","og_type":"article","og_title":"Ins\u00e4ndare till Hd - Klippan","og_description":"Ma\u030alet fo\u0308r Kristdemokraterna a\u0308r att fo\u0308ra\u0308ldrarna ska kunna va\u0308lja den barnomsorg som a\u0308r ba\u0308st fo\u0308r deras barn. D\u00e4rf\u00f6r \u00e4r det viktigt att det i hela kommunen finns olika omsorgsformer f\u00f6r att m\u00f6ta familjens behov. \u00c4n s\u00e5 l\u00e4nge kan man som sm\u00e5barnsf\u00f6r\u00e4lder i Klippans kommun v\u00e4lja mellan att ta ut v\u00e5rdnadsbidrag, pedagogisk barnomsorg (dagmamma) eller f\u00f6rskola Read More","og_url":"https:\/\/wp.kristdemokraterna.se\/klippan\/insandare-till-hd\/","og_site_name":"Klippan","article_published_time":"2015-09-03T12:37:51+00:00","article_modified_time":"2016-01-18T11:42:12+00:00","author":"bodil","twitter_card":"summary_large_image","twitter_misc":{"Skriven av":"bodil","Ber\u00e4knad l\u00e4stid":"3 minuter"},"schema":{"@context":"https:\/\/schema.org","@graph":[{"@type":"Article","@id":"https:\/\/wp.kristdemokraterna.se\/klippan\/insandare-till-hd\/#article","isPartOf":{"@id":"https:\/\/wp.kristdemokraterna.se\/klippan\/insandare-till-hd\/"},"author":{"name":"bodil","@id":"https:\/\/wp.kristdemokraterna.se\/klippan\/#\/schema\/person\/c6a9f1b40c460596c205f46621b962a3"},"headline":"Ins\u00e4ndare till Hd","datePublished":"2015-09-03T12:37:51+00:00","dateModified":"2016-01-18T11:42:12+00:00","mainEntityOfPage":{"@id":"https:\/\/wp.kristdemokraterna.se\/klippan\/insandare-till-hd\/"},"wordCount":513,"inLanguage":"sv-SE"},{"@type":"WebPage","@id":"https:\/\/wp.kristdemokraterna.se\/klippan\/insandare-till-hd\/","url":"https:\/\/wp.kristdemokraterna.se\/klippan\/insandare-till-hd\/","name":"Ins\u00e4ndare till Hd - Klippan","isPartOf":{"@id":"https:\/\/wp.kristdemokraterna.se\/klippan\/#website"},"datePublished":"2015-09-03T12:37:51+00:00","dateModified":"2016-01-18T11:42:12+00:00","author":{"@id":"https:\/\/wp.kristdemokraterna.se\/klippan\/#\/schema\/person\/c6a9f1b40c460596c205f46621b962a3"},"breadcrumb":{"@id":"https:\/\/wp.kristdemokraterna.se\/klippan\/insandare-till-hd\/#breadcrumb"},"inLanguage":"sv-SE","potentialAction":[{"@type":"ReadAction","target":["https:\/\/wp.kristdemokraterna.se\/klippan\/insandare-till-hd\/"]}]},{"@type":"BreadcrumbList","@id":"https:\/\/wp.kristdemokraterna.se\/klippan\/insandare-till-hd\/#breadcrumb","itemListElement":[{"@type":"ListItem","position":1,"name":"Hem","item":"https:\/\/wp.kristdemokraterna.se\/klippan\/"},{"@type":"ListItem","position":2,"name":"Ins\u00e4ndare till Hd"}]},{"@type":"WebSite","@id":"https:\/\/wp.kristdemokraterna.se\/klippan\/#website","url":"https:\/\/wp.kristdemokraterna.se\/klippan\/","name":"Klippan","description":"En till Kristdemokraterna webbplats","inLanguage":"sv-SE"},{"@type":"Person","@id":"https:\/\/wp.kristdemokraterna.se\/klippan\/#\/schema\/person\/c6a9f1b40c460596c205f46621b962a3","name":"bodil","image":{"@type":"ImageObject","inLanguage":"sv-SE","@id":"https:\/\/secure.gravatar.com\/avatar\/b28889bac62e061e989e716a5f0a2269a4164284151f3e27bef399a70b3d31ea?s=96&r=g","url":"https:\/\/secure.gravatar.com\/avatar\/b28889bac62e061e989e716a5f0a2269a4164284151f3e27bef399a70b3d31ea?s=96&r=g","contentUrl":"https:\/\/secure.gravatar.com\/avatar\/b28889bac62e061e989e716a5f0a2269a4164284151f3e27bef399a70b3d31ea?s=96&r=g","caption":"bodil"},"url":"https:\/\/wp.kristdemokraterna.se\/klippan\/author\/bodil\/"}]}},"_links":{"self":[{"href":"https:\/\/wp.kristdemokraterna.se\/klippan\/wp-json\/wp\/v2\/posts\/586","targetHints":{"allow":["GET"]}}],"collection":[{"href":"https:\/\/wp.kristdemokraterna.se\/klippan\/wp-json\/wp\/v2\/posts"}],"about":[{"href":"https:\/\/wp.kristdemokraterna.se\/klippan\/wp-json\/wp\/v2\/types\/post"}],"author":[{"embeddable":true,"href":"https:\/\/wp.kristdemokraterna.se\/klippan\/wp-json\/wp\/v2\/users\/545"}],"replies":[{"embeddable":true,"href":"https:\/\/wp.kristdemokraterna.se\/klippan\/wp-json\/wp\/v2\/comments?post=586"}],"version-history":[{"count":2,"href":"https:\/\/wp.kristdemokraterna.se\/klippan\/wp-json\/wp\/v2\/posts\/586\/revisions"}],"predecessor-version":[{"id":618,"href":"https:\/\/wp.kristdemokraterna.se\/klippan\/wp-json\/wp\/v2\/posts\/586\/revisions\/618"}],"wp:attachment":[{"href":"https:\/\/wp.kristdemokraterna.se\/klippan\/wp-json\/wp\/v2\/media?parent=586"}],"wp:term":[{"taxonomy":"category","embeddable":true,"href":"https:\/\/wp.kristdemokraterna.se\/klippan\/wp-json\/wp\/v2\/categories?post=586"},{"taxonomy":"post_tag","embeddable":true,"href":"https:\/\/wp.kristdemokraterna.se\/klippan\/wp-json\/wp\/v2\/tags?post=586"}],"curies":[{"name":"wp","href":"https:\/\/api.w.org\/{rel}","templated":true}]}}