{"id":589,"date":"2015-09-15T15:05:18","date_gmt":"2015-09-15T13:05:18","guid":{"rendered":"http:\/\/wp.kristdemokraterna.se\/klippan\/?p=589"},"modified":"2015-09-15T15:07:46","modified_gmt":"2015-09-15T13:07:46","slug":"589-2","status":"publish","type":"post","link":"https:\/\/wp.kristdemokraterna.se\/klippan\/589-2\/","title":{"rendered":"Tj\u00e4nsten som kulturstrateg"},"content":{"rendered":"<p>N\u00e4r tj\u00e4nsten som kulturstrateg inr\u00e4ttades var v\u00e5rt uttalade syfte att den skulle fungera som en motor f\u00f6r att utveckla allm\u00e4nkulturen och l\u00e5ta fler f\u00e5 del av den sj\u00e4lsliga syres\u00e4ttningen. Tanken var ocks\u00e5 att Klippans kommun skulle kunna flytta fram positionerna som kulturkommun. Tj\u00e4nsten har nu legat i tr\u00e4da alldeles f\u00f6r l\u00e4nge och \u201dutvecklingen\u201d har g\u00e5tt bakl\u00e4nges. D\u00e4rf\u00f6r har vi l\u00e4mnat in en interpellation till n\u00e4sta Kommunfullm\u00e4ktige L\u00e4s g\u00e4rna den h\u00e4r:.<a href=\"http:\/\/wp.kristdemokraterna.se\/klippan\/files\/2015\/09\/interp-om-kulturverksamheten.pdf\">interpellation om kulturverksamheten<\/a><\/p>\n","protected":false},"excerpt":{"rendered":"<p>N\u00e4r tj\u00e4nsten som kulturstrateg inr\u00e4ttades var v\u00e5rt uttalade syfte att den skulle fungera som en motor f\u00f6r att utveckla allm\u00e4nkulturen och l\u00e5ta fler f\u00e5 del av den sj\u00e4lsliga syres\u00e4ttningen. Tanken var ocks\u00e5 att Klippans kommun skulle kunna flytta fram positionerna som kulturkommun. Tj\u00e4nsten har nu legat i tr\u00e4da alldeles f\u00f6r l\u00e4nge och \u201dutvecklingen\u201d har g\u00e5tt <a class=\"read-more-link\" href=\"https:\/\/wp.kristdemokraterna.se\/klippan\/589-2\/\">Read More<\/a><\/p>\n","protected":false},"author":477,"featured_media":0,"comment_status":"closed","ping_status":"closed","sticky":false,"template":"","format":"standard","meta":{"_acf_changed":false,"footnotes":""},"categories":[1],"tags":[],"class_list":["post-589","post","type-post","status-publish","format-standard","hentry","category-okategoriserade"],"acf":[],"yoast_head":"<!-- This site is optimized with the Yoast SEO plugin v27.4 - https:\/\/yoast.com\/product\/yoast-seo-wordpress\/ -->\n<title>Tj\u00e4nsten som kulturstrateg - Klippan<\/title>\n<meta name=\"robots\" content=\"index, follow, max-snippet:-1, max-image-preview:large, max-video-preview:-1\" \/>\n<link rel=\"canonical\" href=\"https:\/\/wp.kristdemokraterna.se\/klippan\/589-2\/\" \/>\n<meta property=\"og:locale\" content=\"sv_SE\" \/>\n<meta property=\"og:type\" content=\"article\" \/>\n<meta property=\"og:title\" content=\"Tj\u00e4nsten som kulturstrateg - Klippan\" \/>\n<meta property=\"og:description\" content=\"N\u00e4r tj\u00e4nsten som kulturstrateg inr\u00e4ttades var v\u00e5rt uttalade syfte att den skulle fungera som en motor f\u00f6r att utveckla allm\u00e4nkulturen och l\u00e5ta fler f\u00e5 del av den sj\u00e4lsliga syres\u00e4ttningen. Tanken var ocks\u00e5 att Klippans kommun skulle kunna flytta fram positionerna som kulturkommun. Tj\u00e4nsten har nu legat i tr\u00e4da alldeles f\u00f6r l\u00e4nge och \u201dutvecklingen\u201d har g\u00e5tt Read More\" \/>\n<meta property=\"og:url\" content=\"https:\/\/wp.kristdemokraterna.se\/klippan\/589-2\/\" \/>\n<meta property=\"og:site_name\" content=\"Klippan\" \/>\n<meta property=\"article:published_time\" content=\"2015-09-15T13:05:18+00:00\" \/>\n<meta property=\"article:modified_time\" content=\"2015-09-15T13:07:46+00:00\" \/>\n<meta name=\"author\" content=\"klippan\" \/>\n<meta name=\"twitter:card\" content=\"summary_large_image\" \/>\n<meta name=\"twitter:label1\" content=\"Skriven av\" \/>\n\t<meta name=\"twitter:data1\" content=\"klippan\" \/>\n<script type=\"application\/ld+json\" class=\"yoast-schema-graph\">{\"@context\":\"https:\\\/\\\/schema.org\",\"@graph\":[{\"@type\":\"Article\",\"@id\":\"https:\\\/\\\/wp.kristdemokraterna.se\\\/klippan\\\/589-2\\\/#article\",\"isPartOf\":{\"@id\":\"https:\\\/\\\/wp.kristdemokraterna.se\\\/klippan\\\/589-2\\\/\"},\"author\":{\"name\":\"klippan\",\"@id\":\"https:\\\/\\\/wp.kristdemokraterna.se\\\/klippan\\\/#\\\/schema\\\/person\\\/7d98c45cdb8f672d1f67ceac8bb6f68f\"},\"headline\":\"Tj\u00e4nsten som kulturstrateg\",\"datePublished\":\"2015-09-15T13:05:18+00:00\",\"dateModified\":\"2015-09-15T13:07:46+00:00\",\"mainEntityOfPage\":{\"@id\":\"https:\\\/\\\/wp.kristdemokraterna.se\\\/klippan\\\/589-2\\\/\"},\"wordCount\":100,\"inLanguage\":\"sv-SE\"},{\"@type\":\"WebPage\",\"@id\":\"https:\\\/\\\/wp.kristdemokraterna.se\\\/klippan\\\/589-2\\\/\",\"url\":\"https:\\\/\\\/wp.kristdemokraterna.se\\\/klippan\\\/589-2\\\/\",\"name\":\"Tj\u00e4nsten som kulturstrateg - Klippan\",\"isPartOf\":{\"@id\":\"https:\\\/\\\/wp.kristdemokraterna.se\\\/klippan\\\/#website\"},\"datePublished\":\"2015-09-15T13:05:18+00:00\",\"dateModified\":\"2015-09-15T13:07:46+00:00\",\"author\":{\"@id\":\"https:\\\/\\\/wp.kristdemokraterna.se\\\/klippan\\\/#\\\/schema\\\/person\\\/7d98c45cdb8f672d1f67ceac8bb6f68f\"},\"breadcrumb\":{\"@id\":\"https:\\\/\\\/wp.kristdemokraterna.se\\\/klippan\\\/589-2\\\/#breadcrumb\"},\"inLanguage\":\"sv-SE\",\"potentialAction\":[{\"@type\":\"ReadAction\",\"target\":[\"https:\\\/\\\/wp.kristdemokraterna.se\\\/klippan\\\/589-2\\\/\"]}]},{\"@type\":\"BreadcrumbList\",\"@id\":\"https:\\\/\\\/wp.kristdemokraterna.se\\\/klippan\\\/589-2\\\/#breadcrumb\",\"itemListElement\":[{\"@type\":\"ListItem\",\"position\":1,\"name\":\"Hem\",\"item\":\"https:\\\/\\\/wp.kristdemokraterna.se\\\/klippan\\\/\"},{\"@type\":\"ListItem\",\"position\":2,\"name\":\"Tj\u00e4nsten som kulturstrateg\"}]},{\"@type\":\"WebSite\",\"@id\":\"https:\\\/\\\/wp.kristdemokraterna.se\\\/klippan\\\/#website\",\"url\":\"https:\\\/\\\/wp.kristdemokraterna.se\\\/klippan\\\/\",\"name\":\"Klippan\",\"description\":\"En till Kristdemokraterna webbplats\",\"inLanguage\":\"sv-SE\"},{\"@type\":\"Person\",\"@id\":\"https:\\\/\\\/wp.kristdemokraterna.se\\\/klippan\\\/#\\\/schema\\\/person\\\/7d98c45cdb8f672d1f67ceac8bb6f68f\",\"name\":\"klippan\",\"image\":{\"@type\":\"ImageObject\",\"inLanguage\":\"sv-SE\",\"@id\":\"https:\\\/\\\/secure.gravatar.com\\\/avatar\\\/c15534d9060eae6804b69ce13a7b0a1c3dbc2100970b48ddfd5782623228b696?s=96&r=g\",\"url\":\"https:\\\/\\\/secure.gravatar.com\\\/avatar\\\/c15534d9060eae6804b69ce13a7b0a1c3dbc2100970b48ddfd5782623228b696?s=96&r=g\",\"contentUrl\":\"https:\\\/\\\/secure.gravatar.com\\\/avatar\\\/c15534d9060eae6804b69ce13a7b0a1c3dbc2100970b48ddfd5782623228b696?s=96&r=g\",\"caption\":\"klippan\"},\"url\":\"https:\\\/\\\/wp.kristdemokraterna.se\\\/klippan\\\/author\\\/klippan\\\/\"}]}<\/script>\n<!-- \/ Yoast SEO plugin. -->","yoast_head_json":{"title":"Tj\u00e4nsten som kulturstrateg - Klippan","robots":{"index":"index","follow":"follow","max-snippet":"max-snippet:-1","max-image-preview":"max-image-preview:large","max-video-preview":"max-video-preview:-1"},"canonical":"https:\/\/wp.kristdemokraterna.se\/klippan\/589-2\/","og_locale":"sv_SE","og_type":"article","og_title":"Tj\u00e4nsten som kulturstrateg - Klippan","og_description":"N\u00e4r tj\u00e4nsten som kulturstrateg inr\u00e4ttades var v\u00e5rt uttalade syfte att den skulle fungera som en motor f\u00f6r att utveckla allm\u00e4nkulturen och l\u00e5ta fler f\u00e5 del av den sj\u00e4lsliga syres\u00e4ttningen. Tanken var ocks\u00e5 att Klippans kommun skulle kunna flytta fram positionerna som kulturkommun. Tj\u00e4nsten har nu legat i tr\u00e4da alldeles f\u00f6r l\u00e4nge och \u201dutvecklingen\u201d har g\u00e5tt Read More","og_url":"https:\/\/wp.kristdemokraterna.se\/klippan\/589-2\/","og_site_name":"Klippan","article_published_time":"2015-09-15T13:05:18+00:00","article_modified_time":"2015-09-15T13:07:46+00:00","author":"klippan","twitter_card":"summary_large_image","twitter_misc":{"Skriven av":"klippan"},"schema":{"@context":"https:\/\/schema.org","@graph":[{"@type":"Article","@id":"https:\/\/wp.kristdemokraterna.se\/klippan\/589-2\/#article","isPartOf":{"@id":"https:\/\/wp.kristdemokraterna.se\/klippan\/589-2\/"},"author":{"name":"klippan","@id":"https:\/\/wp.kristdemokraterna.se\/klippan\/#\/schema\/person\/7d98c45cdb8f672d1f67ceac8bb6f68f"},"headline":"Tj\u00e4nsten som kulturstrateg","datePublished":"2015-09-15T13:05:18+00:00","dateModified":"2015-09-15T13:07:46+00:00","mainEntityOfPage":{"@id":"https:\/\/wp.kristdemokraterna.se\/klippan\/589-2\/"},"wordCount":100,"inLanguage":"sv-SE"},{"@type":"WebPage","@id":"https:\/\/wp.kristdemokraterna.se\/klippan\/589-2\/","url":"https:\/\/wp.kristdemokraterna.se\/klippan\/589-2\/","name":"Tj\u00e4nsten som kulturstrateg - Klippan","isPartOf":{"@id":"https:\/\/wp.kristdemokraterna.se\/klippan\/#website"},"datePublished":"2015-09-15T13:05:18+00:00","dateModified":"2015-09-15T13:07:46+00:00","author":{"@id":"https:\/\/wp.kristdemokraterna.se\/klippan\/#\/schema\/person\/7d98c45cdb8f672d1f67ceac8bb6f68f"},"breadcrumb":{"@id":"https:\/\/wp.kristdemokraterna.se\/klippan\/589-2\/#breadcrumb"},"inLanguage":"sv-SE","potentialAction":[{"@type":"ReadAction","target":["https:\/\/wp.kristdemokraterna.se\/klippan\/589-2\/"]}]},{"@type":"BreadcrumbList","@id":"https:\/\/wp.kristdemokraterna.se\/klippan\/589-2\/#breadcrumb","itemListElement":[{"@type":"ListItem","position":1,"name":"Hem","item":"https:\/\/wp.kristdemokraterna.se\/klippan\/"},{"@type":"ListItem","position":2,"name":"Tj\u00e4nsten som kulturstrateg"}]},{"@type":"WebSite","@id":"https:\/\/wp.kristdemokraterna.se\/klippan\/#website","url":"https:\/\/wp.kristdemokraterna.se\/klippan\/","name":"Klippan","description":"En till Kristdemokraterna webbplats","inLanguage":"sv-SE"},{"@type":"Person","@id":"https:\/\/wp.kristdemokraterna.se\/klippan\/#\/schema\/person\/7d98c45cdb8f672d1f67ceac8bb6f68f","name":"klippan","image":{"@type":"ImageObject","inLanguage":"sv-SE","@id":"https:\/\/secure.gravatar.com\/avatar\/c15534d9060eae6804b69ce13a7b0a1c3dbc2100970b48ddfd5782623228b696?s=96&r=g","url":"https:\/\/secure.gravatar.com\/avatar\/c15534d9060eae6804b69ce13a7b0a1c3dbc2100970b48ddfd5782623228b696?s=96&r=g","contentUrl":"https:\/\/secure.gravatar.com\/avatar\/c15534d9060eae6804b69ce13a7b0a1c3dbc2100970b48ddfd5782623228b696?s=96&r=g","caption":"klippan"},"url":"https:\/\/wp.kristdemokraterna.se\/klippan\/author\/klippan\/"}]}},"_links":{"self":[{"href":"https:\/\/wp.kristdemokraterna.se\/klippan\/wp-json\/wp\/v2\/posts\/589","targetHints":{"allow":["GET"]}}],"collection":[{"href":"https:\/\/wp.kristdemokraterna.se\/klippan\/wp-json\/wp\/v2\/posts"}],"about":[{"href":"https:\/\/wp.kristdemokraterna.se\/klippan\/wp-json\/wp\/v2\/types\/post"}],"author":[{"embeddable":true,"href":"https:\/\/wp.kristdemokraterna.se\/klippan\/wp-json\/wp\/v2\/users\/477"}],"replies":[{"embeddable":true,"href":"https:\/\/wp.kristdemokraterna.se\/klippan\/wp-json\/wp\/v2\/comments?post=589"}],"version-history":[{"count":3,"href":"https:\/\/wp.kristdemokraterna.se\/klippan\/wp-json\/wp\/v2\/posts\/589\/revisions"}],"predecessor-version":[{"id":593,"href":"https:\/\/wp.kristdemokraterna.se\/klippan\/wp-json\/wp\/v2\/posts\/589\/revisions\/593"}],"wp:attachment":[{"href":"https:\/\/wp.kristdemokraterna.se\/klippan\/wp-json\/wp\/v2\/media?parent=589"}],"wp:term":[{"taxonomy":"category","embeddable":true,"href":"https:\/\/wp.kristdemokraterna.se\/klippan\/wp-json\/wp\/v2\/categories?post=589"},{"taxonomy":"post_tag","embeddable":true,"href":"https:\/\/wp.kristdemokraterna.se\/klippan\/wp-json\/wp\/v2\/tags?post=589"}],"curies":[{"name":"wp","href":"https:\/\/api.w.org\/{rel}","templated":true}]}}