{"id":606,"date":"2015-11-17T20:21:09","date_gmt":"2015-11-17T19:21:09","guid":{"rendered":"http:\/\/wp.kristdemokraterna.se\/klippan\/?p=606"},"modified":"2016-01-13T20:21:48","modified_gmt":"2016-01-13T19:21:48","slug":"dialogtraff-om-sarskolan","status":"publish","type":"post","link":"https:\/\/wp.kristdemokraterna.se\/klippan\/dialogtraff-om-sarskolan\/","title":{"rendered":"Dialogtr\u00e4ff om s\u00e4rskolan"},"content":{"rendered":"<p>Tisdagen den 17 november bj\u00f6d FUB in politiker, tj\u00e4nstem\u00e4n och v\u00e5rdnadshavare inom skolan. Ifr\u00e5n KD var Charlotte Eliasson Anderberg (ledamot i BUN) \u00c4mnet f\u00f6r tr\u00e4ffen var att prata kring framtiden f\u00f6r s\u00e4rskolan i Klippan. Hela barn- och utbildningsn\u00e4mnden \u00e4r helt eniga om att s\u00e4rskolan \u00e4r viktig del och f\u00f6rs\u00f6ker hela tiden hitta l\u00f6sningar f\u00f6r ekonomin \u00e4ven om elevunderlaget f\u00f6r tillf\u00e4llet \u00e4r vikande.<\/p>\n<p>&#8211; Den h\u00e4r typen av m\u00f6te \u00e4r v\u00e4ldigt viktig f\u00f6r oss som \u00e4r fritidspolitiker. H\u00e4r f\u00e5r vi en chans att m\u00f6ta b\u00e5de personal och f\u00f6r\u00e4ldrar och kan lyssna in deras tankar och behov, s\u00e4ger Charlotte Eliasson Anderberg.<\/p>\n","protected":false},"excerpt":{"rendered":"<p>Tisdagen den 17 november bj\u00f6d FUB in politiker, tj\u00e4nstem\u00e4n och v\u00e5rdnadshavare inom skolan. Ifr\u00e5n KD var Charlotte Eliasson Anderberg (ledamot i BUN) \u00c4mnet f\u00f6r tr\u00e4ffen var att prata kring framtiden f\u00f6r s\u00e4rskolan i Klippan. Hela barn- och utbildningsn\u00e4mnden \u00e4r helt eniga om att s\u00e4rskolan \u00e4r viktig del och f\u00f6rs\u00f6ker hela tiden hitta l\u00f6sningar f\u00f6r ekonomin <a class=\"read-more-link\" href=\"https:\/\/wp.kristdemokraterna.se\/klippan\/dialogtraff-om-sarskolan\/\">Read More<\/a><\/p>\n","protected":false},"author":477,"featured_media":0,"comment_status":"closed","ping_status":"closed","sticky":false,"template":"","format":"standard","meta":{"_acf_changed":false,"footnotes":""},"categories":[1],"tags":[],"class_list":["post-606","post","type-post","status-publish","format-standard","hentry","category-okategoriserade"],"acf":[],"yoast_head":"<!-- This site is optimized with the Yoast SEO plugin v27.5 - https:\/\/yoast.com\/product\/yoast-seo-wordpress\/ -->\n<title>Dialogtr\u00e4ff om s\u00e4rskolan - Klippan<\/title>\n<meta name=\"robots\" content=\"index, follow, max-snippet:-1, max-image-preview:large, max-video-preview:-1\" \/>\n<link rel=\"canonical\" href=\"https:\/\/wp.kristdemokraterna.se\/klippan\/dialogtraff-om-sarskolan\/\" \/>\n<meta property=\"og:locale\" content=\"sv_SE\" \/>\n<meta property=\"og:type\" content=\"article\" \/>\n<meta property=\"og:title\" content=\"Dialogtr\u00e4ff om s\u00e4rskolan - Klippan\" \/>\n<meta property=\"og:description\" content=\"Tisdagen den 17 november bj\u00f6d FUB in politiker, tj\u00e4nstem\u00e4n och v\u00e5rdnadshavare inom skolan. Ifr\u00e5n KD var Charlotte Eliasson Anderberg (ledamot i BUN) \u00c4mnet f\u00f6r tr\u00e4ffen var att prata kring framtiden f\u00f6r s\u00e4rskolan i Klippan. Hela barn- och utbildningsn\u00e4mnden \u00e4r helt eniga om att s\u00e4rskolan \u00e4r viktig del och f\u00f6rs\u00f6ker hela tiden hitta l\u00f6sningar f\u00f6r ekonomin Read More\" \/>\n<meta property=\"og:url\" content=\"https:\/\/wp.kristdemokraterna.se\/klippan\/dialogtraff-om-sarskolan\/\" \/>\n<meta property=\"og:site_name\" content=\"Klippan\" \/>\n<meta property=\"article:published_time\" content=\"2015-11-17T19:21:09+00:00\" \/>\n<meta property=\"article:modified_time\" content=\"2016-01-13T19:21:48+00:00\" \/>\n<meta name=\"author\" content=\"klippan\" \/>\n<meta name=\"twitter:card\" content=\"summary_large_image\" \/>\n<meta name=\"twitter:label1\" content=\"Skriven av\" \/>\n\t<meta name=\"twitter:data1\" content=\"klippan\" \/>\n\t<meta name=\"twitter:label2\" content=\"Ber\u00e4knad l\u00e4stid\" \/>\n\t<meta name=\"twitter:data2\" content=\"1 minut\" \/>\n<script type=\"application\/ld+json\" class=\"yoast-schema-graph\">{\"@context\":\"https:\\\/\\\/schema.org\",\"@graph\":[{\"@type\":\"Article\",\"@id\":\"https:\\\/\\\/wp.kristdemokraterna.se\\\/klippan\\\/dialogtraff-om-sarskolan\\\/#article\",\"isPartOf\":{\"@id\":\"https:\\\/\\\/wp.kristdemokraterna.se\\\/klippan\\\/dialogtraff-om-sarskolan\\\/\"},\"author\":{\"name\":\"klippan\",\"@id\":\"https:\\\/\\\/wp.kristdemokraterna.se\\\/klippan\\\/#\\\/schema\\\/person\\\/7d98c45cdb8f672d1f67ceac8bb6f68f\"},\"headline\":\"Dialogtr\u00e4ff om s\u00e4rskolan\",\"datePublished\":\"2015-11-17T19:21:09+00:00\",\"dateModified\":\"2016-01-13T19:21:48+00:00\",\"mainEntityOfPage\":{\"@id\":\"https:\\\/\\\/wp.kristdemokraterna.se\\\/klippan\\\/dialogtraff-om-sarskolan\\\/\"},\"wordCount\":131,\"inLanguage\":\"sv-SE\"},{\"@type\":\"WebPage\",\"@id\":\"https:\\\/\\\/wp.kristdemokraterna.se\\\/klippan\\\/dialogtraff-om-sarskolan\\\/\",\"url\":\"https:\\\/\\\/wp.kristdemokraterna.se\\\/klippan\\\/dialogtraff-om-sarskolan\\\/\",\"name\":\"Dialogtr\u00e4ff om s\u00e4rskolan - Klippan\",\"isPartOf\":{\"@id\":\"https:\\\/\\\/wp.kristdemokraterna.se\\\/klippan\\\/#website\"},\"datePublished\":\"2015-11-17T19:21:09+00:00\",\"dateModified\":\"2016-01-13T19:21:48+00:00\",\"author\":{\"@id\":\"https:\\\/\\\/wp.kristdemokraterna.se\\\/klippan\\\/#\\\/schema\\\/person\\\/7d98c45cdb8f672d1f67ceac8bb6f68f\"},\"breadcrumb\":{\"@id\":\"https:\\\/\\\/wp.kristdemokraterna.se\\\/klippan\\\/dialogtraff-om-sarskolan\\\/#breadcrumb\"},\"inLanguage\":\"sv-SE\",\"potentialAction\":[{\"@type\":\"ReadAction\",\"target\":[\"https:\\\/\\\/wp.kristdemokraterna.se\\\/klippan\\\/dialogtraff-om-sarskolan\\\/\"]}]},{\"@type\":\"BreadcrumbList\",\"@id\":\"https:\\\/\\\/wp.kristdemokraterna.se\\\/klippan\\\/dialogtraff-om-sarskolan\\\/#breadcrumb\",\"itemListElement\":[{\"@type\":\"ListItem\",\"position\":1,\"name\":\"Hem\",\"item\":\"https:\\\/\\\/wp.kristdemokraterna.se\\\/klippan\\\/\"},{\"@type\":\"ListItem\",\"position\":2,\"name\":\"Dialogtr\u00e4ff om s\u00e4rskolan\"}]},{\"@type\":\"WebSite\",\"@id\":\"https:\\\/\\\/wp.kristdemokraterna.se\\\/klippan\\\/#website\",\"url\":\"https:\\\/\\\/wp.kristdemokraterna.se\\\/klippan\\\/\",\"name\":\"Klippan\",\"description\":\"En till Kristdemokraterna webbplats\",\"inLanguage\":\"sv-SE\"},{\"@type\":\"Person\",\"@id\":\"https:\\\/\\\/wp.kristdemokraterna.se\\\/klippan\\\/#\\\/schema\\\/person\\\/7d98c45cdb8f672d1f67ceac8bb6f68f\",\"name\":\"klippan\",\"image\":{\"@type\":\"ImageObject\",\"inLanguage\":\"sv-SE\",\"@id\":\"https:\\\/\\\/secure.gravatar.com\\\/avatar\\\/c15534d9060eae6804b69ce13a7b0a1c3dbc2100970b48ddfd5782623228b696?s=96&r=g\",\"url\":\"https:\\\/\\\/secure.gravatar.com\\\/avatar\\\/c15534d9060eae6804b69ce13a7b0a1c3dbc2100970b48ddfd5782623228b696?s=96&r=g\",\"contentUrl\":\"https:\\\/\\\/secure.gravatar.com\\\/avatar\\\/c15534d9060eae6804b69ce13a7b0a1c3dbc2100970b48ddfd5782623228b696?s=96&r=g\",\"caption\":\"klippan\"},\"url\":\"https:\\\/\\\/wp.kristdemokraterna.se\\\/klippan\\\/author\\\/klippan\\\/\"}]}<\/script>\n<!-- \/ Yoast SEO plugin. -->","yoast_head_json":{"title":"Dialogtr\u00e4ff om s\u00e4rskolan - Klippan","robots":{"index":"index","follow":"follow","max-snippet":"max-snippet:-1","max-image-preview":"max-image-preview:large","max-video-preview":"max-video-preview:-1"},"canonical":"https:\/\/wp.kristdemokraterna.se\/klippan\/dialogtraff-om-sarskolan\/","og_locale":"sv_SE","og_type":"article","og_title":"Dialogtr\u00e4ff om s\u00e4rskolan - Klippan","og_description":"Tisdagen den 17 november bj\u00f6d FUB in politiker, tj\u00e4nstem\u00e4n och v\u00e5rdnadshavare inom skolan. Ifr\u00e5n KD var Charlotte Eliasson Anderberg (ledamot i BUN) \u00c4mnet f\u00f6r tr\u00e4ffen var att prata kring framtiden f\u00f6r s\u00e4rskolan i Klippan. Hela barn- och utbildningsn\u00e4mnden \u00e4r helt eniga om att s\u00e4rskolan \u00e4r viktig del och f\u00f6rs\u00f6ker hela tiden hitta l\u00f6sningar f\u00f6r ekonomin Read More","og_url":"https:\/\/wp.kristdemokraterna.se\/klippan\/dialogtraff-om-sarskolan\/","og_site_name":"Klippan","article_published_time":"2015-11-17T19:21:09+00:00","article_modified_time":"2016-01-13T19:21:48+00:00","author":"klippan","twitter_card":"summary_large_image","twitter_misc":{"Skriven av":"klippan","Ber\u00e4knad l\u00e4stid":"1 minut"},"schema":{"@context":"https:\/\/schema.org","@graph":[{"@type":"Article","@id":"https:\/\/wp.kristdemokraterna.se\/klippan\/dialogtraff-om-sarskolan\/#article","isPartOf":{"@id":"https:\/\/wp.kristdemokraterna.se\/klippan\/dialogtraff-om-sarskolan\/"},"author":{"name":"klippan","@id":"https:\/\/wp.kristdemokraterna.se\/klippan\/#\/schema\/person\/7d98c45cdb8f672d1f67ceac8bb6f68f"},"headline":"Dialogtr\u00e4ff om s\u00e4rskolan","datePublished":"2015-11-17T19:21:09+00:00","dateModified":"2016-01-13T19:21:48+00:00","mainEntityOfPage":{"@id":"https:\/\/wp.kristdemokraterna.se\/klippan\/dialogtraff-om-sarskolan\/"},"wordCount":131,"inLanguage":"sv-SE"},{"@type":"WebPage","@id":"https:\/\/wp.kristdemokraterna.se\/klippan\/dialogtraff-om-sarskolan\/","url":"https:\/\/wp.kristdemokraterna.se\/klippan\/dialogtraff-om-sarskolan\/","name":"Dialogtr\u00e4ff om s\u00e4rskolan - Klippan","isPartOf":{"@id":"https:\/\/wp.kristdemokraterna.se\/klippan\/#website"},"datePublished":"2015-11-17T19:21:09+00:00","dateModified":"2016-01-13T19:21:48+00:00","author":{"@id":"https:\/\/wp.kristdemokraterna.se\/klippan\/#\/schema\/person\/7d98c45cdb8f672d1f67ceac8bb6f68f"},"breadcrumb":{"@id":"https:\/\/wp.kristdemokraterna.se\/klippan\/dialogtraff-om-sarskolan\/#breadcrumb"},"inLanguage":"sv-SE","potentialAction":[{"@type":"ReadAction","target":["https:\/\/wp.kristdemokraterna.se\/klippan\/dialogtraff-om-sarskolan\/"]}]},{"@type":"BreadcrumbList","@id":"https:\/\/wp.kristdemokraterna.se\/klippan\/dialogtraff-om-sarskolan\/#breadcrumb","itemListElement":[{"@type":"ListItem","position":1,"name":"Hem","item":"https:\/\/wp.kristdemokraterna.se\/klippan\/"},{"@type":"ListItem","position":2,"name":"Dialogtr\u00e4ff om s\u00e4rskolan"}]},{"@type":"WebSite","@id":"https:\/\/wp.kristdemokraterna.se\/klippan\/#website","url":"https:\/\/wp.kristdemokraterna.se\/klippan\/","name":"Klippan","description":"En till Kristdemokraterna webbplats","inLanguage":"sv-SE"},{"@type":"Person","@id":"https:\/\/wp.kristdemokraterna.se\/klippan\/#\/schema\/person\/7d98c45cdb8f672d1f67ceac8bb6f68f","name":"klippan","image":{"@type":"ImageObject","inLanguage":"sv-SE","@id":"https:\/\/secure.gravatar.com\/avatar\/c15534d9060eae6804b69ce13a7b0a1c3dbc2100970b48ddfd5782623228b696?s=96&r=g","url":"https:\/\/secure.gravatar.com\/avatar\/c15534d9060eae6804b69ce13a7b0a1c3dbc2100970b48ddfd5782623228b696?s=96&r=g","contentUrl":"https:\/\/secure.gravatar.com\/avatar\/c15534d9060eae6804b69ce13a7b0a1c3dbc2100970b48ddfd5782623228b696?s=96&r=g","caption":"klippan"},"url":"https:\/\/wp.kristdemokraterna.se\/klippan\/author\/klippan\/"}]}},"_links":{"self":[{"href":"https:\/\/wp.kristdemokraterna.se\/klippan\/wp-json\/wp\/v2\/posts\/606","targetHints":{"allow":["GET"]}}],"collection":[{"href":"https:\/\/wp.kristdemokraterna.se\/klippan\/wp-json\/wp\/v2\/posts"}],"about":[{"href":"https:\/\/wp.kristdemokraterna.se\/klippan\/wp-json\/wp\/v2\/types\/post"}],"author":[{"embeddable":true,"href":"https:\/\/wp.kristdemokraterna.se\/klippan\/wp-json\/wp\/v2\/users\/477"}],"replies":[{"embeddable":true,"href":"https:\/\/wp.kristdemokraterna.se\/klippan\/wp-json\/wp\/v2\/comments?post=606"}],"version-history":[{"count":1,"href":"https:\/\/wp.kristdemokraterna.se\/klippan\/wp-json\/wp\/v2\/posts\/606\/revisions"}],"predecessor-version":[{"id":607,"href":"https:\/\/wp.kristdemokraterna.se\/klippan\/wp-json\/wp\/v2\/posts\/606\/revisions\/607"}],"wp:attachment":[{"href":"https:\/\/wp.kristdemokraterna.se\/klippan\/wp-json\/wp\/v2\/media?parent=606"}],"wp:term":[{"taxonomy":"category","embeddable":true,"href":"https:\/\/wp.kristdemokraterna.se\/klippan\/wp-json\/wp\/v2\/categories?post=606"},{"taxonomy":"post_tag","embeddable":true,"href":"https:\/\/wp.kristdemokraterna.se\/klippan\/wp-json\/wp\/v2\/tags?post=606"}],"curies":[{"name":"wp","href":"https:\/\/api.w.org\/{rel}","templated":true}]}}