{"id":623,"date":"2016-02-11T13:00:31","date_gmt":"2016-02-11T12:00:31","guid":{"rendered":"http:\/\/wp.kristdemokraterna.se\/klippan\/?p=623"},"modified":"2016-02-11T13:00:31","modified_gmt":"2016-02-11T12:00:31","slug":"valkommen-pa-arsmote","status":"publish","type":"post","link":"https:\/\/wp.kristdemokraterna.se\/klippan\/valkommen-pa-arsmote\/","title":{"rendered":"V\u00e4lkommen p\u00e5 \u00e5rsm\u00f6te."},"content":{"rendered":"<p>&nbsp;<\/p>\n<p>Vi tr\u00e4ffas i Vita villan, Storgatan 33, Klippan ( gamla kommunhuset, ring f\u00f6r v\u00e4gbeskrivning)<\/p>\n<p>Torsdagen den 18 februari kl.18.30<\/p>\n<p>L\u00e4tt f\u00f6rt\u00e4ring serveras kostnadsfritt.<\/p>\n<p>Enda krav \u00e4r medlemskap, g\u00e5r att l\u00f6sa p\u00e5 plats.<\/p>\n<p>V\u00e4lkomna<\/p>\n<p>Bodil Andersson 0739-134539<\/p>\n","protected":false},"excerpt":{"rendered":"<p>&nbsp; Vi tr\u00e4ffas i Vita villan, Storgatan 33, Klippan ( gamla kommunhuset, ring f\u00f6r v\u00e4gbeskrivning) Torsdagen den 18 februari kl.18.30 L\u00e4tt f\u00f6rt\u00e4ring serveras kostnadsfritt. Enda krav \u00e4r medlemskap, g\u00e5r att l\u00f6sa p\u00e5 plats. V\u00e4lkomna Bodil Andersson 0739-134539<\/p>\n","protected":false},"author":545,"featured_media":0,"comment_status":"closed","ping_status":"closed","sticky":false,"template":"","format":"standard","meta":{"_acf_changed":false,"footnotes":""},"categories":[1],"tags":[],"class_list":["post-623","post","type-post","status-publish","format-standard","hentry","category-okategoriserade"],"acf":[],"yoast_head":"<!-- This site is optimized with the Yoast SEO plugin v27.5 - https:\/\/yoast.com\/product\/yoast-seo-wordpress\/ -->\n<title>V\u00e4lkommen p\u00e5 \u00e5rsm\u00f6te. - Klippan<\/title>\n<meta name=\"robots\" content=\"index, follow, max-snippet:-1, max-image-preview:large, max-video-preview:-1\" \/>\n<link rel=\"canonical\" href=\"https:\/\/wp.kristdemokraterna.se\/klippan\/valkommen-pa-arsmote\/\" \/>\n<meta property=\"og:locale\" content=\"sv_SE\" \/>\n<meta property=\"og:type\" content=\"article\" \/>\n<meta property=\"og:title\" content=\"V\u00e4lkommen p\u00e5 \u00e5rsm\u00f6te. - Klippan\" \/>\n<meta property=\"og:description\" content=\"&nbsp; Vi tr\u00e4ffas i Vita villan, Storgatan 33, Klippan ( gamla kommunhuset, ring f\u00f6r v\u00e4gbeskrivning) Torsdagen den 18 februari kl.18.30 L\u00e4tt f\u00f6rt\u00e4ring serveras kostnadsfritt. Enda krav \u00e4r medlemskap, g\u00e5r att l\u00f6sa p\u00e5 plats. V\u00e4lkomna Bodil Andersson 0739-134539\" \/>\n<meta property=\"og:url\" content=\"https:\/\/wp.kristdemokraterna.se\/klippan\/valkommen-pa-arsmote\/\" \/>\n<meta property=\"og:site_name\" content=\"Klippan\" \/>\n<meta property=\"article:published_time\" content=\"2016-02-11T12:00:31+00:00\" \/>\n<meta name=\"author\" content=\"bodil\" \/>\n<meta name=\"twitter:card\" content=\"summary_large_image\" \/>\n<meta name=\"twitter:label1\" content=\"Skriven av\" \/>\n\t<meta name=\"twitter:data1\" content=\"bodil\" \/>\n<script type=\"application\/ld+json\" class=\"yoast-schema-graph\">{\"@context\":\"https:\\\/\\\/schema.org\",\"@graph\":[{\"@type\":\"Article\",\"@id\":\"https:\\\/\\\/wp.kristdemokraterna.se\\\/klippan\\\/valkommen-pa-arsmote\\\/#article\",\"isPartOf\":{\"@id\":\"https:\\\/\\\/wp.kristdemokraterna.se\\\/klippan\\\/valkommen-pa-arsmote\\\/\"},\"author\":{\"name\":\"bodil\",\"@id\":\"https:\\\/\\\/wp.kristdemokraterna.se\\\/klippan\\\/#\\\/schema\\\/person\\\/c6a9f1b40c460596c205f46621b962a3\"},\"headline\":\"V\u00e4lkommen p\u00e5 \u00e5rsm\u00f6te.\",\"datePublished\":\"2016-02-11T12:00:31+00:00\",\"mainEntityOfPage\":{\"@id\":\"https:\\\/\\\/wp.kristdemokraterna.se\\\/klippan\\\/valkommen-pa-arsmote\\\/\"},\"wordCount\":48,\"inLanguage\":\"sv-SE\"},{\"@type\":\"WebPage\",\"@id\":\"https:\\\/\\\/wp.kristdemokraterna.se\\\/klippan\\\/valkommen-pa-arsmote\\\/\",\"url\":\"https:\\\/\\\/wp.kristdemokraterna.se\\\/klippan\\\/valkommen-pa-arsmote\\\/\",\"name\":\"V\u00e4lkommen p\u00e5 \u00e5rsm\u00f6te. - Klippan\",\"isPartOf\":{\"@id\":\"https:\\\/\\\/wp.kristdemokraterna.se\\\/klippan\\\/#website\"},\"datePublished\":\"2016-02-11T12:00:31+00:00\",\"author\":{\"@id\":\"https:\\\/\\\/wp.kristdemokraterna.se\\\/klippan\\\/#\\\/schema\\\/person\\\/c6a9f1b40c460596c205f46621b962a3\"},\"breadcrumb\":{\"@id\":\"https:\\\/\\\/wp.kristdemokraterna.se\\\/klippan\\\/valkommen-pa-arsmote\\\/#breadcrumb\"},\"inLanguage\":\"sv-SE\",\"potentialAction\":[{\"@type\":\"ReadAction\",\"target\":[\"https:\\\/\\\/wp.kristdemokraterna.se\\\/klippan\\\/valkommen-pa-arsmote\\\/\"]}]},{\"@type\":\"BreadcrumbList\",\"@id\":\"https:\\\/\\\/wp.kristdemokraterna.se\\\/klippan\\\/valkommen-pa-arsmote\\\/#breadcrumb\",\"itemListElement\":[{\"@type\":\"ListItem\",\"position\":1,\"name\":\"Hem\",\"item\":\"https:\\\/\\\/wp.kristdemokraterna.se\\\/klippan\\\/\"},{\"@type\":\"ListItem\",\"position\":2,\"name\":\"V\u00e4lkommen p\u00e5 \u00e5rsm\u00f6te.\"}]},{\"@type\":\"WebSite\",\"@id\":\"https:\\\/\\\/wp.kristdemokraterna.se\\\/klippan\\\/#website\",\"url\":\"https:\\\/\\\/wp.kristdemokraterna.se\\\/klippan\\\/\",\"name\":\"Klippan\",\"description\":\"En till Kristdemokraterna webbplats\",\"inLanguage\":\"sv-SE\"},{\"@type\":\"Person\",\"@id\":\"https:\\\/\\\/wp.kristdemokraterna.se\\\/klippan\\\/#\\\/schema\\\/person\\\/c6a9f1b40c460596c205f46621b962a3\",\"name\":\"bodil\",\"image\":{\"@type\":\"ImageObject\",\"inLanguage\":\"sv-SE\",\"@id\":\"https:\\\/\\\/secure.gravatar.com\\\/avatar\\\/b28889bac62e061e989e716a5f0a2269a4164284151f3e27bef399a70b3d31ea?s=96&r=g\",\"url\":\"https:\\\/\\\/secure.gravatar.com\\\/avatar\\\/b28889bac62e061e989e716a5f0a2269a4164284151f3e27bef399a70b3d31ea?s=96&r=g\",\"contentUrl\":\"https:\\\/\\\/secure.gravatar.com\\\/avatar\\\/b28889bac62e061e989e716a5f0a2269a4164284151f3e27bef399a70b3d31ea?s=96&r=g\",\"caption\":\"bodil\"},\"url\":\"https:\\\/\\\/wp.kristdemokraterna.se\\\/klippan\\\/author\\\/bodil\\\/\"}]}<\/script>\n<!-- \/ Yoast SEO plugin. -->","yoast_head_json":{"title":"V\u00e4lkommen p\u00e5 \u00e5rsm\u00f6te. - Klippan","robots":{"index":"index","follow":"follow","max-snippet":"max-snippet:-1","max-image-preview":"max-image-preview:large","max-video-preview":"max-video-preview:-1"},"canonical":"https:\/\/wp.kristdemokraterna.se\/klippan\/valkommen-pa-arsmote\/","og_locale":"sv_SE","og_type":"article","og_title":"V\u00e4lkommen p\u00e5 \u00e5rsm\u00f6te. - Klippan","og_description":"&nbsp; Vi tr\u00e4ffas i Vita villan, Storgatan 33, Klippan ( gamla kommunhuset, ring f\u00f6r v\u00e4gbeskrivning) Torsdagen den 18 februari kl.18.30 L\u00e4tt f\u00f6rt\u00e4ring serveras kostnadsfritt. Enda krav \u00e4r medlemskap, g\u00e5r att l\u00f6sa p\u00e5 plats. V\u00e4lkomna Bodil Andersson 0739-134539","og_url":"https:\/\/wp.kristdemokraterna.se\/klippan\/valkommen-pa-arsmote\/","og_site_name":"Klippan","article_published_time":"2016-02-11T12:00:31+00:00","author":"bodil","twitter_card":"summary_large_image","twitter_misc":{"Skriven av":"bodil"},"schema":{"@context":"https:\/\/schema.org","@graph":[{"@type":"Article","@id":"https:\/\/wp.kristdemokraterna.se\/klippan\/valkommen-pa-arsmote\/#article","isPartOf":{"@id":"https:\/\/wp.kristdemokraterna.se\/klippan\/valkommen-pa-arsmote\/"},"author":{"name":"bodil","@id":"https:\/\/wp.kristdemokraterna.se\/klippan\/#\/schema\/person\/c6a9f1b40c460596c205f46621b962a3"},"headline":"V\u00e4lkommen p\u00e5 \u00e5rsm\u00f6te.","datePublished":"2016-02-11T12:00:31+00:00","mainEntityOfPage":{"@id":"https:\/\/wp.kristdemokraterna.se\/klippan\/valkommen-pa-arsmote\/"},"wordCount":48,"inLanguage":"sv-SE"},{"@type":"WebPage","@id":"https:\/\/wp.kristdemokraterna.se\/klippan\/valkommen-pa-arsmote\/","url":"https:\/\/wp.kristdemokraterna.se\/klippan\/valkommen-pa-arsmote\/","name":"V\u00e4lkommen p\u00e5 \u00e5rsm\u00f6te. - Klippan","isPartOf":{"@id":"https:\/\/wp.kristdemokraterna.se\/klippan\/#website"},"datePublished":"2016-02-11T12:00:31+00:00","author":{"@id":"https:\/\/wp.kristdemokraterna.se\/klippan\/#\/schema\/person\/c6a9f1b40c460596c205f46621b962a3"},"breadcrumb":{"@id":"https:\/\/wp.kristdemokraterna.se\/klippan\/valkommen-pa-arsmote\/#breadcrumb"},"inLanguage":"sv-SE","potentialAction":[{"@type":"ReadAction","target":["https:\/\/wp.kristdemokraterna.se\/klippan\/valkommen-pa-arsmote\/"]}]},{"@type":"BreadcrumbList","@id":"https:\/\/wp.kristdemokraterna.se\/klippan\/valkommen-pa-arsmote\/#breadcrumb","itemListElement":[{"@type":"ListItem","position":1,"name":"Hem","item":"https:\/\/wp.kristdemokraterna.se\/klippan\/"},{"@type":"ListItem","position":2,"name":"V\u00e4lkommen p\u00e5 \u00e5rsm\u00f6te."}]},{"@type":"WebSite","@id":"https:\/\/wp.kristdemokraterna.se\/klippan\/#website","url":"https:\/\/wp.kristdemokraterna.se\/klippan\/","name":"Klippan","description":"En till Kristdemokraterna webbplats","inLanguage":"sv-SE"},{"@type":"Person","@id":"https:\/\/wp.kristdemokraterna.se\/klippan\/#\/schema\/person\/c6a9f1b40c460596c205f46621b962a3","name":"bodil","image":{"@type":"ImageObject","inLanguage":"sv-SE","@id":"https:\/\/secure.gravatar.com\/avatar\/b28889bac62e061e989e716a5f0a2269a4164284151f3e27bef399a70b3d31ea?s=96&r=g","url":"https:\/\/secure.gravatar.com\/avatar\/b28889bac62e061e989e716a5f0a2269a4164284151f3e27bef399a70b3d31ea?s=96&r=g","contentUrl":"https:\/\/secure.gravatar.com\/avatar\/b28889bac62e061e989e716a5f0a2269a4164284151f3e27bef399a70b3d31ea?s=96&r=g","caption":"bodil"},"url":"https:\/\/wp.kristdemokraterna.se\/klippan\/author\/bodil\/"}]}},"_links":{"self":[{"href":"https:\/\/wp.kristdemokraterna.se\/klippan\/wp-json\/wp\/v2\/posts\/623","targetHints":{"allow":["GET"]}}],"collection":[{"href":"https:\/\/wp.kristdemokraterna.se\/klippan\/wp-json\/wp\/v2\/posts"}],"about":[{"href":"https:\/\/wp.kristdemokraterna.se\/klippan\/wp-json\/wp\/v2\/types\/post"}],"author":[{"embeddable":true,"href":"https:\/\/wp.kristdemokraterna.se\/klippan\/wp-json\/wp\/v2\/users\/545"}],"replies":[{"embeddable":true,"href":"https:\/\/wp.kristdemokraterna.se\/klippan\/wp-json\/wp\/v2\/comments?post=623"}],"version-history":[{"count":3,"href":"https:\/\/wp.kristdemokraterna.se\/klippan\/wp-json\/wp\/v2\/posts\/623\/revisions"}],"predecessor-version":[{"id":627,"href":"https:\/\/wp.kristdemokraterna.se\/klippan\/wp-json\/wp\/v2\/posts\/623\/revisions\/627"}],"wp:attachment":[{"href":"https:\/\/wp.kristdemokraterna.se\/klippan\/wp-json\/wp\/v2\/media?parent=623"}],"wp:term":[{"taxonomy":"category","embeddable":true,"href":"https:\/\/wp.kristdemokraterna.se\/klippan\/wp-json\/wp\/v2\/categories?post=623"},{"taxonomy":"post_tag","embeddable":true,"href":"https:\/\/wp.kristdemokraterna.se\/klippan\/wp-json\/wp\/v2\/tags?post=623"}],"curies":[{"name":"wp","href":"https:\/\/api.w.org\/{rel}","templated":true}]}}