{"id":662,"date":"2016-04-19T12:45:48","date_gmt":"2016-04-19T10:45:48","guid":{"rendered":"http:\/\/wp.kristdemokraterna.se\/klippan\/?p=662"},"modified":"2016-04-19T12:45:48","modified_gmt":"2016-04-19T10:45:48","slug":"662-2","status":"publish","type":"post","link":"https:\/\/wp.kristdemokraterna.se\/klippan\/662-2\/","title":{"rendered":""},"content":{"rendered":"<h2><a id=\"ctl00_AllAreaPlaceHolder_MainContentArea_MainContentArea_ctl04_MainIntroHeading\" href=\"https:\/\/www.kristdemokraterna.se\/Media\/Nyhetsarkiv\/Kristdemokraterna-foreslar-6-200-tjanster-for-vardservice\/\">Kristdemokraterna f\u00f6resl\u00e5r: 6 200 tj\u00e4nster f\u00f6r v\u00e5rdservice<\/a><\/h2>\n<p><i class=\"newsDate\">Publicerat 2016-04-07<\/i><\/p>\n<p class=\"clearfix\">\u2013 Idag hinner inte alltid v\u00e5rdpersonal ge den v\u00e5rd som patienten beh\u00f6ver. Vi beh\u00f6ver s\u00e4kerst\u00e4lla att utbildad v\u00e5rdpersonal f\u00e5r mer tid f\u00f6r patienterna. Sjuksk\u00f6terskor m\u00e5ste f\u00e5 tid att vara sjuksk\u00f6terskor. D\u00e4rf\u00f6r l\u00e4gger vi 1,1 miljarder kronor f\u00f6r att utveckla arbetet med v\u00e5rdserviceteam, s\u00e4ger Ebba Busch Thor<\/p>\n<p class=\"clearfix\">\u00a0 \u00a0 \u00a0 \u00a0 \u00a0 \u00a0 \u00a0 \u00a0 \u00a0 \u00a0 \u00a0 \u00a0 \u00a0 \u00a0 \u00a0 .<img loading=\"lazy\" decoding=\"async\" class=\"alignnone size-full wp-image-661\" src=\"http:\/\/wp.kristdemokraterna.se\/klippan\/files\/2016\/04\/ebba.jpg\" alt=\"ebba\" width=\"160\" height=\"160\" srcset=\"https:\/\/wp.kristdemokraterna.se\/klippan\/files\/2016\/04\/ebba.jpg 160w, https:\/\/wp.kristdemokraterna.se\/klippan\/files\/2016\/04\/ebba-150x150.jpg 150w, https:\/\/wp.kristdemokraterna.se\/klippan\/files\/2016\/04\/ebba-112x112.jpg 112w\" sizes=\"auto, (max-width: 160px) 100vw, 160px\" \/><\/p>\n","protected":false},"excerpt":{"rendered":"<p>Kristdemokraterna f\u00f6resl\u00e5r: 6 200 tj\u00e4nster f\u00f6r v\u00e5rdservice Publicerat 2016-04-07 \u2013 Idag hinner inte alltid v\u00e5rdpersonal ge den v\u00e5rd som patienten beh\u00f6ver. Vi beh\u00f6ver s\u00e4kerst\u00e4lla att utbildad v\u00e5rdpersonal f\u00e5r mer tid f\u00f6r patienterna. Sjuksk\u00f6terskor m\u00e5ste f\u00e5 tid att vara sjuksk\u00f6terskor. D\u00e4rf\u00f6r l\u00e4gger vi 1,1 miljarder kronor f\u00f6r att utveckla arbetet med v\u00e5rdserviceteam, s\u00e4ger Ebba Busch Thor <a class=\"read-more-link\" href=\"https:\/\/wp.kristdemokraterna.se\/klippan\/662-2\/\">Read More<\/a><\/p>\n","protected":false},"author":545,"featured_media":0,"comment_status":"closed","ping_status":"closed","sticky":false,"template":"","format":"standard","meta":{"_acf_changed":false,"footnotes":""},"categories":[1],"tags":[],"class_list":["post-662","post","type-post","status-publish","format-standard","hentry","category-okategoriserade"],"acf":[],"yoast_head":"<!-- This site is optimized with the Yoast SEO plugin v27.5 - https:\/\/yoast.com\/product\/yoast-seo-wordpress\/ -->\n<title>- Klippan<\/title>\n<meta name=\"robots\" content=\"index, follow, max-snippet:-1, max-image-preview:large, max-video-preview:-1\" \/>\n<link rel=\"canonical\" href=\"https:\/\/wp.kristdemokraterna.se\/klippan\/662-2\/\" \/>\n<meta property=\"og:locale\" content=\"sv_SE\" \/>\n<meta property=\"og:type\" content=\"article\" \/>\n<meta property=\"og:title\" content=\"- Klippan\" \/>\n<meta property=\"og:description\" content=\"Kristdemokraterna f\u00f6resl\u00e5r: 6 200 tj\u00e4nster f\u00f6r v\u00e5rdservice Publicerat 2016-04-07 \u2013 Idag hinner inte alltid v\u00e5rdpersonal ge den v\u00e5rd som patienten beh\u00f6ver. Vi beh\u00f6ver s\u00e4kerst\u00e4lla att utbildad v\u00e5rdpersonal f\u00e5r mer tid f\u00f6r patienterna. Sjuksk\u00f6terskor m\u00e5ste f\u00e5 tid att vara sjuksk\u00f6terskor. D\u00e4rf\u00f6r l\u00e4gger vi 1,1 miljarder kronor f\u00f6r att utveckla arbetet med v\u00e5rdserviceteam, s\u00e4ger Ebba Busch Thor Read More\" \/>\n<meta property=\"og:url\" content=\"https:\/\/wp.kristdemokraterna.se\/klippan\/662-2\/\" \/>\n<meta property=\"og:site_name\" content=\"Klippan\" \/>\n<meta property=\"article:published_time\" content=\"2016-04-19T10:45:48+00:00\" \/>\n<meta property=\"og:image\" content=\"http:\/\/wp.kristdemokraterna.se\/klippan\/files\/2016\/04\/ebba.jpg\" \/>\n<meta name=\"author\" content=\"bodil\" \/>\n<meta name=\"twitter:card\" content=\"summary_large_image\" \/>\n<meta name=\"twitter:label1\" content=\"Skriven av\" \/>\n\t<meta name=\"twitter:data1\" content=\"bodil\" \/>\n<script type=\"application\/ld+json\" class=\"yoast-schema-graph\">{\"@context\":\"https:\\\/\\\/schema.org\",\"@graph\":[{\"@type\":\"Article\",\"@id\":\"https:\\\/\\\/wp.kristdemokraterna.se\\\/klippan\\\/662-2\\\/#article\",\"isPartOf\":{\"@id\":\"https:\\\/\\\/wp.kristdemokraterna.se\\\/klippan\\\/662-2\\\/\"},\"author\":{\"name\":\"bodil\",\"@id\":\"https:\\\/\\\/wp.kristdemokraterna.se\\\/klippan\\\/#\\\/schema\\\/person\\\/c6a9f1b40c460596c205f46621b962a3\"},\"headline\":\"Ingen rubrik\",\"datePublished\":\"2016-04-19T10:45:48+00:00\",\"mainEntityOfPage\":{\"@id\":\"https:\\\/\\\/wp.kristdemokraterna.se\\\/klippan\\\/662-2\\\/\"},\"wordCount\":75,\"image\":{\"@id\":\"https:\\\/\\\/wp.kristdemokraterna.se\\\/klippan\\\/662-2\\\/#primaryimage\"},\"thumbnailUrl\":\"http:\\\/\\\/wp.kristdemokraterna.se\\\/klippan\\\/files\\\/2016\\\/04\\\/ebba.jpg\",\"inLanguage\":\"sv-SE\"},{\"@type\":\"WebPage\",\"@id\":\"https:\\\/\\\/wp.kristdemokraterna.se\\\/klippan\\\/662-2\\\/\",\"url\":\"https:\\\/\\\/wp.kristdemokraterna.se\\\/klippan\\\/662-2\\\/\",\"name\":\"- Klippan\",\"isPartOf\":{\"@id\":\"https:\\\/\\\/wp.kristdemokraterna.se\\\/klippan\\\/#website\"},\"primaryImageOfPage\":{\"@id\":\"https:\\\/\\\/wp.kristdemokraterna.se\\\/klippan\\\/662-2\\\/#primaryimage\"},\"image\":{\"@id\":\"https:\\\/\\\/wp.kristdemokraterna.se\\\/klippan\\\/662-2\\\/#primaryimage\"},\"thumbnailUrl\":\"http:\\\/\\\/wp.kristdemokraterna.se\\\/klippan\\\/files\\\/2016\\\/04\\\/ebba.jpg\",\"datePublished\":\"2016-04-19T10:45:48+00:00\",\"author\":{\"@id\":\"https:\\\/\\\/wp.kristdemokraterna.se\\\/klippan\\\/#\\\/schema\\\/person\\\/c6a9f1b40c460596c205f46621b962a3\"},\"inLanguage\":\"sv-SE\",\"potentialAction\":[{\"@type\":\"ReadAction\",\"target\":[\"https:\\\/\\\/wp.kristdemokraterna.se\\\/klippan\\\/662-2\\\/\"]}]},{\"@type\":\"ImageObject\",\"inLanguage\":\"sv-SE\",\"@id\":\"https:\\\/\\\/wp.kristdemokraterna.se\\\/klippan\\\/662-2\\\/#primaryimage\",\"url\":\"https:\\\/\\\/wp.kristdemokraterna.se\\\/klippan\\\/files\\\/2016\\\/04\\\/ebba.jpg\",\"contentUrl\":\"https:\\\/\\\/wp.kristdemokraterna.se\\\/klippan\\\/files\\\/2016\\\/04\\\/ebba.jpg\",\"width\":160,\"height\":160},{\"@type\":\"WebSite\",\"@id\":\"https:\\\/\\\/wp.kristdemokraterna.se\\\/klippan\\\/#website\",\"url\":\"https:\\\/\\\/wp.kristdemokraterna.se\\\/klippan\\\/\",\"name\":\"Klippan\",\"description\":\"En till Kristdemokraterna webbplats\",\"inLanguage\":\"sv-SE\"},{\"@type\":\"Person\",\"@id\":\"https:\\\/\\\/wp.kristdemokraterna.se\\\/klippan\\\/#\\\/schema\\\/person\\\/c6a9f1b40c460596c205f46621b962a3\",\"name\":\"bodil\",\"image\":{\"@type\":\"ImageObject\",\"inLanguage\":\"sv-SE\",\"@id\":\"https:\\\/\\\/secure.gravatar.com\\\/avatar\\\/b28889bac62e061e989e716a5f0a2269a4164284151f3e27bef399a70b3d31ea?s=96&r=g\",\"url\":\"https:\\\/\\\/secure.gravatar.com\\\/avatar\\\/b28889bac62e061e989e716a5f0a2269a4164284151f3e27bef399a70b3d31ea?s=96&r=g\",\"contentUrl\":\"https:\\\/\\\/secure.gravatar.com\\\/avatar\\\/b28889bac62e061e989e716a5f0a2269a4164284151f3e27bef399a70b3d31ea?s=96&r=g\",\"caption\":\"bodil\"},\"url\":\"https:\\\/\\\/wp.kristdemokraterna.se\\\/klippan\\\/author\\\/bodil\\\/\"}]}<\/script>\n<!-- \/ Yoast SEO plugin. -->","yoast_head_json":{"title":"- Klippan","robots":{"index":"index","follow":"follow","max-snippet":"max-snippet:-1","max-image-preview":"max-image-preview:large","max-video-preview":"max-video-preview:-1"},"canonical":"https:\/\/wp.kristdemokraterna.se\/klippan\/662-2\/","og_locale":"sv_SE","og_type":"article","og_title":"- Klippan","og_description":"Kristdemokraterna f\u00f6resl\u00e5r: 6 200 tj\u00e4nster f\u00f6r v\u00e5rdservice Publicerat 2016-04-07 \u2013 Idag hinner inte alltid v\u00e5rdpersonal ge den v\u00e5rd som patienten beh\u00f6ver. Vi beh\u00f6ver s\u00e4kerst\u00e4lla att utbildad v\u00e5rdpersonal f\u00e5r mer tid f\u00f6r patienterna. Sjuksk\u00f6terskor m\u00e5ste f\u00e5 tid att vara sjuksk\u00f6terskor. D\u00e4rf\u00f6r l\u00e4gger vi 1,1 miljarder kronor f\u00f6r att utveckla arbetet med v\u00e5rdserviceteam, s\u00e4ger Ebba Busch Thor Read More","og_url":"https:\/\/wp.kristdemokraterna.se\/klippan\/662-2\/","og_site_name":"Klippan","article_published_time":"2016-04-19T10:45:48+00:00","og_image":[{"url":"http:\/\/wp.kristdemokraterna.se\/klippan\/files\/2016\/04\/ebba.jpg","type":"","width":"","height":""}],"author":"bodil","twitter_card":"summary_large_image","twitter_misc":{"Skriven av":"bodil"},"schema":{"@context":"https:\/\/schema.org","@graph":[{"@type":"Article","@id":"https:\/\/wp.kristdemokraterna.se\/klippan\/662-2\/#article","isPartOf":{"@id":"https:\/\/wp.kristdemokraterna.se\/klippan\/662-2\/"},"author":{"name":"bodil","@id":"https:\/\/wp.kristdemokraterna.se\/klippan\/#\/schema\/person\/c6a9f1b40c460596c205f46621b962a3"},"headline":"Ingen rubrik","datePublished":"2016-04-19T10:45:48+00:00","mainEntityOfPage":{"@id":"https:\/\/wp.kristdemokraterna.se\/klippan\/662-2\/"},"wordCount":75,"image":{"@id":"https:\/\/wp.kristdemokraterna.se\/klippan\/662-2\/#primaryimage"},"thumbnailUrl":"http:\/\/wp.kristdemokraterna.se\/klippan\/files\/2016\/04\/ebba.jpg","inLanguage":"sv-SE"},{"@type":"WebPage","@id":"https:\/\/wp.kristdemokraterna.se\/klippan\/662-2\/","url":"https:\/\/wp.kristdemokraterna.se\/klippan\/662-2\/","name":"- Klippan","isPartOf":{"@id":"https:\/\/wp.kristdemokraterna.se\/klippan\/#website"},"primaryImageOfPage":{"@id":"https:\/\/wp.kristdemokraterna.se\/klippan\/662-2\/#primaryimage"},"image":{"@id":"https:\/\/wp.kristdemokraterna.se\/klippan\/662-2\/#primaryimage"},"thumbnailUrl":"http:\/\/wp.kristdemokraterna.se\/klippan\/files\/2016\/04\/ebba.jpg","datePublished":"2016-04-19T10:45:48+00:00","author":{"@id":"https:\/\/wp.kristdemokraterna.se\/klippan\/#\/schema\/person\/c6a9f1b40c460596c205f46621b962a3"},"inLanguage":"sv-SE","potentialAction":[{"@type":"ReadAction","target":["https:\/\/wp.kristdemokraterna.se\/klippan\/662-2\/"]}]},{"@type":"ImageObject","inLanguage":"sv-SE","@id":"https:\/\/wp.kristdemokraterna.se\/klippan\/662-2\/#primaryimage","url":"https:\/\/wp.kristdemokraterna.se\/klippan\/files\/2016\/04\/ebba.jpg","contentUrl":"https:\/\/wp.kristdemokraterna.se\/klippan\/files\/2016\/04\/ebba.jpg","width":160,"height":160},{"@type":"WebSite","@id":"https:\/\/wp.kristdemokraterna.se\/klippan\/#website","url":"https:\/\/wp.kristdemokraterna.se\/klippan\/","name":"Klippan","description":"En till Kristdemokraterna webbplats","inLanguage":"sv-SE"},{"@type":"Person","@id":"https:\/\/wp.kristdemokraterna.se\/klippan\/#\/schema\/person\/c6a9f1b40c460596c205f46621b962a3","name":"bodil","image":{"@type":"ImageObject","inLanguage":"sv-SE","@id":"https:\/\/secure.gravatar.com\/avatar\/b28889bac62e061e989e716a5f0a2269a4164284151f3e27bef399a70b3d31ea?s=96&r=g","url":"https:\/\/secure.gravatar.com\/avatar\/b28889bac62e061e989e716a5f0a2269a4164284151f3e27bef399a70b3d31ea?s=96&r=g","contentUrl":"https:\/\/secure.gravatar.com\/avatar\/b28889bac62e061e989e716a5f0a2269a4164284151f3e27bef399a70b3d31ea?s=96&r=g","caption":"bodil"},"url":"https:\/\/wp.kristdemokraterna.se\/klippan\/author\/bodil\/"}]}},"_links":{"self":[{"href":"https:\/\/wp.kristdemokraterna.se\/klippan\/wp-json\/wp\/v2\/posts\/662","targetHints":{"allow":["GET"]}}],"collection":[{"href":"https:\/\/wp.kristdemokraterna.se\/klippan\/wp-json\/wp\/v2\/posts"}],"about":[{"href":"https:\/\/wp.kristdemokraterna.se\/klippan\/wp-json\/wp\/v2\/types\/post"}],"author":[{"embeddable":true,"href":"https:\/\/wp.kristdemokraterna.se\/klippan\/wp-json\/wp\/v2\/users\/545"}],"replies":[{"embeddable":true,"href":"https:\/\/wp.kristdemokraterna.se\/klippan\/wp-json\/wp\/v2\/comments?post=662"}],"version-history":[{"count":2,"href":"https:\/\/wp.kristdemokraterna.se\/klippan\/wp-json\/wp\/v2\/posts\/662\/revisions"}],"predecessor-version":[{"id":664,"href":"https:\/\/wp.kristdemokraterna.se\/klippan\/wp-json\/wp\/v2\/posts\/662\/revisions\/664"}],"wp:attachment":[{"href":"https:\/\/wp.kristdemokraterna.se\/klippan\/wp-json\/wp\/v2\/media?parent=662"}],"wp:term":[{"taxonomy":"category","embeddable":true,"href":"https:\/\/wp.kristdemokraterna.se\/klippan\/wp-json\/wp\/v2\/categories?post=662"},{"taxonomy":"post_tag","embeddable":true,"href":"https:\/\/wp.kristdemokraterna.se\/klippan\/wp-json\/wp\/v2\/tags?post=662"}],"curies":[{"name":"wp","href":"https:\/\/api.w.org\/{rel}","templated":true}]}}