{"id":678,"date":"2016-09-16T20:05:14","date_gmt":"2016-09-16T18:05:14","guid":{"rendered":"http:\/\/wp.kristdemokraterna.se\/klippan\/?p=678"},"modified":"2016-09-19T20:38:00","modified_gmt":"2016-09-19T18:38:00","slug":"kommunpoliser","status":"publish","type":"post","link":"https:\/\/wp.kristdemokraterna.se\/klippan\/kommunpoliser\/","title":{"rendered":"Kommunpoliser !"},"content":{"rendered":"<p>Arbetsuppgifterna f\u00f6r den kommunala polisen skall i f\u00f6rsta hand ha ett brotts-f\u00f6rebyggande perspektiv genom h\u00f6g synlighet och n\u00e4rvaro i utsatta omr\u00e5den. Till detta kommer handl\u00e4ggning av \u00e4renden som inte faller under prioritet 1 och 2 samt daglig trafik\u00f6vervakning inom kommunen. Likas\u00e5 b\u00f6r en kommunal polis arbeta med narkotikabrott p\u00e5 gatuniv\u00e5 i den m\u00e5n s\u00e5dan kriminalitet f\u00f6rekommer. Vissa brottsplatsunders\u00f6kningar kan med f\u00f6rdel utf\u00f6ras av en kommunal polis. Utredning av b\u00f6tes\u00e4renden, straffr\u00e4ttsliga och vissa specialstraffr\u00e4ttsliga, b\u00f6r utredas lokalt. \u00c4renden med frihetsber\u00f6vade b\u00f6r fortsatt handl\u00e4ggas av Polismyndigheten. L\u00e4s f\u00f6rslaget till bildande av kommunal polisverksamhet: <a href=\"http:\/\/wpskane.kristdemokraterna.se\/region\/files\/2016\/09\/rapport-kd-skane-polis.pdf\">http:\/\/wpskane.kristdemokraterna.se\/region\/files\/2016\/09\/rapport-kd-skane-polis.pdf<\/a><\/p>\n","protected":false},"excerpt":{"rendered":"<p>Arbetsuppgifterna f\u00f6r den kommunala polisen skall i f\u00f6rsta hand ha ett brotts-f\u00f6rebyggande perspektiv genom h\u00f6g synlighet och n\u00e4rvaro i utsatta omr\u00e5den. Till detta kommer handl\u00e4ggning av \u00e4renden som inte faller under prioritet 1 och 2 samt daglig trafik\u00f6vervakning inom kommunen. Likas\u00e5 b\u00f6r en kommunal polis arbeta med narkotikabrott p\u00e5 gatuniv\u00e5 i den m\u00e5n s\u00e5dan kriminalitet <a class=\"read-more-link\" href=\"https:\/\/wp.kristdemokraterna.se\/klippan\/kommunpoliser\/\">Read More<\/a><\/p>\n","protected":false},"author":545,"featured_media":0,"comment_status":"closed","ping_status":"closed","sticky":false,"template":"","format":"standard","meta":{"_acf_changed":false,"footnotes":""},"categories":[1],"tags":[],"class_list":["post-678","post","type-post","status-publish","format-standard","hentry","category-okategoriserade"],"acf":[],"yoast_head":"<!-- This site is optimized with the Yoast SEO plugin v27.5 - https:\/\/yoast.com\/product\/yoast-seo-wordpress\/ -->\n<title>Kommunpoliser ! - Klippan<\/title>\n<meta name=\"robots\" content=\"index, follow, max-snippet:-1, max-image-preview:large, max-video-preview:-1\" \/>\n<link rel=\"canonical\" href=\"https:\/\/wp.kristdemokraterna.se\/klippan\/kommunpoliser\/\" \/>\n<meta property=\"og:locale\" content=\"sv_SE\" \/>\n<meta property=\"og:type\" content=\"article\" \/>\n<meta property=\"og:title\" content=\"Kommunpoliser ! - Klippan\" \/>\n<meta property=\"og:description\" content=\"Arbetsuppgifterna f\u00f6r den kommunala polisen skall i f\u00f6rsta hand ha ett brotts-f\u00f6rebyggande perspektiv genom h\u00f6g synlighet och n\u00e4rvaro i utsatta omr\u00e5den. Till detta kommer handl\u00e4ggning av \u00e4renden som inte faller under prioritet 1 och 2 samt daglig trafik\u00f6vervakning inom kommunen. Likas\u00e5 b\u00f6r en kommunal polis arbeta med narkotikabrott p\u00e5 gatuniv\u00e5 i den m\u00e5n s\u00e5dan kriminalitet Read More\" \/>\n<meta property=\"og:url\" content=\"https:\/\/wp.kristdemokraterna.se\/klippan\/kommunpoliser\/\" \/>\n<meta property=\"og:site_name\" content=\"Klippan\" \/>\n<meta property=\"article:published_time\" content=\"2016-09-16T18:05:14+00:00\" \/>\n<meta property=\"article:modified_time\" content=\"2016-09-19T18:38:00+00:00\" \/>\n<meta name=\"author\" content=\"bodil\" \/>\n<meta name=\"twitter:card\" content=\"summary_large_image\" \/>\n<meta name=\"twitter:label1\" content=\"Skriven av\" \/>\n\t<meta name=\"twitter:data1\" content=\"bodil\" \/>\n\t<meta name=\"twitter:label2\" content=\"Ber\u00e4knad l\u00e4stid\" \/>\n\t<meta name=\"twitter:data2\" content=\"1 minut\" \/>\n<script type=\"application\/ld+json\" class=\"yoast-schema-graph\">{\"@context\":\"https:\\\/\\\/schema.org\",\"@graph\":[{\"@type\":\"Article\",\"@id\":\"https:\\\/\\\/wp.kristdemokraterna.se\\\/klippan\\\/kommunpoliser\\\/#article\",\"isPartOf\":{\"@id\":\"https:\\\/\\\/wp.kristdemokraterna.se\\\/klippan\\\/kommunpoliser\\\/\"},\"author\":{\"name\":\"bodil\",\"@id\":\"https:\\\/\\\/wp.kristdemokraterna.se\\\/klippan\\\/#\\\/schema\\\/person\\\/c6a9f1b40c460596c205f46621b962a3\"},\"headline\":\"Kommunpoliser !\",\"datePublished\":\"2016-09-16T18:05:14+00:00\",\"dateModified\":\"2016-09-19T18:38:00+00:00\",\"mainEntityOfPage\":{\"@id\":\"https:\\\/\\\/wp.kristdemokraterna.se\\\/klippan\\\/kommunpoliser\\\/\"},\"wordCount\":123,\"inLanguage\":\"sv-SE\"},{\"@type\":\"WebPage\",\"@id\":\"https:\\\/\\\/wp.kristdemokraterna.se\\\/klippan\\\/kommunpoliser\\\/\",\"url\":\"https:\\\/\\\/wp.kristdemokraterna.se\\\/klippan\\\/kommunpoliser\\\/\",\"name\":\"Kommunpoliser ! - Klippan\",\"isPartOf\":{\"@id\":\"https:\\\/\\\/wp.kristdemokraterna.se\\\/klippan\\\/#website\"},\"datePublished\":\"2016-09-16T18:05:14+00:00\",\"dateModified\":\"2016-09-19T18:38:00+00:00\",\"author\":{\"@id\":\"https:\\\/\\\/wp.kristdemokraterna.se\\\/klippan\\\/#\\\/schema\\\/person\\\/c6a9f1b40c460596c205f46621b962a3\"},\"breadcrumb\":{\"@id\":\"https:\\\/\\\/wp.kristdemokraterna.se\\\/klippan\\\/kommunpoliser\\\/#breadcrumb\"},\"inLanguage\":\"sv-SE\",\"potentialAction\":[{\"@type\":\"ReadAction\",\"target\":[\"https:\\\/\\\/wp.kristdemokraterna.se\\\/klippan\\\/kommunpoliser\\\/\"]}]},{\"@type\":\"BreadcrumbList\",\"@id\":\"https:\\\/\\\/wp.kristdemokraterna.se\\\/klippan\\\/kommunpoliser\\\/#breadcrumb\",\"itemListElement\":[{\"@type\":\"ListItem\",\"position\":1,\"name\":\"Hem\",\"item\":\"https:\\\/\\\/wp.kristdemokraterna.se\\\/klippan\\\/\"},{\"@type\":\"ListItem\",\"position\":2,\"name\":\"Kommunpoliser !\"}]},{\"@type\":\"WebSite\",\"@id\":\"https:\\\/\\\/wp.kristdemokraterna.se\\\/klippan\\\/#website\",\"url\":\"https:\\\/\\\/wp.kristdemokraterna.se\\\/klippan\\\/\",\"name\":\"Klippan\",\"description\":\"En till Kristdemokraterna webbplats\",\"inLanguage\":\"sv-SE\"},{\"@type\":\"Person\",\"@id\":\"https:\\\/\\\/wp.kristdemokraterna.se\\\/klippan\\\/#\\\/schema\\\/person\\\/c6a9f1b40c460596c205f46621b962a3\",\"name\":\"bodil\",\"image\":{\"@type\":\"ImageObject\",\"inLanguage\":\"sv-SE\",\"@id\":\"https:\\\/\\\/secure.gravatar.com\\\/avatar\\\/b28889bac62e061e989e716a5f0a2269a4164284151f3e27bef399a70b3d31ea?s=96&r=g\",\"url\":\"https:\\\/\\\/secure.gravatar.com\\\/avatar\\\/b28889bac62e061e989e716a5f0a2269a4164284151f3e27bef399a70b3d31ea?s=96&r=g\",\"contentUrl\":\"https:\\\/\\\/secure.gravatar.com\\\/avatar\\\/b28889bac62e061e989e716a5f0a2269a4164284151f3e27bef399a70b3d31ea?s=96&r=g\",\"caption\":\"bodil\"},\"url\":\"https:\\\/\\\/wp.kristdemokraterna.se\\\/klippan\\\/author\\\/bodil\\\/\"}]}<\/script>\n<!-- \/ Yoast SEO plugin. -->","yoast_head_json":{"title":"Kommunpoliser ! - Klippan","robots":{"index":"index","follow":"follow","max-snippet":"max-snippet:-1","max-image-preview":"max-image-preview:large","max-video-preview":"max-video-preview:-1"},"canonical":"https:\/\/wp.kristdemokraterna.se\/klippan\/kommunpoliser\/","og_locale":"sv_SE","og_type":"article","og_title":"Kommunpoliser ! - Klippan","og_description":"Arbetsuppgifterna f\u00f6r den kommunala polisen skall i f\u00f6rsta hand ha ett brotts-f\u00f6rebyggande perspektiv genom h\u00f6g synlighet och n\u00e4rvaro i utsatta omr\u00e5den. Till detta kommer handl\u00e4ggning av \u00e4renden som inte faller under prioritet 1 och 2 samt daglig trafik\u00f6vervakning inom kommunen. Likas\u00e5 b\u00f6r en kommunal polis arbeta med narkotikabrott p\u00e5 gatuniv\u00e5 i den m\u00e5n s\u00e5dan kriminalitet Read More","og_url":"https:\/\/wp.kristdemokraterna.se\/klippan\/kommunpoliser\/","og_site_name":"Klippan","article_published_time":"2016-09-16T18:05:14+00:00","article_modified_time":"2016-09-19T18:38:00+00:00","author":"bodil","twitter_card":"summary_large_image","twitter_misc":{"Skriven av":"bodil","Ber\u00e4knad l\u00e4stid":"1 minut"},"schema":{"@context":"https:\/\/schema.org","@graph":[{"@type":"Article","@id":"https:\/\/wp.kristdemokraterna.se\/klippan\/kommunpoliser\/#article","isPartOf":{"@id":"https:\/\/wp.kristdemokraterna.se\/klippan\/kommunpoliser\/"},"author":{"name":"bodil","@id":"https:\/\/wp.kristdemokraterna.se\/klippan\/#\/schema\/person\/c6a9f1b40c460596c205f46621b962a3"},"headline":"Kommunpoliser !","datePublished":"2016-09-16T18:05:14+00:00","dateModified":"2016-09-19T18:38:00+00:00","mainEntityOfPage":{"@id":"https:\/\/wp.kristdemokraterna.se\/klippan\/kommunpoliser\/"},"wordCount":123,"inLanguage":"sv-SE"},{"@type":"WebPage","@id":"https:\/\/wp.kristdemokraterna.se\/klippan\/kommunpoliser\/","url":"https:\/\/wp.kristdemokraterna.se\/klippan\/kommunpoliser\/","name":"Kommunpoliser ! - Klippan","isPartOf":{"@id":"https:\/\/wp.kristdemokraterna.se\/klippan\/#website"},"datePublished":"2016-09-16T18:05:14+00:00","dateModified":"2016-09-19T18:38:00+00:00","author":{"@id":"https:\/\/wp.kristdemokraterna.se\/klippan\/#\/schema\/person\/c6a9f1b40c460596c205f46621b962a3"},"breadcrumb":{"@id":"https:\/\/wp.kristdemokraterna.se\/klippan\/kommunpoliser\/#breadcrumb"},"inLanguage":"sv-SE","potentialAction":[{"@type":"ReadAction","target":["https:\/\/wp.kristdemokraterna.se\/klippan\/kommunpoliser\/"]}]},{"@type":"BreadcrumbList","@id":"https:\/\/wp.kristdemokraterna.se\/klippan\/kommunpoliser\/#breadcrumb","itemListElement":[{"@type":"ListItem","position":1,"name":"Hem","item":"https:\/\/wp.kristdemokraterna.se\/klippan\/"},{"@type":"ListItem","position":2,"name":"Kommunpoliser !"}]},{"@type":"WebSite","@id":"https:\/\/wp.kristdemokraterna.se\/klippan\/#website","url":"https:\/\/wp.kristdemokraterna.se\/klippan\/","name":"Klippan","description":"En till Kristdemokraterna webbplats","inLanguage":"sv-SE"},{"@type":"Person","@id":"https:\/\/wp.kristdemokraterna.se\/klippan\/#\/schema\/person\/c6a9f1b40c460596c205f46621b962a3","name":"bodil","image":{"@type":"ImageObject","inLanguage":"sv-SE","@id":"https:\/\/secure.gravatar.com\/avatar\/b28889bac62e061e989e716a5f0a2269a4164284151f3e27bef399a70b3d31ea?s=96&r=g","url":"https:\/\/secure.gravatar.com\/avatar\/b28889bac62e061e989e716a5f0a2269a4164284151f3e27bef399a70b3d31ea?s=96&r=g","contentUrl":"https:\/\/secure.gravatar.com\/avatar\/b28889bac62e061e989e716a5f0a2269a4164284151f3e27bef399a70b3d31ea?s=96&r=g","caption":"bodil"},"url":"https:\/\/wp.kristdemokraterna.se\/klippan\/author\/bodil\/"}]}},"_links":{"self":[{"href":"https:\/\/wp.kristdemokraterna.se\/klippan\/wp-json\/wp\/v2\/posts\/678","targetHints":{"allow":["GET"]}}],"collection":[{"href":"https:\/\/wp.kristdemokraterna.se\/klippan\/wp-json\/wp\/v2\/posts"}],"about":[{"href":"https:\/\/wp.kristdemokraterna.se\/klippan\/wp-json\/wp\/v2\/types\/post"}],"author":[{"embeddable":true,"href":"https:\/\/wp.kristdemokraterna.se\/klippan\/wp-json\/wp\/v2\/users\/545"}],"replies":[{"embeddable":true,"href":"https:\/\/wp.kristdemokraterna.se\/klippan\/wp-json\/wp\/v2\/comments?post=678"}],"version-history":[{"count":2,"href":"https:\/\/wp.kristdemokraterna.se\/klippan\/wp-json\/wp\/v2\/posts\/678\/revisions"}],"predecessor-version":[{"id":682,"href":"https:\/\/wp.kristdemokraterna.se\/klippan\/wp-json\/wp\/v2\/posts\/678\/revisions\/682"}],"wp:attachment":[{"href":"https:\/\/wp.kristdemokraterna.se\/klippan\/wp-json\/wp\/v2\/media?parent=678"}],"wp:term":[{"taxonomy":"category","embeddable":true,"href":"https:\/\/wp.kristdemokraterna.se\/klippan\/wp-json\/wp\/v2\/categories?post=678"},{"taxonomy":"post_tag","embeddable":true,"href":"https:\/\/wp.kristdemokraterna.se\/klippan\/wp-json\/wp\/v2\/tags?post=678"}],"curies":[{"name":"wp","href":"https:\/\/api.w.org\/{rel}","templated":true}]}}