{"id":686,"date":"2016-10-28T13:32:39","date_gmt":"2016-10-28T11:32:39","guid":{"rendered":"http:\/\/wp.kristdemokraterna.se\/klippan\/?p=686"},"modified":"2016-10-28T13:32:39","modified_gmt":"2016-10-28T11:32:39","slug":"personlig-assistans","status":"publish","type":"post","link":"https:\/\/wp.kristdemokraterna.se\/klippan\/personlig-assistans\/","title":{"rendered":"Personlig assistans"},"content":{"rendered":"<div class=\"_1dwg _1w_m\">\n<div id=\"js_5n\" class=\"_5pbx userContent\">\n<div id=\"id_581336933200a5496786907\" class=\"text_exposed_root text_exposed\">\n<p>&#8221;De som \u00e4r beroende av personlig assistans ska inte straffas&#8221;<br \/>\n-Vi Kristdemokrater har inte beg\u00e4rt dagens debatt f\u00f6r att prata om fusk och brottslighet. F\u00f6r om det finns inget att debattera, vi \u00e4r alla \u00f6verens. Det finns. Det ska uppt\u00e4ckas och det ska straffas. Men de som \u00e4r beroende av personlig assistans ska inte straffas och det \u00e4r vad som p\u00e5g\u00e5r just nu. Jag hoppas att vi idag fr\u00e5n regeringen kommer f\u00e5 besked och erk\u00e4nnanden. Att regeringen erk\u00e4nner att de har bidragit till<span class=\"text_exposed_show\"> och forts\u00e4tter bidra till att vi idag inte kan vara s\u00e4kra p\u00e5 att de som har r\u00e4tt till st\u00f6d enligt lagen om st\u00f6d och service faktiskt f\u00e5r vad vi genom lagstiftning har lova dem.<br \/>\nEmma Henriksson i riksdagsdebatten om personlig assistans som just nu p\u00e5g\u00e5r: <a href=\"http:\/\/www.svt.se\/nyheter\/svtforum\/hederskulturen-och-personlig-assistans\" target=\"_blank\" rel=\"nofollow\">http:\/\/www.svt.se\/\u2026\/\u2026\/hederskulturen-och-personlig-assistans<\/a><br \/>\nH\u00e5ller du med? kommentera och dela g\u00e4rna!<br \/>\n<a class=\"_58cn\" href=\"https:\/\/www.facebook.com\/hashtag\/svpol?source=feed_text&amp;story_id=10153991037383365\"><span class=\"_5afx\"><span class=\"_58cl _5afz\">#<\/span><span class=\"_58cm\">svpol<\/span><\/span><\/a> <a class=\"_58cn\" href=\"https:\/\/www.facebook.com\/hashtag\/r%C3%A4ddalss?source=feed_text&amp;story_id=10153991037383365\"><span class=\"_5afx\"><span class=\"_58cl _5afz\">#<\/span><span class=\"_58cm\">r\u00e4ddalss<\/span><\/span><\/a> <a class=\"_58cn\" href=\"https:\/\/www.facebook.com\/hashtag\/funkpol?source=feed_text&amp;story_id=10153991037383365\"><span class=\"_5afx\"><span class=\"_58cl _5afz\">#<\/span><span class=\"_58cm\">funkpol<\/span><\/span><\/a><\/span><\/p>\n<\/div>\n<\/div>\n<div class=\"_3x-2\">\n<div>\n<div class=\"mtm\">\n<div class=\"_5cq3\">\n<div id=\"u_jsonp_8_b\" class=\"uiScaledImageContainer _4-ep\"><img loading=\"lazy\" decoding=\"async\" class=\"scaledImageFitWidth img\" src=\"https:\/\/scontent-amt2-1.xx.fbcdn.net\/v\/t1.0-0\/s480x480\/14573036_10153991037383365_8199156243782487054_n.jpg?oh=80edccc813398ef69f7cbc5307a6b4cc&amp;oe=588A03E4\" alt=\"Kristdemokraternas foto.\" width=\"476\" height=\"357\" \/><\/div>\n<\/div>\n<\/div>\n<\/div>\n<\/div>\n<\/div>\n<div><\/div>\n","protected":false},"excerpt":{"rendered":"<p>&#8221;De som \u00e4r beroende av personlig assistans ska inte straffas&#8221; -Vi Kristdemokrater har inte beg\u00e4rt dagens debatt f\u00f6r att prata om fusk och brottslighet. F\u00f6r om det finns inget att debattera, vi \u00e4r alla \u00f6verens. Det finns. Det ska uppt\u00e4ckas och det ska straffas. Men de som \u00e4r beroende av personlig assistans ska inte straffas <a class=\"read-more-link\" href=\"https:\/\/wp.kristdemokraterna.se\/klippan\/personlig-assistans\/\">Read More<\/a><\/p>\n","protected":false},"author":545,"featured_media":0,"comment_status":"closed","ping_status":"closed","sticky":false,"template":"","format":"standard","meta":{"_acf_changed":false,"footnotes":""},"categories":[1],"tags":[],"class_list":["post-686","post","type-post","status-publish","format-standard","hentry","category-okategoriserade"],"acf":[],"yoast_head":"<!-- This site is optimized with the Yoast SEO plugin v27.5 - https:\/\/yoast.com\/product\/yoast-seo-wordpress\/ -->\n<title>Personlig assistans - Klippan<\/title>\n<meta name=\"robots\" content=\"index, follow, max-snippet:-1, max-image-preview:large, max-video-preview:-1\" \/>\n<link rel=\"canonical\" href=\"https:\/\/wp.kristdemokraterna.se\/klippan\/personlig-assistans\/\" \/>\n<meta property=\"og:locale\" content=\"sv_SE\" \/>\n<meta property=\"og:type\" content=\"article\" \/>\n<meta property=\"og:title\" content=\"Personlig assistans - Klippan\" \/>\n<meta property=\"og:description\" content=\"&#8221;De som \u00e4r beroende av personlig assistans ska inte straffas&#8221; -Vi Kristdemokrater har inte beg\u00e4rt dagens debatt f\u00f6r att prata om fusk och brottslighet. F\u00f6r om det finns inget att debattera, vi \u00e4r alla \u00f6verens. Det finns. Det ska uppt\u00e4ckas och det ska straffas. Men de som \u00e4r beroende av personlig assistans ska inte straffas Read More\" \/>\n<meta property=\"og:url\" content=\"https:\/\/wp.kristdemokraterna.se\/klippan\/personlig-assistans\/\" \/>\n<meta property=\"og:site_name\" content=\"Klippan\" \/>\n<meta property=\"article:published_time\" content=\"2016-10-28T11:32:39+00:00\" \/>\n<meta property=\"og:image\" content=\"https:\/\/scontent-amt2-1.xx.fbcdn.net\/v\/t1.0-0\/s480x480\/14573036_10153991037383365_8199156243782487054_n.jpg?oh=80edccc813398ef69f7cbc5307a6b4cc&amp;oe=588A03E4\" \/>\n<meta name=\"author\" content=\"bodil\" \/>\n<meta name=\"twitter:card\" content=\"summary_large_image\" \/>\n<meta name=\"twitter:label1\" content=\"Skriven av\" \/>\n\t<meta name=\"twitter:data1\" content=\"bodil\" \/>\n\t<meta name=\"twitter:label2\" content=\"Ber\u00e4knad l\u00e4stid\" \/>\n\t<meta name=\"twitter:data2\" content=\"1 minut\" \/>\n<script type=\"application\/ld+json\" class=\"yoast-schema-graph\">{\"@context\":\"https:\\\/\\\/schema.org\",\"@graph\":[{\"@type\":\"Article\",\"@id\":\"https:\\\/\\\/wp.kristdemokraterna.se\\\/klippan\\\/personlig-assistans\\\/#article\",\"isPartOf\":{\"@id\":\"https:\\\/\\\/wp.kristdemokraterna.se\\\/klippan\\\/personlig-assistans\\\/\"},\"author\":{\"name\":\"bodil\",\"@id\":\"https:\\\/\\\/wp.kristdemokraterna.se\\\/klippan\\\/#\\\/schema\\\/person\\\/c6a9f1b40c460596c205f46621b962a3\"},\"headline\":\"Personlig assistans\",\"datePublished\":\"2016-10-28T11:32:39+00:00\",\"mainEntityOfPage\":{\"@id\":\"https:\\\/\\\/wp.kristdemokraterna.se\\\/klippan\\\/personlig-assistans\\\/\"},\"wordCount\":165,\"image\":{\"@id\":\"https:\\\/\\\/wp.kristdemokraterna.se\\\/klippan\\\/personlig-assistans\\\/#primaryimage\"},\"thumbnailUrl\":\"https:\\\/\\\/scontent-amt2-1.xx.fbcdn.net\\\/v\\\/t1.0-0\\\/s480x480\\\/14573036_10153991037383365_8199156243782487054_n.jpg?oh=80edccc813398ef69f7cbc5307a6b4cc&amp;oe=588A03E4\",\"inLanguage\":\"sv-SE\"},{\"@type\":\"WebPage\",\"@id\":\"https:\\\/\\\/wp.kristdemokraterna.se\\\/klippan\\\/personlig-assistans\\\/\",\"url\":\"https:\\\/\\\/wp.kristdemokraterna.se\\\/klippan\\\/personlig-assistans\\\/\",\"name\":\"Personlig assistans - Klippan\",\"isPartOf\":{\"@id\":\"https:\\\/\\\/wp.kristdemokraterna.se\\\/klippan\\\/#website\"},\"primaryImageOfPage\":{\"@id\":\"https:\\\/\\\/wp.kristdemokraterna.se\\\/klippan\\\/personlig-assistans\\\/#primaryimage\"},\"image\":{\"@id\":\"https:\\\/\\\/wp.kristdemokraterna.se\\\/klippan\\\/personlig-assistans\\\/#primaryimage\"},\"thumbnailUrl\":\"https:\\\/\\\/scontent-amt2-1.xx.fbcdn.net\\\/v\\\/t1.0-0\\\/s480x480\\\/14573036_10153991037383365_8199156243782487054_n.jpg?oh=80edccc813398ef69f7cbc5307a6b4cc&amp;oe=588A03E4\",\"datePublished\":\"2016-10-28T11:32:39+00:00\",\"author\":{\"@id\":\"https:\\\/\\\/wp.kristdemokraterna.se\\\/klippan\\\/#\\\/schema\\\/person\\\/c6a9f1b40c460596c205f46621b962a3\"},\"breadcrumb\":{\"@id\":\"https:\\\/\\\/wp.kristdemokraterna.se\\\/klippan\\\/personlig-assistans\\\/#breadcrumb\"},\"inLanguage\":\"sv-SE\",\"potentialAction\":[{\"@type\":\"ReadAction\",\"target\":[\"https:\\\/\\\/wp.kristdemokraterna.se\\\/klippan\\\/personlig-assistans\\\/\"]}]},{\"@type\":\"ImageObject\",\"inLanguage\":\"sv-SE\",\"@id\":\"https:\\\/\\\/wp.kristdemokraterna.se\\\/klippan\\\/personlig-assistans\\\/#primaryimage\",\"url\":\"https:\\\/\\\/scontent-amt2-1.xx.fbcdn.net\\\/v\\\/t1.0-0\\\/s480x480\\\/14573036_10153991037383365_8199156243782487054_n.jpg?oh=80edccc813398ef69f7cbc5307a6b4cc&amp;oe=588A03E4\",\"contentUrl\":\"https:\\\/\\\/scontent-amt2-1.xx.fbcdn.net\\\/v\\\/t1.0-0\\\/s480x480\\\/14573036_10153991037383365_8199156243782487054_n.jpg?oh=80edccc813398ef69f7cbc5307a6b4cc&amp;oe=588A03E4\"},{\"@type\":\"BreadcrumbList\",\"@id\":\"https:\\\/\\\/wp.kristdemokraterna.se\\\/klippan\\\/personlig-assistans\\\/#breadcrumb\",\"itemListElement\":[{\"@type\":\"ListItem\",\"position\":1,\"name\":\"Hem\",\"item\":\"https:\\\/\\\/wp.kristdemokraterna.se\\\/klippan\\\/\"},{\"@type\":\"ListItem\",\"position\":2,\"name\":\"Personlig assistans\"}]},{\"@type\":\"WebSite\",\"@id\":\"https:\\\/\\\/wp.kristdemokraterna.se\\\/klippan\\\/#website\",\"url\":\"https:\\\/\\\/wp.kristdemokraterna.se\\\/klippan\\\/\",\"name\":\"Klippan\",\"description\":\"En till Kristdemokraterna webbplats\",\"inLanguage\":\"sv-SE\"},{\"@type\":\"Person\",\"@id\":\"https:\\\/\\\/wp.kristdemokraterna.se\\\/klippan\\\/#\\\/schema\\\/person\\\/c6a9f1b40c460596c205f46621b962a3\",\"name\":\"bodil\",\"image\":{\"@type\":\"ImageObject\",\"inLanguage\":\"sv-SE\",\"@id\":\"https:\\\/\\\/secure.gravatar.com\\\/avatar\\\/b28889bac62e061e989e716a5f0a2269a4164284151f3e27bef399a70b3d31ea?s=96&r=g\",\"url\":\"https:\\\/\\\/secure.gravatar.com\\\/avatar\\\/b28889bac62e061e989e716a5f0a2269a4164284151f3e27bef399a70b3d31ea?s=96&r=g\",\"contentUrl\":\"https:\\\/\\\/secure.gravatar.com\\\/avatar\\\/b28889bac62e061e989e716a5f0a2269a4164284151f3e27bef399a70b3d31ea?s=96&r=g\",\"caption\":\"bodil\"},\"url\":\"https:\\\/\\\/wp.kristdemokraterna.se\\\/klippan\\\/author\\\/bodil\\\/\"}]}<\/script>\n<!-- \/ Yoast SEO plugin. -->","yoast_head_json":{"title":"Personlig assistans - Klippan","robots":{"index":"index","follow":"follow","max-snippet":"max-snippet:-1","max-image-preview":"max-image-preview:large","max-video-preview":"max-video-preview:-1"},"canonical":"https:\/\/wp.kristdemokraterna.se\/klippan\/personlig-assistans\/","og_locale":"sv_SE","og_type":"article","og_title":"Personlig assistans - Klippan","og_description":"&#8221;De som \u00e4r beroende av personlig assistans ska inte straffas&#8221; -Vi Kristdemokrater har inte beg\u00e4rt dagens debatt f\u00f6r att prata om fusk och brottslighet. F\u00f6r om det finns inget att debattera, vi \u00e4r alla \u00f6verens. Det finns. Det ska uppt\u00e4ckas och det ska straffas. Men de som \u00e4r beroende av personlig assistans ska inte straffas Read More","og_url":"https:\/\/wp.kristdemokraterna.se\/klippan\/personlig-assistans\/","og_site_name":"Klippan","article_published_time":"2016-10-28T11:32:39+00:00","og_image":[{"url":"https:\/\/scontent-amt2-1.xx.fbcdn.net\/v\/t1.0-0\/s480x480\/14573036_10153991037383365_8199156243782487054_n.jpg?oh=80edccc813398ef69f7cbc5307a6b4cc&amp;oe=588A03E4","type":"","width":"","height":""}],"author":"bodil","twitter_card":"summary_large_image","twitter_misc":{"Skriven av":"bodil","Ber\u00e4knad l\u00e4stid":"1 minut"},"schema":{"@context":"https:\/\/schema.org","@graph":[{"@type":"Article","@id":"https:\/\/wp.kristdemokraterna.se\/klippan\/personlig-assistans\/#article","isPartOf":{"@id":"https:\/\/wp.kristdemokraterna.se\/klippan\/personlig-assistans\/"},"author":{"name":"bodil","@id":"https:\/\/wp.kristdemokraterna.se\/klippan\/#\/schema\/person\/c6a9f1b40c460596c205f46621b962a3"},"headline":"Personlig assistans","datePublished":"2016-10-28T11:32:39+00:00","mainEntityOfPage":{"@id":"https:\/\/wp.kristdemokraterna.se\/klippan\/personlig-assistans\/"},"wordCount":165,"image":{"@id":"https:\/\/wp.kristdemokraterna.se\/klippan\/personlig-assistans\/#primaryimage"},"thumbnailUrl":"https:\/\/scontent-amt2-1.xx.fbcdn.net\/v\/t1.0-0\/s480x480\/14573036_10153991037383365_8199156243782487054_n.jpg?oh=80edccc813398ef69f7cbc5307a6b4cc&amp;oe=588A03E4","inLanguage":"sv-SE"},{"@type":"WebPage","@id":"https:\/\/wp.kristdemokraterna.se\/klippan\/personlig-assistans\/","url":"https:\/\/wp.kristdemokraterna.se\/klippan\/personlig-assistans\/","name":"Personlig assistans - Klippan","isPartOf":{"@id":"https:\/\/wp.kristdemokraterna.se\/klippan\/#website"},"primaryImageOfPage":{"@id":"https:\/\/wp.kristdemokraterna.se\/klippan\/personlig-assistans\/#primaryimage"},"image":{"@id":"https:\/\/wp.kristdemokraterna.se\/klippan\/personlig-assistans\/#primaryimage"},"thumbnailUrl":"https:\/\/scontent-amt2-1.xx.fbcdn.net\/v\/t1.0-0\/s480x480\/14573036_10153991037383365_8199156243782487054_n.jpg?oh=80edccc813398ef69f7cbc5307a6b4cc&amp;oe=588A03E4","datePublished":"2016-10-28T11:32:39+00:00","author":{"@id":"https:\/\/wp.kristdemokraterna.se\/klippan\/#\/schema\/person\/c6a9f1b40c460596c205f46621b962a3"},"breadcrumb":{"@id":"https:\/\/wp.kristdemokraterna.se\/klippan\/personlig-assistans\/#breadcrumb"},"inLanguage":"sv-SE","potentialAction":[{"@type":"ReadAction","target":["https:\/\/wp.kristdemokraterna.se\/klippan\/personlig-assistans\/"]}]},{"@type":"ImageObject","inLanguage":"sv-SE","@id":"https:\/\/wp.kristdemokraterna.se\/klippan\/personlig-assistans\/#primaryimage","url":"https:\/\/scontent-amt2-1.xx.fbcdn.net\/v\/t1.0-0\/s480x480\/14573036_10153991037383365_8199156243782487054_n.jpg?oh=80edccc813398ef69f7cbc5307a6b4cc&amp;oe=588A03E4","contentUrl":"https:\/\/scontent-amt2-1.xx.fbcdn.net\/v\/t1.0-0\/s480x480\/14573036_10153991037383365_8199156243782487054_n.jpg?oh=80edccc813398ef69f7cbc5307a6b4cc&amp;oe=588A03E4"},{"@type":"BreadcrumbList","@id":"https:\/\/wp.kristdemokraterna.se\/klippan\/personlig-assistans\/#breadcrumb","itemListElement":[{"@type":"ListItem","position":1,"name":"Hem","item":"https:\/\/wp.kristdemokraterna.se\/klippan\/"},{"@type":"ListItem","position":2,"name":"Personlig assistans"}]},{"@type":"WebSite","@id":"https:\/\/wp.kristdemokraterna.se\/klippan\/#website","url":"https:\/\/wp.kristdemokraterna.se\/klippan\/","name":"Klippan","description":"En till Kristdemokraterna webbplats","inLanguage":"sv-SE"},{"@type":"Person","@id":"https:\/\/wp.kristdemokraterna.se\/klippan\/#\/schema\/person\/c6a9f1b40c460596c205f46621b962a3","name":"bodil","image":{"@type":"ImageObject","inLanguage":"sv-SE","@id":"https:\/\/secure.gravatar.com\/avatar\/b28889bac62e061e989e716a5f0a2269a4164284151f3e27bef399a70b3d31ea?s=96&r=g","url":"https:\/\/secure.gravatar.com\/avatar\/b28889bac62e061e989e716a5f0a2269a4164284151f3e27bef399a70b3d31ea?s=96&r=g","contentUrl":"https:\/\/secure.gravatar.com\/avatar\/b28889bac62e061e989e716a5f0a2269a4164284151f3e27bef399a70b3d31ea?s=96&r=g","caption":"bodil"},"url":"https:\/\/wp.kristdemokraterna.se\/klippan\/author\/bodil\/"}]}},"_links":{"self":[{"href":"https:\/\/wp.kristdemokraterna.se\/klippan\/wp-json\/wp\/v2\/posts\/686","targetHints":{"allow":["GET"]}}],"collection":[{"href":"https:\/\/wp.kristdemokraterna.se\/klippan\/wp-json\/wp\/v2\/posts"}],"about":[{"href":"https:\/\/wp.kristdemokraterna.se\/klippan\/wp-json\/wp\/v2\/types\/post"}],"author":[{"embeddable":true,"href":"https:\/\/wp.kristdemokraterna.se\/klippan\/wp-json\/wp\/v2\/users\/545"}],"replies":[{"embeddable":true,"href":"https:\/\/wp.kristdemokraterna.se\/klippan\/wp-json\/wp\/v2\/comments?post=686"}],"version-history":[{"count":1,"href":"https:\/\/wp.kristdemokraterna.se\/klippan\/wp-json\/wp\/v2\/posts\/686\/revisions"}],"predecessor-version":[{"id":687,"href":"https:\/\/wp.kristdemokraterna.se\/klippan\/wp-json\/wp\/v2\/posts\/686\/revisions\/687"}],"wp:attachment":[{"href":"https:\/\/wp.kristdemokraterna.se\/klippan\/wp-json\/wp\/v2\/media?parent=686"}],"wp:term":[{"taxonomy":"category","embeddable":true,"href":"https:\/\/wp.kristdemokraterna.se\/klippan\/wp-json\/wp\/v2\/categories?post=686"},{"taxonomy":"post_tag","embeddable":true,"href":"https:\/\/wp.kristdemokraterna.se\/klippan\/wp-json\/wp\/v2\/tags?post=686"}],"curies":[{"name":"wp","href":"https:\/\/api.w.org\/{rel}","templated":true}]}}