{"id":692,"date":"2017-02-16T09:53:24","date_gmt":"2017-02-16T08:53:24","guid":{"rendered":"http:\/\/wp.kristdemokraterna.se\/klippan\/?p=692"},"modified":"2017-02-16T09:53:24","modified_gmt":"2017-02-16T08:53:24","slug":"arsmote-2017","status":"publish","type":"post","link":"https:\/\/wp.kristdemokraterna.se\/klippan\/arsmote-2017\/","title":{"rendered":"\u00c5rsm\u00f6te 2017"},"content":{"rendered":"<p><img loading=\"lazy\" decoding=\"async\" class=\"alignnone size-medium wp-image-694\" src=\"http:\/\/wp.kristdemokraterna.se\/klippan\/files\/2017\/02\/16700606_978635285570182_3606642002906568543_o-300x241.jpg\" alt=\"\" width=\"300\" height=\"241\" srcset=\"https:\/\/wp.kristdemokraterna.se\/klippan\/files\/2017\/02\/16700606_978635285570182_3606642002906568543_o-300x241.jpg 300w, https:\/\/wp.kristdemokraterna.se\/klippan\/files\/2017\/02\/16700606_978635285570182_3606642002906568543_o-768x617.jpg 768w, https:\/\/wp.kristdemokraterna.se\/klippan\/files\/2017\/02\/16700606_978635285570182_3606642002906568543_o-540x434.jpg 540w, https:\/\/wp.kristdemokraterna.se\/klippan\/files\/2017\/02\/16700606_978635285570182_3606642002906568543_o-431x346.jpg 431w, https:\/\/wp.kristdemokraterna.se\/klippan\/files\/2017\/02\/16700606_978635285570182_3606642002906568543_o-139x112.jpg 139w, https:\/\/wp.kristdemokraterna.se\/klippan\/files\/2017\/02\/16700606_978635285570182_3606642002906568543_o.jpg 1440w\" sizes=\"auto, (max-width: 300px) 100vw, 300px\" \/><\/p>\n<p>Styrelsen f\u00f6r 2017 \u00e5rs arbete \u00e5t Klippans Kristdemokrater. \u00c5ter en h\u00e4rlig kv\u00e4ll med trevliga och glada kommuninv\u00e5nare och med Margareta Dahlgrens uuunderbara fika. \u00a0Tack alla Kd-are.<\/p>\n<p>Bodil Andersson \/ ordf\u00f6rande<\/p>\n<p>&nbsp;<\/p>\n","protected":false},"excerpt":{"rendered":"<p>Styrelsen f\u00f6r 2017 \u00e5rs arbete \u00e5t Klippans Kristdemokrater. \u00c5ter en h\u00e4rlig kv\u00e4ll med trevliga och glada kommuninv\u00e5nare och med Margareta Dahlgrens uuunderbara fika. \u00a0Tack alla Kd-are. Bodil Andersson \/ ordf\u00f6rande &nbsp;<\/p>\n","protected":false},"author":545,"featured_media":0,"comment_status":"closed","ping_status":"closed","sticky":false,"template":"","format":"standard","meta":{"_acf_changed":false,"footnotes":""},"categories":[1],"tags":[],"class_list":["post-692","post","type-post","status-publish","format-standard","hentry","category-okategoriserade"],"acf":[],"yoast_head":"<!-- This site is optimized with the Yoast SEO plugin v27.5 - https:\/\/yoast.com\/product\/yoast-seo-wordpress\/ -->\n<title>\u00c5rsm\u00f6te 2017 - Klippan<\/title>\n<meta name=\"robots\" content=\"index, follow, max-snippet:-1, max-image-preview:large, max-video-preview:-1\" \/>\n<link rel=\"canonical\" href=\"https:\/\/wp.kristdemokraterna.se\/klippan\/arsmote-2017\/\" \/>\n<meta property=\"og:locale\" content=\"sv_SE\" \/>\n<meta property=\"og:type\" content=\"article\" \/>\n<meta property=\"og:title\" content=\"\u00c5rsm\u00f6te 2017 - Klippan\" \/>\n<meta property=\"og:description\" content=\"Styrelsen f\u00f6r 2017 \u00e5rs arbete \u00e5t Klippans Kristdemokrater. \u00c5ter en h\u00e4rlig kv\u00e4ll med trevliga och glada kommuninv\u00e5nare och med Margareta Dahlgrens uuunderbara fika. \u00a0Tack alla Kd-are. Bodil Andersson \/ ordf\u00f6rande &nbsp;\" \/>\n<meta property=\"og:url\" content=\"https:\/\/wp.kristdemokraterna.se\/klippan\/arsmote-2017\/\" \/>\n<meta property=\"og:site_name\" content=\"Klippan\" \/>\n<meta property=\"article:published_time\" content=\"2017-02-16T08:53:24+00:00\" \/>\n<meta property=\"og:image\" content=\"http:\/\/wp.kristdemokraterna.se\/klippan\/files\/2017\/02\/16700606_978635285570182_3606642002906568543_o-300x241.jpg\" \/>\n<meta name=\"author\" content=\"bodil\" \/>\n<meta name=\"twitter:card\" content=\"summary_large_image\" \/>\n<meta name=\"twitter:label1\" content=\"Skriven av\" \/>\n\t<meta name=\"twitter:data1\" content=\"bodil\" \/>\n<script type=\"application\/ld+json\" class=\"yoast-schema-graph\">{\"@context\":\"https:\\\/\\\/schema.org\",\"@graph\":[{\"@type\":\"Article\",\"@id\":\"https:\\\/\\\/wp.kristdemokraterna.se\\\/klippan\\\/arsmote-2017\\\/#article\",\"isPartOf\":{\"@id\":\"https:\\\/\\\/wp.kristdemokraterna.se\\\/klippan\\\/arsmote-2017\\\/\"},\"author\":{\"name\":\"bodil\",\"@id\":\"https:\\\/\\\/wp.kristdemokraterna.se\\\/klippan\\\/#\\\/schema\\\/person\\\/c6a9f1b40c460596c205f46621b962a3\"},\"headline\":\"\u00c5rsm\u00f6te 2017\",\"datePublished\":\"2017-02-16T08:53:24+00:00\",\"mainEntityOfPage\":{\"@id\":\"https:\\\/\\\/wp.kristdemokraterna.se\\\/klippan\\\/arsmote-2017\\\/\"},\"wordCount\":36,\"image\":{\"@id\":\"https:\\\/\\\/wp.kristdemokraterna.se\\\/klippan\\\/arsmote-2017\\\/#primaryimage\"},\"thumbnailUrl\":\"http:\\\/\\\/wp.kristdemokraterna.se\\\/klippan\\\/files\\\/2017\\\/02\\\/16700606_978635285570182_3606642002906568543_o-300x241.jpg\",\"inLanguage\":\"sv-SE\"},{\"@type\":\"WebPage\",\"@id\":\"https:\\\/\\\/wp.kristdemokraterna.se\\\/klippan\\\/arsmote-2017\\\/\",\"url\":\"https:\\\/\\\/wp.kristdemokraterna.se\\\/klippan\\\/arsmote-2017\\\/\",\"name\":\"\u00c5rsm\u00f6te 2017 - Klippan\",\"isPartOf\":{\"@id\":\"https:\\\/\\\/wp.kristdemokraterna.se\\\/klippan\\\/#website\"},\"primaryImageOfPage\":{\"@id\":\"https:\\\/\\\/wp.kristdemokraterna.se\\\/klippan\\\/arsmote-2017\\\/#primaryimage\"},\"image\":{\"@id\":\"https:\\\/\\\/wp.kristdemokraterna.se\\\/klippan\\\/arsmote-2017\\\/#primaryimage\"},\"thumbnailUrl\":\"http:\\\/\\\/wp.kristdemokraterna.se\\\/klippan\\\/files\\\/2017\\\/02\\\/16700606_978635285570182_3606642002906568543_o-300x241.jpg\",\"datePublished\":\"2017-02-16T08:53:24+00:00\",\"author\":{\"@id\":\"https:\\\/\\\/wp.kristdemokraterna.se\\\/klippan\\\/#\\\/schema\\\/person\\\/c6a9f1b40c460596c205f46621b962a3\"},\"breadcrumb\":{\"@id\":\"https:\\\/\\\/wp.kristdemokraterna.se\\\/klippan\\\/arsmote-2017\\\/#breadcrumb\"},\"inLanguage\":\"sv-SE\",\"potentialAction\":[{\"@type\":\"ReadAction\",\"target\":[\"https:\\\/\\\/wp.kristdemokraterna.se\\\/klippan\\\/arsmote-2017\\\/\"]}]},{\"@type\":\"ImageObject\",\"inLanguage\":\"sv-SE\",\"@id\":\"https:\\\/\\\/wp.kristdemokraterna.se\\\/klippan\\\/arsmote-2017\\\/#primaryimage\",\"url\":\"https:\\\/\\\/wp.kristdemokraterna.se\\\/klippan\\\/files\\\/2017\\\/02\\\/16700606_978635285570182_3606642002906568543_o.jpg\",\"contentUrl\":\"https:\\\/\\\/wp.kristdemokraterna.se\\\/klippan\\\/files\\\/2017\\\/02\\\/16700606_978635285570182_3606642002906568543_o.jpg\",\"width\":1440,\"height\":1157},{\"@type\":\"BreadcrumbList\",\"@id\":\"https:\\\/\\\/wp.kristdemokraterna.se\\\/klippan\\\/arsmote-2017\\\/#breadcrumb\",\"itemListElement\":[{\"@type\":\"ListItem\",\"position\":1,\"name\":\"Hem\",\"item\":\"https:\\\/\\\/wp.kristdemokraterna.se\\\/klippan\\\/\"},{\"@type\":\"ListItem\",\"position\":2,\"name\":\"\u00c5rsm\u00f6te 2017\"}]},{\"@type\":\"WebSite\",\"@id\":\"https:\\\/\\\/wp.kristdemokraterna.se\\\/klippan\\\/#website\",\"url\":\"https:\\\/\\\/wp.kristdemokraterna.se\\\/klippan\\\/\",\"name\":\"Klippan\",\"description\":\"En till Kristdemokraterna webbplats\",\"inLanguage\":\"sv-SE\"},{\"@type\":\"Person\",\"@id\":\"https:\\\/\\\/wp.kristdemokraterna.se\\\/klippan\\\/#\\\/schema\\\/person\\\/c6a9f1b40c460596c205f46621b962a3\",\"name\":\"bodil\",\"image\":{\"@type\":\"ImageObject\",\"inLanguage\":\"sv-SE\",\"@id\":\"https:\\\/\\\/secure.gravatar.com\\\/avatar\\\/b28889bac62e061e989e716a5f0a2269a4164284151f3e27bef399a70b3d31ea?s=96&r=g\",\"url\":\"https:\\\/\\\/secure.gravatar.com\\\/avatar\\\/b28889bac62e061e989e716a5f0a2269a4164284151f3e27bef399a70b3d31ea?s=96&r=g\",\"contentUrl\":\"https:\\\/\\\/secure.gravatar.com\\\/avatar\\\/b28889bac62e061e989e716a5f0a2269a4164284151f3e27bef399a70b3d31ea?s=96&r=g\",\"caption\":\"bodil\"},\"url\":\"https:\\\/\\\/wp.kristdemokraterna.se\\\/klippan\\\/author\\\/bodil\\\/\"}]}<\/script>\n<!-- \/ Yoast SEO plugin. -->","yoast_head_json":{"title":"\u00c5rsm\u00f6te 2017 - Klippan","robots":{"index":"index","follow":"follow","max-snippet":"max-snippet:-1","max-image-preview":"max-image-preview:large","max-video-preview":"max-video-preview:-1"},"canonical":"https:\/\/wp.kristdemokraterna.se\/klippan\/arsmote-2017\/","og_locale":"sv_SE","og_type":"article","og_title":"\u00c5rsm\u00f6te 2017 - Klippan","og_description":"Styrelsen f\u00f6r 2017 \u00e5rs arbete \u00e5t Klippans Kristdemokrater. \u00c5ter en h\u00e4rlig kv\u00e4ll med trevliga och glada kommuninv\u00e5nare och med Margareta Dahlgrens uuunderbara fika. \u00a0Tack alla Kd-are. Bodil Andersson \/ ordf\u00f6rande &nbsp;","og_url":"https:\/\/wp.kristdemokraterna.se\/klippan\/arsmote-2017\/","og_site_name":"Klippan","article_published_time":"2017-02-16T08:53:24+00:00","og_image":[{"url":"http:\/\/wp.kristdemokraterna.se\/klippan\/files\/2017\/02\/16700606_978635285570182_3606642002906568543_o-300x241.jpg","type":"","width":"","height":""}],"author":"bodil","twitter_card":"summary_large_image","twitter_misc":{"Skriven av":"bodil"},"schema":{"@context":"https:\/\/schema.org","@graph":[{"@type":"Article","@id":"https:\/\/wp.kristdemokraterna.se\/klippan\/arsmote-2017\/#article","isPartOf":{"@id":"https:\/\/wp.kristdemokraterna.se\/klippan\/arsmote-2017\/"},"author":{"name":"bodil","@id":"https:\/\/wp.kristdemokraterna.se\/klippan\/#\/schema\/person\/c6a9f1b40c460596c205f46621b962a3"},"headline":"\u00c5rsm\u00f6te 2017","datePublished":"2017-02-16T08:53:24+00:00","mainEntityOfPage":{"@id":"https:\/\/wp.kristdemokraterna.se\/klippan\/arsmote-2017\/"},"wordCount":36,"image":{"@id":"https:\/\/wp.kristdemokraterna.se\/klippan\/arsmote-2017\/#primaryimage"},"thumbnailUrl":"http:\/\/wp.kristdemokraterna.se\/klippan\/files\/2017\/02\/16700606_978635285570182_3606642002906568543_o-300x241.jpg","inLanguage":"sv-SE"},{"@type":"WebPage","@id":"https:\/\/wp.kristdemokraterna.se\/klippan\/arsmote-2017\/","url":"https:\/\/wp.kristdemokraterna.se\/klippan\/arsmote-2017\/","name":"\u00c5rsm\u00f6te 2017 - Klippan","isPartOf":{"@id":"https:\/\/wp.kristdemokraterna.se\/klippan\/#website"},"primaryImageOfPage":{"@id":"https:\/\/wp.kristdemokraterna.se\/klippan\/arsmote-2017\/#primaryimage"},"image":{"@id":"https:\/\/wp.kristdemokraterna.se\/klippan\/arsmote-2017\/#primaryimage"},"thumbnailUrl":"http:\/\/wp.kristdemokraterna.se\/klippan\/files\/2017\/02\/16700606_978635285570182_3606642002906568543_o-300x241.jpg","datePublished":"2017-02-16T08:53:24+00:00","author":{"@id":"https:\/\/wp.kristdemokraterna.se\/klippan\/#\/schema\/person\/c6a9f1b40c460596c205f46621b962a3"},"breadcrumb":{"@id":"https:\/\/wp.kristdemokraterna.se\/klippan\/arsmote-2017\/#breadcrumb"},"inLanguage":"sv-SE","potentialAction":[{"@type":"ReadAction","target":["https:\/\/wp.kristdemokraterna.se\/klippan\/arsmote-2017\/"]}]},{"@type":"ImageObject","inLanguage":"sv-SE","@id":"https:\/\/wp.kristdemokraterna.se\/klippan\/arsmote-2017\/#primaryimage","url":"https:\/\/wp.kristdemokraterna.se\/klippan\/files\/2017\/02\/16700606_978635285570182_3606642002906568543_o.jpg","contentUrl":"https:\/\/wp.kristdemokraterna.se\/klippan\/files\/2017\/02\/16700606_978635285570182_3606642002906568543_o.jpg","width":1440,"height":1157},{"@type":"BreadcrumbList","@id":"https:\/\/wp.kristdemokraterna.se\/klippan\/arsmote-2017\/#breadcrumb","itemListElement":[{"@type":"ListItem","position":1,"name":"Hem","item":"https:\/\/wp.kristdemokraterna.se\/klippan\/"},{"@type":"ListItem","position":2,"name":"\u00c5rsm\u00f6te 2017"}]},{"@type":"WebSite","@id":"https:\/\/wp.kristdemokraterna.se\/klippan\/#website","url":"https:\/\/wp.kristdemokraterna.se\/klippan\/","name":"Klippan","description":"En till Kristdemokraterna webbplats","inLanguage":"sv-SE"},{"@type":"Person","@id":"https:\/\/wp.kristdemokraterna.se\/klippan\/#\/schema\/person\/c6a9f1b40c460596c205f46621b962a3","name":"bodil","image":{"@type":"ImageObject","inLanguage":"sv-SE","@id":"https:\/\/secure.gravatar.com\/avatar\/b28889bac62e061e989e716a5f0a2269a4164284151f3e27bef399a70b3d31ea?s=96&r=g","url":"https:\/\/secure.gravatar.com\/avatar\/b28889bac62e061e989e716a5f0a2269a4164284151f3e27bef399a70b3d31ea?s=96&r=g","contentUrl":"https:\/\/secure.gravatar.com\/avatar\/b28889bac62e061e989e716a5f0a2269a4164284151f3e27bef399a70b3d31ea?s=96&r=g","caption":"bodil"},"url":"https:\/\/wp.kristdemokraterna.se\/klippan\/author\/bodil\/"}]}},"_links":{"self":[{"href":"https:\/\/wp.kristdemokraterna.se\/klippan\/wp-json\/wp\/v2\/posts\/692","targetHints":{"allow":["GET"]}}],"collection":[{"href":"https:\/\/wp.kristdemokraterna.se\/klippan\/wp-json\/wp\/v2\/posts"}],"about":[{"href":"https:\/\/wp.kristdemokraterna.se\/klippan\/wp-json\/wp\/v2\/types\/post"}],"author":[{"embeddable":true,"href":"https:\/\/wp.kristdemokraterna.se\/klippan\/wp-json\/wp\/v2\/users\/545"}],"replies":[{"embeddable":true,"href":"https:\/\/wp.kristdemokraterna.se\/klippan\/wp-json\/wp\/v2\/comments?post=692"}],"version-history":[{"count":1,"href":"https:\/\/wp.kristdemokraterna.se\/klippan\/wp-json\/wp\/v2\/posts\/692\/revisions"}],"predecessor-version":[{"id":695,"href":"https:\/\/wp.kristdemokraterna.se\/klippan\/wp-json\/wp\/v2\/posts\/692\/revisions\/695"}],"wp:attachment":[{"href":"https:\/\/wp.kristdemokraterna.se\/klippan\/wp-json\/wp\/v2\/media?parent=692"}],"wp:term":[{"taxonomy":"category","embeddable":true,"href":"https:\/\/wp.kristdemokraterna.se\/klippan\/wp-json\/wp\/v2\/categories?post=692"},{"taxonomy":"post_tag","embeddable":true,"href":"https:\/\/wp.kristdemokraterna.se\/klippan\/wp-json\/wp\/v2\/tags?post=692"}],"curies":[{"name":"wp","href":"https:\/\/api.w.org\/{rel}","templated":true}]}}