{"id":714,"date":"2017-05-01T09:53:10","date_gmt":"2017-05-01T07:53:10","guid":{"rendered":"http:\/\/wp.kristdemokraterna.se\/klippan\/?p=714"},"modified":"2017-05-01T09:53:10","modified_gmt":"2017-05-01T07:53:10","slug":"vart-mal-ar-ett-samhalle-dar-friheten-att-forma-sitt-eget-liv-gar-hand-i-hand-med-ansvaret-for-sin-medmanniska-vi-vill-bygga-ett-samhalle-som-haller-samman","status":"publish","type":"post","link":"https:\/\/wp.kristdemokraterna.se\/klippan\/vart-mal-ar-ett-samhalle-dar-friheten-att-forma-sitt-eget-liv-gar-hand-i-hand-med-ansvaret-for-sin-medmanniska-vi-vill-bygga-ett-samhalle-som-haller-samman\/","title":{"rendered":"V\u00e5rt m\u00e5l \u00e4r ett samh\u00e4lle d\u00e4r friheten att forma sitt eget liv g\u00e5r hand i hand med ansvaret f\u00f6r sin medm\u00e4nniska. Vi vill bygga ett samh\u00e4lle som h\u00e5ller samman."},"content":{"rendered":"<p><strong>\u00a0<\/strong><\/p>\n<p><strong>Barn och familj<\/strong><br \/>\nFamiljen \u00e4r den minsta gemenskapsenheten i samh\u00e4llet. Trygga familjer bygger ett tryggt Sverige.\u00a0Vi vill ge alla f\u00f6r\u00e4ldrar f\u00f6ruts\u00e4ttningar\u00a0att kunna kombinera jobb och familj. M\u00e5nga politiker vill inskr\u00e4nka familjernas frihet \u2013 vi vill f\u00f6rsvara\u00a0f\u00f6r\u00e4ldrarnas r\u00e4tt att sj\u00e4lva\u00a0fatta beslut om sin tillvaro. Vi vill ocks\u00e5 st\u00e4rka barnfamiljers ekonomi. Med\u00a0ett jobbskatteavdrag till f\u00f6r\u00e4ldrar\u00a0och \u00f6kad ekonomisk hj\u00e4lp till utsatta familjer st\u00e4rker vi f\u00f6r\u00e4ldrar och barns m\u00f6jligheter.<\/p>\n","protected":false},"excerpt":{"rendered":"<p>\u00a0 Barn och familj Familjen \u00e4r den minsta gemenskapsenheten i samh\u00e4llet. Trygga familjer bygger ett tryggt Sverige.\u00a0Vi vill ge alla f\u00f6r\u00e4ldrar f\u00f6ruts\u00e4ttningar\u00a0att kunna kombinera jobb och familj. M\u00e5nga politiker vill inskr\u00e4nka familjernas frihet \u2013 vi vill f\u00f6rsvara\u00a0f\u00f6r\u00e4ldrarnas r\u00e4tt att sj\u00e4lva\u00a0fatta beslut om sin tillvaro. Vi vill ocks\u00e5 st\u00e4rka barnfamiljers ekonomi. Med\u00a0ett jobbskatteavdrag till f\u00f6r\u00e4ldrar\u00a0och \u00f6kad <a class=\"read-more-link\" href=\"https:\/\/wp.kristdemokraterna.se\/klippan\/vart-mal-ar-ett-samhalle-dar-friheten-att-forma-sitt-eget-liv-gar-hand-i-hand-med-ansvaret-for-sin-medmanniska-vi-vill-bygga-ett-samhalle-som-haller-samman\/\">Read More<\/a><\/p>\n","protected":false},"author":545,"featured_media":0,"comment_status":"closed","ping_status":"closed","sticky":false,"template":"","format":"standard","meta":{"_acf_changed":false,"footnotes":""},"categories":[1],"tags":[],"class_list":["post-714","post","type-post","status-publish","format-standard","hentry","category-okategoriserade"],"acf":[],"yoast_head":"<!-- This site is optimized with the Yoast SEO plugin v27.5 - https:\/\/yoast.com\/product\/yoast-seo-wordpress\/ -->\n<title>V\u00e5rt m\u00e5l \u00e4r ett samh\u00e4lle d\u00e4r friheten att forma sitt eget liv g\u00e5r hand i hand med ansvaret f\u00f6r sin medm\u00e4nniska. Vi vill bygga ett samh\u00e4lle som h\u00e5ller samman. - Klippan<\/title>\n<meta name=\"robots\" content=\"index, follow, max-snippet:-1, max-image-preview:large, max-video-preview:-1\" \/>\n<link rel=\"canonical\" href=\"https:\/\/wp.kristdemokraterna.se\/klippan\/vart-mal-ar-ett-samhalle-dar-friheten-att-forma-sitt-eget-liv-gar-hand-i-hand-med-ansvaret-for-sin-medmanniska-vi-vill-bygga-ett-samhalle-som-haller-samman\/\" \/>\n<meta property=\"og:locale\" content=\"sv_SE\" \/>\n<meta property=\"og:type\" content=\"article\" \/>\n<meta property=\"og:title\" content=\"V\u00e5rt m\u00e5l \u00e4r ett samh\u00e4lle d\u00e4r friheten att forma sitt eget liv g\u00e5r hand i hand med ansvaret f\u00f6r sin medm\u00e4nniska. Vi vill bygga ett samh\u00e4lle som h\u00e5ller samman. - Klippan\" \/>\n<meta property=\"og:description\" content=\"\u00a0 Barn och familj Familjen \u00e4r den minsta gemenskapsenheten i samh\u00e4llet. Trygga familjer bygger ett tryggt Sverige.\u00a0Vi vill ge alla f\u00f6r\u00e4ldrar f\u00f6ruts\u00e4ttningar\u00a0att kunna kombinera jobb och familj. M\u00e5nga politiker vill inskr\u00e4nka familjernas frihet \u2013 vi vill f\u00f6rsvara\u00a0f\u00f6r\u00e4ldrarnas r\u00e4tt att sj\u00e4lva\u00a0fatta beslut om sin tillvaro. Vi vill ocks\u00e5 st\u00e4rka barnfamiljers ekonomi. Med\u00a0ett jobbskatteavdrag till f\u00f6r\u00e4ldrar\u00a0och \u00f6kad Read More\" \/>\n<meta property=\"og:url\" content=\"https:\/\/wp.kristdemokraterna.se\/klippan\/vart-mal-ar-ett-samhalle-dar-friheten-att-forma-sitt-eget-liv-gar-hand-i-hand-med-ansvaret-for-sin-medmanniska-vi-vill-bygga-ett-samhalle-som-haller-samman\/\" \/>\n<meta property=\"og:site_name\" content=\"Klippan\" \/>\n<meta property=\"article:published_time\" content=\"2017-05-01T07:53:10+00:00\" \/>\n<meta name=\"author\" content=\"bodil\" \/>\n<meta name=\"twitter:card\" content=\"summary_large_image\" \/>\n<meta name=\"twitter:label1\" content=\"Skriven av\" \/>\n\t<meta name=\"twitter:data1\" content=\"bodil\" \/>\n<script type=\"application\/ld+json\" class=\"yoast-schema-graph\">{\"@context\":\"https:\\\/\\\/schema.org\",\"@graph\":[{\"@type\":\"Article\",\"@id\":\"https:\\\/\\\/wp.kristdemokraterna.se\\\/klippan\\\/vart-mal-ar-ett-samhalle-dar-friheten-att-forma-sitt-eget-liv-gar-hand-i-hand-med-ansvaret-for-sin-medmanniska-vi-vill-bygga-ett-samhalle-som-haller-samman\\\/#article\",\"isPartOf\":{\"@id\":\"https:\\\/\\\/wp.kristdemokraterna.se\\\/klippan\\\/vart-mal-ar-ett-samhalle-dar-friheten-att-forma-sitt-eget-liv-gar-hand-i-hand-med-ansvaret-for-sin-medmanniska-vi-vill-bygga-ett-samhalle-som-haller-samman\\\/\"},\"author\":{\"name\":\"bodil\",\"@id\":\"https:\\\/\\\/wp.kristdemokraterna.se\\\/klippan\\\/#\\\/schema\\\/person\\\/c6a9f1b40c460596c205f46621b962a3\"},\"headline\":\"V\u00e5rt m\u00e5l \u00e4r ett samh\u00e4lle d\u00e4r friheten att forma sitt eget liv g\u00e5r hand i hand med ansvaret f\u00f6r sin medm\u00e4nniska. Vi vill bygga ett samh\u00e4lle som h\u00e5ller samman.\",\"datePublished\":\"2017-05-01T07:53:10+00:00\",\"mainEntityOfPage\":{\"@id\":\"https:\\\/\\\/wp.kristdemokraterna.se\\\/klippan\\\/vart-mal-ar-ett-samhalle-dar-friheten-att-forma-sitt-eget-liv-gar-hand-i-hand-med-ansvaret-for-sin-medmanniska-vi-vill-bygga-ett-samhalle-som-haller-samman\\\/\"},\"wordCount\":128,\"inLanguage\":\"sv-SE\"},{\"@type\":\"WebPage\",\"@id\":\"https:\\\/\\\/wp.kristdemokraterna.se\\\/klippan\\\/vart-mal-ar-ett-samhalle-dar-friheten-att-forma-sitt-eget-liv-gar-hand-i-hand-med-ansvaret-for-sin-medmanniska-vi-vill-bygga-ett-samhalle-som-haller-samman\\\/\",\"url\":\"https:\\\/\\\/wp.kristdemokraterna.se\\\/klippan\\\/vart-mal-ar-ett-samhalle-dar-friheten-att-forma-sitt-eget-liv-gar-hand-i-hand-med-ansvaret-for-sin-medmanniska-vi-vill-bygga-ett-samhalle-som-haller-samman\\\/\",\"name\":\"V\u00e5rt m\u00e5l \u00e4r ett samh\u00e4lle d\u00e4r friheten att forma sitt eget liv g\u00e5r hand i hand med ansvaret f\u00f6r sin medm\u00e4nniska. Vi vill bygga ett samh\u00e4lle som h\u00e5ller samman. - Klippan\",\"isPartOf\":{\"@id\":\"https:\\\/\\\/wp.kristdemokraterna.se\\\/klippan\\\/#website\"},\"datePublished\":\"2017-05-01T07:53:10+00:00\",\"author\":{\"@id\":\"https:\\\/\\\/wp.kristdemokraterna.se\\\/klippan\\\/#\\\/schema\\\/person\\\/c6a9f1b40c460596c205f46621b962a3\"},\"breadcrumb\":{\"@id\":\"https:\\\/\\\/wp.kristdemokraterna.se\\\/klippan\\\/vart-mal-ar-ett-samhalle-dar-friheten-att-forma-sitt-eget-liv-gar-hand-i-hand-med-ansvaret-for-sin-medmanniska-vi-vill-bygga-ett-samhalle-som-haller-samman\\\/#breadcrumb\"},\"inLanguage\":\"sv-SE\",\"potentialAction\":[{\"@type\":\"ReadAction\",\"target\":[\"https:\\\/\\\/wp.kristdemokraterna.se\\\/klippan\\\/vart-mal-ar-ett-samhalle-dar-friheten-att-forma-sitt-eget-liv-gar-hand-i-hand-med-ansvaret-for-sin-medmanniska-vi-vill-bygga-ett-samhalle-som-haller-samman\\\/\"]}]},{\"@type\":\"BreadcrumbList\",\"@id\":\"https:\\\/\\\/wp.kristdemokraterna.se\\\/klippan\\\/vart-mal-ar-ett-samhalle-dar-friheten-att-forma-sitt-eget-liv-gar-hand-i-hand-med-ansvaret-for-sin-medmanniska-vi-vill-bygga-ett-samhalle-som-haller-samman\\\/#breadcrumb\",\"itemListElement\":[{\"@type\":\"ListItem\",\"position\":1,\"name\":\"Hem\",\"item\":\"https:\\\/\\\/wp.kristdemokraterna.se\\\/klippan\\\/\"},{\"@type\":\"ListItem\",\"position\":2,\"name\":\"V\u00e5rt m\u00e5l \u00e4r ett samh\u00e4lle d\u00e4r friheten att forma sitt eget liv g\u00e5r hand i hand med ansvaret f\u00f6r sin medm\u00e4nniska. Vi vill bygga ett samh\u00e4lle som h\u00e5ller samman.\"}]},{\"@type\":\"WebSite\",\"@id\":\"https:\\\/\\\/wp.kristdemokraterna.se\\\/klippan\\\/#website\",\"url\":\"https:\\\/\\\/wp.kristdemokraterna.se\\\/klippan\\\/\",\"name\":\"Klippan\",\"description\":\"En till Kristdemokraterna webbplats\",\"inLanguage\":\"sv-SE\"},{\"@type\":\"Person\",\"@id\":\"https:\\\/\\\/wp.kristdemokraterna.se\\\/klippan\\\/#\\\/schema\\\/person\\\/c6a9f1b40c460596c205f46621b962a3\",\"name\":\"bodil\",\"image\":{\"@type\":\"ImageObject\",\"inLanguage\":\"sv-SE\",\"@id\":\"https:\\\/\\\/secure.gravatar.com\\\/avatar\\\/b28889bac62e061e989e716a5f0a2269a4164284151f3e27bef399a70b3d31ea?s=96&r=g\",\"url\":\"https:\\\/\\\/secure.gravatar.com\\\/avatar\\\/b28889bac62e061e989e716a5f0a2269a4164284151f3e27bef399a70b3d31ea?s=96&r=g\",\"contentUrl\":\"https:\\\/\\\/secure.gravatar.com\\\/avatar\\\/b28889bac62e061e989e716a5f0a2269a4164284151f3e27bef399a70b3d31ea?s=96&r=g\",\"caption\":\"bodil\"},\"url\":\"https:\\\/\\\/wp.kristdemokraterna.se\\\/klippan\\\/author\\\/bodil\\\/\"}]}<\/script>\n<!-- \/ Yoast SEO plugin. -->","yoast_head_json":{"title":"V\u00e5rt m\u00e5l \u00e4r ett samh\u00e4lle d\u00e4r friheten att forma sitt eget liv g\u00e5r hand i hand med ansvaret f\u00f6r sin medm\u00e4nniska. Vi vill bygga ett samh\u00e4lle som h\u00e5ller samman. - Klippan","robots":{"index":"index","follow":"follow","max-snippet":"max-snippet:-1","max-image-preview":"max-image-preview:large","max-video-preview":"max-video-preview:-1"},"canonical":"https:\/\/wp.kristdemokraterna.se\/klippan\/vart-mal-ar-ett-samhalle-dar-friheten-att-forma-sitt-eget-liv-gar-hand-i-hand-med-ansvaret-for-sin-medmanniska-vi-vill-bygga-ett-samhalle-som-haller-samman\/","og_locale":"sv_SE","og_type":"article","og_title":"V\u00e5rt m\u00e5l \u00e4r ett samh\u00e4lle d\u00e4r friheten att forma sitt eget liv g\u00e5r hand i hand med ansvaret f\u00f6r sin medm\u00e4nniska. Vi vill bygga ett samh\u00e4lle som h\u00e5ller samman. - Klippan","og_description":"\u00a0 Barn och familj Familjen \u00e4r den minsta gemenskapsenheten i samh\u00e4llet. Trygga familjer bygger ett tryggt Sverige.\u00a0Vi vill ge alla f\u00f6r\u00e4ldrar f\u00f6ruts\u00e4ttningar\u00a0att kunna kombinera jobb och familj. M\u00e5nga politiker vill inskr\u00e4nka familjernas frihet \u2013 vi vill f\u00f6rsvara\u00a0f\u00f6r\u00e4ldrarnas r\u00e4tt att sj\u00e4lva\u00a0fatta beslut om sin tillvaro. Vi vill ocks\u00e5 st\u00e4rka barnfamiljers ekonomi. Med\u00a0ett jobbskatteavdrag till f\u00f6r\u00e4ldrar\u00a0och \u00f6kad Read More","og_url":"https:\/\/wp.kristdemokraterna.se\/klippan\/vart-mal-ar-ett-samhalle-dar-friheten-att-forma-sitt-eget-liv-gar-hand-i-hand-med-ansvaret-for-sin-medmanniska-vi-vill-bygga-ett-samhalle-som-haller-samman\/","og_site_name":"Klippan","article_published_time":"2017-05-01T07:53:10+00:00","author":"bodil","twitter_card":"summary_large_image","twitter_misc":{"Skriven av":"bodil"},"schema":{"@context":"https:\/\/schema.org","@graph":[{"@type":"Article","@id":"https:\/\/wp.kristdemokraterna.se\/klippan\/vart-mal-ar-ett-samhalle-dar-friheten-att-forma-sitt-eget-liv-gar-hand-i-hand-med-ansvaret-for-sin-medmanniska-vi-vill-bygga-ett-samhalle-som-haller-samman\/#article","isPartOf":{"@id":"https:\/\/wp.kristdemokraterna.se\/klippan\/vart-mal-ar-ett-samhalle-dar-friheten-att-forma-sitt-eget-liv-gar-hand-i-hand-med-ansvaret-for-sin-medmanniska-vi-vill-bygga-ett-samhalle-som-haller-samman\/"},"author":{"name":"bodil","@id":"https:\/\/wp.kristdemokraterna.se\/klippan\/#\/schema\/person\/c6a9f1b40c460596c205f46621b962a3"},"headline":"V\u00e5rt m\u00e5l \u00e4r ett samh\u00e4lle d\u00e4r friheten att forma sitt eget liv g\u00e5r hand i hand med ansvaret f\u00f6r sin medm\u00e4nniska. Vi vill bygga ett samh\u00e4lle som h\u00e5ller samman.","datePublished":"2017-05-01T07:53:10+00:00","mainEntityOfPage":{"@id":"https:\/\/wp.kristdemokraterna.se\/klippan\/vart-mal-ar-ett-samhalle-dar-friheten-att-forma-sitt-eget-liv-gar-hand-i-hand-med-ansvaret-for-sin-medmanniska-vi-vill-bygga-ett-samhalle-som-haller-samman\/"},"wordCount":128,"inLanguage":"sv-SE"},{"@type":"WebPage","@id":"https:\/\/wp.kristdemokraterna.se\/klippan\/vart-mal-ar-ett-samhalle-dar-friheten-att-forma-sitt-eget-liv-gar-hand-i-hand-med-ansvaret-for-sin-medmanniska-vi-vill-bygga-ett-samhalle-som-haller-samman\/","url":"https:\/\/wp.kristdemokraterna.se\/klippan\/vart-mal-ar-ett-samhalle-dar-friheten-att-forma-sitt-eget-liv-gar-hand-i-hand-med-ansvaret-for-sin-medmanniska-vi-vill-bygga-ett-samhalle-som-haller-samman\/","name":"V\u00e5rt m\u00e5l \u00e4r ett samh\u00e4lle d\u00e4r friheten att forma sitt eget liv g\u00e5r hand i hand med ansvaret f\u00f6r sin medm\u00e4nniska. Vi vill bygga ett samh\u00e4lle som h\u00e5ller samman. - Klippan","isPartOf":{"@id":"https:\/\/wp.kristdemokraterna.se\/klippan\/#website"},"datePublished":"2017-05-01T07:53:10+00:00","author":{"@id":"https:\/\/wp.kristdemokraterna.se\/klippan\/#\/schema\/person\/c6a9f1b40c460596c205f46621b962a3"},"breadcrumb":{"@id":"https:\/\/wp.kristdemokraterna.se\/klippan\/vart-mal-ar-ett-samhalle-dar-friheten-att-forma-sitt-eget-liv-gar-hand-i-hand-med-ansvaret-for-sin-medmanniska-vi-vill-bygga-ett-samhalle-som-haller-samman\/#breadcrumb"},"inLanguage":"sv-SE","potentialAction":[{"@type":"ReadAction","target":["https:\/\/wp.kristdemokraterna.se\/klippan\/vart-mal-ar-ett-samhalle-dar-friheten-att-forma-sitt-eget-liv-gar-hand-i-hand-med-ansvaret-for-sin-medmanniska-vi-vill-bygga-ett-samhalle-som-haller-samman\/"]}]},{"@type":"BreadcrumbList","@id":"https:\/\/wp.kristdemokraterna.se\/klippan\/vart-mal-ar-ett-samhalle-dar-friheten-att-forma-sitt-eget-liv-gar-hand-i-hand-med-ansvaret-for-sin-medmanniska-vi-vill-bygga-ett-samhalle-som-haller-samman\/#breadcrumb","itemListElement":[{"@type":"ListItem","position":1,"name":"Hem","item":"https:\/\/wp.kristdemokraterna.se\/klippan\/"},{"@type":"ListItem","position":2,"name":"V\u00e5rt m\u00e5l \u00e4r ett samh\u00e4lle d\u00e4r friheten att forma sitt eget liv g\u00e5r hand i hand med ansvaret f\u00f6r sin medm\u00e4nniska. Vi vill bygga ett samh\u00e4lle som h\u00e5ller samman."}]},{"@type":"WebSite","@id":"https:\/\/wp.kristdemokraterna.se\/klippan\/#website","url":"https:\/\/wp.kristdemokraterna.se\/klippan\/","name":"Klippan","description":"En till Kristdemokraterna webbplats","inLanguage":"sv-SE"},{"@type":"Person","@id":"https:\/\/wp.kristdemokraterna.se\/klippan\/#\/schema\/person\/c6a9f1b40c460596c205f46621b962a3","name":"bodil","image":{"@type":"ImageObject","inLanguage":"sv-SE","@id":"https:\/\/secure.gravatar.com\/avatar\/b28889bac62e061e989e716a5f0a2269a4164284151f3e27bef399a70b3d31ea?s=96&r=g","url":"https:\/\/secure.gravatar.com\/avatar\/b28889bac62e061e989e716a5f0a2269a4164284151f3e27bef399a70b3d31ea?s=96&r=g","contentUrl":"https:\/\/secure.gravatar.com\/avatar\/b28889bac62e061e989e716a5f0a2269a4164284151f3e27bef399a70b3d31ea?s=96&r=g","caption":"bodil"},"url":"https:\/\/wp.kristdemokraterna.se\/klippan\/author\/bodil\/"}]}},"_links":{"self":[{"href":"https:\/\/wp.kristdemokraterna.se\/klippan\/wp-json\/wp\/v2\/posts\/714","targetHints":{"allow":["GET"]}}],"collection":[{"href":"https:\/\/wp.kristdemokraterna.se\/klippan\/wp-json\/wp\/v2\/posts"}],"about":[{"href":"https:\/\/wp.kristdemokraterna.se\/klippan\/wp-json\/wp\/v2\/types\/post"}],"author":[{"embeddable":true,"href":"https:\/\/wp.kristdemokraterna.se\/klippan\/wp-json\/wp\/v2\/users\/545"}],"replies":[{"embeddable":true,"href":"https:\/\/wp.kristdemokraterna.se\/klippan\/wp-json\/wp\/v2\/comments?post=714"}],"version-history":[{"count":1,"href":"https:\/\/wp.kristdemokraterna.se\/klippan\/wp-json\/wp\/v2\/posts\/714\/revisions"}],"predecessor-version":[{"id":715,"href":"https:\/\/wp.kristdemokraterna.se\/klippan\/wp-json\/wp\/v2\/posts\/714\/revisions\/715"}],"wp:attachment":[{"href":"https:\/\/wp.kristdemokraterna.se\/klippan\/wp-json\/wp\/v2\/media?parent=714"}],"wp:term":[{"taxonomy":"category","embeddable":true,"href":"https:\/\/wp.kristdemokraterna.se\/klippan\/wp-json\/wp\/v2\/categories?post=714"},{"taxonomy":"post_tag","embeddable":true,"href":"https:\/\/wp.kristdemokraterna.se\/klippan\/wp-json\/wp\/v2\/tags?post=714"}],"curies":[{"name":"wp","href":"https:\/\/api.w.org\/{rel}","templated":true}]}}