{"id":727,"date":"2017-06-13T22:25:21","date_gmt":"2017-06-13T20:25:21","guid":{"rendered":"http:\/\/wp.kristdemokraterna.se\/klippan\/?p=727"},"modified":"2017-06-13T22:25:21","modified_gmt":"2017-06-13T20:25:21","slug":"ses-vi-pa-demokratimassan-den-19-6","status":"publish","type":"post","link":"https:\/\/wp.kristdemokraterna.se\/klippan\/ses-vi-pa-demokratimassan-den-19-6\/","title":{"rendered":"Ses vi p\u00e5 demokratim\u00e4ssan den 19\/6?"},"content":{"rendered":"<p>Har du fr\u00e5gor om v\u00e5ra tankar och v\u00e5r politik vi driver i Klippan? Kom till demokratim\u00e4ssan m\u00e5ndagen den 19 juni kl 18.30 i musikskolans konsertsal. Vi deltar i paneldebatten och finns p\u00e5 plats f\u00f6r fr\u00e5gor. I paneldiskussionen finns b\u00e5de politiker och representanter fr\u00e5n kommunens ungdomsr\u00e5d P\u00e5 scen ser vi Johan Wester som presentat\u00f6r och moderator.. D\u00e4refter kommer vi att finnas representerade p\u00e5 demokratitorget<\/p>\n<p class=\"normal\"><img loading=\"lazy\" decoding=\"async\" class=\"alignleft size-full wp-image-728\" src=\"http:\/\/wp.kristdemokraterna.se\/klippan\/files\/2017\/06\/johanwester110px.jpg\" alt=\"\" width=\"110\" height=\"115\" srcset=\"https:\/\/wp.kristdemokraterna.se\/klippan\/files\/2017\/06\/johanwester110px.jpg 110w, https:\/\/wp.kristdemokraterna.se\/klippan\/files\/2017\/06\/johanwester110px-107x112.jpg 107w\" sizes=\"auto, (max-width: 110px) 100vw, 110px\" \/><\/p>\n","protected":false},"excerpt":{"rendered":"<p>Har du fr\u00e5gor om v\u00e5ra tankar och v\u00e5r politik vi driver i Klippan? Kom till demokratim\u00e4ssan m\u00e5ndagen den 19 juni kl 18.30 i musikskolans konsertsal. Vi deltar i paneldebatten och finns p\u00e5 plats f\u00f6r fr\u00e5gor. I paneldiskussionen finns b\u00e5de politiker och representanter fr\u00e5n kommunens ungdomsr\u00e5d P\u00e5 scen ser vi Johan Wester som presentat\u00f6r och moderator.. <a class=\"read-more-link\" href=\"https:\/\/wp.kristdemokraterna.se\/klippan\/ses-vi-pa-demokratimassan-den-19-6\/\">Read More<\/a><\/p>\n","protected":false},"author":477,"featured_media":0,"comment_status":"closed","ping_status":"closed","sticky":false,"template":"","format":"standard","meta":{"_acf_changed":false,"footnotes":""},"categories":[1],"tags":[],"class_list":["post-727","post","type-post","status-publish","format-standard","hentry","category-okategoriserade"],"acf":[],"yoast_head":"<!-- This site is optimized with the Yoast SEO plugin v27.5 - https:\/\/yoast.com\/product\/yoast-seo-wordpress\/ -->\n<title>Ses vi p\u00e5 demokratim\u00e4ssan den 19\/6? - Klippan<\/title>\n<meta name=\"robots\" content=\"index, follow, max-snippet:-1, max-image-preview:large, max-video-preview:-1\" \/>\n<link rel=\"canonical\" href=\"https:\/\/wp.kristdemokraterna.se\/klippan\/ses-vi-pa-demokratimassan-den-19-6\/\" \/>\n<meta property=\"og:locale\" content=\"sv_SE\" \/>\n<meta property=\"og:type\" content=\"article\" \/>\n<meta property=\"og:title\" content=\"Ses vi p\u00e5 demokratim\u00e4ssan den 19\/6? - Klippan\" \/>\n<meta property=\"og:description\" content=\"Har du fr\u00e5gor om v\u00e5ra tankar och v\u00e5r politik vi driver i Klippan? Kom till demokratim\u00e4ssan m\u00e5ndagen den 19 juni kl 18.30 i musikskolans konsertsal. Vi deltar i paneldebatten och finns p\u00e5 plats f\u00f6r fr\u00e5gor. I paneldiskussionen finns b\u00e5de politiker och representanter fr\u00e5n kommunens ungdomsr\u00e5d P\u00e5 scen ser vi Johan Wester som presentat\u00f6r och moderator.. Read More\" \/>\n<meta property=\"og:url\" content=\"https:\/\/wp.kristdemokraterna.se\/klippan\/ses-vi-pa-demokratimassan-den-19-6\/\" \/>\n<meta property=\"og:site_name\" content=\"Klippan\" \/>\n<meta property=\"article:published_time\" content=\"2017-06-13T20:25:21+00:00\" \/>\n<meta property=\"og:image\" content=\"http:\/\/wp.kristdemokraterna.se\/klippan\/files\/2017\/06\/johanwester110px.jpg\" \/>\n<meta name=\"author\" content=\"klippan\" \/>\n<meta name=\"twitter:card\" content=\"summary_large_image\" \/>\n<meta name=\"twitter:label1\" content=\"Skriven av\" \/>\n\t<meta name=\"twitter:data1\" content=\"klippan\" \/>\n<script type=\"application\/ld+json\" class=\"yoast-schema-graph\">{\"@context\":\"https:\\\/\\\/schema.org\",\"@graph\":[{\"@type\":\"Article\",\"@id\":\"https:\\\/\\\/wp.kristdemokraterna.se\\\/klippan\\\/ses-vi-pa-demokratimassan-den-19-6\\\/#article\",\"isPartOf\":{\"@id\":\"https:\\\/\\\/wp.kristdemokraterna.se\\\/klippan\\\/ses-vi-pa-demokratimassan-den-19-6\\\/\"},\"author\":{\"name\":\"klippan\",\"@id\":\"https:\\\/\\\/wp.kristdemokraterna.se\\\/klippan\\\/#\\\/schema\\\/person\\\/7d98c45cdb8f672d1f67ceac8bb6f68f\"},\"headline\":\"Ses vi p\u00e5 demokratim\u00e4ssan den 19\\\/6?\",\"datePublished\":\"2017-06-13T20:25:21+00:00\",\"mainEntityOfPage\":{\"@id\":\"https:\\\/\\\/wp.kristdemokraterna.se\\\/klippan\\\/ses-vi-pa-demokratimassan-den-19-6\\\/\"},\"wordCount\":79,\"image\":{\"@id\":\"https:\\\/\\\/wp.kristdemokraterna.se\\\/klippan\\\/ses-vi-pa-demokratimassan-den-19-6\\\/#primaryimage\"},\"thumbnailUrl\":\"http:\\\/\\\/wp.kristdemokraterna.se\\\/klippan\\\/files\\\/2017\\\/06\\\/johanwester110px.jpg\",\"inLanguage\":\"sv-SE\"},{\"@type\":\"WebPage\",\"@id\":\"https:\\\/\\\/wp.kristdemokraterna.se\\\/klippan\\\/ses-vi-pa-demokratimassan-den-19-6\\\/\",\"url\":\"https:\\\/\\\/wp.kristdemokraterna.se\\\/klippan\\\/ses-vi-pa-demokratimassan-den-19-6\\\/\",\"name\":\"Ses vi p\u00e5 demokratim\u00e4ssan den 19\\\/6? - Klippan\",\"isPartOf\":{\"@id\":\"https:\\\/\\\/wp.kristdemokraterna.se\\\/klippan\\\/#website\"},\"primaryImageOfPage\":{\"@id\":\"https:\\\/\\\/wp.kristdemokraterna.se\\\/klippan\\\/ses-vi-pa-demokratimassan-den-19-6\\\/#primaryimage\"},\"image\":{\"@id\":\"https:\\\/\\\/wp.kristdemokraterna.se\\\/klippan\\\/ses-vi-pa-demokratimassan-den-19-6\\\/#primaryimage\"},\"thumbnailUrl\":\"http:\\\/\\\/wp.kristdemokraterna.se\\\/klippan\\\/files\\\/2017\\\/06\\\/johanwester110px.jpg\",\"datePublished\":\"2017-06-13T20:25:21+00:00\",\"author\":{\"@id\":\"https:\\\/\\\/wp.kristdemokraterna.se\\\/klippan\\\/#\\\/schema\\\/person\\\/7d98c45cdb8f672d1f67ceac8bb6f68f\"},\"breadcrumb\":{\"@id\":\"https:\\\/\\\/wp.kristdemokraterna.se\\\/klippan\\\/ses-vi-pa-demokratimassan-den-19-6\\\/#breadcrumb\"},\"inLanguage\":\"sv-SE\",\"potentialAction\":[{\"@type\":\"ReadAction\",\"target\":[\"https:\\\/\\\/wp.kristdemokraterna.se\\\/klippan\\\/ses-vi-pa-demokratimassan-den-19-6\\\/\"]}]},{\"@type\":\"ImageObject\",\"inLanguage\":\"sv-SE\",\"@id\":\"https:\\\/\\\/wp.kristdemokraterna.se\\\/klippan\\\/ses-vi-pa-demokratimassan-den-19-6\\\/#primaryimage\",\"url\":\"https:\\\/\\\/wp.kristdemokraterna.se\\\/klippan\\\/files\\\/2017\\\/06\\\/johanwester110px.jpg\",\"contentUrl\":\"https:\\\/\\\/wp.kristdemokraterna.se\\\/klippan\\\/files\\\/2017\\\/06\\\/johanwester110px.jpg\",\"width\":110,\"height\":115},{\"@type\":\"BreadcrumbList\",\"@id\":\"https:\\\/\\\/wp.kristdemokraterna.se\\\/klippan\\\/ses-vi-pa-demokratimassan-den-19-6\\\/#breadcrumb\",\"itemListElement\":[{\"@type\":\"ListItem\",\"position\":1,\"name\":\"Hem\",\"item\":\"https:\\\/\\\/wp.kristdemokraterna.se\\\/klippan\\\/\"},{\"@type\":\"ListItem\",\"position\":2,\"name\":\"Ses vi p\u00e5 demokratim\u00e4ssan den 19\\\/6?\"}]},{\"@type\":\"WebSite\",\"@id\":\"https:\\\/\\\/wp.kristdemokraterna.se\\\/klippan\\\/#website\",\"url\":\"https:\\\/\\\/wp.kristdemokraterna.se\\\/klippan\\\/\",\"name\":\"Klippan\",\"description\":\"En till Kristdemokraterna webbplats\",\"inLanguage\":\"sv-SE\"},{\"@type\":\"Person\",\"@id\":\"https:\\\/\\\/wp.kristdemokraterna.se\\\/klippan\\\/#\\\/schema\\\/person\\\/7d98c45cdb8f672d1f67ceac8bb6f68f\",\"name\":\"klippan\",\"image\":{\"@type\":\"ImageObject\",\"inLanguage\":\"sv-SE\",\"@id\":\"https:\\\/\\\/secure.gravatar.com\\\/avatar\\\/c15534d9060eae6804b69ce13a7b0a1c3dbc2100970b48ddfd5782623228b696?s=96&r=g\",\"url\":\"https:\\\/\\\/secure.gravatar.com\\\/avatar\\\/c15534d9060eae6804b69ce13a7b0a1c3dbc2100970b48ddfd5782623228b696?s=96&r=g\",\"contentUrl\":\"https:\\\/\\\/secure.gravatar.com\\\/avatar\\\/c15534d9060eae6804b69ce13a7b0a1c3dbc2100970b48ddfd5782623228b696?s=96&r=g\",\"caption\":\"klippan\"},\"url\":\"https:\\\/\\\/wp.kristdemokraterna.se\\\/klippan\\\/author\\\/klippan\\\/\"}]}<\/script>\n<!-- \/ Yoast SEO plugin. -->","yoast_head_json":{"title":"Ses vi p\u00e5 demokratim\u00e4ssan den 19\/6? - Klippan","robots":{"index":"index","follow":"follow","max-snippet":"max-snippet:-1","max-image-preview":"max-image-preview:large","max-video-preview":"max-video-preview:-1"},"canonical":"https:\/\/wp.kristdemokraterna.se\/klippan\/ses-vi-pa-demokratimassan-den-19-6\/","og_locale":"sv_SE","og_type":"article","og_title":"Ses vi p\u00e5 demokratim\u00e4ssan den 19\/6? - Klippan","og_description":"Har du fr\u00e5gor om v\u00e5ra tankar och v\u00e5r politik vi driver i Klippan? Kom till demokratim\u00e4ssan m\u00e5ndagen den 19 juni kl 18.30 i musikskolans konsertsal. Vi deltar i paneldebatten och finns p\u00e5 plats f\u00f6r fr\u00e5gor. I paneldiskussionen finns b\u00e5de politiker och representanter fr\u00e5n kommunens ungdomsr\u00e5d P\u00e5 scen ser vi Johan Wester som presentat\u00f6r och moderator.. Read More","og_url":"https:\/\/wp.kristdemokraterna.se\/klippan\/ses-vi-pa-demokratimassan-den-19-6\/","og_site_name":"Klippan","article_published_time":"2017-06-13T20:25:21+00:00","og_image":[{"url":"http:\/\/wp.kristdemokraterna.se\/klippan\/files\/2017\/06\/johanwester110px.jpg","type":"","width":"","height":""}],"author":"klippan","twitter_card":"summary_large_image","twitter_misc":{"Skriven av":"klippan"},"schema":{"@context":"https:\/\/schema.org","@graph":[{"@type":"Article","@id":"https:\/\/wp.kristdemokraterna.se\/klippan\/ses-vi-pa-demokratimassan-den-19-6\/#article","isPartOf":{"@id":"https:\/\/wp.kristdemokraterna.se\/klippan\/ses-vi-pa-demokratimassan-den-19-6\/"},"author":{"name":"klippan","@id":"https:\/\/wp.kristdemokraterna.se\/klippan\/#\/schema\/person\/7d98c45cdb8f672d1f67ceac8bb6f68f"},"headline":"Ses vi p\u00e5 demokratim\u00e4ssan den 19\/6?","datePublished":"2017-06-13T20:25:21+00:00","mainEntityOfPage":{"@id":"https:\/\/wp.kristdemokraterna.se\/klippan\/ses-vi-pa-demokratimassan-den-19-6\/"},"wordCount":79,"image":{"@id":"https:\/\/wp.kristdemokraterna.se\/klippan\/ses-vi-pa-demokratimassan-den-19-6\/#primaryimage"},"thumbnailUrl":"http:\/\/wp.kristdemokraterna.se\/klippan\/files\/2017\/06\/johanwester110px.jpg","inLanguage":"sv-SE"},{"@type":"WebPage","@id":"https:\/\/wp.kristdemokraterna.se\/klippan\/ses-vi-pa-demokratimassan-den-19-6\/","url":"https:\/\/wp.kristdemokraterna.se\/klippan\/ses-vi-pa-demokratimassan-den-19-6\/","name":"Ses vi p\u00e5 demokratim\u00e4ssan den 19\/6? - Klippan","isPartOf":{"@id":"https:\/\/wp.kristdemokraterna.se\/klippan\/#website"},"primaryImageOfPage":{"@id":"https:\/\/wp.kristdemokraterna.se\/klippan\/ses-vi-pa-demokratimassan-den-19-6\/#primaryimage"},"image":{"@id":"https:\/\/wp.kristdemokraterna.se\/klippan\/ses-vi-pa-demokratimassan-den-19-6\/#primaryimage"},"thumbnailUrl":"http:\/\/wp.kristdemokraterna.se\/klippan\/files\/2017\/06\/johanwester110px.jpg","datePublished":"2017-06-13T20:25:21+00:00","author":{"@id":"https:\/\/wp.kristdemokraterna.se\/klippan\/#\/schema\/person\/7d98c45cdb8f672d1f67ceac8bb6f68f"},"breadcrumb":{"@id":"https:\/\/wp.kristdemokraterna.se\/klippan\/ses-vi-pa-demokratimassan-den-19-6\/#breadcrumb"},"inLanguage":"sv-SE","potentialAction":[{"@type":"ReadAction","target":["https:\/\/wp.kristdemokraterna.se\/klippan\/ses-vi-pa-demokratimassan-den-19-6\/"]}]},{"@type":"ImageObject","inLanguage":"sv-SE","@id":"https:\/\/wp.kristdemokraterna.se\/klippan\/ses-vi-pa-demokratimassan-den-19-6\/#primaryimage","url":"https:\/\/wp.kristdemokraterna.se\/klippan\/files\/2017\/06\/johanwester110px.jpg","contentUrl":"https:\/\/wp.kristdemokraterna.se\/klippan\/files\/2017\/06\/johanwester110px.jpg","width":110,"height":115},{"@type":"BreadcrumbList","@id":"https:\/\/wp.kristdemokraterna.se\/klippan\/ses-vi-pa-demokratimassan-den-19-6\/#breadcrumb","itemListElement":[{"@type":"ListItem","position":1,"name":"Hem","item":"https:\/\/wp.kristdemokraterna.se\/klippan\/"},{"@type":"ListItem","position":2,"name":"Ses vi p\u00e5 demokratim\u00e4ssan den 19\/6?"}]},{"@type":"WebSite","@id":"https:\/\/wp.kristdemokraterna.se\/klippan\/#website","url":"https:\/\/wp.kristdemokraterna.se\/klippan\/","name":"Klippan","description":"En till Kristdemokraterna webbplats","inLanguage":"sv-SE"},{"@type":"Person","@id":"https:\/\/wp.kristdemokraterna.se\/klippan\/#\/schema\/person\/7d98c45cdb8f672d1f67ceac8bb6f68f","name":"klippan","image":{"@type":"ImageObject","inLanguage":"sv-SE","@id":"https:\/\/secure.gravatar.com\/avatar\/c15534d9060eae6804b69ce13a7b0a1c3dbc2100970b48ddfd5782623228b696?s=96&r=g","url":"https:\/\/secure.gravatar.com\/avatar\/c15534d9060eae6804b69ce13a7b0a1c3dbc2100970b48ddfd5782623228b696?s=96&r=g","contentUrl":"https:\/\/secure.gravatar.com\/avatar\/c15534d9060eae6804b69ce13a7b0a1c3dbc2100970b48ddfd5782623228b696?s=96&r=g","caption":"klippan"},"url":"https:\/\/wp.kristdemokraterna.se\/klippan\/author\/klippan\/"}]}},"_links":{"self":[{"href":"https:\/\/wp.kristdemokraterna.se\/klippan\/wp-json\/wp\/v2\/posts\/727","targetHints":{"allow":["GET"]}}],"collection":[{"href":"https:\/\/wp.kristdemokraterna.se\/klippan\/wp-json\/wp\/v2\/posts"}],"about":[{"href":"https:\/\/wp.kristdemokraterna.se\/klippan\/wp-json\/wp\/v2\/types\/post"}],"author":[{"embeddable":true,"href":"https:\/\/wp.kristdemokraterna.se\/klippan\/wp-json\/wp\/v2\/users\/477"}],"replies":[{"embeddable":true,"href":"https:\/\/wp.kristdemokraterna.se\/klippan\/wp-json\/wp\/v2\/comments?post=727"}],"version-history":[{"count":1,"href":"https:\/\/wp.kristdemokraterna.se\/klippan\/wp-json\/wp\/v2\/posts\/727\/revisions"}],"predecessor-version":[{"id":729,"href":"https:\/\/wp.kristdemokraterna.se\/klippan\/wp-json\/wp\/v2\/posts\/727\/revisions\/729"}],"wp:attachment":[{"href":"https:\/\/wp.kristdemokraterna.se\/klippan\/wp-json\/wp\/v2\/media?parent=727"}],"wp:term":[{"taxonomy":"category","embeddable":true,"href":"https:\/\/wp.kristdemokraterna.se\/klippan\/wp-json\/wp\/v2\/categories?post=727"},{"taxonomy":"post_tag","embeddable":true,"href":"https:\/\/wp.kristdemokraterna.se\/klippan\/wp-json\/wp\/v2\/tags?post=727"}],"curies":[{"name":"wp","href":"https:\/\/api.w.org\/{rel}","templated":true}]}}