{"id":755,"date":"2017-09-21T10:23:26","date_gmt":"2017-09-21T08:23:26","guid":{"rendered":"http:\/\/wp.kristdemokraterna.se\/klippan\/?p=755"},"modified":"2017-09-21T10:23:26","modified_gmt":"2017-09-21T08:23:26","slug":"forssmed-om-regeringens-budget","status":"publish","type":"post","link":"https:\/\/wp.kristdemokraterna.se\/klippan\/forssmed-om-regeringens-budget\/","title":{"rendered":"Forssmed om regeringens budget"},"content":{"rendered":"<p><img decoding=\"async\" src=\"https:\/\/kristdemokraterna.se\/wp-content\/uploads\/2017\/06\/Jakob2_770-770x390.jpg\" \/><\/p>\n<p><strong>V\u00e5rdk\u00f6erna v\u00e4xer och bristen p\u00e5 \u00e4ldreomsorgsplatser tilltar, tudelningen p\u00e5 arbetsmarknaden forts\u00e4tter \u00f6ka och pension\u00e4rerna har ingen stark r\u00f6st vid regeringsbordet. Budgeten saknar viktiga reformer som bygger Sverige starkare fram\u00e5t.\u00a0Vi\u00a0ser f\u00f6rlorade \u00e5r f\u00f6r Sverige.\u00a0Det \u00e4r ett v\u00e4lf\u00e4rdssvek. Vi Kristdemokrater vill \u00e5teruppr\u00e4tta v\u00e4lf\u00e4rdsl\u00f6ftet, s\u00e4ger Jakob Forssmed.<\/strong><\/p>\n<p><a href=\"https:\/\/kristdemokraterna.se\/jakob-forssmed-om-regeringens-budget-forlorad-hogkonjunktur\/\">https:\/\/kristdemokraterna.se\/jakob-forssmed-om-regeringens-budget-forlorad-hogkonjunktur\/<\/a><\/p>\n","protected":false},"excerpt":{"rendered":"<p>V\u00e5rdk\u00f6erna v\u00e4xer och bristen p\u00e5 \u00e4ldreomsorgsplatser tilltar, tudelningen p\u00e5 arbetsmarknaden forts\u00e4tter \u00f6ka och pension\u00e4rerna har ingen stark r\u00f6st vid regeringsbordet. Budgeten saknar viktiga reformer som bygger Sverige starkare fram\u00e5t.\u00a0Vi\u00a0ser f\u00f6rlorade \u00e5r f\u00f6r Sverige.\u00a0Det \u00e4r ett v\u00e4lf\u00e4rdssvek. Vi Kristdemokrater vill \u00e5teruppr\u00e4tta v\u00e4lf\u00e4rdsl\u00f6ftet, s\u00e4ger Jakob Forssmed. https:\/\/kristdemokraterna.se\/jakob-forssmed-om-regeringens-budget-forlorad-hogkonjunktur\/<\/p>\n","protected":false},"author":545,"featured_media":0,"comment_status":"closed","ping_status":"closed","sticky":false,"template":"","format":"standard","meta":{"_acf_changed":false,"footnotes":""},"categories":[1],"tags":[],"class_list":["post-755","post","type-post","status-publish","format-standard","hentry","category-okategoriserade"],"acf":[],"yoast_head":"<!-- This site is optimized with the Yoast SEO plugin v27.4 - https:\/\/yoast.com\/product\/yoast-seo-wordpress\/ -->\n<title>Forssmed om regeringens budget - Klippan<\/title>\n<meta name=\"robots\" content=\"index, follow, max-snippet:-1, max-image-preview:large, max-video-preview:-1\" \/>\n<link rel=\"canonical\" href=\"https:\/\/wp.kristdemokraterna.se\/klippan\/forssmed-om-regeringens-budget\/\" \/>\n<meta property=\"og:locale\" content=\"sv_SE\" \/>\n<meta property=\"og:type\" content=\"article\" \/>\n<meta property=\"og:title\" content=\"Forssmed om regeringens budget - Klippan\" \/>\n<meta property=\"og:description\" content=\"V\u00e5rdk\u00f6erna v\u00e4xer och bristen p\u00e5 \u00e4ldreomsorgsplatser tilltar, tudelningen p\u00e5 arbetsmarknaden forts\u00e4tter \u00f6ka och pension\u00e4rerna har ingen stark r\u00f6st vid regeringsbordet. Budgeten saknar viktiga reformer som bygger Sverige starkare fram\u00e5t.\u00a0Vi\u00a0ser f\u00f6rlorade \u00e5r f\u00f6r Sverige.\u00a0Det \u00e4r ett v\u00e4lf\u00e4rdssvek. Vi Kristdemokrater vill \u00e5teruppr\u00e4tta v\u00e4lf\u00e4rdsl\u00f6ftet, s\u00e4ger Jakob Forssmed. https:\/\/kristdemokraterna.se\/jakob-forssmed-om-regeringens-budget-forlorad-hogkonjunktur\/\" \/>\n<meta property=\"og:url\" content=\"https:\/\/wp.kristdemokraterna.se\/klippan\/forssmed-om-regeringens-budget\/\" \/>\n<meta property=\"og:site_name\" content=\"Klippan\" \/>\n<meta property=\"article:published_time\" content=\"2017-09-21T08:23:26+00:00\" \/>\n<meta property=\"og:image\" content=\"https:\/\/kristdemokraterna.se\/wp-content\/uploads\/2017\/06\/Jakob2_770-770x390.jpg\" \/>\n<meta name=\"author\" content=\"bodil\" \/>\n<meta name=\"twitter:card\" content=\"summary_large_image\" \/>\n<meta name=\"twitter:label1\" content=\"Skriven av\" \/>\n\t<meta name=\"twitter:data1\" content=\"bodil\" \/>\n<script type=\"application\/ld+json\" class=\"yoast-schema-graph\">{\"@context\":\"https:\\\/\\\/schema.org\",\"@graph\":[{\"@type\":\"Article\",\"@id\":\"https:\\\/\\\/wp.kristdemokraterna.se\\\/klippan\\\/forssmed-om-regeringens-budget\\\/#article\",\"isPartOf\":{\"@id\":\"https:\\\/\\\/wp.kristdemokraterna.se\\\/klippan\\\/forssmed-om-regeringens-budget\\\/\"},\"author\":{\"name\":\"bodil\",\"@id\":\"https:\\\/\\\/wp.kristdemokraterna.se\\\/klippan\\\/#\\\/schema\\\/person\\\/c6a9f1b40c460596c205f46621b962a3\"},\"headline\":\"Forssmed om regeringens budget\",\"datePublished\":\"2017-09-21T08:23:26+00:00\",\"mainEntityOfPage\":{\"@id\":\"https:\\\/\\\/wp.kristdemokraterna.se\\\/klippan\\\/forssmed-om-regeringens-budget\\\/\"},\"wordCount\":71,\"image\":{\"@id\":\"https:\\\/\\\/wp.kristdemokraterna.se\\\/klippan\\\/forssmed-om-regeringens-budget\\\/#primaryimage\"},\"thumbnailUrl\":\"https:\\\/\\\/kristdemokraterna.se\\\/wp-content\\\/uploads\\\/2017\\\/06\\\/Jakob2_770-770x390.jpg\",\"inLanguage\":\"sv-SE\"},{\"@type\":\"WebPage\",\"@id\":\"https:\\\/\\\/wp.kristdemokraterna.se\\\/klippan\\\/forssmed-om-regeringens-budget\\\/\",\"url\":\"https:\\\/\\\/wp.kristdemokraterna.se\\\/klippan\\\/forssmed-om-regeringens-budget\\\/\",\"name\":\"Forssmed om regeringens budget - Klippan\",\"isPartOf\":{\"@id\":\"https:\\\/\\\/wp.kristdemokraterna.se\\\/klippan\\\/#website\"},\"primaryImageOfPage\":{\"@id\":\"https:\\\/\\\/wp.kristdemokraterna.se\\\/klippan\\\/forssmed-om-regeringens-budget\\\/#primaryimage\"},\"image\":{\"@id\":\"https:\\\/\\\/wp.kristdemokraterna.se\\\/klippan\\\/forssmed-om-regeringens-budget\\\/#primaryimage\"},\"thumbnailUrl\":\"https:\\\/\\\/kristdemokraterna.se\\\/wp-content\\\/uploads\\\/2017\\\/06\\\/Jakob2_770-770x390.jpg\",\"datePublished\":\"2017-09-21T08:23:26+00:00\",\"author\":{\"@id\":\"https:\\\/\\\/wp.kristdemokraterna.se\\\/klippan\\\/#\\\/schema\\\/person\\\/c6a9f1b40c460596c205f46621b962a3\"},\"breadcrumb\":{\"@id\":\"https:\\\/\\\/wp.kristdemokraterna.se\\\/klippan\\\/forssmed-om-regeringens-budget\\\/#breadcrumb\"},\"inLanguage\":\"sv-SE\",\"potentialAction\":[{\"@type\":\"ReadAction\",\"target\":[\"https:\\\/\\\/wp.kristdemokraterna.se\\\/klippan\\\/forssmed-om-regeringens-budget\\\/\"]}]},{\"@type\":\"ImageObject\",\"inLanguage\":\"sv-SE\",\"@id\":\"https:\\\/\\\/wp.kristdemokraterna.se\\\/klippan\\\/forssmed-om-regeringens-budget\\\/#primaryimage\",\"url\":\"https:\\\/\\\/kristdemokraterna.se\\\/wp-content\\\/uploads\\\/2017\\\/06\\\/Jakob2_770-770x390.jpg\",\"contentUrl\":\"https:\\\/\\\/kristdemokraterna.se\\\/wp-content\\\/uploads\\\/2017\\\/06\\\/Jakob2_770-770x390.jpg\"},{\"@type\":\"BreadcrumbList\",\"@id\":\"https:\\\/\\\/wp.kristdemokraterna.se\\\/klippan\\\/forssmed-om-regeringens-budget\\\/#breadcrumb\",\"itemListElement\":[{\"@type\":\"ListItem\",\"position\":1,\"name\":\"Hem\",\"item\":\"https:\\\/\\\/wp.kristdemokraterna.se\\\/klippan\\\/\"},{\"@type\":\"ListItem\",\"position\":2,\"name\":\"Forssmed om regeringens budget\"}]},{\"@type\":\"WebSite\",\"@id\":\"https:\\\/\\\/wp.kristdemokraterna.se\\\/klippan\\\/#website\",\"url\":\"https:\\\/\\\/wp.kristdemokraterna.se\\\/klippan\\\/\",\"name\":\"Klippan\",\"description\":\"En till Kristdemokraterna webbplats\",\"inLanguage\":\"sv-SE\"},{\"@type\":\"Person\",\"@id\":\"https:\\\/\\\/wp.kristdemokraterna.se\\\/klippan\\\/#\\\/schema\\\/person\\\/c6a9f1b40c460596c205f46621b962a3\",\"name\":\"bodil\",\"image\":{\"@type\":\"ImageObject\",\"inLanguage\":\"sv-SE\",\"@id\":\"https:\\\/\\\/secure.gravatar.com\\\/avatar\\\/b28889bac62e061e989e716a5f0a2269a4164284151f3e27bef399a70b3d31ea?s=96&r=g\",\"url\":\"https:\\\/\\\/secure.gravatar.com\\\/avatar\\\/b28889bac62e061e989e716a5f0a2269a4164284151f3e27bef399a70b3d31ea?s=96&r=g\",\"contentUrl\":\"https:\\\/\\\/secure.gravatar.com\\\/avatar\\\/b28889bac62e061e989e716a5f0a2269a4164284151f3e27bef399a70b3d31ea?s=96&r=g\",\"caption\":\"bodil\"},\"url\":\"https:\\\/\\\/wp.kristdemokraterna.se\\\/klippan\\\/author\\\/bodil\\\/\"}]}<\/script>\n<!-- \/ Yoast SEO plugin. -->","yoast_head_json":{"title":"Forssmed om regeringens budget - Klippan","robots":{"index":"index","follow":"follow","max-snippet":"max-snippet:-1","max-image-preview":"max-image-preview:large","max-video-preview":"max-video-preview:-1"},"canonical":"https:\/\/wp.kristdemokraterna.se\/klippan\/forssmed-om-regeringens-budget\/","og_locale":"sv_SE","og_type":"article","og_title":"Forssmed om regeringens budget - Klippan","og_description":"V\u00e5rdk\u00f6erna v\u00e4xer och bristen p\u00e5 \u00e4ldreomsorgsplatser tilltar, tudelningen p\u00e5 arbetsmarknaden forts\u00e4tter \u00f6ka och pension\u00e4rerna har ingen stark r\u00f6st vid regeringsbordet. Budgeten saknar viktiga reformer som bygger Sverige starkare fram\u00e5t.\u00a0Vi\u00a0ser f\u00f6rlorade \u00e5r f\u00f6r Sverige.\u00a0Det \u00e4r ett v\u00e4lf\u00e4rdssvek. Vi Kristdemokrater vill \u00e5teruppr\u00e4tta v\u00e4lf\u00e4rdsl\u00f6ftet, s\u00e4ger Jakob Forssmed. https:\/\/kristdemokraterna.se\/jakob-forssmed-om-regeringens-budget-forlorad-hogkonjunktur\/","og_url":"https:\/\/wp.kristdemokraterna.se\/klippan\/forssmed-om-regeringens-budget\/","og_site_name":"Klippan","article_published_time":"2017-09-21T08:23:26+00:00","og_image":[{"url":"https:\/\/kristdemokraterna.se\/wp-content\/uploads\/2017\/06\/Jakob2_770-770x390.jpg","type":"","width":"","height":""}],"author":"bodil","twitter_card":"summary_large_image","twitter_misc":{"Skriven av":"bodil"},"schema":{"@context":"https:\/\/schema.org","@graph":[{"@type":"Article","@id":"https:\/\/wp.kristdemokraterna.se\/klippan\/forssmed-om-regeringens-budget\/#article","isPartOf":{"@id":"https:\/\/wp.kristdemokraterna.se\/klippan\/forssmed-om-regeringens-budget\/"},"author":{"name":"bodil","@id":"https:\/\/wp.kristdemokraterna.se\/klippan\/#\/schema\/person\/c6a9f1b40c460596c205f46621b962a3"},"headline":"Forssmed om regeringens budget","datePublished":"2017-09-21T08:23:26+00:00","mainEntityOfPage":{"@id":"https:\/\/wp.kristdemokraterna.se\/klippan\/forssmed-om-regeringens-budget\/"},"wordCount":71,"image":{"@id":"https:\/\/wp.kristdemokraterna.se\/klippan\/forssmed-om-regeringens-budget\/#primaryimage"},"thumbnailUrl":"https:\/\/kristdemokraterna.se\/wp-content\/uploads\/2017\/06\/Jakob2_770-770x390.jpg","inLanguage":"sv-SE"},{"@type":"WebPage","@id":"https:\/\/wp.kristdemokraterna.se\/klippan\/forssmed-om-regeringens-budget\/","url":"https:\/\/wp.kristdemokraterna.se\/klippan\/forssmed-om-regeringens-budget\/","name":"Forssmed om regeringens budget - Klippan","isPartOf":{"@id":"https:\/\/wp.kristdemokraterna.se\/klippan\/#website"},"primaryImageOfPage":{"@id":"https:\/\/wp.kristdemokraterna.se\/klippan\/forssmed-om-regeringens-budget\/#primaryimage"},"image":{"@id":"https:\/\/wp.kristdemokraterna.se\/klippan\/forssmed-om-regeringens-budget\/#primaryimage"},"thumbnailUrl":"https:\/\/kristdemokraterna.se\/wp-content\/uploads\/2017\/06\/Jakob2_770-770x390.jpg","datePublished":"2017-09-21T08:23:26+00:00","author":{"@id":"https:\/\/wp.kristdemokraterna.se\/klippan\/#\/schema\/person\/c6a9f1b40c460596c205f46621b962a3"},"breadcrumb":{"@id":"https:\/\/wp.kristdemokraterna.se\/klippan\/forssmed-om-regeringens-budget\/#breadcrumb"},"inLanguage":"sv-SE","potentialAction":[{"@type":"ReadAction","target":["https:\/\/wp.kristdemokraterna.se\/klippan\/forssmed-om-regeringens-budget\/"]}]},{"@type":"ImageObject","inLanguage":"sv-SE","@id":"https:\/\/wp.kristdemokraterna.se\/klippan\/forssmed-om-regeringens-budget\/#primaryimage","url":"https:\/\/kristdemokraterna.se\/wp-content\/uploads\/2017\/06\/Jakob2_770-770x390.jpg","contentUrl":"https:\/\/kristdemokraterna.se\/wp-content\/uploads\/2017\/06\/Jakob2_770-770x390.jpg"},{"@type":"BreadcrumbList","@id":"https:\/\/wp.kristdemokraterna.se\/klippan\/forssmed-om-regeringens-budget\/#breadcrumb","itemListElement":[{"@type":"ListItem","position":1,"name":"Hem","item":"https:\/\/wp.kristdemokraterna.se\/klippan\/"},{"@type":"ListItem","position":2,"name":"Forssmed om regeringens budget"}]},{"@type":"WebSite","@id":"https:\/\/wp.kristdemokraterna.se\/klippan\/#website","url":"https:\/\/wp.kristdemokraterna.se\/klippan\/","name":"Klippan","description":"En till Kristdemokraterna webbplats","inLanguage":"sv-SE"},{"@type":"Person","@id":"https:\/\/wp.kristdemokraterna.se\/klippan\/#\/schema\/person\/c6a9f1b40c460596c205f46621b962a3","name":"bodil","image":{"@type":"ImageObject","inLanguage":"sv-SE","@id":"https:\/\/secure.gravatar.com\/avatar\/b28889bac62e061e989e716a5f0a2269a4164284151f3e27bef399a70b3d31ea?s=96&r=g","url":"https:\/\/secure.gravatar.com\/avatar\/b28889bac62e061e989e716a5f0a2269a4164284151f3e27bef399a70b3d31ea?s=96&r=g","contentUrl":"https:\/\/secure.gravatar.com\/avatar\/b28889bac62e061e989e716a5f0a2269a4164284151f3e27bef399a70b3d31ea?s=96&r=g","caption":"bodil"},"url":"https:\/\/wp.kristdemokraterna.se\/klippan\/author\/bodil\/"}]}},"_links":{"self":[{"href":"https:\/\/wp.kristdemokraterna.se\/klippan\/wp-json\/wp\/v2\/posts\/755","targetHints":{"allow":["GET"]}}],"collection":[{"href":"https:\/\/wp.kristdemokraterna.se\/klippan\/wp-json\/wp\/v2\/posts"}],"about":[{"href":"https:\/\/wp.kristdemokraterna.se\/klippan\/wp-json\/wp\/v2\/types\/post"}],"author":[{"embeddable":true,"href":"https:\/\/wp.kristdemokraterna.se\/klippan\/wp-json\/wp\/v2\/users\/545"}],"replies":[{"embeddable":true,"href":"https:\/\/wp.kristdemokraterna.se\/klippan\/wp-json\/wp\/v2\/comments?post=755"}],"version-history":[{"count":1,"href":"https:\/\/wp.kristdemokraterna.se\/klippan\/wp-json\/wp\/v2\/posts\/755\/revisions"}],"predecessor-version":[{"id":756,"href":"https:\/\/wp.kristdemokraterna.se\/klippan\/wp-json\/wp\/v2\/posts\/755\/revisions\/756"}],"wp:attachment":[{"href":"https:\/\/wp.kristdemokraterna.se\/klippan\/wp-json\/wp\/v2\/media?parent=755"}],"wp:term":[{"taxonomy":"category","embeddable":true,"href":"https:\/\/wp.kristdemokraterna.se\/klippan\/wp-json\/wp\/v2\/categories?post=755"},{"taxonomy":"post_tag","embeddable":true,"href":"https:\/\/wp.kristdemokraterna.se\/klippan\/wp-json\/wp\/v2\/tags?post=755"}],"curies":[{"name":"wp","href":"https:\/\/api.w.org\/{rel}","templated":true}]}}