{"id":772,"date":"2018-02-25T10:04:43","date_gmt":"2018-02-25T09:04:43","guid":{"rendered":"http:\/\/wp.kristdemokraterna.se\/klippan\/?p=772"},"modified":"2018-08-12T22:17:45","modified_gmt":"2018-08-12T20:17:45","slug":"arsmotet-ar-avklarat","status":"publish","type":"post","link":"https:\/\/wp.kristdemokraterna.se\/klippan\/arsmotet-ar-avklarat\/","title":{"rendered":"\u00c5rsm\u00f6tet \u00e4r avklarat !"},"content":{"rendered":"<p><img loading=\"lazy\" decoding=\"async\" class=\"alignleft size-medium wp-image-425\" src=\"http:\/\/wp.kristdemokraterna.se\/klippan\/files\/2014\/02\/robert_0357-e1525815853653-221x300.jpg\" alt=\"\" width=\"221\" height=\"300\" \/><img loading=\"lazy\" decoding=\"async\" class=\"alignnone size-medium wp-image-424\" src=\"http:\/\/wp.kristdemokraterna.se\/klippan\/files\/2014\/02\/lotta_0345-297x300.jpg\" alt=\"\" width=\"297\" height=\"300\" srcset=\"https:\/\/wp.kristdemokraterna.se\/klippan\/files\/2014\/02\/lotta_0345-297x300.jpg 297w, https:\/\/wp.kristdemokraterna.se\/klippan\/files\/2014\/02\/lotta_0345-535x540.jpg 535w, https:\/\/wp.kristdemokraterna.se\/klippan\/files\/2014\/02\/lotta_0345-343x346.jpg 343w, https:\/\/wp.kristdemokraterna.se\/klippan\/files\/2014\/02\/lotta_0345-111x112.jpg 111w\" sizes=\"auto, (max-width: 297px) 100vw, 297px\" \/><img loading=\"lazy\" decoding=\"async\" class=\"alignnone size-medium wp-image-419\" src=\"http:\/\/wp.kristdemokraterna.se\/klippan\/files\/2014\/02\/bodil_0193-221x300.jpg\" alt=\"\" width=\"221\" height=\"300\" srcset=\"https:\/\/wp.kristdemokraterna.se\/klippan\/files\/2014\/02\/bodil_0193-221x300.jpg 221w, https:\/\/wp.kristdemokraterna.se\/klippan\/files\/2014\/02\/bodil_0193-398x540.jpg 398w, https:\/\/wp.kristdemokraterna.se\/klippan\/files\/2014\/02\/bodil_0193-255x346.jpg 255w, https:\/\/wp.kristdemokraterna.se\/klippan\/files\/2014\/02\/bodil_0193-82x112.jpg 82w\" sizes=\"auto, (max-width: 221px) 100vw, 221px\" \/><\/p>\n<p>Tack alla h\u00e4rliga medlemmar som sl\u00f6t upp. Vi tog beslut p\u00e5 de tre f\u00f6rsta namnen p\u00e5 v\u00e5r kommunfullm\u00e4ktige lista med.<\/p>\n<p>Toppnamn: Robert Larsson, fastighetstekniker, Ljungbyhed. V\u00e5r trygga man med b\u00e4gge f\u00f6tterna p\u00e5 jorden. Har en fantastisk bred kunskap.<\/p>\n<p>Nummer 2 \u00e4r Charlotte Anderberg- Eliasson,Pedagogisk utvecklare, Positiv, kunnig och fantastiskt engagerad, stor kunskap inom skolans omr\u00e5de.<\/p>\n<p>Nummer 3 \u00e4r Bodil Andersson, mass\u00f6r, Ljungbyhed. Envis och nyfiken. Brinner f\u00f6r de svagaste i samh\u00e4llet. R\u00e4ttvisa och lika behandling \u00e4r viktigt.<\/p>\n","protected":false},"excerpt":{"rendered":"<p>Tack alla h\u00e4rliga medlemmar som sl\u00f6t upp. Vi tog beslut p\u00e5 de tre f\u00f6rsta namnen p\u00e5 v\u00e5r kommunfullm\u00e4ktige lista med. Toppnamn: Robert Larsson, fastighetstekniker, Ljungbyhed. V\u00e5r trygga man med b\u00e4gge f\u00f6tterna p\u00e5 jorden. Har en fantastisk bred kunskap. Nummer 2 \u00e4r Charlotte Anderberg- Eliasson,Pedagogisk utvecklare, Positiv, kunnig och fantastiskt engagerad, stor kunskap inom skolans omr\u00e5de. <a class=\"read-more-link\" href=\"https:\/\/wp.kristdemokraterna.se\/klippan\/arsmotet-ar-avklarat\/\">Read More<\/a><\/p>\n","protected":false},"author":545,"featured_media":0,"comment_status":"closed","ping_status":"closed","sticky":false,"template":"","format":"standard","meta":{"_acf_changed":false,"footnotes":""},"categories":[15],"tags":[],"class_list":["post-772","post","type-post","status-publish","format-standard","hentry","category-inlagg"],"acf":[],"yoast_head":"<!-- This site is optimized with the Yoast SEO plugin v27.4 - https:\/\/yoast.com\/product\/yoast-seo-wordpress\/ -->\n<title>\u00c5rsm\u00f6tet \u00e4r avklarat ! - Klippan<\/title>\n<meta name=\"robots\" content=\"index, follow, max-snippet:-1, max-image-preview:large, max-video-preview:-1\" \/>\n<link rel=\"canonical\" href=\"https:\/\/wp.kristdemokraterna.se\/klippan\/arsmotet-ar-avklarat\/\" \/>\n<meta property=\"og:locale\" content=\"sv_SE\" \/>\n<meta property=\"og:type\" content=\"article\" \/>\n<meta property=\"og:title\" content=\"\u00c5rsm\u00f6tet \u00e4r avklarat ! - Klippan\" \/>\n<meta property=\"og:description\" content=\"Tack alla h\u00e4rliga medlemmar som sl\u00f6t upp. Vi tog beslut p\u00e5 de tre f\u00f6rsta namnen p\u00e5 v\u00e5r kommunfullm\u00e4ktige lista med. Toppnamn: Robert Larsson, fastighetstekniker, Ljungbyhed. V\u00e5r trygga man med b\u00e4gge f\u00f6tterna p\u00e5 jorden. Har en fantastisk bred kunskap. Nummer 2 \u00e4r Charlotte Anderberg- Eliasson,Pedagogisk utvecklare, Positiv, kunnig och fantastiskt engagerad, stor kunskap inom skolans omr\u00e5de. Read More\" \/>\n<meta property=\"og:url\" content=\"https:\/\/wp.kristdemokraterna.se\/klippan\/arsmotet-ar-avklarat\/\" \/>\n<meta property=\"og:site_name\" content=\"Klippan\" \/>\n<meta property=\"article:published_time\" content=\"2018-02-25T09:04:43+00:00\" \/>\n<meta property=\"article:modified_time\" content=\"2018-08-12T20:17:45+00:00\" \/>\n<meta property=\"og:image\" content=\"http:\/\/wp.kristdemokraterna.se\/klippan\/files\/2014\/02\/robert_0357-e1525815853653-221x300.jpg\" \/>\n<meta name=\"author\" content=\"bodil\" \/>\n<meta name=\"twitter:card\" content=\"summary_large_image\" \/>\n<meta name=\"twitter:label1\" content=\"Skriven av\" \/>\n\t<meta name=\"twitter:data1\" content=\"bodil\" \/>\n<script type=\"application\/ld+json\" class=\"yoast-schema-graph\">{\"@context\":\"https:\\\/\\\/schema.org\",\"@graph\":[{\"@type\":\"Article\",\"@id\":\"https:\\\/\\\/wp.kristdemokraterna.se\\\/klippan\\\/arsmotet-ar-avklarat\\\/#article\",\"isPartOf\":{\"@id\":\"https:\\\/\\\/wp.kristdemokraterna.se\\\/klippan\\\/arsmotet-ar-avklarat\\\/\"},\"author\":{\"name\":\"bodil\",\"@id\":\"https:\\\/\\\/wp.kristdemokraterna.se\\\/klippan\\\/#\\\/schema\\\/person\\\/c6a9f1b40c460596c205f46621b962a3\"},\"headline\":\"\u00c5rsm\u00f6tet \u00e4r avklarat !\",\"datePublished\":\"2018-02-25T09:04:43+00:00\",\"dateModified\":\"2018-08-12T20:17:45+00:00\",\"mainEntityOfPage\":{\"@id\":\"https:\\\/\\\/wp.kristdemokraterna.se\\\/klippan\\\/arsmotet-ar-avklarat\\\/\"},\"wordCount\":93,\"image\":{\"@id\":\"https:\\\/\\\/wp.kristdemokraterna.se\\\/klippan\\\/arsmotet-ar-avklarat\\\/#primaryimage\"},\"thumbnailUrl\":\"http:\\\/\\\/wp.kristdemokraterna.se\\\/klippan\\\/files\\\/2014\\\/02\\\/robert_0357-e1525815853653-221x300.jpg\",\"articleSection\":[\"Inl\u00e4gg\"],\"inLanguage\":\"sv-SE\"},{\"@type\":\"WebPage\",\"@id\":\"https:\\\/\\\/wp.kristdemokraterna.se\\\/klippan\\\/arsmotet-ar-avklarat\\\/\",\"url\":\"https:\\\/\\\/wp.kristdemokraterna.se\\\/klippan\\\/arsmotet-ar-avklarat\\\/\",\"name\":\"\u00c5rsm\u00f6tet \u00e4r avklarat ! - Klippan\",\"isPartOf\":{\"@id\":\"https:\\\/\\\/wp.kristdemokraterna.se\\\/klippan\\\/#website\"},\"primaryImageOfPage\":{\"@id\":\"https:\\\/\\\/wp.kristdemokraterna.se\\\/klippan\\\/arsmotet-ar-avklarat\\\/#primaryimage\"},\"image\":{\"@id\":\"https:\\\/\\\/wp.kristdemokraterna.se\\\/klippan\\\/arsmotet-ar-avklarat\\\/#primaryimage\"},\"thumbnailUrl\":\"http:\\\/\\\/wp.kristdemokraterna.se\\\/klippan\\\/files\\\/2014\\\/02\\\/robert_0357-e1525815853653-221x300.jpg\",\"datePublished\":\"2018-02-25T09:04:43+00:00\",\"dateModified\":\"2018-08-12T20:17:45+00:00\",\"author\":{\"@id\":\"https:\\\/\\\/wp.kristdemokraterna.se\\\/klippan\\\/#\\\/schema\\\/person\\\/c6a9f1b40c460596c205f46621b962a3\"},\"breadcrumb\":{\"@id\":\"https:\\\/\\\/wp.kristdemokraterna.se\\\/klippan\\\/arsmotet-ar-avklarat\\\/#breadcrumb\"},\"inLanguage\":\"sv-SE\",\"potentialAction\":[{\"@type\":\"ReadAction\",\"target\":[\"https:\\\/\\\/wp.kristdemokraterna.se\\\/klippan\\\/arsmotet-ar-avklarat\\\/\"]}]},{\"@type\":\"ImageObject\",\"inLanguage\":\"sv-SE\",\"@id\":\"https:\\\/\\\/wp.kristdemokraterna.se\\\/klippan\\\/arsmotet-ar-avklarat\\\/#primaryimage\",\"url\":\"http:\\\/\\\/wp.kristdemokraterna.se\\\/klippan\\\/files\\\/2014\\\/02\\\/robert_0357-e1525815853653-221x300.jpg\",\"contentUrl\":\"http:\\\/\\\/wp.kristdemokraterna.se\\\/klippan\\\/files\\\/2014\\\/02\\\/robert_0357-e1525815853653-221x300.jpg\"},{\"@type\":\"BreadcrumbList\",\"@id\":\"https:\\\/\\\/wp.kristdemokraterna.se\\\/klippan\\\/arsmotet-ar-avklarat\\\/#breadcrumb\",\"itemListElement\":[{\"@type\":\"ListItem\",\"position\":1,\"name\":\"Hem\",\"item\":\"https:\\\/\\\/wp.kristdemokraterna.se\\\/klippan\\\/\"},{\"@type\":\"ListItem\",\"position\":2,\"name\":\"\u00c5rsm\u00f6tet \u00e4r avklarat !\"}]},{\"@type\":\"WebSite\",\"@id\":\"https:\\\/\\\/wp.kristdemokraterna.se\\\/klippan\\\/#website\",\"url\":\"https:\\\/\\\/wp.kristdemokraterna.se\\\/klippan\\\/\",\"name\":\"Klippan\",\"description\":\"En till Kristdemokraterna webbplats\",\"inLanguage\":\"sv-SE\"},{\"@type\":\"Person\",\"@id\":\"https:\\\/\\\/wp.kristdemokraterna.se\\\/klippan\\\/#\\\/schema\\\/person\\\/c6a9f1b40c460596c205f46621b962a3\",\"name\":\"bodil\",\"image\":{\"@type\":\"ImageObject\",\"inLanguage\":\"sv-SE\",\"@id\":\"https:\\\/\\\/secure.gravatar.com\\\/avatar\\\/b28889bac62e061e989e716a5f0a2269a4164284151f3e27bef399a70b3d31ea?s=96&r=g\",\"url\":\"https:\\\/\\\/secure.gravatar.com\\\/avatar\\\/b28889bac62e061e989e716a5f0a2269a4164284151f3e27bef399a70b3d31ea?s=96&r=g\",\"contentUrl\":\"https:\\\/\\\/secure.gravatar.com\\\/avatar\\\/b28889bac62e061e989e716a5f0a2269a4164284151f3e27bef399a70b3d31ea?s=96&r=g\",\"caption\":\"bodil\"},\"url\":\"https:\\\/\\\/wp.kristdemokraterna.se\\\/klippan\\\/author\\\/bodil\\\/\"}]}<\/script>\n<!-- \/ Yoast SEO plugin. -->","yoast_head_json":{"title":"\u00c5rsm\u00f6tet \u00e4r avklarat ! - Klippan","robots":{"index":"index","follow":"follow","max-snippet":"max-snippet:-1","max-image-preview":"max-image-preview:large","max-video-preview":"max-video-preview:-1"},"canonical":"https:\/\/wp.kristdemokraterna.se\/klippan\/arsmotet-ar-avklarat\/","og_locale":"sv_SE","og_type":"article","og_title":"\u00c5rsm\u00f6tet \u00e4r avklarat ! - Klippan","og_description":"Tack alla h\u00e4rliga medlemmar som sl\u00f6t upp. Vi tog beslut p\u00e5 de tre f\u00f6rsta namnen p\u00e5 v\u00e5r kommunfullm\u00e4ktige lista med. Toppnamn: Robert Larsson, fastighetstekniker, Ljungbyhed. V\u00e5r trygga man med b\u00e4gge f\u00f6tterna p\u00e5 jorden. Har en fantastisk bred kunskap. Nummer 2 \u00e4r Charlotte Anderberg- Eliasson,Pedagogisk utvecklare, Positiv, kunnig och fantastiskt engagerad, stor kunskap inom skolans omr\u00e5de. Read More","og_url":"https:\/\/wp.kristdemokraterna.se\/klippan\/arsmotet-ar-avklarat\/","og_site_name":"Klippan","article_published_time":"2018-02-25T09:04:43+00:00","article_modified_time":"2018-08-12T20:17:45+00:00","og_image":[{"url":"http:\/\/wp.kristdemokraterna.se\/klippan\/files\/2014\/02\/robert_0357-e1525815853653-221x300.jpg","type":"","width":"","height":""}],"author":"bodil","twitter_card":"summary_large_image","twitter_misc":{"Skriven av":"bodil"},"schema":{"@context":"https:\/\/schema.org","@graph":[{"@type":"Article","@id":"https:\/\/wp.kristdemokraterna.se\/klippan\/arsmotet-ar-avklarat\/#article","isPartOf":{"@id":"https:\/\/wp.kristdemokraterna.se\/klippan\/arsmotet-ar-avklarat\/"},"author":{"name":"bodil","@id":"https:\/\/wp.kristdemokraterna.se\/klippan\/#\/schema\/person\/c6a9f1b40c460596c205f46621b962a3"},"headline":"\u00c5rsm\u00f6tet \u00e4r avklarat !","datePublished":"2018-02-25T09:04:43+00:00","dateModified":"2018-08-12T20:17:45+00:00","mainEntityOfPage":{"@id":"https:\/\/wp.kristdemokraterna.se\/klippan\/arsmotet-ar-avklarat\/"},"wordCount":93,"image":{"@id":"https:\/\/wp.kristdemokraterna.se\/klippan\/arsmotet-ar-avklarat\/#primaryimage"},"thumbnailUrl":"http:\/\/wp.kristdemokraterna.se\/klippan\/files\/2014\/02\/robert_0357-e1525815853653-221x300.jpg","articleSection":["Inl\u00e4gg"],"inLanguage":"sv-SE"},{"@type":"WebPage","@id":"https:\/\/wp.kristdemokraterna.se\/klippan\/arsmotet-ar-avklarat\/","url":"https:\/\/wp.kristdemokraterna.se\/klippan\/arsmotet-ar-avklarat\/","name":"\u00c5rsm\u00f6tet \u00e4r avklarat ! - Klippan","isPartOf":{"@id":"https:\/\/wp.kristdemokraterna.se\/klippan\/#website"},"primaryImageOfPage":{"@id":"https:\/\/wp.kristdemokraterna.se\/klippan\/arsmotet-ar-avklarat\/#primaryimage"},"image":{"@id":"https:\/\/wp.kristdemokraterna.se\/klippan\/arsmotet-ar-avklarat\/#primaryimage"},"thumbnailUrl":"http:\/\/wp.kristdemokraterna.se\/klippan\/files\/2014\/02\/robert_0357-e1525815853653-221x300.jpg","datePublished":"2018-02-25T09:04:43+00:00","dateModified":"2018-08-12T20:17:45+00:00","author":{"@id":"https:\/\/wp.kristdemokraterna.se\/klippan\/#\/schema\/person\/c6a9f1b40c460596c205f46621b962a3"},"breadcrumb":{"@id":"https:\/\/wp.kristdemokraterna.se\/klippan\/arsmotet-ar-avklarat\/#breadcrumb"},"inLanguage":"sv-SE","potentialAction":[{"@type":"ReadAction","target":["https:\/\/wp.kristdemokraterna.se\/klippan\/arsmotet-ar-avklarat\/"]}]},{"@type":"ImageObject","inLanguage":"sv-SE","@id":"https:\/\/wp.kristdemokraterna.se\/klippan\/arsmotet-ar-avklarat\/#primaryimage","url":"http:\/\/wp.kristdemokraterna.se\/klippan\/files\/2014\/02\/robert_0357-e1525815853653-221x300.jpg","contentUrl":"http:\/\/wp.kristdemokraterna.se\/klippan\/files\/2014\/02\/robert_0357-e1525815853653-221x300.jpg"},{"@type":"BreadcrumbList","@id":"https:\/\/wp.kristdemokraterna.se\/klippan\/arsmotet-ar-avklarat\/#breadcrumb","itemListElement":[{"@type":"ListItem","position":1,"name":"Hem","item":"https:\/\/wp.kristdemokraterna.se\/klippan\/"},{"@type":"ListItem","position":2,"name":"\u00c5rsm\u00f6tet \u00e4r avklarat !"}]},{"@type":"WebSite","@id":"https:\/\/wp.kristdemokraterna.se\/klippan\/#website","url":"https:\/\/wp.kristdemokraterna.se\/klippan\/","name":"Klippan","description":"En till Kristdemokraterna webbplats","inLanguage":"sv-SE"},{"@type":"Person","@id":"https:\/\/wp.kristdemokraterna.se\/klippan\/#\/schema\/person\/c6a9f1b40c460596c205f46621b962a3","name":"bodil","image":{"@type":"ImageObject","inLanguage":"sv-SE","@id":"https:\/\/secure.gravatar.com\/avatar\/b28889bac62e061e989e716a5f0a2269a4164284151f3e27bef399a70b3d31ea?s=96&r=g","url":"https:\/\/secure.gravatar.com\/avatar\/b28889bac62e061e989e716a5f0a2269a4164284151f3e27bef399a70b3d31ea?s=96&r=g","contentUrl":"https:\/\/secure.gravatar.com\/avatar\/b28889bac62e061e989e716a5f0a2269a4164284151f3e27bef399a70b3d31ea?s=96&r=g","caption":"bodil"},"url":"https:\/\/wp.kristdemokraterna.se\/klippan\/author\/bodil\/"}]}},"_links":{"self":[{"href":"https:\/\/wp.kristdemokraterna.se\/klippan\/wp-json\/wp\/v2\/posts\/772","targetHints":{"allow":["GET"]}}],"collection":[{"href":"https:\/\/wp.kristdemokraterna.se\/klippan\/wp-json\/wp\/v2\/posts"}],"about":[{"href":"https:\/\/wp.kristdemokraterna.se\/klippan\/wp-json\/wp\/v2\/types\/post"}],"author":[{"embeddable":true,"href":"https:\/\/wp.kristdemokraterna.se\/klippan\/wp-json\/wp\/v2\/users\/545"}],"replies":[{"embeddable":true,"href":"https:\/\/wp.kristdemokraterna.se\/klippan\/wp-json\/wp\/v2\/comments?post=772"}],"version-history":[{"count":10,"href":"https:\/\/wp.kristdemokraterna.se\/klippan\/wp-json\/wp\/v2\/posts\/772\/revisions"}],"predecessor-version":[{"id":894,"href":"https:\/\/wp.kristdemokraterna.se\/klippan\/wp-json\/wp\/v2\/posts\/772\/revisions\/894"}],"wp:attachment":[{"href":"https:\/\/wp.kristdemokraterna.se\/klippan\/wp-json\/wp\/v2\/media?parent=772"}],"wp:term":[{"taxonomy":"category","embeddable":true,"href":"https:\/\/wp.kristdemokraterna.se\/klippan\/wp-json\/wp\/v2\/categories?post=772"},{"taxonomy":"post_tag","embeddable":true,"href":"https:\/\/wp.kristdemokraterna.se\/klippan\/wp-json\/wp\/v2\/tags?post=772"}],"curies":[{"name":"wp","href":"https:\/\/api.w.org\/{rel}","templated":true}]}}