{"id":903,"date":"2018-08-14T21:56:04","date_gmt":"2018-08-14T19:56:04","guid":{"rendered":"http:\/\/wp.kristdemokraterna.se\/klippan\/?p=903"},"modified":"2018-08-14T22:23:06","modified_gmt":"2018-08-14T20:23:06","slug":"3-bodil-andersson","status":"publish","type":"post","link":"https:\/\/wp.kristdemokraterna.se\/klippan\/3-bodil-andersson\/","title":{"rendered":"3. Bodil Andersson"},"content":{"rendered":"<p>Bodil \u00e4r nr 3 p\u00e5 v\u00e5r kommunfullm\u00e4ktigelista<\/p>\n<p>Bodil arbetar som mass\u00f6r och \u00e4r ordf\u00f6rande f\u00f6r KD Kippan<\/p>\n<p>Jag vill arbeta f\u00f6r de svaga i samh\u00e4llet och kommer aldrig att ge upp min<br \/>\npositiva inst\u00e4llning till m\u00e4nniskors f\u00f6rm\u00e5gor. F\u00f6r ett bra samh\u00e4llsklimat<br \/>\nm\u00e5ste familjen prioriteras. H\u00e4r inkluderar jag givetvis v\u00e5ra seniorer<\/p>\n","protected":false},"excerpt":{"rendered":"<p>Bodil \u00e4r nr 3 p\u00e5 v\u00e5r kommunfullm\u00e4ktigelista Bodil arbetar som mass\u00f6r och \u00e4r ordf\u00f6rande f\u00f6r KD Kippan Jag vill arbeta f\u00f6r de svaga i samh\u00e4llet och kommer aldrig att ge upp min positiva inst\u00e4llning till m\u00e4nniskors f\u00f6rm\u00e5gor. F\u00f6r ett bra samh\u00e4llsklimat m\u00e5ste familjen prioriteras. H\u00e4r inkluderar jag givetvis v\u00e5ra seniorer<\/p>\n","protected":false},"author":477,"featured_media":0,"comment_status":"closed","ping_status":"closed","sticky":false,"template":"","format":"standard","meta":{"_acf_changed":false,"footnotes":""},"categories":[1],"tags":[],"class_list":["post-903","post","type-post","status-publish","format-standard","hentry","category-okategoriserade"],"acf":[],"yoast_head":"<!-- This site is optimized with the Yoast SEO plugin v27.4 - https:\/\/yoast.com\/product\/yoast-seo-wordpress\/ -->\n<title>3. Bodil Andersson - Klippan<\/title>\n<meta name=\"robots\" content=\"index, follow, max-snippet:-1, max-image-preview:large, max-video-preview:-1\" \/>\n<link rel=\"canonical\" href=\"https:\/\/wp.kristdemokraterna.se\/klippan\/3-bodil-andersson\/\" \/>\n<meta property=\"og:locale\" content=\"sv_SE\" \/>\n<meta property=\"og:type\" content=\"article\" \/>\n<meta property=\"og:title\" content=\"3. Bodil Andersson - Klippan\" \/>\n<meta property=\"og:description\" content=\"Bodil \u00e4r nr 3 p\u00e5 v\u00e5r kommunfullm\u00e4ktigelista Bodil arbetar som mass\u00f6r och \u00e4r ordf\u00f6rande f\u00f6r KD Kippan Jag vill arbeta f\u00f6r de svaga i samh\u00e4llet och kommer aldrig att ge upp min positiva inst\u00e4llning till m\u00e4nniskors f\u00f6rm\u00e5gor. F\u00f6r ett bra samh\u00e4llsklimat m\u00e5ste familjen prioriteras. H\u00e4r inkluderar jag givetvis v\u00e5ra seniorer\" \/>\n<meta property=\"og:url\" content=\"https:\/\/wp.kristdemokraterna.se\/klippan\/3-bodil-andersson\/\" \/>\n<meta property=\"og:site_name\" content=\"Klippan\" \/>\n<meta property=\"article:published_time\" content=\"2018-08-14T19:56:04+00:00\" \/>\n<meta property=\"article:modified_time\" content=\"2018-08-14T20:23:06+00:00\" \/>\n<meta name=\"author\" content=\"klippan\" \/>\n<meta name=\"twitter:card\" content=\"summary_large_image\" \/>\n<meta name=\"twitter:label1\" content=\"Skriven av\" \/>\n\t<meta name=\"twitter:data1\" content=\"klippan\" \/>\n<script type=\"application\/ld+json\" class=\"yoast-schema-graph\">{\"@context\":\"https:\\\/\\\/schema.org\",\"@graph\":[{\"@type\":\"Article\",\"@id\":\"https:\\\/\\\/wp.kristdemokraterna.se\\\/klippan\\\/3-bodil-andersson\\\/#article\",\"isPartOf\":{\"@id\":\"https:\\\/\\\/wp.kristdemokraterna.se\\\/klippan\\\/3-bodil-andersson\\\/\"},\"author\":{\"name\":\"klippan\",\"@id\":\"https:\\\/\\\/wp.kristdemokraterna.se\\\/klippan\\\/#\\\/schema\\\/person\\\/7d98c45cdb8f672d1f67ceac8bb6f68f\"},\"headline\":\"3. Bodil Andersson\",\"datePublished\":\"2018-08-14T19:56:04+00:00\",\"dateModified\":\"2018-08-14T20:23:06+00:00\",\"mainEntityOfPage\":{\"@id\":\"https:\\\/\\\/wp.kristdemokraterna.se\\\/klippan\\\/3-bodil-andersson\\\/\"},\"wordCount\":67,\"inLanguage\":\"sv-SE\"},{\"@type\":\"WebPage\",\"@id\":\"https:\\\/\\\/wp.kristdemokraterna.se\\\/klippan\\\/3-bodil-andersson\\\/\",\"url\":\"https:\\\/\\\/wp.kristdemokraterna.se\\\/klippan\\\/3-bodil-andersson\\\/\",\"name\":\"3. Bodil Andersson - Klippan\",\"isPartOf\":{\"@id\":\"https:\\\/\\\/wp.kristdemokraterna.se\\\/klippan\\\/#website\"},\"datePublished\":\"2018-08-14T19:56:04+00:00\",\"dateModified\":\"2018-08-14T20:23:06+00:00\",\"author\":{\"@id\":\"https:\\\/\\\/wp.kristdemokraterna.se\\\/klippan\\\/#\\\/schema\\\/person\\\/7d98c45cdb8f672d1f67ceac8bb6f68f\"},\"breadcrumb\":{\"@id\":\"https:\\\/\\\/wp.kristdemokraterna.se\\\/klippan\\\/3-bodil-andersson\\\/#breadcrumb\"},\"inLanguage\":\"sv-SE\",\"potentialAction\":[{\"@type\":\"ReadAction\",\"target\":[\"https:\\\/\\\/wp.kristdemokraterna.se\\\/klippan\\\/3-bodil-andersson\\\/\"]}]},{\"@type\":\"BreadcrumbList\",\"@id\":\"https:\\\/\\\/wp.kristdemokraterna.se\\\/klippan\\\/3-bodil-andersson\\\/#breadcrumb\",\"itemListElement\":[{\"@type\":\"ListItem\",\"position\":1,\"name\":\"Hem\",\"item\":\"https:\\\/\\\/wp.kristdemokraterna.se\\\/klippan\\\/\"},{\"@type\":\"ListItem\",\"position\":2,\"name\":\"3. Bodil Andersson\"}]},{\"@type\":\"WebSite\",\"@id\":\"https:\\\/\\\/wp.kristdemokraterna.se\\\/klippan\\\/#website\",\"url\":\"https:\\\/\\\/wp.kristdemokraterna.se\\\/klippan\\\/\",\"name\":\"Klippan\",\"description\":\"En till Kristdemokraterna webbplats\",\"inLanguage\":\"sv-SE\"},{\"@type\":\"Person\",\"@id\":\"https:\\\/\\\/wp.kristdemokraterna.se\\\/klippan\\\/#\\\/schema\\\/person\\\/7d98c45cdb8f672d1f67ceac8bb6f68f\",\"name\":\"klippan\",\"image\":{\"@type\":\"ImageObject\",\"inLanguage\":\"sv-SE\",\"@id\":\"https:\\\/\\\/secure.gravatar.com\\\/avatar\\\/c15534d9060eae6804b69ce13a7b0a1c3dbc2100970b48ddfd5782623228b696?s=96&r=g\",\"url\":\"https:\\\/\\\/secure.gravatar.com\\\/avatar\\\/c15534d9060eae6804b69ce13a7b0a1c3dbc2100970b48ddfd5782623228b696?s=96&r=g\",\"contentUrl\":\"https:\\\/\\\/secure.gravatar.com\\\/avatar\\\/c15534d9060eae6804b69ce13a7b0a1c3dbc2100970b48ddfd5782623228b696?s=96&r=g\",\"caption\":\"klippan\"},\"url\":\"https:\\\/\\\/wp.kristdemokraterna.se\\\/klippan\\\/author\\\/klippan\\\/\"}]}<\/script>\n<!-- \/ Yoast SEO plugin. -->","yoast_head_json":{"title":"3. Bodil Andersson - Klippan","robots":{"index":"index","follow":"follow","max-snippet":"max-snippet:-1","max-image-preview":"max-image-preview:large","max-video-preview":"max-video-preview:-1"},"canonical":"https:\/\/wp.kristdemokraterna.se\/klippan\/3-bodil-andersson\/","og_locale":"sv_SE","og_type":"article","og_title":"3. Bodil Andersson - Klippan","og_description":"Bodil \u00e4r nr 3 p\u00e5 v\u00e5r kommunfullm\u00e4ktigelista Bodil arbetar som mass\u00f6r och \u00e4r ordf\u00f6rande f\u00f6r KD Kippan Jag vill arbeta f\u00f6r de svaga i samh\u00e4llet och kommer aldrig att ge upp min positiva inst\u00e4llning till m\u00e4nniskors f\u00f6rm\u00e5gor. F\u00f6r ett bra samh\u00e4llsklimat m\u00e5ste familjen prioriteras. H\u00e4r inkluderar jag givetvis v\u00e5ra seniorer","og_url":"https:\/\/wp.kristdemokraterna.se\/klippan\/3-bodil-andersson\/","og_site_name":"Klippan","article_published_time":"2018-08-14T19:56:04+00:00","article_modified_time":"2018-08-14T20:23:06+00:00","author":"klippan","twitter_card":"summary_large_image","twitter_misc":{"Skriven av":"klippan"},"schema":{"@context":"https:\/\/schema.org","@graph":[{"@type":"Article","@id":"https:\/\/wp.kristdemokraterna.se\/klippan\/3-bodil-andersson\/#article","isPartOf":{"@id":"https:\/\/wp.kristdemokraterna.se\/klippan\/3-bodil-andersson\/"},"author":{"name":"klippan","@id":"https:\/\/wp.kristdemokraterna.se\/klippan\/#\/schema\/person\/7d98c45cdb8f672d1f67ceac8bb6f68f"},"headline":"3. Bodil Andersson","datePublished":"2018-08-14T19:56:04+00:00","dateModified":"2018-08-14T20:23:06+00:00","mainEntityOfPage":{"@id":"https:\/\/wp.kristdemokraterna.se\/klippan\/3-bodil-andersson\/"},"wordCount":67,"inLanguage":"sv-SE"},{"@type":"WebPage","@id":"https:\/\/wp.kristdemokraterna.se\/klippan\/3-bodil-andersson\/","url":"https:\/\/wp.kristdemokraterna.se\/klippan\/3-bodil-andersson\/","name":"3. Bodil Andersson - Klippan","isPartOf":{"@id":"https:\/\/wp.kristdemokraterna.se\/klippan\/#website"},"datePublished":"2018-08-14T19:56:04+00:00","dateModified":"2018-08-14T20:23:06+00:00","author":{"@id":"https:\/\/wp.kristdemokraterna.se\/klippan\/#\/schema\/person\/7d98c45cdb8f672d1f67ceac8bb6f68f"},"breadcrumb":{"@id":"https:\/\/wp.kristdemokraterna.se\/klippan\/3-bodil-andersson\/#breadcrumb"},"inLanguage":"sv-SE","potentialAction":[{"@type":"ReadAction","target":["https:\/\/wp.kristdemokraterna.se\/klippan\/3-bodil-andersson\/"]}]},{"@type":"BreadcrumbList","@id":"https:\/\/wp.kristdemokraterna.se\/klippan\/3-bodil-andersson\/#breadcrumb","itemListElement":[{"@type":"ListItem","position":1,"name":"Hem","item":"https:\/\/wp.kristdemokraterna.se\/klippan\/"},{"@type":"ListItem","position":2,"name":"3. Bodil Andersson"}]},{"@type":"WebSite","@id":"https:\/\/wp.kristdemokraterna.se\/klippan\/#website","url":"https:\/\/wp.kristdemokraterna.se\/klippan\/","name":"Klippan","description":"En till Kristdemokraterna webbplats","inLanguage":"sv-SE"},{"@type":"Person","@id":"https:\/\/wp.kristdemokraterna.se\/klippan\/#\/schema\/person\/7d98c45cdb8f672d1f67ceac8bb6f68f","name":"klippan","image":{"@type":"ImageObject","inLanguage":"sv-SE","@id":"https:\/\/secure.gravatar.com\/avatar\/c15534d9060eae6804b69ce13a7b0a1c3dbc2100970b48ddfd5782623228b696?s=96&r=g","url":"https:\/\/secure.gravatar.com\/avatar\/c15534d9060eae6804b69ce13a7b0a1c3dbc2100970b48ddfd5782623228b696?s=96&r=g","contentUrl":"https:\/\/secure.gravatar.com\/avatar\/c15534d9060eae6804b69ce13a7b0a1c3dbc2100970b48ddfd5782623228b696?s=96&r=g","caption":"klippan"},"url":"https:\/\/wp.kristdemokraterna.se\/klippan\/author\/klippan\/"}]}},"_links":{"self":[{"href":"https:\/\/wp.kristdemokraterna.se\/klippan\/wp-json\/wp\/v2\/posts\/903","targetHints":{"allow":["GET"]}}],"collection":[{"href":"https:\/\/wp.kristdemokraterna.se\/klippan\/wp-json\/wp\/v2\/posts"}],"about":[{"href":"https:\/\/wp.kristdemokraterna.se\/klippan\/wp-json\/wp\/v2\/types\/post"}],"author":[{"embeddable":true,"href":"https:\/\/wp.kristdemokraterna.se\/klippan\/wp-json\/wp\/v2\/users\/477"}],"replies":[{"embeddable":true,"href":"https:\/\/wp.kristdemokraterna.se\/klippan\/wp-json\/wp\/v2\/comments?post=903"}],"version-history":[{"count":3,"href":"https:\/\/wp.kristdemokraterna.se\/klippan\/wp-json\/wp\/v2\/posts\/903\/revisions"}],"predecessor-version":[{"id":908,"href":"https:\/\/wp.kristdemokraterna.se\/klippan\/wp-json\/wp\/v2\/posts\/903\/revisions\/908"}],"wp:attachment":[{"href":"https:\/\/wp.kristdemokraterna.se\/klippan\/wp-json\/wp\/v2\/media?parent=903"}],"wp:term":[{"taxonomy":"category","embeddable":true,"href":"https:\/\/wp.kristdemokraterna.se\/klippan\/wp-json\/wp\/v2\/categories?post=903"},{"taxonomy":"post_tag","embeddable":true,"href":"https:\/\/wp.kristdemokraterna.se\/klippan\/wp-json\/wp\/v2\/tags?post=903"}],"curies":[{"name":"wp","href":"https:\/\/api.w.org\/{rel}","templated":true}]}}