{"id":1044,"date":"2016-01-25T17:41:44","date_gmt":"2016-01-25T16:41:44","guid":{"rendered":"http:\/\/wp.kristdemokraterna.se\/knivsta\/?p=1044"},"modified":"2016-03-03T11:29:07","modified_gmt":"2016-03-03T10:29:07","slug":"regeringen-bor-tillsatta-en-bostadskommission","status":"publish","type":"post","link":"https:\/\/wp.kristdemokraterna.se\/knivsta\/regeringen-bor-tillsatta-en-bostadskommission\/","title":{"rendered":"Vi beh\u00f6ver en bostadskommission"},"content":{"rendered":"<p><a href=\"http:\/\/www.svd.se\/ny-niva-av-riksintresse-forsvarar-byggande\">Publicerad i SvD 14 jan<br \/>\n<\/a><strong>I december presenterade Riksintresseutredningen sitt slutbet\u00e4nkande. Tyv\u00e4rr misslyckades utredningen med att ta fram f\u00f6rslag f\u00f6r att underl\u00e4tta kommunernas bostadsf\u00f6rs\u00f6rjning.\u00a0Regeringen b\u00f6r tills\u00e4tta en bostadskommission, skriver Bj\u00f6rn-Owe Bj\u00f6rk, kommunalr\u00e5d.<\/strong><\/p>\n<p><!--more--><\/p>\n<p>F\u00f6r att komma tillr\u00e4tta med bostadsbristen beh\u00f6vs konkreta \u00e5tg\u00e4rder som f\u00f6renklar planf\u00f6rfaranden och \u00f6kar r\u00f6rligheten p\u00e5 bostadsmarknaden. Inte f\u00f6rslag som ytterligare f\u00f6rsv\u00e5rar.<\/p>\n<p>Alliansregeringen tillsatte 2013 en utredning f\u00f6r att g\u00f6ra en \u00f6versyn av riksintressesystemet. Detta efter att bland annat Boverket och l\u00e4nsstyrelserna p\u00e5pekat att systemet inte fungerar optimalt utan har orsakat f\u00f6rseningar, \u00f6kade kostnader och i vissa fall stoppat planprocesser f\u00f6r nya bost\u00e4der.<\/p>\n<p><strong>Utredningen skulle f\u00e5 riksintressesystemet<\/strong> att fungera mer \u00e4ndam\u00e5lsenligt och f\u00f6renkla till\u00e4mpningen av riksintressen f\u00f6r kommunerna f\u00f6r att m\u00f6jligg\u00f6ra en snabbare plan- och byggprocess. Ist\u00e4llet f\u00f6resl\u00e5r nu utredningen ytterligare riksintressen.<\/p>\n<p>Dessutom f\u00f6resl\u00e5s att ytterligare\u00a0en intresseniv\u00e5, s\u00e5 kallade omr\u00e5den av v\u00e4sentligt allm\u00e4nt intresse ska inf\u00f6ras, utan att f\u00e5 fullt ut samma status som riksintressen. Dessa ska kunna pekas ut av ansvariga myndigheter, l\u00e4nsstyrelser och kommuner och ska synligg\u00f6ra och st\u00e4rka viktiga intressen.<\/p>\n<p>Ist\u00e4llet f\u00f6r att f\u00f6renkla f\u00f6r bostadsf\u00f6rs\u00f6rjningen s\u00e5 inneb\u00e4r utredningens f\u00f6rslag snarare att intressesf\u00e4ren blir mer komplex med konsekvensen att bostadsbyggandet \u00e4n mer f\u00f6rsv\u00e5ras. Detta \u00e4r allvarligt inte minst d\u00e5 bostadsbristen i landet \u00e4r stor. Boverkets prognos pekar p\u00e5 att det saknas 700 000 bost\u00e4der fram till 2025.<\/p>\n<p><strong>En klok regering b\u00f6r d\u00e4rf\u00f6r<\/strong> f\u00f6rpassa\u00a0denna utredning till bokhyllan utan vidare \u00e5tg\u00e4rder. Ist\u00e4llet f\u00f6r att g\u00e5 vidare med f\u00f6rslag som i f\u00f6rl\u00e4ngningen ytterligare f\u00f6rsv\u00e5rar bostadssituationen i landet b\u00f6r regeringen tills\u00e4tta en bostadskommission.<\/p>\n<p>Bostadskommissionen ska ha ett tydligt uppdrag att ta fram f\u00f6rslag f\u00f6r att f\u00f6renkla planf\u00f6rfarandet och \u00f6ka r\u00f6rligheten p\u00e5 bostadsmarknaden.<\/p>\n<p>Ett viktigt omr\u00e5de att titta n\u00e4rmare p\u00e5 \u00e4r hur det befintliga bostadsbest\u00e5ndet kan utnyttjas b\u00e4ttre och hur man kan underl\u00e4tta f\u00f6r flyttkedjor. Hyresregleringen beh\u00f6ver dessutom reformeras och skattesystemet f\u00f6r\u00e4ndras f\u00f6r att g\u00f6ra det billigare att flytta.<\/p>\n<p>Vi beh\u00f6ver konkret politik\u00a0f\u00f6r fler bost\u00e4der. Det \u00e4r dags f\u00f6r regeringen att agera!<\/p>\n<h5>Bj\u00f6rn-Owe Bj\u00f6rk (KD), kommunalr\u00e5d i Knivsta\u200b<\/h5>\n","protected":false},"excerpt":{"rendered":"<p>Publicerad i SvD 14 jan I december presenterade Riksintresseutredningen sitt slutbet\u00e4nkande. Tyv\u00e4rr misslyckades utredningen med att ta fram f\u00f6rslag f\u00f6r att underl\u00e4tta kommunernas bostadsf\u00f6rs\u00f6rjning.\u00a0Regeringen b\u00f6r tills\u00e4tta en bostadskommission, skriver Bj\u00f6rn-Owe Bj\u00f6rk, kommunalr\u00e5d.<\/p>\n","protected":false},"author":481,"featured_media":1174,"comment_status":"closed","ping_status":"closed","sticky":false,"template":"","format":"standard","meta":{"_acf_changed":false,"footnotes":""},"categories":[1],"tags":[6,29,27,28],"class_list":["post-1044","post","type-post","status-publish","format-standard","hentry","category-knivsta","tag-bjorn-owe-bjork","tag-bostadsforsorjning","tag-bostadskommission","tag-riksintressesystemet"],"acf":[],"yoast_head":"<!-- This site is optimized with the Yoast SEO plugin v27.5 - https:\/\/yoast.com\/product\/yoast-seo-wordpress\/ -->\n<title>Vi beh\u00f6ver en bostadskommission - Knivsta<\/title>\n<meta name=\"robots\" content=\"index, follow, max-snippet:-1, max-image-preview:large, max-video-preview:-1\" \/>\n<link rel=\"canonical\" href=\"https:\/\/wp.kristdemokraterna.se\/knivsta\/regeringen-bor-tillsatta-en-bostadskommission\/\" \/>\n<meta property=\"og:locale\" content=\"sv_SE\" \/>\n<meta property=\"og:type\" content=\"article\" \/>\n<meta property=\"og:title\" content=\"Vi beh\u00f6ver en bostadskommission - Knivsta\" \/>\n<meta property=\"og:description\" content=\"Publicerad i SvD 14 jan I december presenterade Riksintresseutredningen sitt slutbet\u00e4nkande. Tyv\u00e4rr misslyckades utredningen med att ta fram f\u00f6rslag f\u00f6r att underl\u00e4tta kommunernas bostadsf\u00f6rs\u00f6rjning.\u00a0Regeringen b\u00f6r tills\u00e4tta en bostadskommission, skriver Bj\u00f6rn-Owe Bj\u00f6rk, kommunalr\u00e5d.\" \/>\n<meta property=\"og:url\" content=\"https:\/\/wp.kristdemokraterna.se\/knivsta\/regeringen-bor-tillsatta-en-bostadskommission\/\" \/>\n<meta property=\"og:site_name\" content=\"Knivsta\" \/>\n<meta property=\"article:publisher\" content=\"https:\/\/www.facebook.com\/kdknivsta\" \/>\n<meta property=\"article:published_time\" content=\"2016-01-25T16:41:44+00:00\" \/>\n<meta property=\"article:modified_time\" content=\"2016-03-03T10:29:07+00:00\" \/>\n<meta property=\"og:image\" content=\"https:\/\/wp.kristdemokraterna.se\/knivsta\/files\/2016\/01\/bostader.jpg\" \/>\n\t<meta property=\"og:image:width\" content=\"483\" \/>\n\t<meta property=\"og:image:height\" content=\"265\" \/>\n\t<meta property=\"og:image:type\" content=\"image\/jpeg\" \/>\n<meta name=\"author\" content=\"knivsta\" \/>\n<meta name=\"twitter:card\" content=\"summary_large_image\" \/>\n<meta name=\"twitter:label1\" content=\"Skriven av\" \/>\n\t<meta name=\"twitter:data1\" content=\"knivsta\" \/>\n\t<meta name=\"twitter:label2\" content=\"Ber\u00e4knad l\u00e4stid\" \/>\n\t<meta name=\"twitter:data2\" content=\"2 minuter\" \/>\n<script type=\"application\/ld+json\" class=\"yoast-schema-graph\">{\"@context\":\"https:\\\/\\\/schema.org\",\"@graph\":[{\"@type\":\"Article\",\"@id\":\"https:\\\/\\\/wp.kristdemokraterna.se\\\/knivsta\\\/regeringen-bor-tillsatta-en-bostadskommission\\\/#article\",\"isPartOf\":{\"@id\":\"https:\\\/\\\/wp.kristdemokraterna.se\\\/knivsta\\\/regeringen-bor-tillsatta-en-bostadskommission\\\/\"},\"author\":{\"name\":\"knivsta\",\"@id\":\"https:\\\/\\\/wp.kristdemokraterna.se\\\/knivsta\\\/#\\\/schema\\\/person\\\/41c1d3b208899a9de023f9206cac1f52\"},\"headline\":\"Vi beh\u00f6ver en bostadskommission\",\"datePublished\":\"2016-01-25T16:41:44+00:00\",\"dateModified\":\"2016-03-03T10:29:07+00:00\",\"mainEntityOfPage\":{\"@id\":\"https:\\\/\\\/wp.kristdemokraterna.se\\\/knivsta\\\/regeringen-bor-tillsatta-en-bostadskommission\\\/\"},\"wordCount\":419,\"image\":{\"@id\":\"https:\\\/\\\/wp.kristdemokraterna.se\\\/knivsta\\\/regeringen-bor-tillsatta-en-bostadskommission\\\/#primaryimage\"},\"thumbnailUrl\":\"https:\\\/\\\/wp.kristdemokraterna.se\\\/knivsta\\\/files\\\/2016\\\/01\\\/bostader.jpg\",\"keywords\":[\"Bj\u00f6rn-Owe Bj\u00f6rk\",\"bostadsf\u00f6rs\u00f6rjning\",\"bostadskommission\",\"riksintressesystemet\"],\"articleSection\":[\"Knivsta\"],\"inLanguage\":\"sv-SE\"},{\"@type\":\"WebPage\",\"@id\":\"https:\\\/\\\/wp.kristdemokraterna.se\\\/knivsta\\\/regeringen-bor-tillsatta-en-bostadskommission\\\/\",\"url\":\"https:\\\/\\\/wp.kristdemokraterna.se\\\/knivsta\\\/regeringen-bor-tillsatta-en-bostadskommission\\\/\",\"name\":\"Vi beh\u00f6ver en bostadskommission - Knivsta\",\"isPartOf\":{\"@id\":\"https:\\\/\\\/wp.kristdemokraterna.se\\\/knivsta\\\/#website\"},\"primaryImageOfPage\":{\"@id\":\"https:\\\/\\\/wp.kristdemokraterna.se\\\/knivsta\\\/regeringen-bor-tillsatta-en-bostadskommission\\\/#primaryimage\"},\"image\":{\"@id\":\"https:\\\/\\\/wp.kristdemokraterna.se\\\/knivsta\\\/regeringen-bor-tillsatta-en-bostadskommission\\\/#primaryimage\"},\"thumbnailUrl\":\"https:\\\/\\\/wp.kristdemokraterna.se\\\/knivsta\\\/files\\\/2016\\\/01\\\/bostader.jpg\",\"datePublished\":\"2016-01-25T16:41:44+00:00\",\"dateModified\":\"2016-03-03T10:29:07+00:00\",\"author\":{\"@id\":\"https:\\\/\\\/wp.kristdemokraterna.se\\\/knivsta\\\/#\\\/schema\\\/person\\\/41c1d3b208899a9de023f9206cac1f52\"},\"breadcrumb\":{\"@id\":\"https:\\\/\\\/wp.kristdemokraterna.se\\\/knivsta\\\/regeringen-bor-tillsatta-en-bostadskommission\\\/#breadcrumb\"},\"inLanguage\":\"sv-SE\",\"potentialAction\":[{\"@type\":\"ReadAction\",\"target\":[\"https:\\\/\\\/wp.kristdemokraterna.se\\\/knivsta\\\/regeringen-bor-tillsatta-en-bostadskommission\\\/\"]}]},{\"@type\":\"ImageObject\",\"inLanguage\":\"sv-SE\",\"@id\":\"https:\\\/\\\/wp.kristdemokraterna.se\\\/knivsta\\\/regeringen-bor-tillsatta-en-bostadskommission\\\/#primaryimage\",\"url\":\"https:\\\/\\\/wp.kristdemokraterna.se\\\/knivsta\\\/files\\\/2016\\\/01\\\/bostader.jpg\",\"contentUrl\":\"https:\\\/\\\/wp.kristdemokraterna.se\\\/knivsta\\\/files\\\/2016\\\/01\\\/bostader.jpg\",\"width\":483,\"height\":265,\"caption\":\"Bild p\u00e5 bost\u00e4der\"},{\"@type\":\"BreadcrumbList\",\"@id\":\"https:\\\/\\\/wp.kristdemokraterna.se\\\/knivsta\\\/regeringen-bor-tillsatta-en-bostadskommission\\\/#breadcrumb\",\"itemListElement\":[{\"@type\":\"ListItem\",\"position\":1,\"name\":\"Hem\",\"item\":\"https:\\\/\\\/wp.kristdemokraterna.se\\\/knivsta\\\/\"},{\"@type\":\"ListItem\",\"position\":2,\"name\":\"Vi beh\u00f6ver en bostadskommission\"}]},{\"@type\":\"WebSite\",\"@id\":\"https:\\\/\\\/wp.kristdemokraterna.se\\\/knivsta\\\/#website\",\"url\":\"https:\\\/\\\/wp.kristdemokraterna.se\\\/knivsta\\\/\",\"name\":\"Knivsta\",\"description\":\" F\u00f6r ett b\u00e4ttre samh\u00e4lle\",\"inLanguage\":\"sv-SE\"},{\"@type\":\"Person\",\"@id\":\"https:\\\/\\\/wp.kristdemokraterna.se\\\/knivsta\\\/#\\\/schema\\\/person\\\/41c1d3b208899a9de023f9206cac1f52\",\"name\":\"knivsta\",\"image\":{\"@type\":\"ImageObject\",\"inLanguage\":\"sv-SE\",\"@id\":\"https:\\\/\\\/secure.gravatar.com\\\/avatar\\\/68a509c7c53375b65b47d1d3c17559bd62f1e272f97020f0faeec022f4f79769?s=96&r=g\",\"url\":\"https:\\\/\\\/secure.gravatar.com\\\/avatar\\\/68a509c7c53375b65b47d1d3c17559bd62f1e272f97020f0faeec022f4f79769?s=96&r=g\",\"contentUrl\":\"https:\\\/\\\/secure.gravatar.com\\\/avatar\\\/68a509c7c53375b65b47d1d3c17559bd62f1e272f97020f0faeec022f4f79769?s=96&r=g\",\"caption\":\"knivsta\"},\"url\":\"https:\\\/\\\/wp.kristdemokraterna.se\\\/knivsta\\\/author\\\/knivsta\\\/\"}]}<\/script>\n<!-- \/ Yoast SEO plugin. -->","yoast_head_json":{"title":"Vi beh\u00f6ver en bostadskommission - Knivsta","robots":{"index":"index","follow":"follow","max-snippet":"max-snippet:-1","max-image-preview":"max-image-preview:large","max-video-preview":"max-video-preview:-1"},"canonical":"https:\/\/wp.kristdemokraterna.se\/knivsta\/regeringen-bor-tillsatta-en-bostadskommission\/","og_locale":"sv_SE","og_type":"article","og_title":"Vi beh\u00f6ver en bostadskommission - Knivsta","og_description":"Publicerad i SvD 14 jan I december presenterade Riksintresseutredningen sitt slutbet\u00e4nkande. Tyv\u00e4rr misslyckades utredningen med att ta fram f\u00f6rslag f\u00f6r att underl\u00e4tta kommunernas bostadsf\u00f6rs\u00f6rjning.\u00a0Regeringen b\u00f6r tills\u00e4tta en bostadskommission, skriver Bj\u00f6rn-Owe Bj\u00f6rk, kommunalr\u00e5d.","og_url":"https:\/\/wp.kristdemokraterna.se\/knivsta\/regeringen-bor-tillsatta-en-bostadskommission\/","og_site_name":"Knivsta","article_publisher":"https:\/\/www.facebook.com\/kdknivsta","article_published_time":"2016-01-25T16:41:44+00:00","article_modified_time":"2016-03-03T10:29:07+00:00","og_image":[{"width":483,"height":265,"url":"https:\/\/wp.kristdemokraterna.se\/knivsta\/files\/2016\/01\/bostader.jpg","type":"image\/jpeg"}],"author":"knivsta","twitter_card":"summary_large_image","twitter_misc":{"Skriven av":"knivsta","Ber\u00e4knad l\u00e4stid":"2 minuter"},"schema":{"@context":"https:\/\/schema.org","@graph":[{"@type":"Article","@id":"https:\/\/wp.kristdemokraterna.se\/knivsta\/regeringen-bor-tillsatta-en-bostadskommission\/#article","isPartOf":{"@id":"https:\/\/wp.kristdemokraterna.se\/knivsta\/regeringen-bor-tillsatta-en-bostadskommission\/"},"author":{"name":"knivsta","@id":"https:\/\/wp.kristdemokraterna.se\/knivsta\/#\/schema\/person\/41c1d3b208899a9de023f9206cac1f52"},"headline":"Vi beh\u00f6ver en bostadskommission","datePublished":"2016-01-25T16:41:44+00:00","dateModified":"2016-03-03T10:29:07+00:00","mainEntityOfPage":{"@id":"https:\/\/wp.kristdemokraterna.se\/knivsta\/regeringen-bor-tillsatta-en-bostadskommission\/"},"wordCount":419,"image":{"@id":"https:\/\/wp.kristdemokraterna.se\/knivsta\/regeringen-bor-tillsatta-en-bostadskommission\/#primaryimage"},"thumbnailUrl":"https:\/\/wp.kristdemokraterna.se\/knivsta\/files\/2016\/01\/bostader.jpg","keywords":["Bj\u00f6rn-Owe Bj\u00f6rk","bostadsf\u00f6rs\u00f6rjning","bostadskommission","riksintressesystemet"],"articleSection":["Knivsta"],"inLanguage":"sv-SE"},{"@type":"WebPage","@id":"https:\/\/wp.kristdemokraterna.se\/knivsta\/regeringen-bor-tillsatta-en-bostadskommission\/","url":"https:\/\/wp.kristdemokraterna.se\/knivsta\/regeringen-bor-tillsatta-en-bostadskommission\/","name":"Vi beh\u00f6ver en bostadskommission - Knivsta","isPartOf":{"@id":"https:\/\/wp.kristdemokraterna.se\/knivsta\/#website"},"primaryImageOfPage":{"@id":"https:\/\/wp.kristdemokraterna.se\/knivsta\/regeringen-bor-tillsatta-en-bostadskommission\/#primaryimage"},"image":{"@id":"https:\/\/wp.kristdemokraterna.se\/knivsta\/regeringen-bor-tillsatta-en-bostadskommission\/#primaryimage"},"thumbnailUrl":"https:\/\/wp.kristdemokraterna.se\/knivsta\/files\/2016\/01\/bostader.jpg","datePublished":"2016-01-25T16:41:44+00:00","dateModified":"2016-03-03T10:29:07+00:00","author":{"@id":"https:\/\/wp.kristdemokraterna.se\/knivsta\/#\/schema\/person\/41c1d3b208899a9de023f9206cac1f52"},"breadcrumb":{"@id":"https:\/\/wp.kristdemokraterna.se\/knivsta\/regeringen-bor-tillsatta-en-bostadskommission\/#breadcrumb"},"inLanguage":"sv-SE","potentialAction":[{"@type":"ReadAction","target":["https:\/\/wp.kristdemokraterna.se\/knivsta\/regeringen-bor-tillsatta-en-bostadskommission\/"]}]},{"@type":"ImageObject","inLanguage":"sv-SE","@id":"https:\/\/wp.kristdemokraterna.se\/knivsta\/regeringen-bor-tillsatta-en-bostadskommission\/#primaryimage","url":"https:\/\/wp.kristdemokraterna.se\/knivsta\/files\/2016\/01\/bostader.jpg","contentUrl":"https:\/\/wp.kristdemokraterna.se\/knivsta\/files\/2016\/01\/bostader.jpg","width":483,"height":265,"caption":"Bild p\u00e5 bost\u00e4der"},{"@type":"BreadcrumbList","@id":"https:\/\/wp.kristdemokraterna.se\/knivsta\/regeringen-bor-tillsatta-en-bostadskommission\/#breadcrumb","itemListElement":[{"@type":"ListItem","position":1,"name":"Hem","item":"https:\/\/wp.kristdemokraterna.se\/knivsta\/"},{"@type":"ListItem","position":2,"name":"Vi beh\u00f6ver en bostadskommission"}]},{"@type":"WebSite","@id":"https:\/\/wp.kristdemokraterna.se\/knivsta\/#website","url":"https:\/\/wp.kristdemokraterna.se\/knivsta\/","name":"Knivsta","description":" F\u00f6r ett b\u00e4ttre samh\u00e4lle","inLanguage":"sv-SE"},{"@type":"Person","@id":"https:\/\/wp.kristdemokraterna.se\/knivsta\/#\/schema\/person\/41c1d3b208899a9de023f9206cac1f52","name":"knivsta","image":{"@type":"ImageObject","inLanguage":"sv-SE","@id":"https:\/\/secure.gravatar.com\/avatar\/68a509c7c53375b65b47d1d3c17559bd62f1e272f97020f0faeec022f4f79769?s=96&r=g","url":"https:\/\/secure.gravatar.com\/avatar\/68a509c7c53375b65b47d1d3c17559bd62f1e272f97020f0faeec022f4f79769?s=96&r=g","contentUrl":"https:\/\/secure.gravatar.com\/avatar\/68a509c7c53375b65b47d1d3c17559bd62f1e272f97020f0faeec022f4f79769?s=96&r=g","caption":"knivsta"},"url":"https:\/\/wp.kristdemokraterna.se\/knivsta\/author\/knivsta\/"}]}},"_links":{"self":[{"href":"https:\/\/wp.kristdemokraterna.se\/knivsta\/wp-json\/wp\/v2\/posts\/1044","targetHints":{"allow":["GET"]}}],"collection":[{"href":"https:\/\/wp.kristdemokraterna.se\/knivsta\/wp-json\/wp\/v2\/posts"}],"about":[{"href":"https:\/\/wp.kristdemokraterna.se\/knivsta\/wp-json\/wp\/v2\/types\/post"}],"author":[{"embeddable":true,"href":"https:\/\/wp.kristdemokraterna.se\/knivsta\/wp-json\/wp\/v2\/users\/481"}],"replies":[{"embeddable":true,"href":"https:\/\/wp.kristdemokraterna.se\/knivsta\/wp-json\/wp\/v2\/comments?post=1044"}],"version-history":[{"count":20,"href":"https:\/\/wp.kristdemokraterna.se\/knivsta\/wp-json\/wp\/v2\/posts\/1044\/revisions"}],"predecessor-version":[{"id":1177,"href":"https:\/\/wp.kristdemokraterna.se\/knivsta\/wp-json\/wp\/v2\/posts\/1044\/revisions\/1177"}],"wp:featuredmedia":[{"embeddable":true,"href":"https:\/\/wp.kristdemokraterna.se\/knivsta\/wp-json\/wp\/v2\/media\/1174"}],"wp:attachment":[{"href":"https:\/\/wp.kristdemokraterna.se\/knivsta\/wp-json\/wp\/v2\/media?parent=1044"}],"wp:term":[{"taxonomy":"category","embeddable":true,"href":"https:\/\/wp.kristdemokraterna.se\/knivsta\/wp-json\/wp\/v2\/categories?post=1044"},{"taxonomy":"post_tag","embeddable":true,"href":"https:\/\/wp.kristdemokraterna.se\/knivsta\/wp-json\/wp\/v2\/tags?post=1044"}],"curies":[{"name":"wp","href":"https:\/\/api.w.org\/{rel}","templated":true}]}}