{"id":1236,"date":"2016-04-11T18:35:49","date_gmt":"2016-04-11T16:35:49","guid":{"rendered":"http:\/\/wp.kristdemokraterna.se\/knivsta\/?p=1236"},"modified":"2016-04-11T18:48:01","modified_gmt":"2016-04-11T16:48:01","slug":"arets-kristdemokrat-fran-knivsta","status":"publish","type":"post","link":"https:\/\/wp.kristdemokraterna.se\/knivsta\/arets-kristdemokrat-fran-knivsta\/","title":{"rendered":"\u00c5rets kristdemokrat fr\u00e5n Knivsta"},"content":{"rendered":"<p><strong>I samband med kristdemokraternas kommun- och landstingsdagar i V\u00e4ster\u00e5s 8-9 april uts\u00e5gs &#8221;\u00c5rets kristdemokrat&#8221;. I \u00e5r gick utm\u00e4rkelsen till kommunalr\u00e5det f\u00f6r Knivsta kommun, Bj\u00f6rn-Owe Bj\u00f6rk.<\/strong><br \/>\n<!--more--><\/p>\n<p>I motiveringen st\u00e5r att Bj\u00f6rn-Owe Bj\u00f6rk f\u00e5r priset f\u00f6r framg\u00e5ngarna i det senaste valet d\u00e5 partiets mandat i kommunfullm\u00e4ktige trefaldigades och v\u00e4ljarst\u00f6det \u00f6kade med \u00f6ver 80 procent.<\/p>\n<p>Men \u00e4ven om valframg\u00e5ngar \u00e4r en gemensam f\u00f6rtj\u00e4nst, s\u00e5 \u00e4r det Bj\u00f6rn-Owe Bj\u00f6rks goda ledarskap och f\u00f6rm\u00e5ga att h\u00e5lla ihop partiavdelningen d\u00e4r medlemmarna f\u00e5tt m\u00f6jligheten att utvecklas, som s\u00e4rskilt lyfts fram. Att han blev den mest kryssade politikern i kommunen \u00e4r en annan faktor som spelat in i bed\u00f6mningen liksom att han gick fr\u00e5n en fullm\u00e4ktigeplats till en kommunalr\u00e5dstj\u00e4nst.<\/p>\n<p>\u2013 Det k\u00e4nns oerh\u00f6rt kul. Men jag vill betona att detta inte varit m\u00f6jligt utan mina partikollegor lokalt. Vi har tillsammans gjort ett fantastiskt jobb som gav utdelning b\u00e5de i valet men ocks\u00e5 i det dagliga arbetet med att f\u00e5 genomslag av kristdemokratisk politik i styret av Knivsta kommun, s\u00e4ger Bj\u00f6rn-Owe Bj\u00f6rk.<\/p>\n<p>F\u00f6rutom ett diplom tog han emot en prischeck p\u00e5 10 000 kronor.<\/p>\n<p>\u2013 Dessa har jag redan sk\u00e4nkt till v\u00e5r valfond. F\u00f6rhoppningsvis bidrar pengarna till att KD i n\u00e4sta val n\u00e5r 15 procent i Knivsta kommun<\/p>\n<p><strong>F\u00f6r fler kommentarer, kontakta:<br \/>\n<\/strong>Bj\u00f6rn-Owe Bj\u00f6rk<br \/>\n070-225 44 95<br \/>\nbjorn-owe.bjork@knivsta.se<\/p>\n","protected":false},"excerpt":{"rendered":"<p>I samband med kristdemokraternas kommun- och landstingsdagar i V\u00e4ster\u00e5s 8-9 april uts\u00e5gs &#8221;\u00c5rets kristdemokrat&#8221;. I \u00e5r gick utm\u00e4rkelsen till kommunalr\u00e5det f\u00f6r Knivsta kommun, Bj\u00f6rn-Owe Bj\u00f6rk.<\/p>\n","protected":false},"author":481,"featured_media":1237,"comment_status":"closed","ping_status":"closed","sticky":false,"template":"","format":"standard","meta":{"_acf_changed":false,"footnotes":""},"categories":[1],"tags":[42,6,43],"class_list":["post-1236","post","type-post","status-publish","format-standard","hentry","category-knivsta","tag-arets-kristdemokrat","tag-bjorn-owe-bjork","tag-kommunalrad"],"acf":[],"yoast_head":"<!-- This site is optimized with the Yoast SEO plugin v27.5 - https:\/\/yoast.com\/product\/yoast-seo-wordpress\/ -->\n<title>\u00c5rets kristdemokrat fr\u00e5n Knivsta - Knivsta<\/title>\n<meta name=\"robots\" content=\"index, follow, max-snippet:-1, max-image-preview:large, max-video-preview:-1\" \/>\n<link rel=\"canonical\" href=\"https:\/\/wp.kristdemokraterna.se\/knivsta\/arets-kristdemokrat-fran-knivsta\/\" \/>\n<meta property=\"og:locale\" content=\"sv_SE\" \/>\n<meta property=\"og:type\" content=\"article\" \/>\n<meta property=\"og:title\" content=\"\u00c5rets kristdemokrat fr\u00e5n Knivsta - Knivsta\" \/>\n<meta property=\"og:description\" content=\"I samband med kristdemokraternas kommun- och landstingsdagar i V\u00e4ster\u00e5s 8-9 april uts\u00e5gs &#8221;\u00c5rets kristdemokrat&#8221;. I \u00e5r gick utm\u00e4rkelsen till kommunalr\u00e5det f\u00f6r Knivsta kommun, Bj\u00f6rn-Owe Bj\u00f6rk.\" \/>\n<meta property=\"og:url\" content=\"https:\/\/wp.kristdemokraterna.se\/knivsta\/arets-kristdemokrat-fran-knivsta\/\" \/>\n<meta property=\"og:site_name\" content=\"Knivsta\" \/>\n<meta property=\"article:publisher\" content=\"https:\/\/www.facebook.com\/kdknivsta\" \/>\n<meta property=\"article:published_time\" content=\"2016-04-11T16:35:49+00:00\" \/>\n<meta property=\"article:modified_time\" content=\"2016-04-11T16:48:01+00:00\" \/>\n<meta property=\"og:image\" content=\"https:\/\/wp.kristdemokraterna.se\/knivsta\/files\/2016\/04\/arets-kristdemokrat1.jpg\" \/>\n\t<meta property=\"og:image:width\" content=\"1105\" \/>\n\t<meta property=\"og:image:height\" content=\"606\" \/>\n\t<meta property=\"og:image:type\" content=\"image\/jpeg\" \/>\n<meta name=\"author\" content=\"knivsta\" \/>\n<meta name=\"twitter:card\" content=\"summary_large_image\" \/>\n<meta name=\"twitter:label1\" content=\"Skriven av\" \/>\n\t<meta name=\"twitter:data1\" content=\"knivsta\" \/>\n\t<meta name=\"twitter:label2\" content=\"Ber\u00e4knad l\u00e4stid\" \/>\n\t<meta name=\"twitter:data2\" content=\"1 minut\" \/>\n<script type=\"application\/ld+json\" class=\"yoast-schema-graph\">{\"@context\":\"https:\\\/\\\/schema.org\",\"@graph\":[{\"@type\":\"Article\",\"@id\":\"https:\\\/\\\/wp.kristdemokraterna.se\\\/knivsta\\\/arets-kristdemokrat-fran-knivsta\\\/#article\",\"isPartOf\":{\"@id\":\"https:\\\/\\\/wp.kristdemokraterna.se\\\/knivsta\\\/arets-kristdemokrat-fran-knivsta\\\/\"},\"author\":{\"name\":\"knivsta\",\"@id\":\"https:\\\/\\\/wp.kristdemokraterna.se\\\/knivsta\\\/#\\\/schema\\\/person\\\/41c1d3b208899a9de023f9206cac1f52\"},\"headline\":\"\u00c5rets kristdemokrat fr\u00e5n Knivsta\",\"datePublished\":\"2016-04-11T16:35:49+00:00\",\"dateModified\":\"2016-04-11T16:48:01+00:00\",\"mainEntityOfPage\":{\"@id\":\"https:\\\/\\\/wp.kristdemokraterna.se\\\/knivsta\\\/arets-kristdemokrat-fran-knivsta\\\/\"},\"wordCount\":259,\"image\":{\"@id\":\"https:\\\/\\\/wp.kristdemokraterna.se\\\/knivsta\\\/arets-kristdemokrat-fran-knivsta\\\/#primaryimage\"},\"thumbnailUrl\":\"https:\\\/\\\/wp.kristdemokraterna.se\\\/knivsta\\\/files\\\/2016\\\/04\\\/arets-kristdemokrat1.jpg\",\"keywords\":[\"\u00c5rets kristdemokrat\",\"Bj\u00f6rn-Owe Bj\u00f6rk\",\"kommunalr\u00e5d\"],\"articleSection\":[\"Knivsta\"],\"inLanguage\":\"sv-SE\"},{\"@type\":\"WebPage\",\"@id\":\"https:\\\/\\\/wp.kristdemokraterna.se\\\/knivsta\\\/arets-kristdemokrat-fran-knivsta\\\/\",\"url\":\"https:\\\/\\\/wp.kristdemokraterna.se\\\/knivsta\\\/arets-kristdemokrat-fran-knivsta\\\/\",\"name\":\"\u00c5rets kristdemokrat fr\u00e5n Knivsta - Knivsta\",\"isPartOf\":{\"@id\":\"https:\\\/\\\/wp.kristdemokraterna.se\\\/knivsta\\\/#website\"},\"primaryImageOfPage\":{\"@id\":\"https:\\\/\\\/wp.kristdemokraterna.se\\\/knivsta\\\/arets-kristdemokrat-fran-knivsta\\\/#primaryimage\"},\"image\":{\"@id\":\"https:\\\/\\\/wp.kristdemokraterna.se\\\/knivsta\\\/arets-kristdemokrat-fran-knivsta\\\/#primaryimage\"},\"thumbnailUrl\":\"https:\\\/\\\/wp.kristdemokraterna.se\\\/knivsta\\\/files\\\/2016\\\/04\\\/arets-kristdemokrat1.jpg\",\"datePublished\":\"2016-04-11T16:35:49+00:00\",\"dateModified\":\"2016-04-11T16:48:01+00:00\",\"author\":{\"@id\":\"https:\\\/\\\/wp.kristdemokraterna.se\\\/knivsta\\\/#\\\/schema\\\/person\\\/41c1d3b208899a9de023f9206cac1f52\"},\"breadcrumb\":{\"@id\":\"https:\\\/\\\/wp.kristdemokraterna.se\\\/knivsta\\\/arets-kristdemokrat-fran-knivsta\\\/#breadcrumb\"},\"inLanguage\":\"sv-SE\",\"potentialAction\":[{\"@type\":\"ReadAction\",\"target\":[\"https:\\\/\\\/wp.kristdemokraterna.se\\\/knivsta\\\/arets-kristdemokrat-fran-knivsta\\\/\"]}]},{\"@type\":\"ImageObject\",\"inLanguage\":\"sv-SE\",\"@id\":\"https:\\\/\\\/wp.kristdemokraterna.se\\\/knivsta\\\/arets-kristdemokrat-fran-knivsta\\\/#primaryimage\",\"url\":\"https:\\\/\\\/wp.kristdemokraterna.se\\\/knivsta\\\/files\\\/2016\\\/04\\\/arets-kristdemokrat1.jpg\",\"contentUrl\":\"https:\\\/\\\/wp.kristdemokraterna.se\\\/knivsta\\\/files\\\/2016\\\/04\\\/arets-kristdemokrat1.jpg\",\"width\":1105,\"height\":606,\"caption\":\"Bj\u00f6rn-Owe Bj\u00f6rk uts\u00e5gs till \\\"\u00c5rets kristdemokrat\\\" 8 april.\"},{\"@type\":\"BreadcrumbList\",\"@id\":\"https:\\\/\\\/wp.kristdemokraterna.se\\\/knivsta\\\/arets-kristdemokrat-fran-knivsta\\\/#breadcrumb\",\"itemListElement\":[{\"@type\":\"ListItem\",\"position\":1,\"name\":\"Hem\",\"item\":\"https:\\\/\\\/wp.kristdemokraterna.se\\\/knivsta\\\/\"},{\"@type\":\"ListItem\",\"position\":2,\"name\":\"\u00c5rets kristdemokrat fr\u00e5n Knivsta\"}]},{\"@type\":\"WebSite\",\"@id\":\"https:\\\/\\\/wp.kristdemokraterna.se\\\/knivsta\\\/#website\",\"url\":\"https:\\\/\\\/wp.kristdemokraterna.se\\\/knivsta\\\/\",\"name\":\"Knivsta\",\"description\":\" F\u00f6r ett b\u00e4ttre samh\u00e4lle\",\"inLanguage\":\"sv-SE\"},{\"@type\":\"Person\",\"@id\":\"https:\\\/\\\/wp.kristdemokraterna.se\\\/knivsta\\\/#\\\/schema\\\/person\\\/41c1d3b208899a9de023f9206cac1f52\",\"name\":\"knivsta\",\"image\":{\"@type\":\"ImageObject\",\"inLanguage\":\"sv-SE\",\"@id\":\"https:\\\/\\\/secure.gravatar.com\\\/avatar\\\/68a509c7c53375b65b47d1d3c17559bd62f1e272f97020f0faeec022f4f79769?s=96&r=g\",\"url\":\"https:\\\/\\\/secure.gravatar.com\\\/avatar\\\/68a509c7c53375b65b47d1d3c17559bd62f1e272f97020f0faeec022f4f79769?s=96&r=g\",\"contentUrl\":\"https:\\\/\\\/secure.gravatar.com\\\/avatar\\\/68a509c7c53375b65b47d1d3c17559bd62f1e272f97020f0faeec022f4f79769?s=96&r=g\",\"caption\":\"knivsta\"},\"url\":\"https:\\\/\\\/wp.kristdemokraterna.se\\\/knivsta\\\/author\\\/knivsta\\\/\"}]}<\/script>\n<!-- \/ Yoast SEO plugin. -->","yoast_head_json":{"title":"\u00c5rets kristdemokrat fr\u00e5n Knivsta - Knivsta","robots":{"index":"index","follow":"follow","max-snippet":"max-snippet:-1","max-image-preview":"max-image-preview:large","max-video-preview":"max-video-preview:-1"},"canonical":"https:\/\/wp.kristdemokraterna.se\/knivsta\/arets-kristdemokrat-fran-knivsta\/","og_locale":"sv_SE","og_type":"article","og_title":"\u00c5rets kristdemokrat fr\u00e5n Knivsta - Knivsta","og_description":"I samband med kristdemokraternas kommun- och landstingsdagar i V\u00e4ster\u00e5s 8-9 april uts\u00e5gs &#8221;\u00c5rets kristdemokrat&#8221;. I \u00e5r gick utm\u00e4rkelsen till kommunalr\u00e5det f\u00f6r Knivsta kommun, Bj\u00f6rn-Owe Bj\u00f6rk.","og_url":"https:\/\/wp.kristdemokraterna.se\/knivsta\/arets-kristdemokrat-fran-knivsta\/","og_site_name":"Knivsta","article_publisher":"https:\/\/www.facebook.com\/kdknivsta","article_published_time":"2016-04-11T16:35:49+00:00","article_modified_time":"2016-04-11T16:48:01+00:00","og_image":[{"width":1105,"height":606,"url":"https:\/\/wp.kristdemokraterna.se\/knivsta\/files\/2016\/04\/arets-kristdemokrat1.jpg","type":"image\/jpeg"}],"author":"knivsta","twitter_card":"summary_large_image","twitter_misc":{"Skriven av":"knivsta","Ber\u00e4knad l\u00e4stid":"1 minut"},"schema":{"@context":"https:\/\/schema.org","@graph":[{"@type":"Article","@id":"https:\/\/wp.kristdemokraterna.se\/knivsta\/arets-kristdemokrat-fran-knivsta\/#article","isPartOf":{"@id":"https:\/\/wp.kristdemokraterna.se\/knivsta\/arets-kristdemokrat-fran-knivsta\/"},"author":{"name":"knivsta","@id":"https:\/\/wp.kristdemokraterna.se\/knivsta\/#\/schema\/person\/41c1d3b208899a9de023f9206cac1f52"},"headline":"\u00c5rets kristdemokrat fr\u00e5n Knivsta","datePublished":"2016-04-11T16:35:49+00:00","dateModified":"2016-04-11T16:48:01+00:00","mainEntityOfPage":{"@id":"https:\/\/wp.kristdemokraterna.se\/knivsta\/arets-kristdemokrat-fran-knivsta\/"},"wordCount":259,"image":{"@id":"https:\/\/wp.kristdemokraterna.se\/knivsta\/arets-kristdemokrat-fran-knivsta\/#primaryimage"},"thumbnailUrl":"https:\/\/wp.kristdemokraterna.se\/knivsta\/files\/2016\/04\/arets-kristdemokrat1.jpg","keywords":["\u00c5rets kristdemokrat","Bj\u00f6rn-Owe Bj\u00f6rk","kommunalr\u00e5d"],"articleSection":["Knivsta"],"inLanguage":"sv-SE"},{"@type":"WebPage","@id":"https:\/\/wp.kristdemokraterna.se\/knivsta\/arets-kristdemokrat-fran-knivsta\/","url":"https:\/\/wp.kristdemokraterna.se\/knivsta\/arets-kristdemokrat-fran-knivsta\/","name":"\u00c5rets kristdemokrat fr\u00e5n Knivsta - Knivsta","isPartOf":{"@id":"https:\/\/wp.kristdemokraterna.se\/knivsta\/#website"},"primaryImageOfPage":{"@id":"https:\/\/wp.kristdemokraterna.se\/knivsta\/arets-kristdemokrat-fran-knivsta\/#primaryimage"},"image":{"@id":"https:\/\/wp.kristdemokraterna.se\/knivsta\/arets-kristdemokrat-fran-knivsta\/#primaryimage"},"thumbnailUrl":"https:\/\/wp.kristdemokraterna.se\/knivsta\/files\/2016\/04\/arets-kristdemokrat1.jpg","datePublished":"2016-04-11T16:35:49+00:00","dateModified":"2016-04-11T16:48:01+00:00","author":{"@id":"https:\/\/wp.kristdemokraterna.se\/knivsta\/#\/schema\/person\/41c1d3b208899a9de023f9206cac1f52"},"breadcrumb":{"@id":"https:\/\/wp.kristdemokraterna.se\/knivsta\/arets-kristdemokrat-fran-knivsta\/#breadcrumb"},"inLanguage":"sv-SE","potentialAction":[{"@type":"ReadAction","target":["https:\/\/wp.kristdemokraterna.se\/knivsta\/arets-kristdemokrat-fran-knivsta\/"]}]},{"@type":"ImageObject","inLanguage":"sv-SE","@id":"https:\/\/wp.kristdemokraterna.se\/knivsta\/arets-kristdemokrat-fran-knivsta\/#primaryimage","url":"https:\/\/wp.kristdemokraterna.se\/knivsta\/files\/2016\/04\/arets-kristdemokrat1.jpg","contentUrl":"https:\/\/wp.kristdemokraterna.se\/knivsta\/files\/2016\/04\/arets-kristdemokrat1.jpg","width":1105,"height":606,"caption":"Bj\u00f6rn-Owe Bj\u00f6rk uts\u00e5gs till \"\u00c5rets kristdemokrat\" 8 april."},{"@type":"BreadcrumbList","@id":"https:\/\/wp.kristdemokraterna.se\/knivsta\/arets-kristdemokrat-fran-knivsta\/#breadcrumb","itemListElement":[{"@type":"ListItem","position":1,"name":"Hem","item":"https:\/\/wp.kristdemokraterna.se\/knivsta\/"},{"@type":"ListItem","position":2,"name":"\u00c5rets kristdemokrat fr\u00e5n Knivsta"}]},{"@type":"WebSite","@id":"https:\/\/wp.kristdemokraterna.se\/knivsta\/#website","url":"https:\/\/wp.kristdemokraterna.se\/knivsta\/","name":"Knivsta","description":" F\u00f6r ett b\u00e4ttre samh\u00e4lle","inLanguage":"sv-SE"},{"@type":"Person","@id":"https:\/\/wp.kristdemokraterna.se\/knivsta\/#\/schema\/person\/41c1d3b208899a9de023f9206cac1f52","name":"knivsta","image":{"@type":"ImageObject","inLanguage":"sv-SE","@id":"https:\/\/secure.gravatar.com\/avatar\/68a509c7c53375b65b47d1d3c17559bd62f1e272f97020f0faeec022f4f79769?s=96&r=g","url":"https:\/\/secure.gravatar.com\/avatar\/68a509c7c53375b65b47d1d3c17559bd62f1e272f97020f0faeec022f4f79769?s=96&r=g","contentUrl":"https:\/\/secure.gravatar.com\/avatar\/68a509c7c53375b65b47d1d3c17559bd62f1e272f97020f0faeec022f4f79769?s=96&r=g","caption":"knivsta"},"url":"https:\/\/wp.kristdemokraterna.se\/knivsta\/author\/knivsta\/"}]}},"_links":{"self":[{"href":"https:\/\/wp.kristdemokraterna.se\/knivsta\/wp-json\/wp\/v2\/posts\/1236","targetHints":{"allow":["GET"]}}],"collection":[{"href":"https:\/\/wp.kristdemokraterna.se\/knivsta\/wp-json\/wp\/v2\/posts"}],"about":[{"href":"https:\/\/wp.kristdemokraterna.se\/knivsta\/wp-json\/wp\/v2\/types\/post"}],"author":[{"embeddable":true,"href":"https:\/\/wp.kristdemokraterna.se\/knivsta\/wp-json\/wp\/v2\/users\/481"}],"replies":[{"embeddable":true,"href":"https:\/\/wp.kristdemokraterna.se\/knivsta\/wp-json\/wp\/v2\/comments?post=1236"}],"version-history":[{"count":6,"href":"https:\/\/wp.kristdemokraterna.se\/knivsta\/wp-json\/wp\/v2\/posts\/1236\/revisions"}],"predecessor-version":[{"id":1243,"href":"https:\/\/wp.kristdemokraterna.se\/knivsta\/wp-json\/wp\/v2\/posts\/1236\/revisions\/1243"}],"wp:featuredmedia":[{"embeddable":true,"href":"https:\/\/wp.kristdemokraterna.se\/knivsta\/wp-json\/wp\/v2\/media\/1237"}],"wp:attachment":[{"href":"https:\/\/wp.kristdemokraterna.se\/knivsta\/wp-json\/wp\/v2\/media?parent=1236"}],"wp:term":[{"taxonomy":"category","embeddable":true,"href":"https:\/\/wp.kristdemokraterna.se\/knivsta\/wp-json\/wp\/v2\/categories?post=1236"},{"taxonomy":"post_tag","embeddable":true,"href":"https:\/\/wp.kristdemokraterna.se\/knivsta\/wp-json\/wp\/v2\/tags?post=1236"}],"curies":[{"name":"wp","href":"https:\/\/api.w.org\/{rel}","templated":true}]}}