{"id":1246,"date":"2016-05-20T12:15:58","date_gmt":"2016-05-20T10:15:58","guid":{"rendered":"http:\/\/wp.kristdemokraterna.se\/knivsta\/?p=1246"},"modified":"2017-11-10T22:41:03","modified_gmt":"2017-11-10T21:41:03","slug":"knivsta-blir-smastad","status":"publish","type":"post","link":"https:\/\/wp.kristdemokraterna.se\/knivsta\/knivsta-blir-smastad\/","title":{"rendered":"V\u00e5r vision: Knivsta som trivsam sm\u00e5stad"},"content":{"rendered":"<p><strong>Knivsta omvandlas snabbt. Vi \u00e4r m\u00e5na om att v\u00e5r kommun ska dra nytta av intresset f\u00f6r orten,\u00a0samtidigt som v\u00e5rt samh\u00e4lle ska vara b\u00e5de trivsamt och funktionellt. Vi lanserar nu v\u00e5rt eget koncept f\u00f6r utvecklingen av kommunen.<\/strong><\/p>\n<p><!--more--><\/p>\n<p>Att planera f\u00f6r ett samh\u00e4lle d\u00e4r m\u00e5nga vill bo \u00e4r en utmaning. Det g\u00e4ller att inte bara bygga f\u00f6r dagens generationer utan se till s\u00e5 att vi f\u00e5r ett l\u00e5ngsiktigt h\u00e5llbart samh\u00e4lle.<\/p>\n<p>S\u00e5v\u00e4l n\u00e4ringsliv, service, kommunikationer, som boende och rekreationsm\u00f6jligheter ska anpassas f\u00f6r den v\u00e4xande befolkningen och vi beh\u00f6ver s\u00f6rja f\u00f6r en fungerande infrastruktur.<\/p>\n<p>Vi ska bygga f\u00f6r m\u00e4nniskors olika behov &#8211; och\u00a0samtidigt inte ha s\u00e5 br\u00e5ttom att vi gl\u00f6mmer helheten.<\/p>\n<h2>V\u00e5ra prioriteringar:<\/h2>\n<p><strong>N\u00e5gra nyckelord \u00e4r:\u00a0<\/strong>trivsamhet, effektiv planering, utbyggd service, ett rikare n\u00e4ringsliv men ocks\u00e5 effektiva transportm\u00f6jligheter och smart anv\u00e4nda kommunala medel.<\/p>\n<p>Vi v\u00e4rnar ocks\u00e5 landsbygden, goda m\u00f6jligheter till friluftsliv och en utbyggnad av kommunen som h\u00e4nger samman, utifr\u00e5n b\u00e5de kommunikationsnoder och infrastruktur.<\/p>\n<h2>Ett levande centrum<\/h2>\n<p>F\u00f6r att f\u00e5 en levande och trivsam sm\u00e5stad vill vi fokusera p\u00e5 att bygga lite t\u00e4tare med fler lokaler f\u00f6r n\u00e4ringsverksamhet i centrum: service-, aff\u00e4rslokaler och kontorslokaler i l\u00e4gre plan.<\/p>\n<p>Det i sin tur \u00f6kar dagbefolkningen som ger det underlag f\u00f6r restauranger, caf\u00e9er och butiker som efterfr\u00e5gas av m\u00e5nga Knivstabor.<\/p>\n<h2>Tv\u00e5-sex v\u00e5ningar<\/h2>\n<p>Vi vill bygga 2-6 v\u00e5ningar h\u00f6gt med undantag f\u00f6r enstaka signaturbyggnader som ska vara av h\u00f6g arkitektonisk kvalitet.\u00a0Byggnaderna skall upplevas som fastighetsindelade eller vara frist\u00e5ende med en vacker och varierad form.<\/p>\n<p>Knivstabon ska kunna vara stolt \u00f6ver sin ort och trivas med att vistas i de centrala delarna vilket \u00e4r viktigt f\u00f6r trygghetsk\u00e4nslan.<\/p>\n<p><a href=\"http:\/\/wp.kristdemokraterna.se\/knivsta\/files\/2016\/05\/webbinne5.jpg\"><img loading=\"lazy\" decoding=\"async\" class=\"alignnone size-full wp-image-1297\" src=\"http:\/\/wp.kristdemokraterna.se\/knivsta\/files\/2016\/05\/webbinne5.jpg\" alt=\"webbinne5\" width=\"1105\" height=\"450\" srcset=\"https:\/\/wp.kristdemokraterna.se\/knivsta\/files\/2016\/05\/webbinne5.jpg 1105w, https:\/\/wp.kristdemokraterna.se\/knivsta\/files\/2016\/05\/webbinne5-479x195.jpg 479w, https:\/\/wp.kristdemokraterna.se\/knivsta\/files\/2016\/05\/webbinne5-471x192.jpg 471w\" sizes=\"auto, (max-width: 1105px) 100vw, 1105px\" \/><\/a><\/p>\n<h2>Gr\u00e4v ned j\u00e4rnv\u00e4gen<\/h2>\n<p>Vi vill gr\u00e4va ned j\u00e4rnv\u00e4gen i samband med utbyggnad av fyra sp\u00e5r. Det frig\u00f6r yta f\u00f6r bebyggelse i de centrala delarna och sparar ocks\u00e5 in utgifter f\u00f6r framtida bro\u00f6verfarter som nu blir \u00f6verfl\u00f6diga. Bullret fr\u00e5n t\u00e5get kommer ocks\u00e5 att minska.<\/p>\n<h2>Lagom snabb tillv\u00e4xt<\/h2>\n<p>Omkring 2035 har kommunen ungef\u00e4r 30 000 inv\u00e5nare. Det \u00e4r en \u00f6vre gr\u00e4ns f\u00f6r tillv\u00e4xttakten tror vi.<\/p>\n<p>Vi vill ocks\u00e5 bibeh\u00e5lla dagens f\u00f6rdelning av bost\u00e4der, det vill s\u00e4ga att vi har lika mycket flerbostadshus, radhus, och sm\u00e5hus som idag &#8211; det ger en bra balans mellan behov och utbud.<\/p>\n<h2>Ring &#8211; en bra form<\/h2>\n<p>Vi vill att Knivsta t\u00e4tort v\u00e4xer ringformat och stegvis v\u00e4xer i v\u00e4ster-s\u00f6derled f\u00f6r st\u00f6rsta m\u00f6jliga n\u00e4rhet mellan ny och \u00e4ldre bebyggelse.<\/p>\n<p>Villasamh\u00e4llet i Alsike kan v\u00e4xa genom att\u00a0bygga vidare i en vid ring runt Trunsta tr\u00e4sk och Gredelby hagar.<\/p>\n<h2>Barnen i fokus<\/h2>\n<p>Vi utg\u00e5r fr\u00e5n barns perspektiv och en m\u00e4nsklig skala f\u00f6r allt som planeras. Plats f\u00f6r lek, idrott och kultur \u00e4r viktiga delar i den trivsamma sm\u00e5staden. Nya lekplatser b\u00e5de i de centrala delarna liksom l\u00e4ngre ut fr\u00e5n centrum ska forts\u00e4tta att planeras.<\/p>\n<p><a href=\"http:\/\/wp.kristdemokraterna.se\/knivsta\/files\/2016\/05\/webbeninne3.jpg\"><img loading=\"lazy\" decoding=\"async\" class=\"alignnone size-full wp-image-1313\" src=\"http:\/\/wp.kristdemokraterna.se\/knivsta\/files\/2016\/05\/webbeninne3.jpg\" alt=\"webbeninne3\" width=\"1105\" height=\"450\" srcset=\"https:\/\/wp.kristdemokraterna.se\/knivsta\/files\/2016\/05\/webbeninne3.jpg 1105w, https:\/\/wp.kristdemokraterna.se\/knivsta\/files\/2016\/05\/webbeninne3-479x195.jpg 479w, https:\/\/wp.kristdemokraterna.se\/knivsta\/files\/2016\/05\/webbeninne3-471x192.jpg 471w\" sizes=\"auto, (max-width: 1105px) 100vw, 1105px\" \/><\/a><\/p>\n<h2>Natur och rekreation<\/h2>\n<p>N\u00e4rhete \u00a0till gr\u00f6nomr\u00e5den, kulturmilj\u00f6 och vatten ska tillvaratas. Det ska finnas g\u00e5ng-, cykelv\u00e4gar och motionssp\u00e5r f\u00f6r den som vill vistas i naturen.<\/p>\n<p>Vi vill ocks\u00e5 forts\u00e4tta utveckla omgivningen kring Knivsta\u00e5n och skapa ett rekreationsomr\u00e5de vid Tomtasj\u00f6n.\u00a0<span style=\"line-height: 1.5\">En sm\u00e5b\u00e5tshamn vid Ekoln \u00e4r ocks\u00e5 n\u00e5got vi tror skulle uppskattas.<\/span><\/p>\n<p>F\u00f6r att s\u00e4kra tillg\u00e5ngen til str\u00e4nderna vill vi bevara delar av marken kring sj\u00f6arna.<\/p>\n<p><strong>Vi vill \u00e4ven arbeta f\u00f6r bevarandet av:<\/strong><\/p>\n<p>\u2022 M\u00e4larstrand &#8211; Ekhamn<br \/>\n\u2022 Ekskog S\u00e4bysj\u00f6n och Noors slott<br \/>\n\u2022 Trunsta tr\u00e4sk<br \/>\n\u2022 Kungshamn-Morga<br \/>\n\u2022\u00a0Lunsenskogen<\/p>\n<h2>Utveckla landsbygden<\/h2>\n<p>Vi vill utveckla nya landsbygdsbyar eftersom vi sett att m\u00e5nga trivs i den livsmilj\u00f6n. H\u00e4r finns plats f\u00f6r m\u00e5nga fler. De nuvarande landsbygdsskolorna f\u00e5r ocks\u00e5 ett b\u00e4ttre elevunderlag p\u00e5 detta s\u00e4tt.<\/p>\n<p>F\u00f6r de som bor p\u00e5 landet \u00e4r det s\u00e4rskilt viktigt att f\u00e5\u00a0tillg\u00e5ng till t\u00e5gstationen f\u00f6r arbetspendling samtidigt som vi ser ett behov av en f\u00f6rb\u00e4ttrad kollektivtrafik.<\/p>\n<h2>F\u00f6rb\u00e4ttrad kommunikation<\/h2>\n<p>\u2022 Vi bygger g\u00e5ng- och cykelv\u00e4gar, b\u00e5de f\u00f6r arbetspendling men ocks\u00e5 f\u00f6r \u00f6kad tillg\u00e5ng till natur och vatten.<\/p>\n<p>\u2022 Vi binder samman Bj\u00f6rksta-Knivsta-Alsike-Uppsala med en g\u00e5ng och cykelv\u00e4g l\u00e4ngs j\u00e4rnv\u00e4gen. Det underl\u00e4ttar b\u00e5de f\u00f6r t\u00e5gpendlare och de som arbetar eller g\u00e5r i skola i Knivsta.<\/p>\n<p>\u2022 F\u00f6r att utveckla Nydal beh\u00f6ver vi en v\u00e4g \u00f6ver den nedgr\u00e4vda j\u00e4rnv\u00e4gen som ansluter E4 sydsyd\u00f6st om S\u00e4bysj\u00f6n.<\/p>\n<p>\u2022 En ny motorv\u00e4gsav- och p\u00e5fart i Halmby\u00a0minskar\u00a0trafikfl\u00f6det genom Alsike samtidigt som landsbygden i och kring Lagga och \u00d6stuna knyts n\u00e4rmare till Uppsala.<\/p>\n<p>\u2022 Vi s\u00e4ger nej till en t\u00e5gstation i Alsike d\u00e5 tv\u00e5 t\u00e5gstationer i kommunen ger\u00a0en\u00a0f\u00f6rs\u00e4mrad t\u00e5gtrafik och riskerar en framv\u00e4xt av tv\u00e5 centrum, d\u00e4r inget av dessa f\u00e5r ett tillr\u00e4ckligt kundunderlag.<\/p>\n<p>\u2022 Ist\u00e4llet satsar vi p\u00e5 en v\u00e4l utbyggd kollektivtrafik och tillr\u00e4ckliga pendlarparkeringar i Knivsta.<\/p>\n","protected":false},"excerpt":{"rendered":"<p>Knivsta omvandlas snabbt. Vi \u00e4r m\u00e5na om att v\u00e5r kommun ska dra nytta av intresset f\u00f6r orten,\u00a0samtidigt som v\u00e5rt samh\u00e4lle ska vara b\u00e5de trivsamt och funktionellt. Vi lanserar nu v\u00e5rt eget koncept f\u00f6r utvecklingen av kommunen.<\/p>\n","protected":false},"author":481,"featured_media":1317,"comment_status":"closed","ping_status":"closed","sticky":false,"template":"","format":"standard","meta":{"_acf_changed":false,"footnotes":""},"categories":[1],"tags":[12,44],"class_list":["post-1246","post","type-post","status-publish","format-standard","hentry","category-knivsta","tag-kristdemokraterna-knivsta","tag-stadsutveckling"],"acf":[],"yoast_head":"<!-- This site is optimized with the Yoast SEO plugin v27.5 - https:\/\/yoast.com\/product\/yoast-seo-wordpress\/ -->\n<title>V\u00e5r vision: Knivsta som trivsam sm\u00e5stad - Knivsta<\/title>\n<meta name=\"robots\" content=\"index, follow, max-snippet:-1, max-image-preview:large, max-video-preview:-1\" \/>\n<link rel=\"canonical\" href=\"https:\/\/wp.kristdemokraterna.se\/knivsta\/knivsta-blir-smastad\/\" \/>\n<meta property=\"og:locale\" content=\"sv_SE\" \/>\n<meta property=\"og:type\" content=\"article\" \/>\n<meta property=\"og:title\" content=\"V\u00e5r vision: Knivsta som trivsam sm\u00e5stad - Knivsta\" \/>\n<meta property=\"og:description\" content=\"Knivsta omvandlas snabbt. Vi \u00e4r m\u00e5na om att v\u00e5r kommun ska dra nytta av intresset f\u00f6r orten,\u00a0samtidigt som v\u00e5rt samh\u00e4lle ska vara b\u00e5de trivsamt och funktionellt. Vi lanserar nu v\u00e5rt eget koncept f\u00f6r utvecklingen av kommunen.\" \/>\n<meta property=\"og:url\" content=\"https:\/\/wp.kristdemokraterna.se\/knivsta\/knivsta-blir-smastad\/\" \/>\n<meta property=\"og:site_name\" content=\"Knivsta\" \/>\n<meta property=\"article:publisher\" content=\"https:\/\/www.facebook.com\/kdknivsta\" \/>\n<meta property=\"article:published_time\" content=\"2016-05-20T10:15:58+00:00\" \/>\n<meta property=\"article:modified_time\" content=\"2017-11-10T21:41:03+00:00\" \/>\n<meta property=\"og:image\" content=\"https:\/\/wp.kristdemokraterna.se\/knivsta\/files\/2016\/05\/startsida-vision.jpg\" \/>\n\t<meta property=\"og:image:width\" content=\"1105\" \/>\n\t<meta property=\"og:image:height\" content=\"606\" \/>\n\t<meta property=\"og:image:type\" content=\"image\/jpeg\" \/>\n<meta name=\"author\" content=\"knivsta\" \/>\n<meta name=\"twitter:card\" content=\"summary_large_image\" \/>\n<meta name=\"twitter:label1\" content=\"Skriven av\" \/>\n\t<meta name=\"twitter:data1\" content=\"knivsta\" \/>\n\t<meta name=\"twitter:label2\" content=\"Ber\u00e4knad l\u00e4stid\" \/>\n\t<meta name=\"twitter:data2\" content=\"5 minuter\" \/>\n<script type=\"application\/ld+json\" class=\"yoast-schema-graph\">{\"@context\":\"https:\\\/\\\/schema.org\",\"@graph\":[{\"@type\":\"Article\",\"@id\":\"https:\\\/\\\/wp.kristdemokraterna.se\\\/knivsta\\\/knivsta-blir-smastad\\\/#article\",\"isPartOf\":{\"@id\":\"https:\\\/\\\/wp.kristdemokraterna.se\\\/knivsta\\\/knivsta-blir-smastad\\\/\"},\"author\":{\"name\":\"knivsta\",\"@id\":\"https:\\\/\\\/wp.kristdemokraterna.se\\\/knivsta\\\/#\\\/schema\\\/person\\\/41c1d3b208899a9de023f9206cac1f52\"},\"headline\":\"V\u00e5r vision: Knivsta som trivsam sm\u00e5stad\",\"datePublished\":\"2016-05-20T10:15:58+00:00\",\"dateModified\":\"2017-11-10T21:41:03+00:00\",\"mainEntityOfPage\":{\"@id\":\"https:\\\/\\\/wp.kristdemokraterna.se\\\/knivsta\\\/knivsta-blir-smastad\\\/\"},\"wordCount\":918,\"image\":{\"@id\":\"https:\\\/\\\/wp.kristdemokraterna.se\\\/knivsta\\\/knivsta-blir-smastad\\\/#primaryimage\"},\"thumbnailUrl\":\"https:\\\/\\\/wp.kristdemokraterna.se\\\/knivsta\\\/files\\\/2016\\\/05\\\/startsida-vision.jpg\",\"keywords\":[\"Kristdemokraterna Knivsta\",\"stadsutveckling\"],\"articleSection\":[\"Knivsta\"],\"inLanguage\":\"sv-SE\"},{\"@type\":\"WebPage\",\"@id\":\"https:\\\/\\\/wp.kristdemokraterna.se\\\/knivsta\\\/knivsta-blir-smastad\\\/\",\"url\":\"https:\\\/\\\/wp.kristdemokraterna.se\\\/knivsta\\\/knivsta-blir-smastad\\\/\",\"name\":\"V\u00e5r vision: Knivsta som trivsam sm\u00e5stad - Knivsta\",\"isPartOf\":{\"@id\":\"https:\\\/\\\/wp.kristdemokraterna.se\\\/knivsta\\\/#website\"},\"primaryImageOfPage\":{\"@id\":\"https:\\\/\\\/wp.kristdemokraterna.se\\\/knivsta\\\/knivsta-blir-smastad\\\/#primaryimage\"},\"image\":{\"@id\":\"https:\\\/\\\/wp.kristdemokraterna.se\\\/knivsta\\\/knivsta-blir-smastad\\\/#primaryimage\"},\"thumbnailUrl\":\"https:\\\/\\\/wp.kristdemokraterna.se\\\/knivsta\\\/files\\\/2016\\\/05\\\/startsida-vision.jpg\",\"datePublished\":\"2016-05-20T10:15:58+00:00\",\"dateModified\":\"2017-11-10T21:41:03+00:00\",\"author\":{\"@id\":\"https:\\\/\\\/wp.kristdemokraterna.se\\\/knivsta\\\/#\\\/schema\\\/person\\\/41c1d3b208899a9de023f9206cac1f52\"},\"breadcrumb\":{\"@id\":\"https:\\\/\\\/wp.kristdemokraterna.se\\\/knivsta\\\/knivsta-blir-smastad\\\/#breadcrumb\"},\"inLanguage\":\"sv-SE\",\"potentialAction\":[{\"@type\":\"ReadAction\",\"target\":[\"https:\\\/\\\/wp.kristdemokraterna.se\\\/knivsta\\\/knivsta-blir-smastad\\\/\"]}]},{\"@type\":\"ImageObject\",\"inLanguage\":\"sv-SE\",\"@id\":\"https:\\\/\\\/wp.kristdemokraterna.se\\\/knivsta\\\/knivsta-blir-smastad\\\/#primaryimage\",\"url\":\"https:\\\/\\\/wp.kristdemokraterna.se\\\/knivsta\\\/files\\\/2016\\\/05\\\/startsida-vision.jpg\",\"contentUrl\":\"https:\\\/\\\/wp.kristdemokraterna.se\\\/knivsta\\\/files\\\/2016\\\/05\\\/startsida-vision.jpg\",\"width\":1105,\"height\":606},{\"@type\":\"BreadcrumbList\",\"@id\":\"https:\\\/\\\/wp.kristdemokraterna.se\\\/knivsta\\\/knivsta-blir-smastad\\\/#breadcrumb\",\"itemListElement\":[{\"@type\":\"ListItem\",\"position\":1,\"name\":\"Hem\",\"item\":\"https:\\\/\\\/wp.kristdemokraterna.se\\\/knivsta\\\/\"},{\"@type\":\"ListItem\",\"position\":2,\"name\":\"V\u00e5r vision: Knivsta som trivsam sm\u00e5stad\"}]},{\"@type\":\"WebSite\",\"@id\":\"https:\\\/\\\/wp.kristdemokraterna.se\\\/knivsta\\\/#website\",\"url\":\"https:\\\/\\\/wp.kristdemokraterna.se\\\/knivsta\\\/\",\"name\":\"Knivsta\",\"description\":\" F\u00f6r ett b\u00e4ttre samh\u00e4lle\",\"inLanguage\":\"sv-SE\"},{\"@type\":\"Person\",\"@id\":\"https:\\\/\\\/wp.kristdemokraterna.se\\\/knivsta\\\/#\\\/schema\\\/person\\\/41c1d3b208899a9de023f9206cac1f52\",\"name\":\"knivsta\",\"image\":{\"@type\":\"ImageObject\",\"inLanguage\":\"sv-SE\",\"@id\":\"https:\\\/\\\/secure.gravatar.com\\\/avatar\\\/68a509c7c53375b65b47d1d3c17559bd62f1e272f97020f0faeec022f4f79769?s=96&r=g\",\"url\":\"https:\\\/\\\/secure.gravatar.com\\\/avatar\\\/68a509c7c53375b65b47d1d3c17559bd62f1e272f97020f0faeec022f4f79769?s=96&r=g\",\"contentUrl\":\"https:\\\/\\\/secure.gravatar.com\\\/avatar\\\/68a509c7c53375b65b47d1d3c17559bd62f1e272f97020f0faeec022f4f79769?s=96&r=g\",\"caption\":\"knivsta\"},\"url\":\"https:\\\/\\\/wp.kristdemokraterna.se\\\/knivsta\\\/author\\\/knivsta\\\/\"}]}<\/script>\n<!-- \/ Yoast SEO plugin. -->","yoast_head_json":{"title":"V\u00e5r vision: Knivsta som trivsam sm\u00e5stad - Knivsta","robots":{"index":"index","follow":"follow","max-snippet":"max-snippet:-1","max-image-preview":"max-image-preview:large","max-video-preview":"max-video-preview:-1"},"canonical":"https:\/\/wp.kristdemokraterna.se\/knivsta\/knivsta-blir-smastad\/","og_locale":"sv_SE","og_type":"article","og_title":"V\u00e5r vision: Knivsta som trivsam sm\u00e5stad - Knivsta","og_description":"Knivsta omvandlas snabbt. Vi \u00e4r m\u00e5na om att v\u00e5r kommun ska dra nytta av intresset f\u00f6r orten,\u00a0samtidigt som v\u00e5rt samh\u00e4lle ska vara b\u00e5de trivsamt och funktionellt. Vi lanserar nu v\u00e5rt eget koncept f\u00f6r utvecklingen av kommunen.","og_url":"https:\/\/wp.kristdemokraterna.se\/knivsta\/knivsta-blir-smastad\/","og_site_name":"Knivsta","article_publisher":"https:\/\/www.facebook.com\/kdknivsta","article_published_time":"2016-05-20T10:15:58+00:00","article_modified_time":"2017-11-10T21:41:03+00:00","og_image":[{"width":1105,"height":606,"url":"https:\/\/wp.kristdemokraterna.se\/knivsta\/files\/2016\/05\/startsida-vision.jpg","type":"image\/jpeg"}],"author":"knivsta","twitter_card":"summary_large_image","twitter_misc":{"Skriven av":"knivsta","Ber\u00e4knad l\u00e4stid":"5 minuter"},"schema":{"@context":"https:\/\/schema.org","@graph":[{"@type":"Article","@id":"https:\/\/wp.kristdemokraterna.se\/knivsta\/knivsta-blir-smastad\/#article","isPartOf":{"@id":"https:\/\/wp.kristdemokraterna.se\/knivsta\/knivsta-blir-smastad\/"},"author":{"name":"knivsta","@id":"https:\/\/wp.kristdemokraterna.se\/knivsta\/#\/schema\/person\/41c1d3b208899a9de023f9206cac1f52"},"headline":"V\u00e5r vision: Knivsta som trivsam sm\u00e5stad","datePublished":"2016-05-20T10:15:58+00:00","dateModified":"2017-11-10T21:41:03+00:00","mainEntityOfPage":{"@id":"https:\/\/wp.kristdemokraterna.se\/knivsta\/knivsta-blir-smastad\/"},"wordCount":918,"image":{"@id":"https:\/\/wp.kristdemokraterna.se\/knivsta\/knivsta-blir-smastad\/#primaryimage"},"thumbnailUrl":"https:\/\/wp.kristdemokraterna.se\/knivsta\/files\/2016\/05\/startsida-vision.jpg","keywords":["Kristdemokraterna Knivsta","stadsutveckling"],"articleSection":["Knivsta"],"inLanguage":"sv-SE"},{"@type":"WebPage","@id":"https:\/\/wp.kristdemokraterna.se\/knivsta\/knivsta-blir-smastad\/","url":"https:\/\/wp.kristdemokraterna.se\/knivsta\/knivsta-blir-smastad\/","name":"V\u00e5r vision: Knivsta som trivsam sm\u00e5stad - Knivsta","isPartOf":{"@id":"https:\/\/wp.kristdemokraterna.se\/knivsta\/#website"},"primaryImageOfPage":{"@id":"https:\/\/wp.kristdemokraterna.se\/knivsta\/knivsta-blir-smastad\/#primaryimage"},"image":{"@id":"https:\/\/wp.kristdemokraterna.se\/knivsta\/knivsta-blir-smastad\/#primaryimage"},"thumbnailUrl":"https:\/\/wp.kristdemokraterna.se\/knivsta\/files\/2016\/05\/startsida-vision.jpg","datePublished":"2016-05-20T10:15:58+00:00","dateModified":"2017-11-10T21:41:03+00:00","author":{"@id":"https:\/\/wp.kristdemokraterna.se\/knivsta\/#\/schema\/person\/41c1d3b208899a9de023f9206cac1f52"},"breadcrumb":{"@id":"https:\/\/wp.kristdemokraterna.se\/knivsta\/knivsta-blir-smastad\/#breadcrumb"},"inLanguage":"sv-SE","potentialAction":[{"@type":"ReadAction","target":["https:\/\/wp.kristdemokraterna.se\/knivsta\/knivsta-blir-smastad\/"]}]},{"@type":"ImageObject","inLanguage":"sv-SE","@id":"https:\/\/wp.kristdemokraterna.se\/knivsta\/knivsta-blir-smastad\/#primaryimage","url":"https:\/\/wp.kristdemokraterna.se\/knivsta\/files\/2016\/05\/startsida-vision.jpg","contentUrl":"https:\/\/wp.kristdemokraterna.se\/knivsta\/files\/2016\/05\/startsida-vision.jpg","width":1105,"height":606},{"@type":"BreadcrumbList","@id":"https:\/\/wp.kristdemokraterna.se\/knivsta\/knivsta-blir-smastad\/#breadcrumb","itemListElement":[{"@type":"ListItem","position":1,"name":"Hem","item":"https:\/\/wp.kristdemokraterna.se\/knivsta\/"},{"@type":"ListItem","position":2,"name":"V\u00e5r vision: Knivsta som trivsam sm\u00e5stad"}]},{"@type":"WebSite","@id":"https:\/\/wp.kristdemokraterna.se\/knivsta\/#website","url":"https:\/\/wp.kristdemokraterna.se\/knivsta\/","name":"Knivsta","description":" F\u00f6r ett b\u00e4ttre samh\u00e4lle","inLanguage":"sv-SE"},{"@type":"Person","@id":"https:\/\/wp.kristdemokraterna.se\/knivsta\/#\/schema\/person\/41c1d3b208899a9de023f9206cac1f52","name":"knivsta","image":{"@type":"ImageObject","inLanguage":"sv-SE","@id":"https:\/\/secure.gravatar.com\/avatar\/68a509c7c53375b65b47d1d3c17559bd62f1e272f97020f0faeec022f4f79769?s=96&r=g","url":"https:\/\/secure.gravatar.com\/avatar\/68a509c7c53375b65b47d1d3c17559bd62f1e272f97020f0faeec022f4f79769?s=96&r=g","contentUrl":"https:\/\/secure.gravatar.com\/avatar\/68a509c7c53375b65b47d1d3c17559bd62f1e272f97020f0faeec022f4f79769?s=96&r=g","caption":"knivsta"},"url":"https:\/\/wp.kristdemokraterna.se\/knivsta\/author\/knivsta\/"}]}},"_links":{"self":[{"href":"https:\/\/wp.kristdemokraterna.se\/knivsta\/wp-json\/wp\/v2\/posts\/1246","targetHints":{"allow":["GET"]}}],"collection":[{"href":"https:\/\/wp.kristdemokraterna.se\/knivsta\/wp-json\/wp\/v2\/posts"}],"about":[{"href":"https:\/\/wp.kristdemokraterna.se\/knivsta\/wp-json\/wp\/v2\/types\/post"}],"author":[{"embeddable":true,"href":"https:\/\/wp.kristdemokraterna.se\/knivsta\/wp-json\/wp\/v2\/users\/481"}],"replies":[{"embeddable":true,"href":"https:\/\/wp.kristdemokraterna.se\/knivsta\/wp-json\/wp\/v2\/comments?post=1246"}],"version-history":[{"count":58,"href":"https:\/\/wp.kristdemokraterna.se\/knivsta\/wp-json\/wp\/v2\/posts\/1246\/revisions"}],"predecessor-version":[{"id":1399,"href":"https:\/\/wp.kristdemokraterna.se\/knivsta\/wp-json\/wp\/v2\/posts\/1246\/revisions\/1399"}],"wp:featuredmedia":[{"embeddable":true,"href":"https:\/\/wp.kristdemokraterna.se\/knivsta\/wp-json\/wp\/v2\/media\/1317"}],"wp:attachment":[{"href":"https:\/\/wp.kristdemokraterna.se\/knivsta\/wp-json\/wp\/v2\/media?parent=1246"}],"wp:term":[{"taxonomy":"category","embeddable":true,"href":"https:\/\/wp.kristdemokraterna.se\/knivsta\/wp-json\/wp\/v2\/categories?post=1246"},{"taxonomy":"post_tag","embeddable":true,"href":"https:\/\/wp.kristdemokraterna.se\/knivsta\/wp-json\/wp\/v2\/tags?post=1246"}],"curies":[{"name":"wp","href":"https:\/\/api.w.org\/{rel}","templated":true}]}}