{"id":1365,"date":"2017-10-21T21:46:56","date_gmt":"2017-10-21T19:46:56","guid":{"rendered":"http:\/\/wp.kristdemokraterna.se\/knivsta\/?p=1365"},"modified":"2017-11-12T22:58:52","modified_gmt":"2017-11-12T21:58:52","slug":"battre-stod-kravs-fran-regionen","status":"publish","type":"post","link":"https:\/\/wp.kristdemokraterna.se\/knivsta\/battre-stod-kravs-fran-regionen\/","title":{"rendered":"B\u00e4ttre st\u00f6d kr\u00e4vs fr\u00e5n regionen"},"content":{"rendered":"<p><strong>V\u00e5rdkedjan f\u00f6r Knivstas barn och ungdomar med psykisk oh\u00e4lsa fungerar inte.<br \/>\n\u2013 I dag tvingas elevh\u00e4lsan g\u00f6ra basutredningar f\u00f6r barn och ungdomar som m\u00e5r psykiskt d\u00e5ligt innan de f\u00e5r komma till BUP, s\u00e4ger kommunalr\u00e5d Bj\u00f6rn-Owe Bj\u00f6rk (KD) till <a href=\"http:\/\/www.unt.se\/nyheter\/knivsta\/knivsta-staller-krav-pa-region-uppsala-4794016.aspx\">UNT<\/a>.<br \/>\n<\/strong><\/p>\n<p><!--more-->Efter en revisionsrapport som visar p\u00e5 en kraftigt f\u00f6rs\u00e4mrad tillg\u00e5ng p\u00e5 v\u00e5rd f\u00f6r barn och unga som lider av psykisk oh\u00e4lsa, har utbildningsn\u00e4mnden i Knivsta l\u00e4mnat ett yttrande. Detta st\u00e4ller sig nu kommunstyrelsen bakom.<\/p>\n<p>Den kr\u00e4ver att Region Uppsala\u00a0\u201dskyndsamt tillser att en fungerande mellanniv\u00e5, f\u00f6rsta linje, skapas f\u00f6r att s\u00e4kerst\u00e4lla v\u00e5rdkedjan mellan elevh\u00e4lsan, f\u00f6rsta linjen och BUP\u201d.<\/p>\n<p>\u2013 Kommunen kan inte ta \u00f6ver Region Uppsalas ansvar f\u00f6r basutredningar av barn och ungdomar som m\u00e5r psykiskt d\u00e5ligt, s\u00e4ger Bj\u00f6rn-Owe Bj\u00f6rk (KD), kommunalr\u00e5d, som ocks\u00e5 \u00e4r ordf\u00f6rande i utbildningsn\u00e4mnden till UNT.<\/p>\n<p>Han p\u00e5pekar att\u00a0elevh\u00e4lsan idag tvingas g\u00f6ra basutredningar f\u00f6r barn och ungdomar som m\u00e5r psykiskt d\u00e5ligt innan de f\u00e5r komma till BUP. Detta trots att elevh\u00e4lsans huvuduppgift ska vara h\u00e4lsofr\u00e4mjande och f\u00f6rebyggande.<\/p>\n<p><a href=\"http:\/\/www.unt.se\/nyheter\/knivsta\/knivsta-staller-krav-pa-region-uppsala-4794016.aspx\">L\u00e4s mer i UNT h\u00e4r<\/a><\/p>\n","protected":false},"excerpt":{"rendered":"<p>V\u00e5rdkedjan f\u00f6r Knivstas barn och ungdomar med psykisk oh\u00e4lsa fungerar inte. \u2013 I dag tvingas elevh\u00e4lsan g\u00f6ra basutredningar f\u00f6r barn och ungdomar som m\u00e5r psykiskt d\u00e5ligt innan de f\u00e5r komma till BUP, s\u00e4ger kommunalr\u00e5d Bj\u00f6rn-Owe Bj\u00f6rk (KD) till UNT.<\/p>\n","protected":false},"author":481,"featured_media":1408,"comment_status":"closed","ping_status":"closed","sticky":false,"template":"","format":"standard","meta":{"_acf_changed":false,"footnotes":""},"categories":[1],"tags":[6,50,49,11],"class_list":["post-1365","post","type-post","status-publish","format-standard","hentry","category-knivsta","tag-bjorn-owe-bjork","tag-bup","tag-elevhalsan","tag-kd-knivsta"],"acf":[],"yoast_head":"<!-- This site is optimized with the Yoast SEO plugin v27.5 - https:\/\/yoast.com\/product\/yoast-seo-wordpress\/ -->\n<title>B\u00e4ttre st\u00f6d kr\u00e4vs fr\u00e5n regionen - Knivsta<\/title>\n<meta name=\"robots\" content=\"index, follow, max-snippet:-1, max-image-preview:large, max-video-preview:-1\" \/>\n<link rel=\"canonical\" href=\"https:\/\/wp.kristdemokraterna.se\/knivsta\/battre-stod-kravs-fran-regionen\/\" \/>\n<meta property=\"og:locale\" content=\"sv_SE\" \/>\n<meta property=\"og:type\" content=\"article\" \/>\n<meta property=\"og:title\" content=\"B\u00e4ttre st\u00f6d kr\u00e4vs fr\u00e5n regionen - Knivsta\" \/>\n<meta property=\"og:description\" content=\"V\u00e5rdkedjan f\u00f6r Knivstas barn och ungdomar med psykisk oh\u00e4lsa fungerar inte. \u2013 I dag tvingas elevh\u00e4lsan g\u00f6ra basutredningar f\u00f6r barn och ungdomar som m\u00e5r psykiskt d\u00e5ligt innan de f\u00e5r komma till BUP, s\u00e4ger kommunalr\u00e5d Bj\u00f6rn-Owe Bj\u00f6rk (KD) till UNT.\" \/>\n<meta property=\"og:url\" content=\"https:\/\/wp.kristdemokraterna.se\/knivsta\/battre-stod-kravs-fran-regionen\/\" \/>\n<meta property=\"og:site_name\" content=\"Knivsta\" \/>\n<meta property=\"article:publisher\" content=\"https:\/\/www.facebook.com\/kdknivsta\" \/>\n<meta property=\"article:published_time\" content=\"2017-10-21T19:46:56+00:00\" \/>\n<meta property=\"article:modified_time\" content=\"2017-11-12T21:58:52+00:00\" \/>\n<meta property=\"og:image\" content=\"https:\/\/wp.kristdemokraterna.se\/knivsta\/files\/2017\/10\/skola.jpg\" \/>\n\t<meta property=\"og:image:width\" content=\"645\" \/>\n\t<meta property=\"og:image:height\" content=\"350\" \/>\n\t<meta property=\"og:image:type\" content=\"image\/jpeg\" \/>\n<meta name=\"author\" content=\"knivsta\" \/>\n<meta name=\"twitter:card\" content=\"summary_large_image\" \/>\n<meta name=\"twitter:label1\" content=\"Skriven av\" \/>\n\t<meta name=\"twitter:data1\" content=\"knivsta\" \/>\n\t<meta name=\"twitter:label2\" content=\"Ber\u00e4knad l\u00e4stid\" \/>\n\t<meta name=\"twitter:data2\" content=\"1 minut\" \/>\n<script type=\"application\/ld+json\" class=\"yoast-schema-graph\">{\"@context\":\"https:\\\/\\\/schema.org\",\"@graph\":[{\"@type\":\"Article\",\"@id\":\"https:\\\/\\\/wp.kristdemokraterna.se\\\/knivsta\\\/battre-stod-kravs-fran-regionen\\\/#article\",\"isPartOf\":{\"@id\":\"https:\\\/\\\/wp.kristdemokraterna.se\\\/knivsta\\\/battre-stod-kravs-fran-regionen\\\/\"},\"author\":{\"name\":\"knivsta\",\"@id\":\"https:\\\/\\\/wp.kristdemokraterna.se\\\/knivsta\\\/#\\\/schema\\\/person\\\/41c1d3b208899a9de023f9206cac1f52\"},\"headline\":\"B\u00e4ttre st\u00f6d kr\u00e4vs fr\u00e5n regionen\",\"datePublished\":\"2017-10-21T19:46:56+00:00\",\"dateModified\":\"2017-11-12T21:58:52+00:00\",\"mainEntityOfPage\":{\"@id\":\"https:\\\/\\\/wp.kristdemokraterna.se\\\/knivsta\\\/battre-stod-kravs-fran-regionen\\\/\"},\"wordCount\":225,\"image\":{\"@id\":\"https:\\\/\\\/wp.kristdemokraterna.se\\\/knivsta\\\/battre-stod-kravs-fran-regionen\\\/#primaryimage\"},\"thumbnailUrl\":\"https:\\\/\\\/wp.kristdemokraterna.se\\\/knivsta\\\/files\\\/2017\\\/10\\\/skola.jpg\",\"keywords\":[\"Bj\u00f6rn-Owe Bj\u00f6rk\",\"BUP\",\"elevh\u00e4lsan\",\"KD Knivsta\"],\"articleSection\":[\"Knivsta\"],\"inLanguage\":\"sv-SE\"},{\"@type\":\"WebPage\",\"@id\":\"https:\\\/\\\/wp.kristdemokraterna.se\\\/knivsta\\\/battre-stod-kravs-fran-regionen\\\/\",\"url\":\"https:\\\/\\\/wp.kristdemokraterna.se\\\/knivsta\\\/battre-stod-kravs-fran-regionen\\\/\",\"name\":\"B\u00e4ttre st\u00f6d kr\u00e4vs fr\u00e5n regionen - Knivsta\",\"isPartOf\":{\"@id\":\"https:\\\/\\\/wp.kristdemokraterna.se\\\/knivsta\\\/#website\"},\"primaryImageOfPage\":{\"@id\":\"https:\\\/\\\/wp.kristdemokraterna.se\\\/knivsta\\\/battre-stod-kravs-fran-regionen\\\/#primaryimage\"},\"image\":{\"@id\":\"https:\\\/\\\/wp.kristdemokraterna.se\\\/knivsta\\\/battre-stod-kravs-fran-regionen\\\/#primaryimage\"},\"thumbnailUrl\":\"https:\\\/\\\/wp.kristdemokraterna.se\\\/knivsta\\\/files\\\/2017\\\/10\\\/skola.jpg\",\"datePublished\":\"2017-10-21T19:46:56+00:00\",\"dateModified\":\"2017-11-12T21:58:52+00:00\",\"author\":{\"@id\":\"https:\\\/\\\/wp.kristdemokraterna.se\\\/knivsta\\\/#\\\/schema\\\/person\\\/41c1d3b208899a9de023f9206cac1f52\"},\"breadcrumb\":{\"@id\":\"https:\\\/\\\/wp.kristdemokraterna.se\\\/knivsta\\\/battre-stod-kravs-fran-regionen\\\/#breadcrumb\"},\"inLanguage\":\"sv-SE\",\"potentialAction\":[{\"@type\":\"ReadAction\",\"target\":[\"https:\\\/\\\/wp.kristdemokraterna.se\\\/knivsta\\\/battre-stod-kravs-fran-regionen\\\/\"]}]},{\"@type\":\"ImageObject\",\"inLanguage\":\"sv-SE\",\"@id\":\"https:\\\/\\\/wp.kristdemokraterna.se\\\/knivsta\\\/battre-stod-kravs-fran-regionen\\\/#primaryimage\",\"url\":\"https:\\\/\\\/wp.kristdemokraterna.se\\\/knivsta\\\/files\\\/2017\\\/10\\\/skola.jpg\",\"contentUrl\":\"https:\\\/\\\/wp.kristdemokraterna.se\\\/knivsta\\\/files\\\/2017\\\/10\\\/skola.jpg\",\"width\":645,\"height\":350,\"caption\":\"Nu satsas medel p\u00e5 samtalsmottagningar i flera kommuner i regionen.\"},{\"@type\":\"BreadcrumbList\",\"@id\":\"https:\\\/\\\/wp.kristdemokraterna.se\\\/knivsta\\\/battre-stod-kravs-fran-regionen\\\/#breadcrumb\",\"itemListElement\":[{\"@type\":\"ListItem\",\"position\":1,\"name\":\"Hem\",\"item\":\"https:\\\/\\\/wp.kristdemokraterna.se\\\/knivsta\\\/\"},{\"@type\":\"ListItem\",\"position\":2,\"name\":\"B\u00e4ttre st\u00f6d kr\u00e4vs fr\u00e5n regionen\"}]},{\"@type\":\"WebSite\",\"@id\":\"https:\\\/\\\/wp.kristdemokraterna.se\\\/knivsta\\\/#website\",\"url\":\"https:\\\/\\\/wp.kristdemokraterna.se\\\/knivsta\\\/\",\"name\":\"Knivsta\",\"description\":\" F\u00f6r ett b\u00e4ttre samh\u00e4lle\",\"inLanguage\":\"sv-SE\"},{\"@type\":\"Person\",\"@id\":\"https:\\\/\\\/wp.kristdemokraterna.se\\\/knivsta\\\/#\\\/schema\\\/person\\\/41c1d3b208899a9de023f9206cac1f52\",\"name\":\"knivsta\",\"image\":{\"@type\":\"ImageObject\",\"inLanguage\":\"sv-SE\",\"@id\":\"https:\\\/\\\/secure.gravatar.com\\\/avatar\\\/68a509c7c53375b65b47d1d3c17559bd62f1e272f97020f0faeec022f4f79769?s=96&r=g\",\"url\":\"https:\\\/\\\/secure.gravatar.com\\\/avatar\\\/68a509c7c53375b65b47d1d3c17559bd62f1e272f97020f0faeec022f4f79769?s=96&r=g\",\"contentUrl\":\"https:\\\/\\\/secure.gravatar.com\\\/avatar\\\/68a509c7c53375b65b47d1d3c17559bd62f1e272f97020f0faeec022f4f79769?s=96&r=g\",\"caption\":\"knivsta\"},\"url\":\"https:\\\/\\\/wp.kristdemokraterna.se\\\/knivsta\\\/author\\\/knivsta\\\/\"}]}<\/script>\n<!-- \/ Yoast SEO plugin. -->","yoast_head_json":{"title":"B\u00e4ttre st\u00f6d kr\u00e4vs fr\u00e5n regionen - Knivsta","robots":{"index":"index","follow":"follow","max-snippet":"max-snippet:-1","max-image-preview":"max-image-preview:large","max-video-preview":"max-video-preview:-1"},"canonical":"https:\/\/wp.kristdemokraterna.se\/knivsta\/battre-stod-kravs-fran-regionen\/","og_locale":"sv_SE","og_type":"article","og_title":"B\u00e4ttre st\u00f6d kr\u00e4vs fr\u00e5n regionen - Knivsta","og_description":"V\u00e5rdkedjan f\u00f6r Knivstas barn och ungdomar med psykisk oh\u00e4lsa fungerar inte. \u2013 I dag tvingas elevh\u00e4lsan g\u00f6ra basutredningar f\u00f6r barn och ungdomar som m\u00e5r psykiskt d\u00e5ligt innan de f\u00e5r komma till BUP, s\u00e4ger kommunalr\u00e5d Bj\u00f6rn-Owe Bj\u00f6rk (KD) till UNT.","og_url":"https:\/\/wp.kristdemokraterna.se\/knivsta\/battre-stod-kravs-fran-regionen\/","og_site_name":"Knivsta","article_publisher":"https:\/\/www.facebook.com\/kdknivsta","article_published_time":"2017-10-21T19:46:56+00:00","article_modified_time":"2017-11-12T21:58:52+00:00","og_image":[{"width":645,"height":350,"url":"https:\/\/wp.kristdemokraterna.se\/knivsta\/files\/2017\/10\/skola.jpg","type":"image\/jpeg"}],"author":"knivsta","twitter_card":"summary_large_image","twitter_misc":{"Skriven av":"knivsta","Ber\u00e4knad l\u00e4stid":"1 minut"},"schema":{"@context":"https:\/\/schema.org","@graph":[{"@type":"Article","@id":"https:\/\/wp.kristdemokraterna.se\/knivsta\/battre-stod-kravs-fran-regionen\/#article","isPartOf":{"@id":"https:\/\/wp.kristdemokraterna.se\/knivsta\/battre-stod-kravs-fran-regionen\/"},"author":{"name":"knivsta","@id":"https:\/\/wp.kristdemokraterna.se\/knivsta\/#\/schema\/person\/41c1d3b208899a9de023f9206cac1f52"},"headline":"B\u00e4ttre st\u00f6d kr\u00e4vs fr\u00e5n regionen","datePublished":"2017-10-21T19:46:56+00:00","dateModified":"2017-11-12T21:58:52+00:00","mainEntityOfPage":{"@id":"https:\/\/wp.kristdemokraterna.se\/knivsta\/battre-stod-kravs-fran-regionen\/"},"wordCount":225,"image":{"@id":"https:\/\/wp.kristdemokraterna.se\/knivsta\/battre-stod-kravs-fran-regionen\/#primaryimage"},"thumbnailUrl":"https:\/\/wp.kristdemokraterna.se\/knivsta\/files\/2017\/10\/skola.jpg","keywords":["Bj\u00f6rn-Owe Bj\u00f6rk","BUP","elevh\u00e4lsan","KD Knivsta"],"articleSection":["Knivsta"],"inLanguage":"sv-SE"},{"@type":"WebPage","@id":"https:\/\/wp.kristdemokraterna.se\/knivsta\/battre-stod-kravs-fran-regionen\/","url":"https:\/\/wp.kristdemokraterna.se\/knivsta\/battre-stod-kravs-fran-regionen\/","name":"B\u00e4ttre st\u00f6d kr\u00e4vs fr\u00e5n regionen - Knivsta","isPartOf":{"@id":"https:\/\/wp.kristdemokraterna.se\/knivsta\/#website"},"primaryImageOfPage":{"@id":"https:\/\/wp.kristdemokraterna.se\/knivsta\/battre-stod-kravs-fran-regionen\/#primaryimage"},"image":{"@id":"https:\/\/wp.kristdemokraterna.se\/knivsta\/battre-stod-kravs-fran-regionen\/#primaryimage"},"thumbnailUrl":"https:\/\/wp.kristdemokraterna.se\/knivsta\/files\/2017\/10\/skola.jpg","datePublished":"2017-10-21T19:46:56+00:00","dateModified":"2017-11-12T21:58:52+00:00","author":{"@id":"https:\/\/wp.kristdemokraterna.se\/knivsta\/#\/schema\/person\/41c1d3b208899a9de023f9206cac1f52"},"breadcrumb":{"@id":"https:\/\/wp.kristdemokraterna.se\/knivsta\/battre-stod-kravs-fran-regionen\/#breadcrumb"},"inLanguage":"sv-SE","potentialAction":[{"@type":"ReadAction","target":["https:\/\/wp.kristdemokraterna.se\/knivsta\/battre-stod-kravs-fran-regionen\/"]}]},{"@type":"ImageObject","inLanguage":"sv-SE","@id":"https:\/\/wp.kristdemokraterna.se\/knivsta\/battre-stod-kravs-fran-regionen\/#primaryimage","url":"https:\/\/wp.kristdemokraterna.se\/knivsta\/files\/2017\/10\/skola.jpg","contentUrl":"https:\/\/wp.kristdemokraterna.se\/knivsta\/files\/2017\/10\/skola.jpg","width":645,"height":350,"caption":"Nu satsas medel p\u00e5 samtalsmottagningar i flera kommuner i regionen."},{"@type":"BreadcrumbList","@id":"https:\/\/wp.kristdemokraterna.se\/knivsta\/battre-stod-kravs-fran-regionen\/#breadcrumb","itemListElement":[{"@type":"ListItem","position":1,"name":"Hem","item":"https:\/\/wp.kristdemokraterna.se\/knivsta\/"},{"@type":"ListItem","position":2,"name":"B\u00e4ttre st\u00f6d kr\u00e4vs fr\u00e5n regionen"}]},{"@type":"WebSite","@id":"https:\/\/wp.kristdemokraterna.se\/knivsta\/#website","url":"https:\/\/wp.kristdemokraterna.se\/knivsta\/","name":"Knivsta","description":" F\u00f6r ett b\u00e4ttre samh\u00e4lle","inLanguage":"sv-SE"},{"@type":"Person","@id":"https:\/\/wp.kristdemokraterna.se\/knivsta\/#\/schema\/person\/41c1d3b208899a9de023f9206cac1f52","name":"knivsta","image":{"@type":"ImageObject","inLanguage":"sv-SE","@id":"https:\/\/secure.gravatar.com\/avatar\/68a509c7c53375b65b47d1d3c17559bd62f1e272f97020f0faeec022f4f79769?s=96&r=g","url":"https:\/\/secure.gravatar.com\/avatar\/68a509c7c53375b65b47d1d3c17559bd62f1e272f97020f0faeec022f4f79769?s=96&r=g","contentUrl":"https:\/\/secure.gravatar.com\/avatar\/68a509c7c53375b65b47d1d3c17559bd62f1e272f97020f0faeec022f4f79769?s=96&r=g","caption":"knivsta"},"url":"https:\/\/wp.kristdemokraterna.se\/knivsta\/author\/knivsta\/"}]}},"_links":{"self":[{"href":"https:\/\/wp.kristdemokraterna.se\/knivsta\/wp-json\/wp\/v2\/posts\/1365","targetHints":{"allow":["GET"]}}],"collection":[{"href":"https:\/\/wp.kristdemokraterna.se\/knivsta\/wp-json\/wp\/v2\/posts"}],"about":[{"href":"https:\/\/wp.kristdemokraterna.se\/knivsta\/wp-json\/wp\/v2\/types\/post"}],"author":[{"embeddable":true,"href":"https:\/\/wp.kristdemokraterna.se\/knivsta\/wp-json\/wp\/v2\/users\/481"}],"replies":[{"embeddable":true,"href":"https:\/\/wp.kristdemokraterna.se\/knivsta\/wp-json\/wp\/v2\/comments?post=1365"}],"version-history":[{"count":5,"href":"https:\/\/wp.kristdemokraterna.se\/knivsta\/wp-json\/wp\/v2\/posts\/1365\/revisions"}],"predecessor-version":[{"id":1413,"href":"https:\/\/wp.kristdemokraterna.se\/knivsta\/wp-json\/wp\/v2\/posts\/1365\/revisions\/1413"}],"wp:featuredmedia":[{"embeddable":true,"href":"https:\/\/wp.kristdemokraterna.se\/knivsta\/wp-json\/wp\/v2\/media\/1408"}],"wp:attachment":[{"href":"https:\/\/wp.kristdemokraterna.se\/knivsta\/wp-json\/wp\/v2\/media?parent=1365"}],"wp:term":[{"taxonomy":"category","embeddable":true,"href":"https:\/\/wp.kristdemokraterna.se\/knivsta\/wp-json\/wp\/v2\/categories?post=1365"},{"taxonomy":"post_tag","embeddable":true,"href":"https:\/\/wp.kristdemokraterna.se\/knivsta\/wp-json\/wp\/v2\/tags?post=1365"}],"curies":[{"name":"wp","href":"https:\/\/api.w.org\/{rel}","templated":true}]}}