{"id":1421,"date":"2017-11-15T23:27:34","date_gmt":"2017-11-15T22:27:34","guid":{"rendered":"http:\/\/wp.kristdemokraterna.se\/knivsta\/?p=1421"},"modified":"2017-11-21T20:45:37","modified_gmt":"2017-11-21T19:45:37","slug":"byggforslagen-for-knivsta-ar-orimliga","status":"publish","type":"post","link":"https:\/\/wp.kristdemokraterna.se\/knivsta\/byggforslagen-for-knivsta-ar-orimliga\/","title":{"rendered":"Byggf\u00f6rslagen f\u00f6r Knivsta \u00e4r orimliga"},"content":{"rendered":"<p><strong>Knivsta v\u00e4xer n\u00e4ra nog snabbast i landet. Om regeringens \u00f6nskan och Peter Erikssons (MP) byggf\u00f6rslag f\u00f6r Knivsta blir verklighet skulle vi fyrdubbla befolkningen p\u00e5 cirka 40 \u00e5r. Det \u00e4r fullst\u00e4ndigt orimligt.<\/strong><br \/>\n<!--more--><\/p>\n<p>Den 9 september f\u00f6reslog bostadsminister Peter Eriksson (MP) och regeringens utredare nio omr\u00e5den i Sverige som skulle kunna byggas till nya stadsdelar eller st\u00e4der. Tre av dessa omr\u00e5den ligger i Knivsta och byggandet \u00e4r ett villkor f\u00f6r att vi ska f\u00e5 ta del av en utbyggnad av fyra sp\u00e5r som finns med i den plan som presenterats f\u00f6r landets infrastruktur.<\/p>\n<p>Vid Peter Erikssons presskonferens f\u00f6reslog han och regeringens utredare Johan Edstav, att Nydal och Alsike skulle f\u00e5 22 000 nya bost\u00e4der inom ett par decennier om konjunkturen h\u00e5ller i sig. D\u00e4refter kunde eventuellt \u00e4nnu en stad byggas i Nysala: omr\u00e5det mellan Alsike och Uppsala.<\/p>\n<p>Detta f\u00f6rslag skulle i praktiken inneb\u00e4ra att Knivsta \u00e5r 2040 har omkring 80 000 inv\u00e5nare och en befolkningst\u00e4thet i vissa omr\u00e5den som \u00e4r h\u00f6gre \u00e4n delar av Sundbyberg \u2013 kommunen med h\u00f6gst befolkningst\u00e4thet i landet, med 5 591 inv\u00e5nare per kvadratkilometer.<\/p>\n<p>F\u00f6rslaget \u00e4r socialt oh\u00e5llbart och vi riskerar att skapa ett miljonprogramsomr\u00e5de.<\/p>\n<h2>En odemokratisk process<\/h2>\n<p>Kristdemokraterna i Knivsta \u00e4r djupt kritiska till den p\u00e5g\u00e5ende processen mellan kommunen och regeringens f\u00f6rhandlare Johan Edstav, d\u00e4r ett avtal ska vara i hamn f\u00f6re \u00e5rsskiftet.<\/p>\n<p>Detta \u00e4r rent av odemokratiskt. Att stressa fram ett avtal mellan Knivsta och regeringen bara f\u00f6r att bostadsministern vill ha en fj\u00e4der i hatten inf\u00f6r valet n\u00e4sta \u00e5r \u00e4r upp\u00e5t v\u00e4ggarna. Vi beh\u00f6ver ha en mer \u00f6ppen och transparent process. Och f\u00f6r det beh\u00f6vs mer tid.<\/p>\n<p>Ifr\u00e5n KD sida vill vi att staten f\u00f6rl\u00e4nger f\u00f6rhandlingstiden s\u00e5 att vi kan ha en \u00f6ppen dialog med kommunens inv\u00e5nare om vilken slags utveckling vi ska ha i kommunen.<\/p>\n<h2>Inte h\u00e5llbart f\u00f6r samh\u00e4llet<\/h2>\n<p>Att som regeringen f\u00f6reslagit &#8211; bygga 22 000 bost\u00e4der p\u00e5 ett par decennier \u00e4r helt enkelt inte h\u00e5llbart f\u00f6r v\u00e5rt samh\u00e4lle.<\/p>\n<p>D\u00e5 kan vi gl\u00f6mma Knivsta som en trivsam sm\u00e5stad. Det \u00e4r en utveckling som Kristdemokraterna absolut inte vill ha.<\/p>\n<p>Kristdemokraterna i Knivsta \u00e4r inte ett utvecklingsfientligt parti. Tv\u00e4rtemot vill vi bygga ett socialt och ekonomiskt h\u00e5llbart samh\u00e4lle p\u00e5 ett ansvarsfullt s\u00e4tt f\u00f6r alla nuvarande och framtida medborgare.<\/p>\n<h5>Bj\u00f6rn-Owe Bj\u00f6rk (KD)<br \/>\nSynn\u00f6ve Ad\u00e9ll (KD)<br \/>\nPer Lindstr\u00f6m (KD)<br \/>\nOscar Hahne (KD)<br \/>\nGunnar Gidlund (KD)<br \/>\nElin Hemmingsson (KD<\/h5>\n","protected":false},"excerpt":{"rendered":"<p>Knivsta v\u00e4xer n\u00e4ra nog snabbast i landet. Om regeringens \u00f6nskan och Peter Erikssons (MP) byggf\u00f6rslag f\u00f6r Knivsta blir verklighet skulle vi fyrdubbla befolkningen p\u00e5 cirka 40 \u00e5r. Det \u00e4r fullst\u00e4ndigt orimligt.<\/p>\n","protected":false},"author":481,"featured_media":1424,"comment_status":"closed","ping_status":"closed","sticky":false,"template":"","format":"standard","meta":{"_acf_changed":false,"footnotes":""},"categories":[1],"tags":[67,69,71,70],"class_list":["post-1421","post","type-post","status-publish","format-standard","hentry","category-knivsta","tag-fyra-spar","tag-fyrdubbla-befolkningen","tag-johan-edstav","tag-peter-eriksson"],"acf":[],"yoast_head":"<!-- This site is optimized with the Yoast SEO plugin v27.4 - https:\/\/yoast.com\/product\/yoast-seo-wordpress\/ -->\n<title>Byggf\u00f6rslagen f\u00f6r Knivsta \u00e4r orimliga - Knivsta<\/title>\n<meta name=\"robots\" content=\"index, follow, max-snippet:-1, max-image-preview:large, max-video-preview:-1\" \/>\n<link rel=\"canonical\" href=\"https:\/\/wp.kristdemokraterna.se\/knivsta\/byggforslagen-for-knivsta-ar-orimliga\/\" \/>\n<meta property=\"og:locale\" content=\"sv_SE\" \/>\n<meta property=\"og:type\" content=\"article\" \/>\n<meta property=\"og:title\" content=\"Byggf\u00f6rslagen f\u00f6r Knivsta \u00e4r orimliga - Knivsta\" \/>\n<meta property=\"og:description\" content=\"Knivsta v\u00e4xer n\u00e4ra nog snabbast i landet. Om regeringens \u00f6nskan och Peter Erikssons (MP) byggf\u00f6rslag f\u00f6r Knivsta blir verklighet skulle vi fyrdubbla befolkningen p\u00e5 cirka 40 \u00e5r. Det \u00e4r fullst\u00e4ndigt orimligt.\" \/>\n<meta property=\"og:url\" content=\"https:\/\/wp.kristdemokraterna.se\/knivsta\/byggforslagen-for-knivsta-ar-orimliga\/\" \/>\n<meta property=\"og:site_name\" content=\"Knivsta\" \/>\n<meta property=\"article:publisher\" content=\"https:\/\/www.facebook.com\/kdknivsta\" \/>\n<meta property=\"article:published_time\" content=\"2017-11-15T22:27:34+00:00\" \/>\n<meta property=\"article:modified_time\" content=\"2017-11-21T19:45:37+00:00\" \/>\n<meta property=\"og:image\" content=\"https:\/\/wp.kristdemokraterna.se\/knivsta\/files\/2017\/11\/knivsta3.jpg\" \/>\n\t<meta property=\"og:image:width\" content=\"645\" \/>\n\t<meta property=\"og:image:height\" content=\"350\" \/>\n\t<meta property=\"og:image:type\" content=\"image\/jpeg\" \/>\n<meta name=\"author\" content=\"knivsta\" \/>\n<meta name=\"twitter:card\" content=\"summary_large_image\" \/>\n<meta name=\"twitter:label1\" content=\"Skriven av\" \/>\n\t<meta name=\"twitter:data1\" content=\"knivsta\" \/>\n\t<meta name=\"twitter:label2\" content=\"Ber\u00e4knad l\u00e4stid\" \/>\n\t<meta name=\"twitter:data2\" content=\"2 minuter\" \/>\n<script type=\"application\/ld+json\" class=\"yoast-schema-graph\">{\"@context\":\"https:\\\/\\\/schema.org\",\"@graph\":[{\"@type\":\"Article\",\"@id\":\"https:\\\/\\\/wp.kristdemokraterna.se\\\/knivsta\\\/byggforslagen-for-knivsta-ar-orimliga\\\/#article\",\"isPartOf\":{\"@id\":\"https:\\\/\\\/wp.kristdemokraterna.se\\\/knivsta\\\/byggforslagen-for-knivsta-ar-orimliga\\\/\"},\"author\":{\"name\":\"knivsta\",\"@id\":\"https:\\\/\\\/wp.kristdemokraterna.se\\\/knivsta\\\/#\\\/schema\\\/person\\\/41c1d3b208899a9de023f9206cac1f52\"},\"headline\":\"Byggf\u00f6rslagen f\u00f6r Knivsta \u00e4r orimliga\",\"datePublished\":\"2017-11-15T22:27:34+00:00\",\"dateModified\":\"2017-11-21T19:45:37+00:00\",\"mainEntityOfPage\":{\"@id\":\"https:\\\/\\\/wp.kristdemokraterna.se\\\/knivsta\\\/byggforslagen-for-knivsta-ar-orimliga\\\/\"},\"wordCount\":445,\"image\":{\"@id\":\"https:\\\/\\\/wp.kristdemokraterna.se\\\/knivsta\\\/byggforslagen-for-knivsta-ar-orimliga\\\/#primaryimage\"},\"thumbnailUrl\":\"https:\\\/\\\/wp.kristdemokraterna.se\\\/knivsta\\\/files\\\/2017\\\/11\\\/knivsta3.jpg\",\"keywords\":[\"fyra sp\u00e5r\",\"fyrdubbla befolkningen\",\"Johan Edstav\",\"Peter Eriksson\"],\"articleSection\":[\"Knivsta\"],\"inLanguage\":\"sv-SE\"},{\"@type\":\"WebPage\",\"@id\":\"https:\\\/\\\/wp.kristdemokraterna.se\\\/knivsta\\\/byggforslagen-for-knivsta-ar-orimliga\\\/\",\"url\":\"https:\\\/\\\/wp.kristdemokraterna.se\\\/knivsta\\\/byggforslagen-for-knivsta-ar-orimliga\\\/\",\"name\":\"Byggf\u00f6rslagen f\u00f6r Knivsta \u00e4r orimliga - Knivsta\",\"isPartOf\":{\"@id\":\"https:\\\/\\\/wp.kristdemokraterna.se\\\/knivsta\\\/#website\"},\"primaryImageOfPage\":{\"@id\":\"https:\\\/\\\/wp.kristdemokraterna.se\\\/knivsta\\\/byggforslagen-for-knivsta-ar-orimliga\\\/#primaryimage\"},\"image\":{\"@id\":\"https:\\\/\\\/wp.kristdemokraterna.se\\\/knivsta\\\/byggforslagen-for-knivsta-ar-orimliga\\\/#primaryimage\"},\"thumbnailUrl\":\"https:\\\/\\\/wp.kristdemokraterna.se\\\/knivsta\\\/files\\\/2017\\\/11\\\/knivsta3.jpg\",\"datePublished\":\"2017-11-15T22:27:34+00:00\",\"dateModified\":\"2017-11-21T19:45:37+00:00\",\"author\":{\"@id\":\"https:\\\/\\\/wp.kristdemokraterna.se\\\/knivsta\\\/#\\\/schema\\\/person\\\/41c1d3b208899a9de023f9206cac1f52\"},\"breadcrumb\":{\"@id\":\"https:\\\/\\\/wp.kristdemokraterna.se\\\/knivsta\\\/byggforslagen-for-knivsta-ar-orimliga\\\/#breadcrumb\"},\"inLanguage\":\"sv-SE\",\"potentialAction\":[{\"@type\":\"ReadAction\",\"target\":[\"https:\\\/\\\/wp.kristdemokraterna.se\\\/knivsta\\\/byggforslagen-for-knivsta-ar-orimliga\\\/\"]}]},{\"@type\":\"ImageObject\",\"inLanguage\":\"sv-SE\",\"@id\":\"https:\\\/\\\/wp.kristdemokraterna.se\\\/knivsta\\\/byggforslagen-for-knivsta-ar-orimliga\\\/#primaryimage\",\"url\":\"https:\\\/\\\/wp.kristdemokraterna.se\\\/knivsta\\\/files\\\/2017\\\/11\\\/knivsta3.jpg\",\"contentUrl\":\"https:\\\/\\\/wp.kristdemokraterna.se\\\/knivsta\\\/files\\\/2017\\\/11\\\/knivsta3.jpg\",\"width\":645,\"height\":350,\"caption\":\"Foto: Knivsta kommun\"},{\"@type\":\"BreadcrumbList\",\"@id\":\"https:\\\/\\\/wp.kristdemokraterna.se\\\/knivsta\\\/byggforslagen-for-knivsta-ar-orimliga\\\/#breadcrumb\",\"itemListElement\":[{\"@type\":\"ListItem\",\"position\":1,\"name\":\"Hem\",\"item\":\"https:\\\/\\\/wp.kristdemokraterna.se\\\/knivsta\\\/\"},{\"@type\":\"ListItem\",\"position\":2,\"name\":\"Byggf\u00f6rslagen f\u00f6r Knivsta \u00e4r orimliga\"}]},{\"@type\":\"WebSite\",\"@id\":\"https:\\\/\\\/wp.kristdemokraterna.se\\\/knivsta\\\/#website\",\"url\":\"https:\\\/\\\/wp.kristdemokraterna.se\\\/knivsta\\\/\",\"name\":\"Knivsta\",\"description\":\" F\u00f6r ett b\u00e4ttre samh\u00e4lle\",\"inLanguage\":\"sv-SE\"},{\"@type\":\"Person\",\"@id\":\"https:\\\/\\\/wp.kristdemokraterna.se\\\/knivsta\\\/#\\\/schema\\\/person\\\/41c1d3b208899a9de023f9206cac1f52\",\"name\":\"knivsta\",\"image\":{\"@type\":\"ImageObject\",\"inLanguage\":\"sv-SE\",\"@id\":\"https:\\\/\\\/secure.gravatar.com\\\/avatar\\\/68a509c7c53375b65b47d1d3c17559bd62f1e272f97020f0faeec022f4f79769?s=96&r=g\",\"url\":\"https:\\\/\\\/secure.gravatar.com\\\/avatar\\\/68a509c7c53375b65b47d1d3c17559bd62f1e272f97020f0faeec022f4f79769?s=96&r=g\",\"contentUrl\":\"https:\\\/\\\/secure.gravatar.com\\\/avatar\\\/68a509c7c53375b65b47d1d3c17559bd62f1e272f97020f0faeec022f4f79769?s=96&r=g\",\"caption\":\"knivsta\"},\"url\":\"https:\\\/\\\/wp.kristdemokraterna.se\\\/knivsta\\\/author\\\/knivsta\\\/\"}]}<\/script>\n<!-- \/ Yoast SEO plugin. -->","yoast_head_json":{"title":"Byggf\u00f6rslagen f\u00f6r Knivsta \u00e4r orimliga - Knivsta","robots":{"index":"index","follow":"follow","max-snippet":"max-snippet:-1","max-image-preview":"max-image-preview:large","max-video-preview":"max-video-preview:-1"},"canonical":"https:\/\/wp.kristdemokraterna.se\/knivsta\/byggforslagen-for-knivsta-ar-orimliga\/","og_locale":"sv_SE","og_type":"article","og_title":"Byggf\u00f6rslagen f\u00f6r Knivsta \u00e4r orimliga - Knivsta","og_description":"Knivsta v\u00e4xer n\u00e4ra nog snabbast i landet. Om regeringens \u00f6nskan och Peter Erikssons (MP) byggf\u00f6rslag f\u00f6r Knivsta blir verklighet skulle vi fyrdubbla befolkningen p\u00e5 cirka 40 \u00e5r. Det \u00e4r fullst\u00e4ndigt orimligt.","og_url":"https:\/\/wp.kristdemokraterna.se\/knivsta\/byggforslagen-for-knivsta-ar-orimliga\/","og_site_name":"Knivsta","article_publisher":"https:\/\/www.facebook.com\/kdknivsta","article_published_time":"2017-11-15T22:27:34+00:00","article_modified_time":"2017-11-21T19:45:37+00:00","og_image":[{"width":645,"height":350,"url":"https:\/\/wp.kristdemokraterna.se\/knivsta\/files\/2017\/11\/knivsta3.jpg","type":"image\/jpeg"}],"author":"knivsta","twitter_card":"summary_large_image","twitter_misc":{"Skriven av":"knivsta","Ber\u00e4knad l\u00e4stid":"2 minuter"},"schema":{"@context":"https:\/\/schema.org","@graph":[{"@type":"Article","@id":"https:\/\/wp.kristdemokraterna.se\/knivsta\/byggforslagen-for-knivsta-ar-orimliga\/#article","isPartOf":{"@id":"https:\/\/wp.kristdemokraterna.se\/knivsta\/byggforslagen-for-knivsta-ar-orimliga\/"},"author":{"name":"knivsta","@id":"https:\/\/wp.kristdemokraterna.se\/knivsta\/#\/schema\/person\/41c1d3b208899a9de023f9206cac1f52"},"headline":"Byggf\u00f6rslagen f\u00f6r Knivsta \u00e4r orimliga","datePublished":"2017-11-15T22:27:34+00:00","dateModified":"2017-11-21T19:45:37+00:00","mainEntityOfPage":{"@id":"https:\/\/wp.kristdemokraterna.se\/knivsta\/byggforslagen-for-knivsta-ar-orimliga\/"},"wordCount":445,"image":{"@id":"https:\/\/wp.kristdemokraterna.se\/knivsta\/byggforslagen-for-knivsta-ar-orimliga\/#primaryimage"},"thumbnailUrl":"https:\/\/wp.kristdemokraterna.se\/knivsta\/files\/2017\/11\/knivsta3.jpg","keywords":["fyra sp\u00e5r","fyrdubbla befolkningen","Johan Edstav","Peter Eriksson"],"articleSection":["Knivsta"],"inLanguage":"sv-SE"},{"@type":"WebPage","@id":"https:\/\/wp.kristdemokraterna.se\/knivsta\/byggforslagen-for-knivsta-ar-orimliga\/","url":"https:\/\/wp.kristdemokraterna.se\/knivsta\/byggforslagen-for-knivsta-ar-orimliga\/","name":"Byggf\u00f6rslagen f\u00f6r Knivsta \u00e4r orimliga - Knivsta","isPartOf":{"@id":"https:\/\/wp.kristdemokraterna.se\/knivsta\/#website"},"primaryImageOfPage":{"@id":"https:\/\/wp.kristdemokraterna.se\/knivsta\/byggforslagen-for-knivsta-ar-orimliga\/#primaryimage"},"image":{"@id":"https:\/\/wp.kristdemokraterna.se\/knivsta\/byggforslagen-for-knivsta-ar-orimliga\/#primaryimage"},"thumbnailUrl":"https:\/\/wp.kristdemokraterna.se\/knivsta\/files\/2017\/11\/knivsta3.jpg","datePublished":"2017-11-15T22:27:34+00:00","dateModified":"2017-11-21T19:45:37+00:00","author":{"@id":"https:\/\/wp.kristdemokraterna.se\/knivsta\/#\/schema\/person\/41c1d3b208899a9de023f9206cac1f52"},"breadcrumb":{"@id":"https:\/\/wp.kristdemokraterna.se\/knivsta\/byggforslagen-for-knivsta-ar-orimliga\/#breadcrumb"},"inLanguage":"sv-SE","potentialAction":[{"@type":"ReadAction","target":["https:\/\/wp.kristdemokraterna.se\/knivsta\/byggforslagen-for-knivsta-ar-orimliga\/"]}]},{"@type":"ImageObject","inLanguage":"sv-SE","@id":"https:\/\/wp.kristdemokraterna.se\/knivsta\/byggforslagen-for-knivsta-ar-orimliga\/#primaryimage","url":"https:\/\/wp.kristdemokraterna.se\/knivsta\/files\/2017\/11\/knivsta3.jpg","contentUrl":"https:\/\/wp.kristdemokraterna.se\/knivsta\/files\/2017\/11\/knivsta3.jpg","width":645,"height":350,"caption":"Foto: Knivsta kommun"},{"@type":"BreadcrumbList","@id":"https:\/\/wp.kristdemokraterna.se\/knivsta\/byggforslagen-for-knivsta-ar-orimliga\/#breadcrumb","itemListElement":[{"@type":"ListItem","position":1,"name":"Hem","item":"https:\/\/wp.kristdemokraterna.se\/knivsta\/"},{"@type":"ListItem","position":2,"name":"Byggf\u00f6rslagen f\u00f6r Knivsta \u00e4r orimliga"}]},{"@type":"WebSite","@id":"https:\/\/wp.kristdemokraterna.se\/knivsta\/#website","url":"https:\/\/wp.kristdemokraterna.se\/knivsta\/","name":"Knivsta","description":" F\u00f6r ett b\u00e4ttre samh\u00e4lle","inLanguage":"sv-SE"},{"@type":"Person","@id":"https:\/\/wp.kristdemokraterna.se\/knivsta\/#\/schema\/person\/41c1d3b208899a9de023f9206cac1f52","name":"knivsta","image":{"@type":"ImageObject","inLanguage":"sv-SE","@id":"https:\/\/secure.gravatar.com\/avatar\/68a509c7c53375b65b47d1d3c17559bd62f1e272f97020f0faeec022f4f79769?s=96&r=g","url":"https:\/\/secure.gravatar.com\/avatar\/68a509c7c53375b65b47d1d3c17559bd62f1e272f97020f0faeec022f4f79769?s=96&r=g","contentUrl":"https:\/\/secure.gravatar.com\/avatar\/68a509c7c53375b65b47d1d3c17559bd62f1e272f97020f0faeec022f4f79769?s=96&r=g","caption":"knivsta"},"url":"https:\/\/wp.kristdemokraterna.se\/knivsta\/author\/knivsta\/"}]}},"_links":{"self":[{"href":"https:\/\/wp.kristdemokraterna.se\/knivsta\/wp-json\/wp\/v2\/posts\/1421","targetHints":{"allow":["GET"]}}],"collection":[{"href":"https:\/\/wp.kristdemokraterna.se\/knivsta\/wp-json\/wp\/v2\/posts"}],"about":[{"href":"https:\/\/wp.kristdemokraterna.se\/knivsta\/wp-json\/wp\/v2\/types\/post"}],"author":[{"embeddable":true,"href":"https:\/\/wp.kristdemokraterna.se\/knivsta\/wp-json\/wp\/v2\/users\/481"}],"replies":[{"embeddable":true,"href":"https:\/\/wp.kristdemokraterna.se\/knivsta\/wp-json\/wp\/v2\/comments?post=1421"}],"version-history":[{"count":10,"href":"https:\/\/wp.kristdemokraterna.se\/knivsta\/wp-json\/wp\/v2\/posts\/1421\/revisions"}],"predecessor-version":[{"id":1458,"href":"https:\/\/wp.kristdemokraterna.se\/knivsta\/wp-json\/wp\/v2\/posts\/1421\/revisions\/1458"}],"wp:featuredmedia":[{"embeddable":true,"href":"https:\/\/wp.kristdemokraterna.se\/knivsta\/wp-json\/wp\/v2\/media\/1424"}],"wp:attachment":[{"href":"https:\/\/wp.kristdemokraterna.se\/knivsta\/wp-json\/wp\/v2\/media?parent=1421"}],"wp:term":[{"taxonomy":"category","embeddable":true,"href":"https:\/\/wp.kristdemokraterna.se\/knivsta\/wp-json\/wp\/v2\/categories?post=1421"},{"taxonomy":"post_tag","embeddable":true,"href":"https:\/\/wp.kristdemokraterna.se\/knivsta\/wp-json\/wp\/v2\/tags?post=1421"}],"curies":[{"name":"wp","href":"https:\/\/api.w.org\/{rel}","templated":true}]}}