{"id":1466,"date":"2017-11-29T00:20:29","date_gmt":"2017-11-28T23:20:29","guid":{"rendered":"http:\/\/wp.kristdemokraterna.se\/knivsta\/?p=1466"},"modified":"2017-11-29T00:40:32","modified_gmt":"2017-11-28T23:40:32","slug":"knivsta-bor-omforhandla-avtalet","status":"publish","type":"post","link":"https:\/\/wp.kristdemokraterna.se\/knivsta\/knivsta-bor-omforhandla-avtalet\/","title":{"rendered":"KD vill omf\u00f6rhandla avtalet med staten"},"content":{"rendered":"<p><strong>Avtalet f\u00f6r en utbyggnad av Knivsta som f\u00f6resl\u00e5s ska ing\u00e5s mellan Knivsta kommun, region Uppsala och staten inneh\u00e5ller en alltf\u00f6r h\u00f6g grad av detaljstyrning och en samh\u00e4llsutveckling som inte \u00e4r \u00f6nskv\u00e4rd. Vi vill d\u00e4rf\u00f6r att inneh\u00e5llet i avtalet omf\u00f6rhandlas.<\/strong><b>\u00a0<\/b><\/p>\n<p><!--more--><\/p>\n<p>Att bygga 9000 bost\u00e4der i Nydal och 6000 bost\u00e4der i Alsike inom en radie p\u00e5 ca 1000 meter inneb\u00e4r en t\u00e4thet som vi anser \u00e4r orimlig. Kravet p\u00e5 exploateringstal med mellan 1-2 inneb\u00e4r att det bitvis kommer bo upp\u00e5t 500 personer per hektar.<\/p>\n<p>Att samtidigt bygga hela stadsdelar d\u00e4r &#8221;bilfritt \u00e4r norm&#8221; med ett max p-tal p\u00e5 0,3 \u00e4r ett milj\u00f6partistiskt experiment vi inte tror kommer att fungera.<\/p>\n<p>Att det beh\u00f6vs hyresr\u00e4tter \u00e4r sj\u00e4lvklart men att 30 procent av bost\u00e4derna, dvs 4500 bost\u00e4der ska vara hyresr\u00e4tter \u00e4r orimligt. M\u00e5nga m\u00e4nniskor dr\u00f6mmer om att kunna skaffa sig ett eget hus. Med detta avtal byggs inga sm\u00e5hus i dessa omr\u00e5den \u00f6verhuvudtaget, trots den stora efterfr\u00e5gan.<\/p>\n<h2>Fel att fr\u00e5ng\u00e5 visionen<\/h2>\n<p>Vi i Kristdemokraterna anser att de \u00e4r fel att fr\u00e5ng\u00e5 kommunens vision om en\u00a0modern sm\u00e5stad och en levande landsbygd i samverkan. Det vi nu ser framf\u00f6r oss \u00e4r ingen sm\u00e5stad utan ett storskaligt bygge med en t\u00e4thet som ligger i linje med Sundbyberg, Sveriges mest t\u00e4tbefolkade kommun.<\/p>\n<p>Avtalet pekar d\u00e4rmed mot en annan utveckling \u00e4n den KD vill ha, det vill s\u00e4ga en blandat byggd sm\u00e5stad med h\u00f6g grad av trivsamhet.<\/p>\n<p>Att kommunen ing\u00e5r ett avtal som i mycket h\u00f6g detaljeringsgrad reglerar kommunens utveckling de kommande 40 \u00e5ren \u00e4r anm\u00e4rkningsv\u00e4rt. Genom avtalet avtalas stora delar av det kommunala sj\u00e4lvstyret r\u00f6rande byggnation, exploatering och markanv\u00e4ndning bort.<\/p>\n<h2>Orimligt snabb process<\/h2>\n<p>D\u00e5 processen med att ta fram detta avtal dessutom g\u00e5tt orimligt fort och d\u00e4r m\u00f6jlighet till en transparent dialog med kommunens inv\u00e5nare ej medgetts, anser KD att det b\u00f6r genomf\u00f6ras en r\u00e5dgivande folkomr\u00f6stning.<\/p>\n<p>Genom detta avtal ber\u00f6vas nu kommunens nuvarande och framtida inv\u00e5nare en m\u00f6jlighet att genom sin r\u00f6st p\u00e5verka den framtida samh\u00e4llsbyggnaden.<\/p>\n<p>Vi har d\u00e4rf\u00f6r f\u00f6reslagit kommunfullm\u00e4ktige besluta om att den 17 februari alternativt s\u00e5 fort det \u00e4r praktiskt och juridiskt m\u00f6jligt, genomf\u00f6ra en omr\u00f6stning om huruvida avtalet med staten b\u00f6r ing\u00e5s och ges en m\u00f6jlighet att ta\u00a0st\u00e4llning till om det \u00e4r denna kommunutveckling som \u00e4r \u00f6nskv\u00e4rd. (Foto: Knivsta kommun)<\/p>\n<h5>Bj\u00f6rn-Owe Bj\u00f6rk, kommunalr\u00e5d, KD Knivsta<br \/>\nSynn\u00f6ve Ad\u00e9ll, ers\u00e4ttare i kommunstyrelsen, KD Knivsta<\/h5>\n","protected":false},"excerpt":{"rendered":"<p>Avtalet f\u00f6r en utbyggnad av Knivsta som f\u00f6resl\u00e5s ska ing\u00e5s mellan Knivsta kommun, region Uppsala och staten inneh\u00e5ller en alltf\u00f6r h\u00f6g grad av detaljstyrning och en samh\u00e4llsutveckling som inte \u00e4r \u00f6nskv\u00e4rd. Vi vill d\u00e4rf\u00f6r att inneh\u00e5llet i avtalet omf\u00f6rhandlas.\u00a0<\/p>\n","protected":false},"author":481,"featured_media":1471,"comment_status":"closed","ping_status":"closed","sticky":false,"template":"","format":"standard","meta":{"_acf_changed":false,"footnotes":""},"categories":[1],"tags":[78,67,77,11,74],"class_list":["post-1466","post","type-post","status-publish","format-standard","hentry","category-knivsta","tag-avtal-med-staten","tag-fyra-spar","tag-fyrspar","tag-kd-knivsta","tag-mp"],"acf":[],"yoast_head":"<!-- This site is optimized with the Yoast SEO plugin v27.4 - https:\/\/yoast.com\/product\/yoast-seo-wordpress\/ -->\n<title>KD vill omf\u00f6rhandla avtalet med staten - Knivsta<\/title>\n<meta name=\"robots\" content=\"index, follow, max-snippet:-1, max-image-preview:large, max-video-preview:-1\" \/>\n<link rel=\"canonical\" href=\"https:\/\/wp.kristdemokraterna.se\/knivsta\/knivsta-bor-omforhandla-avtalet\/\" \/>\n<meta property=\"og:locale\" content=\"sv_SE\" \/>\n<meta property=\"og:type\" content=\"article\" \/>\n<meta property=\"og:title\" content=\"KD vill omf\u00f6rhandla avtalet med staten - Knivsta\" \/>\n<meta property=\"og:description\" content=\"Avtalet f\u00f6r en utbyggnad av Knivsta som f\u00f6resl\u00e5s ska ing\u00e5s mellan Knivsta kommun, region Uppsala och staten inneh\u00e5ller en alltf\u00f6r h\u00f6g grad av detaljstyrning och en samh\u00e4llsutveckling som inte \u00e4r \u00f6nskv\u00e4rd. Vi vill d\u00e4rf\u00f6r att inneh\u00e5llet i avtalet omf\u00f6rhandlas.\u00a0\" \/>\n<meta property=\"og:url\" content=\"https:\/\/wp.kristdemokraterna.se\/knivsta\/knivsta-bor-omforhandla-avtalet\/\" \/>\n<meta property=\"og:site_name\" content=\"Knivsta\" \/>\n<meta property=\"article:publisher\" content=\"https:\/\/www.facebook.com\/kdknivsta\" \/>\n<meta property=\"article:published_time\" content=\"2017-11-28T23:20:29+00:00\" \/>\n<meta property=\"article:modified_time\" content=\"2017-11-28T23:40:32+00:00\" \/>\n<meta property=\"og:image\" content=\"https:\/\/wp.kristdemokraterna.se\/knivsta\/files\/2017\/11\/centrumtorget.jpg\" \/>\n\t<meta property=\"og:image:width\" content=\"645\" \/>\n\t<meta property=\"og:image:height\" content=\"350\" \/>\n\t<meta property=\"og:image:type\" content=\"image\/jpeg\" \/>\n<meta name=\"author\" content=\"knivsta\" \/>\n<meta name=\"twitter:card\" content=\"summary_large_image\" \/>\n<meta name=\"twitter:label1\" content=\"Skriven av\" \/>\n\t<meta name=\"twitter:data1\" content=\"knivsta\" \/>\n\t<meta name=\"twitter:label2\" content=\"Ber\u00e4knad l\u00e4stid\" \/>\n\t<meta name=\"twitter:data2\" content=\"2 minuter\" \/>\n<script type=\"application\/ld+json\" class=\"yoast-schema-graph\">{\"@context\":\"https:\\\/\\\/schema.org\",\"@graph\":[{\"@type\":\"Article\",\"@id\":\"https:\\\/\\\/wp.kristdemokraterna.se\\\/knivsta\\\/knivsta-bor-omforhandla-avtalet\\\/#article\",\"isPartOf\":{\"@id\":\"https:\\\/\\\/wp.kristdemokraterna.se\\\/knivsta\\\/knivsta-bor-omforhandla-avtalet\\\/\"},\"author\":{\"name\":\"knivsta\",\"@id\":\"https:\\\/\\\/wp.kristdemokraterna.se\\\/knivsta\\\/#\\\/schema\\\/person\\\/41c1d3b208899a9de023f9206cac1f52\"},\"headline\":\"KD vill omf\u00f6rhandla avtalet med staten\",\"datePublished\":\"2017-11-28T23:20:29+00:00\",\"dateModified\":\"2017-11-28T23:40:32+00:00\",\"mainEntityOfPage\":{\"@id\":\"https:\\\/\\\/wp.kristdemokraterna.se\\\/knivsta\\\/knivsta-bor-omforhandla-avtalet\\\/\"},\"wordCount\":460,\"image\":{\"@id\":\"https:\\\/\\\/wp.kristdemokraterna.se\\\/knivsta\\\/knivsta-bor-omforhandla-avtalet\\\/#primaryimage\"},\"thumbnailUrl\":\"https:\\\/\\\/wp.kristdemokraterna.se\\\/knivsta\\\/files\\\/2017\\\/11\\\/centrumtorget.jpg\",\"keywords\":[\"avtal med staten\",\"fyra sp\u00e5r\",\"Fyrsp\u00e5r\",\"KD Knivsta\",\"MP\"],\"articleSection\":[\"Knivsta\"],\"inLanguage\":\"sv-SE\"},{\"@type\":\"WebPage\",\"@id\":\"https:\\\/\\\/wp.kristdemokraterna.se\\\/knivsta\\\/knivsta-bor-omforhandla-avtalet\\\/\",\"url\":\"https:\\\/\\\/wp.kristdemokraterna.se\\\/knivsta\\\/knivsta-bor-omforhandla-avtalet\\\/\",\"name\":\"KD vill omf\u00f6rhandla avtalet med staten - Knivsta\",\"isPartOf\":{\"@id\":\"https:\\\/\\\/wp.kristdemokraterna.se\\\/knivsta\\\/#website\"},\"primaryImageOfPage\":{\"@id\":\"https:\\\/\\\/wp.kristdemokraterna.se\\\/knivsta\\\/knivsta-bor-omforhandla-avtalet\\\/#primaryimage\"},\"image\":{\"@id\":\"https:\\\/\\\/wp.kristdemokraterna.se\\\/knivsta\\\/knivsta-bor-omforhandla-avtalet\\\/#primaryimage\"},\"thumbnailUrl\":\"https:\\\/\\\/wp.kristdemokraterna.se\\\/knivsta\\\/files\\\/2017\\\/11\\\/centrumtorget.jpg\",\"datePublished\":\"2017-11-28T23:20:29+00:00\",\"dateModified\":\"2017-11-28T23:40:32+00:00\",\"author\":{\"@id\":\"https:\\\/\\\/wp.kristdemokraterna.se\\\/knivsta\\\/#\\\/schema\\\/person\\\/41c1d3b208899a9de023f9206cac1f52\"},\"breadcrumb\":{\"@id\":\"https:\\\/\\\/wp.kristdemokraterna.se\\\/knivsta\\\/knivsta-bor-omforhandla-avtalet\\\/#breadcrumb\"},\"inLanguage\":\"sv-SE\",\"potentialAction\":[{\"@type\":\"ReadAction\",\"target\":[\"https:\\\/\\\/wp.kristdemokraterna.se\\\/knivsta\\\/knivsta-bor-omforhandla-avtalet\\\/\"]}]},{\"@type\":\"ImageObject\",\"inLanguage\":\"sv-SE\",\"@id\":\"https:\\\/\\\/wp.kristdemokraterna.se\\\/knivsta\\\/knivsta-bor-omforhandla-avtalet\\\/#primaryimage\",\"url\":\"https:\\\/\\\/wp.kristdemokraterna.se\\\/knivsta\\\/files\\\/2017\\\/11\\\/centrumtorget.jpg\",\"contentUrl\":\"https:\\\/\\\/wp.kristdemokraterna.se\\\/knivsta\\\/files\\\/2017\\\/11\\\/centrumtorget.jpg\",\"width\":645,\"height\":350,\"caption\":\"Knivsta kommun\"},{\"@type\":\"BreadcrumbList\",\"@id\":\"https:\\\/\\\/wp.kristdemokraterna.se\\\/knivsta\\\/knivsta-bor-omforhandla-avtalet\\\/#breadcrumb\",\"itemListElement\":[{\"@type\":\"ListItem\",\"position\":1,\"name\":\"Hem\",\"item\":\"https:\\\/\\\/wp.kristdemokraterna.se\\\/knivsta\\\/\"},{\"@type\":\"ListItem\",\"position\":2,\"name\":\"KD vill omf\u00f6rhandla avtalet med staten\"}]},{\"@type\":\"WebSite\",\"@id\":\"https:\\\/\\\/wp.kristdemokraterna.se\\\/knivsta\\\/#website\",\"url\":\"https:\\\/\\\/wp.kristdemokraterna.se\\\/knivsta\\\/\",\"name\":\"Knivsta\",\"description\":\" F\u00f6r ett b\u00e4ttre samh\u00e4lle\",\"inLanguage\":\"sv-SE\"},{\"@type\":\"Person\",\"@id\":\"https:\\\/\\\/wp.kristdemokraterna.se\\\/knivsta\\\/#\\\/schema\\\/person\\\/41c1d3b208899a9de023f9206cac1f52\",\"name\":\"knivsta\",\"image\":{\"@type\":\"ImageObject\",\"inLanguage\":\"sv-SE\",\"@id\":\"https:\\\/\\\/secure.gravatar.com\\\/avatar\\\/68a509c7c53375b65b47d1d3c17559bd62f1e272f97020f0faeec022f4f79769?s=96&r=g\",\"url\":\"https:\\\/\\\/secure.gravatar.com\\\/avatar\\\/68a509c7c53375b65b47d1d3c17559bd62f1e272f97020f0faeec022f4f79769?s=96&r=g\",\"contentUrl\":\"https:\\\/\\\/secure.gravatar.com\\\/avatar\\\/68a509c7c53375b65b47d1d3c17559bd62f1e272f97020f0faeec022f4f79769?s=96&r=g\",\"caption\":\"knivsta\"},\"url\":\"https:\\\/\\\/wp.kristdemokraterna.se\\\/knivsta\\\/author\\\/knivsta\\\/\"}]}<\/script>\n<!-- \/ Yoast SEO plugin. -->","yoast_head_json":{"title":"KD vill omf\u00f6rhandla avtalet med staten - Knivsta","robots":{"index":"index","follow":"follow","max-snippet":"max-snippet:-1","max-image-preview":"max-image-preview:large","max-video-preview":"max-video-preview:-1"},"canonical":"https:\/\/wp.kristdemokraterna.se\/knivsta\/knivsta-bor-omforhandla-avtalet\/","og_locale":"sv_SE","og_type":"article","og_title":"KD vill omf\u00f6rhandla avtalet med staten - Knivsta","og_description":"Avtalet f\u00f6r en utbyggnad av Knivsta som f\u00f6resl\u00e5s ska ing\u00e5s mellan Knivsta kommun, region Uppsala och staten inneh\u00e5ller en alltf\u00f6r h\u00f6g grad av detaljstyrning och en samh\u00e4llsutveckling som inte \u00e4r \u00f6nskv\u00e4rd. Vi vill d\u00e4rf\u00f6r att inneh\u00e5llet i avtalet omf\u00f6rhandlas.\u00a0","og_url":"https:\/\/wp.kristdemokraterna.se\/knivsta\/knivsta-bor-omforhandla-avtalet\/","og_site_name":"Knivsta","article_publisher":"https:\/\/www.facebook.com\/kdknivsta","article_published_time":"2017-11-28T23:20:29+00:00","article_modified_time":"2017-11-28T23:40:32+00:00","og_image":[{"width":645,"height":350,"url":"https:\/\/wp.kristdemokraterna.se\/knivsta\/files\/2017\/11\/centrumtorget.jpg","type":"image\/jpeg"}],"author":"knivsta","twitter_card":"summary_large_image","twitter_misc":{"Skriven av":"knivsta","Ber\u00e4knad l\u00e4stid":"2 minuter"},"schema":{"@context":"https:\/\/schema.org","@graph":[{"@type":"Article","@id":"https:\/\/wp.kristdemokraterna.se\/knivsta\/knivsta-bor-omforhandla-avtalet\/#article","isPartOf":{"@id":"https:\/\/wp.kristdemokraterna.se\/knivsta\/knivsta-bor-omforhandla-avtalet\/"},"author":{"name":"knivsta","@id":"https:\/\/wp.kristdemokraterna.se\/knivsta\/#\/schema\/person\/41c1d3b208899a9de023f9206cac1f52"},"headline":"KD vill omf\u00f6rhandla avtalet med staten","datePublished":"2017-11-28T23:20:29+00:00","dateModified":"2017-11-28T23:40:32+00:00","mainEntityOfPage":{"@id":"https:\/\/wp.kristdemokraterna.se\/knivsta\/knivsta-bor-omforhandla-avtalet\/"},"wordCount":460,"image":{"@id":"https:\/\/wp.kristdemokraterna.se\/knivsta\/knivsta-bor-omforhandla-avtalet\/#primaryimage"},"thumbnailUrl":"https:\/\/wp.kristdemokraterna.se\/knivsta\/files\/2017\/11\/centrumtorget.jpg","keywords":["avtal med staten","fyra sp\u00e5r","Fyrsp\u00e5r","KD Knivsta","MP"],"articleSection":["Knivsta"],"inLanguage":"sv-SE"},{"@type":"WebPage","@id":"https:\/\/wp.kristdemokraterna.se\/knivsta\/knivsta-bor-omforhandla-avtalet\/","url":"https:\/\/wp.kristdemokraterna.se\/knivsta\/knivsta-bor-omforhandla-avtalet\/","name":"KD vill omf\u00f6rhandla avtalet med staten - Knivsta","isPartOf":{"@id":"https:\/\/wp.kristdemokraterna.se\/knivsta\/#website"},"primaryImageOfPage":{"@id":"https:\/\/wp.kristdemokraterna.se\/knivsta\/knivsta-bor-omforhandla-avtalet\/#primaryimage"},"image":{"@id":"https:\/\/wp.kristdemokraterna.se\/knivsta\/knivsta-bor-omforhandla-avtalet\/#primaryimage"},"thumbnailUrl":"https:\/\/wp.kristdemokraterna.se\/knivsta\/files\/2017\/11\/centrumtorget.jpg","datePublished":"2017-11-28T23:20:29+00:00","dateModified":"2017-11-28T23:40:32+00:00","author":{"@id":"https:\/\/wp.kristdemokraterna.se\/knivsta\/#\/schema\/person\/41c1d3b208899a9de023f9206cac1f52"},"breadcrumb":{"@id":"https:\/\/wp.kristdemokraterna.se\/knivsta\/knivsta-bor-omforhandla-avtalet\/#breadcrumb"},"inLanguage":"sv-SE","potentialAction":[{"@type":"ReadAction","target":["https:\/\/wp.kristdemokraterna.se\/knivsta\/knivsta-bor-omforhandla-avtalet\/"]}]},{"@type":"ImageObject","inLanguage":"sv-SE","@id":"https:\/\/wp.kristdemokraterna.se\/knivsta\/knivsta-bor-omforhandla-avtalet\/#primaryimage","url":"https:\/\/wp.kristdemokraterna.se\/knivsta\/files\/2017\/11\/centrumtorget.jpg","contentUrl":"https:\/\/wp.kristdemokraterna.se\/knivsta\/files\/2017\/11\/centrumtorget.jpg","width":645,"height":350,"caption":"Knivsta kommun"},{"@type":"BreadcrumbList","@id":"https:\/\/wp.kristdemokraterna.se\/knivsta\/knivsta-bor-omforhandla-avtalet\/#breadcrumb","itemListElement":[{"@type":"ListItem","position":1,"name":"Hem","item":"https:\/\/wp.kristdemokraterna.se\/knivsta\/"},{"@type":"ListItem","position":2,"name":"KD vill omf\u00f6rhandla avtalet med staten"}]},{"@type":"WebSite","@id":"https:\/\/wp.kristdemokraterna.se\/knivsta\/#website","url":"https:\/\/wp.kristdemokraterna.se\/knivsta\/","name":"Knivsta","description":" F\u00f6r ett b\u00e4ttre samh\u00e4lle","inLanguage":"sv-SE"},{"@type":"Person","@id":"https:\/\/wp.kristdemokraterna.se\/knivsta\/#\/schema\/person\/41c1d3b208899a9de023f9206cac1f52","name":"knivsta","image":{"@type":"ImageObject","inLanguage":"sv-SE","@id":"https:\/\/secure.gravatar.com\/avatar\/68a509c7c53375b65b47d1d3c17559bd62f1e272f97020f0faeec022f4f79769?s=96&r=g","url":"https:\/\/secure.gravatar.com\/avatar\/68a509c7c53375b65b47d1d3c17559bd62f1e272f97020f0faeec022f4f79769?s=96&r=g","contentUrl":"https:\/\/secure.gravatar.com\/avatar\/68a509c7c53375b65b47d1d3c17559bd62f1e272f97020f0faeec022f4f79769?s=96&r=g","caption":"knivsta"},"url":"https:\/\/wp.kristdemokraterna.se\/knivsta\/author\/knivsta\/"}]}},"_links":{"self":[{"href":"https:\/\/wp.kristdemokraterna.se\/knivsta\/wp-json\/wp\/v2\/posts\/1466","targetHints":{"allow":["GET"]}}],"collection":[{"href":"https:\/\/wp.kristdemokraterna.se\/knivsta\/wp-json\/wp\/v2\/posts"}],"about":[{"href":"https:\/\/wp.kristdemokraterna.se\/knivsta\/wp-json\/wp\/v2\/types\/post"}],"author":[{"embeddable":true,"href":"https:\/\/wp.kristdemokraterna.se\/knivsta\/wp-json\/wp\/v2\/users\/481"}],"replies":[{"embeddable":true,"href":"https:\/\/wp.kristdemokraterna.se\/knivsta\/wp-json\/wp\/v2\/comments?post=1466"}],"version-history":[{"count":13,"href":"https:\/\/wp.kristdemokraterna.se\/knivsta\/wp-json\/wp\/v2\/posts\/1466\/revisions"}],"predecessor-version":[{"id":1480,"href":"https:\/\/wp.kristdemokraterna.se\/knivsta\/wp-json\/wp\/v2\/posts\/1466\/revisions\/1480"}],"wp:featuredmedia":[{"embeddable":true,"href":"https:\/\/wp.kristdemokraterna.se\/knivsta\/wp-json\/wp\/v2\/media\/1471"}],"wp:attachment":[{"href":"https:\/\/wp.kristdemokraterna.se\/knivsta\/wp-json\/wp\/v2\/media?parent=1466"}],"wp:term":[{"taxonomy":"category","embeddable":true,"href":"https:\/\/wp.kristdemokraterna.se\/knivsta\/wp-json\/wp\/v2\/categories?post=1466"},{"taxonomy":"post_tag","embeddable":true,"href":"https:\/\/wp.kristdemokraterna.se\/knivsta\/wp-json\/wp\/v2\/tags?post=1466"}],"curies":[{"name":"wp","href":"https:\/\/api.w.org\/{rel}","templated":true}]}}