{"id":1580,"date":"2018-04-17T12:20:18","date_gmt":"2018-04-17T10:20:18","guid":{"rendered":"http:\/\/wp.kristdemokraterna.se\/knivsta\/?p=1580"},"modified":"2018-04-17T20:28:32","modified_gmt":"2018-04-17T18:28:32","slug":"nya-forstanamnet-vill-hitta-styrkor-med-expansionen","status":"publish","type":"post","link":"https:\/\/wp.kristdemokraterna.se\/knivsta\/nya-forstanamnet-vill-hitta-styrkor-med-expansionen\/","title":{"rendered":"Nya f\u00f6rstanamnet vill hitta styrkor med expansionen"},"content":{"rendered":"<p><strong>Han vill att Knivsta blir en trivsam sm\u00e5stad f\u00f6r familjer och f\u00f6retag och tror att tillv\u00e4xten kan v\u00e4ndas till en f\u00f6rdel.\u00a0<\/strong><strong>Pontus Lamberg, ser som ny listetta f\u00f6r KD Knivsta fram emot valr\u00f6relsen och att bita tag i Knivstas kommunpolitik.<br \/>\n<\/strong><!--more--><\/p>\n<p>Fr\u00e5gan om att ta \u00f6ver som nytt toppnamn f\u00f6r Kristdemokraterna i Knivsta kom lite ov\u00e4ntat men \u00e4nd\u00e5 inte.<\/p>\n<p>Pontus Lamberg, 26 \u00e5r, som det senaste \u00e5ret varit Knivstabo i exil med en l\u00e4genhet kvar p\u00e5 orten var i full f\u00e4rd med att packa f\u00f6r en l\u00e4ngre resa till USA och beredd att g\u00e5 p\u00e5 f\u00f6r\u00e4ldraledighet med sin dotter, eftersom han sp\u00e5dde en t\u00e4mligen lugn sommar.<\/p>\n<p>\u2013 Jag blev \u00f6verraskad men ocks\u00e5 smickrad. Bet\u00e4nketiden var kort &#8211; jag fick n\u00e5gra timmar p\u00e5 mig att fundera men tvekade inte n\u00e4r fr\u00e5gan kom!<\/p>\n<h2>&#8221;En fantastisk chans&#8221;<\/h2>\n<p>Pontus Lamberg utstr\u00e5lar ett lugn, men ocks\u00e5 energi. Att han blev vald som toppnamn med m\u00f6jlighet att axla rollen som nytt kommunalr\u00e5d i Knivsta tar han som en \u201dstimulerande utmaning och en fantastisk chans&#8221;.<\/p>\n<p>Han \u00e4r ung men kikar man i CV:t ser man att de \u00e4r v\u00e4lmatat med uppdrag och tj\u00e4nster efter att han tog sin examen som fastighetsekonom och m\u00e4klare vid H\u00f6gskolan i G\u00e4vle f\u00f6r fem \u00e5r sen.<\/p>\n<p>Till vardags arbetar han som projektledare inom strategisk upphandling och IT p\u00e5 Knivsta kommun, men bygger samtidigt upp ett eget f\u00f6retag d\u00e4r han st\u00f6djer fr\u00e4mst flygbranschen med produktutveckling och aff\u00e4rsutveckling.<\/p>\n<h2>Hur t\u00e4nkte du n\u00e4r fr\u00e5gan kom?<\/h2>\n<p>\u2013 Eftersom jag bott utanf\u00f6r Knivsta ett tag, blev jag \u00f6verraskad av fr\u00e5gan d\u00e5 jag varit borta fr\u00e5n kommunpolitiken i Knivsta ett tag.<\/p>\n<p>Politik \u00e4r dock inte n\u00e5got nytt.<\/p>\n<p>\u2013\u00a0Nej, jag har varit medlem och ordf\u00f6rande i ungdomsf\u00f6rbundet KDU Uppsala och aktiv p\u00e5 riksniv\u00e5 med olika uppdrag.<\/p>\n<p>Sedan f\u00f6rra valet har Pontus Lamberg mest fokuserat p\u00e5 regionpolitik med inriktning mot fastigheter, digitalisering och storregional utveckling och har suttit i styrelserna f\u00f6r Kommunfastigheter i Knivsta AB och Alsike Fastighets AB.<\/p>\n<h2>Expansionen: en utmaning och m\u00f6jlighet<\/h2>\n<p>F\u00f6r Knivsta har han m\u00e5nga planer:<\/p>\n<p>Dels s\u00e5 beh\u00f6ver vi se till att skapa en trivsam sm\u00e5stad d\u00e4r familjer och f\u00f6retag kan v\u00e4xa. Det kan vi g\u00f6ra l\u00e5ngsiktigt, men p\u00e5 v\u00e4g dit har vi m\u00e5nga utmaningar, d\u00e4ribland infrastrukturen med bland annat v\u00e4gar och VA som vi m\u00e5ste ta hand om och vi vill att det finns en sammanh\u00e4ngande tanke med utformningen.<\/p>\n<p>\u2013 Det \u00e4r roligt och \u00e4rofyllt att m\u00e5nga vill flytta till Knivsta kommun, vilket vi ocks\u00e5 ska ge dem m\u00f6jlighet till p\u00e5 ett bra s\u00e4tt s\u00e4ger han.<\/p>\n<p>Det b\u00e4sta med Knivsta \u00e4r den snabba expansionen och de m\u00f6jligheter och utmaningar som f\u00f6ljer av detta.<\/p>\n<p>\u2013 Det \u00e4r n\u00e5got jag ser framemot, jag gillar utmaningar!<\/p>\n","protected":false},"excerpt":{"rendered":"<p>Han vill att Knivsta blir en trivsam sm\u00e5stad f\u00f6r familjer och f\u00f6retag och tror att tillv\u00e4xten kan v\u00e4ndas till en f\u00f6rdel.\u00a0Pontus Lamberg, ser som ny listetta f\u00f6r KD Knivsta fram emot valr\u00f6relsen och att bita tag i Knivstas kommunpolitik.<\/p>\n","protected":false},"author":481,"featured_media":1582,"comment_status":"closed","ping_status":"closed","sticky":false,"template":"","format":"standard","meta":{"_acf_changed":false,"footnotes":""},"categories":[1],"tags":[],"class_list":["post-1580","post","type-post","status-publish","format-standard","hentry","category-knivsta"],"acf":[],"yoast_head":"<!-- This site is optimized with the Yoast SEO plugin v27.5 - https:\/\/yoast.com\/product\/yoast-seo-wordpress\/ -->\n<title>Nya f\u00f6rstanamnet vill hitta styrkor med expansionen - Knivsta<\/title>\n<meta name=\"robots\" content=\"index, follow, max-snippet:-1, max-image-preview:large, max-video-preview:-1\" \/>\n<link rel=\"canonical\" href=\"https:\/\/wp.kristdemokraterna.se\/knivsta\/nya-forstanamnet-vill-hitta-styrkor-med-expansionen\/\" \/>\n<meta property=\"og:locale\" content=\"sv_SE\" \/>\n<meta property=\"og:type\" content=\"article\" \/>\n<meta property=\"og:title\" content=\"Nya f\u00f6rstanamnet vill hitta styrkor med expansionen - Knivsta\" \/>\n<meta property=\"og:description\" content=\"Han vill att Knivsta blir en trivsam sm\u00e5stad f\u00f6r familjer och f\u00f6retag och tror att tillv\u00e4xten kan v\u00e4ndas till en f\u00f6rdel.\u00a0Pontus Lamberg, ser som ny listetta f\u00f6r KD Knivsta fram emot valr\u00f6relsen och att bita tag i Knivstas kommunpolitik.\" \/>\n<meta property=\"og:url\" content=\"https:\/\/wp.kristdemokraterna.se\/knivsta\/nya-forstanamnet-vill-hitta-styrkor-med-expansionen\/\" \/>\n<meta property=\"og:site_name\" content=\"Knivsta\" \/>\n<meta property=\"article:publisher\" content=\"https:\/\/www.facebook.com\/kdknivsta\" \/>\n<meta property=\"article:published_time\" content=\"2018-04-17T10:20:18+00:00\" \/>\n<meta property=\"article:modified_time\" content=\"2018-04-17T18:28:32+00:00\" \/>\n<meta property=\"og:image\" content=\"https:\/\/wp.kristdemokraterna.se\/knivsta\/files\/2018\/04\/pontus-lamberg-webb.jpg\" \/>\n\t<meta property=\"og:image:width\" content=\"617\" \/>\n\t<meta property=\"og:image:height\" content=\"333\" \/>\n\t<meta property=\"og:image:type\" content=\"image\/jpeg\" \/>\n<meta name=\"author\" content=\"knivsta\" \/>\n<meta name=\"twitter:card\" content=\"summary_large_image\" \/>\n<meta name=\"twitter:label1\" content=\"Skriven av\" \/>\n\t<meta name=\"twitter:data1\" content=\"knivsta\" \/>\n\t<meta name=\"twitter:label2\" content=\"Ber\u00e4knad l\u00e4stid\" \/>\n\t<meta name=\"twitter:data2\" content=\"3 minuter\" \/>\n<script type=\"application\/ld+json\" class=\"yoast-schema-graph\">{\"@context\":\"https:\\\/\\\/schema.org\",\"@graph\":[{\"@type\":\"Article\",\"@id\":\"https:\\\/\\\/wp.kristdemokraterna.se\\\/knivsta\\\/nya-forstanamnet-vill-hitta-styrkor-med-expansionen\\\/#article\",\"isPartOf\":{\"@id\":\"https:\\\/\\\/wp.kristdemokraterna.se\\\/knivsta\\\/nya-forstanamnet-vill-hitta-styrkor-med-expansionen\\\/\"},\"author\":{\"name\":\"knivsta\",\"@id\":\"https:\\\/\\\/wp.kristdemokraterna.se\\\/knivsta\\\/#\\\/schema\\\/person\\\/41c1d3b208899a9de023f9206cac1f52\"},\"headline\":\"Nya f\u00f6rstanamnet vill hitta styrkor med expansionen\",\"datePublished\":\"2018-04-17T10:20:18+00:00\",\"dateModified\":\"2018-04-17T18:28:32+00:00\",\"mainEntityOfPage\":{\"@id\":\"https:\\\/\\\/wp.kristdemokraterna.se\\\/knivsta\\\/nya-forstanamnet-vill-hitta-styrkor-med-expansionen\\\/\"},\"wordCount\":514,\"image\":{\"@id\":\"https:\\\/\\\/wp.kristdemokraterna.se\\\/knivsta\\\/nya-forstanamnet-vill-hitta-styrkor-med-expansionen\\\/#primaryimage\"},\"thumbnailUrl\":\"https:\\\/\\\/wp.kristdemokraterna.se\\\/knivsta\\\/files\\\/2018\\\/04\\\/pontus-lamberg-webb.jpg\",\"articleSection\":[\"Knivsta\"],\"inLanguage\":\"sv-SE\"},{\"@type\":\"WebPage\",\"@id\":\"https:\\\/\\\/wp.kristdemokraterna.se\\\/knivsta\\\/nya-forstanamnet-vill-hitta-styrkor-med-expansionen\\\/\",\"url\":\"https:\\\/\\\/wp.kristdemokraterna.se\\\/knivsta\\\/nya-forstanamnet-vill-hitta-styrkor-med-expansionen\\\/\",\"name\":\"Nya f\u00f6rstanamnet vill hitta styrkor med expansionen - Knivsta\",\"isPartOf\":{\"@id\":\"https:\\\/\\\/wp.kristdemokraterna.se\\\/knivsta\\\/#website\"},\"primaryImageOfPage\":{\"@id\":\"https:\\\/\\\/wp.kristdemokraterna.se\\\/knivsta\\\/nya-forstanamnet-vill-hitta-styrkor-med-expansionen\\\/#primaryimage\"},\"image\":{\"@id\":\"https:\\\/\\\/wp.kristdemokraterna.se\\\/knivsta\\\/nya-forstanamnet-vill-hitta-styrkor-med-expansionen\\\/#primaryimage\"},\"thumbnailUrl\":\"https:\\\/\\\/wp.kristdemokraterna.se\\\/knivsta\\\/files\\\/2018\\\/04\\\/pontus-lamberg-webb.jpg\",\"datePublished\":\"2018-04-17T10:20:18+00:00\",\"dateModified\":\"2018-04-17T18:28:32+00:00\",\"author\":{\"@id\":\"https:\\\/\\\/wp.kristdemokraterna.se\\\/knivsta\\\/#\\\/schema\\\/person\\\/41c1d3b208899a9de023f9206cac1f52\"},\"breadcrumb\":{\"@id\":\"https:\\\/\\\/wp.kristdemokraterna.se\\\/knivsta\\\/nya-forstanamnet-vill-hitta-styrkor-med-expansionen\\\/#breadcrumb\"},\"inLanguage\":\"sv-SE\",\"potentialAction\":[{\"@type\":\"ReadAction\",\"target\":[\"https:\\\/\\\/wp.kristdemokraterna.se\\\/knivsta\\\/nya-forstanamnet-vill-hitta-styrkor-med-expansionen\\\/\"]}]},{\"@type\":\"ImageObject\",\"inLanguage\":\"sv-SE\",\"@id\":\"https:\\\/\\\/wp.kristdemokraterna.se\\\/knivsta\\\/nya-forstanamnet-vill-hitta-styrkor-med-expansionen\\\/#primaryimage\",\"url\":\"https:\\\/\\\/wp.kristdemokraterna.se\\\/knivsta\\\/files\\\/2018\\\/04\\\/pontus-lamberg-webb.jpg\",\"contentUrl\":\"https:\\\/\\\/wp.kristdemokraterna.se\\\/knivsta\\\/files\\\/2018\\\/04\\\/pontus-lamberg-webb.jpg\",\"width\":617,\"height\":333,\"caption\":\"Pontus Lamberg\"},{\"@type\":\"BreadcrumbList\",\"@id\":\"https:\\\/\\\/wp.kristdemokraterna.se\\\/knivsta\\\/nya-forstanamnet-vill-hitta-styrkor-med-expansionen\\\/#breadcrumb\",\"itemListElement\":[{\"@type\":\"ListItem\",\"position\":1,\"name\":\"Hem\",\"item\":\"https:\\\/\\\/wp.kristdemokraterna.se\\\/knivsta\\\/\"},{\"@type\":\"ListItem\",\"position\":2,\"name\":\"Nya f\u00f6rstanamnet vill hitta styrkor med expansionen\"}]},{\"@type\":\"WebSite\",\"@id\":\"https:\\\/\\\/wp.kristdemokraterna.se\\\/knivsta\\\/#website\",\"url\":\"https:\\\/\\\/wp.kristdemokraterna.se\\\/knivsta\\\/\",\"name\":\"Knivsta\",\"description\":\" F\u00f6r ett b\u00e4ttre samh\u00e4lle\",\"inLanguage\":\"sv-SE\"},{\"@type\":\"Person\",\"@id\":\"https:\\\/\\\/wp.kristdemokraterna.se\\\/knivsta\\\/#\\\/schema\\\/person\\\/41c1d3b208899a9de023f9206cac1f52\",\"name\":\"knivsta\",\"image\":{\"@type\":\"ImageObject\",\"inLanguage\":\"sv-SE\",\"@id\":\"https:\\\/\\\/secure.gravatar.com\\\/avatar\\\/68a509c7c53375b65b47d1d3c17559bd62f1e272f97020f0faeec022f4f79769?s=96&r=g\",\"url\":\"https:\\\/\\\/secure.gravatar.com\\\/avatar\\\/68a509c7c53375b65b47d1d3c17559bd62f1e272f97020f0faeec022f4f79769?s=96&r=g\",\"contentUrl\":\"https:\\\/\\\/secure.gravatar.com\\\/avatar\\\/68a509c7c53375b65b47d1d3c17559bd62f1e272f97020f0faeec022f4f79769?s=96&r=g\",\"caption\":\"knivsta\"},\"url\":\"https:\\\/\\\/wp.kristdemokraterna.se\\\/knivsta\\\/author\\\/knivsta\\\/\"}]}<\/script>\n<!-- \/ Yoast SEO plugin. -->","yoast_head_json":{"title":"Nya f\u00f6rstanamnet vill hitta styrkor med expansionen - Knivsta","robots":{"index":"index","follow":"follow","max-snippet":"max-snippet:-1","max-image-preview":"max-image-preview:large","max-video-preview":"max-video-preview:-1"},"canonical":"https:\/\/wp.kristdemokraterna.se\/knivsta\/nya-forstanamnet-vill-hitta-styrkor-med-expansionen\/","og_locale":"sv_SE","og_type":"article","og_title":"Nya f\u00f6rstanamnet vill hitta styrkor med expansionen - Knivsta","og_description":"Han vill att Knivsta blir en trivsam sm\u00e5stad f\u00f6r familjer och f\u00f6retag och tror att tillv\u00e4xten kan v\u00e4ndas till en f\u00f6rdel.\u00a0Pontus Lamberg, ser som ny listetta f\u00f6r KD Knivsta fram emot valr\u00f6relsen och att bita tag i Knivstas kommunpolitik.","og_url":"https:\/\/wp.kristdemokraterna.se\/knivsta\/nya-forstanamnet-vill-hitta-styrkor-med-expansionen\/","og_site_name":"Knivsta","article_publisher":"https:\/\/www.facebook.com\/kdknivsta","article_published_time":"2018-04-17T10:20:18+00:00","article_modified_time":"2018-04-17T18:28:32+00:00","og_image":[{"width":617,"height":333,"url":"https:\/\/wp.kristdemokraterna.se\/knivsta\/files\/2018\/04\/pontus-lamberg-webb.jpg","type":"image\/jpeg"}],"author":"knivsta","twitter_card":"summary_large_image","twitter_misc":{"Skriven av":"knivsta","Ber\u00e4knad l\u00e4stid":"3 minuter"},"schema":{"@context":"https:\/\/schema.org","@graph":[{"@type":"Article","@id":"https:\/\/wp.kristdemokraterna.se\/knivsta\/nya-forstanamnet-vill-hitta-styrkor-med-expansionen\/#article","isPartOf":{"@id":"https:\/\/wp.kristdemokraterna.se\/knivsta\/nya-forstanamnet-vill-hitta-styrkor-med-expansionen\/"},"author":{"name":"knivsta","@id":"https:\/\/wp.kristdemokraterna.se\/knivsta\/#\/schema\/person\/41c1d3b208899a9de023f9206cac1f52"},"headline":"Nya f\u00f6rstanamnet vill hitta styrkor med expansionen","datePublished":"2018-04-17T10:20:18+00:00","dateModified":"2018-04-17T18:28:32+00:00","mainEntityOfPage":{"@id":"https:\/\/wp.kristdemokraterna.se\/knivsta\/nya-forstanamnet-vill-hitta-styrkor-med-expansionen\/"},"wordCount":514,"image":{"@id":"https:\/\/wp.kristdemokraterna.se\/knivsta\/nya-forstanamnet-vill-hitta-styrkor-med-expansionen\/#primaryimage"},"thumbnailUrl":"https:\/\/wp.kristdemokraterna.se\/knivsta\/files\/2018\/04\/pontus-lamberg-webb.jpg","articleSection":["Knivsta"],"inLanguage":"sv-SE"},{"@type":"WebPage","@id":"https:\/\/wp.kristdemokraterna.se\/knivsta\/nya-forstanamnet-vill-hitta-styrkor-med-expansionen\/","url":"https:\/\/wp.kristdemokraterna.se\/knivsta\/nya-forstanamnet-vill-hitta-styrkor-med-expansionen\/","name":"Nya f\u00f6rstanamnet vill hitta styrkor med expansionen - Knivsta","isPartOf":{"@id":"https:\/\/wp.kristdemokraterna.se\/knivsta\/#website"},"primaryImageOfPage":{"@id":"https:\/\/wp.kristdemokraterna.se\/knivsta\/nya-forstanamnet-vill-hitta-styrkor-med-expansionen\/#primaryimage"},"image":{"@id":"https:\/\/wp.kristdemokraterna.se\/knivsta\/nya-forstanamnet-vill-hitta-styrkor-med-expansionen\/#primaryimage"},"thumbnailUrl":"https:\/\/wp.kristdemokraterna.se\/knivsta\/files\/2018\/04\/pontus-lamberg-webb.jpg","datePublished":"2018-04-17T10:20:18+00:00","dateModified":"2018-04-17T18:28:32+00:00","author":{"@id":"https:\/\/wp.kristdemokraterna.se\/knivsta\/#\/schema\/person\/41c1d3b208899a9de023f9206cac1f52"},"breadcrumb":{"@id":"https:\/\/wp.kristdemokraterna.se\/knivsta\/nya-forstanamnet-vill-hitta-styrkor-med-expansionen\/#breadcrumb"},"inLanguage":"sv-SE","potentialAction":[{"@type":"ReadAction","target":["https:\/\/wp.kristdemokraterna.se\/knivsta\/nya-forstanamnet-vill-hitta-styrkor-med-expansionen\/"]}]},{"@type":"ImageObject","inLanguage":"sv-SE","@id":"https:\/\/wp.kristdemokraterna.se\/knivsta\/nya-forstanamnet-vill-hitta-styrkor-med-expansionen\/#primaryimage","url":"https:\/\/wp.kristdemokraterna.se\/knivsta\/files\/2018\/04\/pontus-lamberg-webb.jpg","contentUrl":"https:\/\/wp.kristdemokraterna.se\/knivsta\/files\/2018\/04\/pontus-lamberg-webb.jpg","width":617,"height":333,"caption":"Pontus Lamberg"},{"@type":"BreadcrumbList","@id":"https:\/\/wp.kristdemokraterna.se\/knivsta\/nya-forstanamnet-vill-hitta-styrkor-med-expansionen\/#breadcrumb","itemListElement":[{"@type":"ListItem","position":1,"name":"Hem","item":"https:\/\/wp.kristdemokraterna.se\/knivsta\/"},{"@type":"ListItem","position":2,"name":"Nya f\u00f6rstanamnet vill hitta styrkor med expansionen"}]},{"@type":"WebSite","@id":"https:\/\/wp.kristdemokraterna.se\/knivsta\/#website","url":"https:\/\/wp.kristdemokraterna.se\/knivsta\/","name":"Knivsta","description":" F\u00f6r ett b\u00e4ttre samh\u00e4lle","inLanguage":"sv-SE"},{"@type":"Person","@id":"https:\/\/wp.kristdemokraterna.se\/knivsta\/#\/schema\/person\/41c1d3b208899a9de023f9206cac1f52","name":"knivsta","image":{"@type":"ImageObject","inLanguage":"sv-SE","@id":"https:\/\/secure.gravatar.com\/avatar\/68a509c7c53375b65b47d1d3c17559bd62f1e272f97020f0faeec022f4f79769?s=96&r=g","url":"https:\/\/secure.gravatar.com\/avatar\/68a509c7c53375b65b47d1d3c17559bd62f1e272f97020f0faeec022f4f79769?s=96&r=g","contentUrl":"https:\/\/secure.gravatar.com\/avatar\/68a509c7c53375b65b47d1d3c17559bd62f1e272f97020f0faeec022f4f79769?s=96&r=g","caption":"knivsta"},"url":"https:\/\/wp.kristdemokraterna.se\/knivsta\/author\/knivsta\/"}]}},"_links":{"self":[{"href":"https:\/\/wp.kristdemokraterna.se\/knivsta\/wp-json\/wp\/v2\/posts\/1580","targetHints":{"allow":["GET"]}}],"collection":[{"href":"https:\/\/wp.kristdemokraterna.se\/knivsta\/wp-json\/wp\/v2\/posts"}],"about":[{"href":"https:\/\/wp.kristdemokraterna.se\/knivsta\/wp-json\/wp\/v2\/types\/post"}],"author":[{"embeddable":true,"href":"https:\/\/wp.kristdemokraterna.se\/knivsta\/wp-json\/wp\/v2\/users\/481"}],"replies":[{"embeddable":true,"href":"https:\/\/wp.kristdemokraterna.se\/knivsta\/wp-json\/wp\/v2\/comments?post=1580"}],"version-history":[{"count":9,"href":"https:\/\/wp.kristdemokraterna.se\/knivsta\/wp-json\/wp\/v2\/posts\/1580\/revisions"}],"predecessor-version":[{"id":1591,"href":"https:\/\/wp.kristdemokraterna.se\/knivsta\/wp-json\/wp\/v2\/posts\/1580\/revisions\/1591"}],"wp:featuredmedia":[{"embeddable":true,"href":"https:\/\/wp.kristdemokraterna.se\/knivsta\/wp-json\/wp\/v2\/media\/1582"}],"wp:attachment":[{"href":"https:\/\/wp.kristdemokraterna.se\/knivsta\/wp-json\/wp\/v2\/media?parent=1580"}],"wp:term":[{"taxonomy":"category","embeddable":true,"href":"https:\/\/wp.kristdemokraterna.se\/knivsta\/wp-json\/wp\/v2\/categories?post=1580"},{"taxonomy":"post_tag","embeddable":true,"href":"https:\/\/wp.kristdemokraterna.se\/knivsta\/wp-json\/wp\/v2\/tags?post=1580"}],"curies":[{"name":"wp","href":"https:\/\/api.w.org\/{rel}","templated":true}]}}