{"id":171,"date":"2014-05-22T18:42:56","date_gmt":"2014-05-22T16:42:56","guid":{"rendered":"http:\/\/wp.kristdemokraterna.se\/knivsta\/?p=171"},"modified":"2014-05-22T21:25:46","modified_gmt":"2014-05-22T19:25:46","slug":"det-ar-dags-for-matbutikerna-i-knivsta-att-bojkotta-danskt-flaskkott","status":"publish","type":"post","link":"https:\/\/wp.kristdemokraterna.se\/knivsta\/det-ar-dags-for-matbutikerna-i-knivsta-att-bojkotta-danskt-flaskkott\/","title":{"rendered":"Det \u00e4r dags f\u00f6r matbutikerna i Knivsta att bojkotta danskt fl\u00e4skk\u00f6tt"},"content":{"rendered":"<p><strong>Flera ICA-handlare runt om i landet har best\u00e4mt sig f\u00f6r att bojkotta danskt fl\u00e4skk\u00f6tt. KD i Knivsta vill nu se att \u00e4ven matbutikerna i Knivsta f\u00f6ljer efter.<\/strong><\/p>\n<p>Produktionsf\u00f6rh\u00e5llanden och djurh\u00e5llningen av grisarna i Danmark \u00e4r mycket d\u00e5lig. Nyligen rapporterades det att fyra personer i Danmark d\u00f6tt av antibiotikaresistenta bakterier av samma typ som finns hos grisar.<\/p>\n<p>Vi borde d\u00e4rf\u00f6r gemensamt visa att vi inte tolererar denna utveckling.<\/p>\n<p>Bj\u00f6rn-Owe Bj\u00f6rk, gruppledare i KD Knivsta menar att det \u00e4r viktigt att sl\u00e5 vakt om den svenska djurh\u00e5llningen och kr\u00e4va att \u00e4ven andra l\u00e4nder h\u00e5ller den niv\u00e5 p\u00e5 djurskyddslagar som finns i Sverige. Det svenska folket vill ocks\u00e5 att grisarna ska ha ett bra liv innan de g\u00e5r till slakt, menar han.<\/p>\n<p>Den danska lagstiftningen skiljer sig mot den svenska. Danskarna klipper knorren p\u00e5 grisarna f\u00f6r att de under sina tr\u00e5nga levnadsf\u00f6rh\u00e5llanden inte ska gnaga av knorrarna p\u00e5 varandra. Samtidigt pumpas de danska grisarna fulla med antibiotika i \u201df\u00f6rebyggande syfte\u201d.<\/p>\n<p>Lockelsen att handla \u201dl\u00e5gpris\u201d g\u00f6r att vi alla l\u00e4tt sviker v\u00e5ra ideal och k\u00f6per danskt fl\u00e4skk\u00f6tt fr\u00e5n djur som f\u00f6tts upp under helt andra f\u00f6ruts\u00e4ttningar.<\/p>\n<p>Medan danskarna struntar i goda produktionsvillkor f\u00e5r svenska grisb\u00f6nder merkostnader gentemot sina konkurrenter som gjort att svenska producenter tvingas l\u00e4gga ner sin verksamhet. Mellan 2007-2012 har antalet grisb\u00f6nder i Sverige minskat med 56 procent.<\/p>\n<p>\u2013 Det \u00e4r inte r\u00e4tt att god djurh\u00e5llning ska straffas. Efter dessa fyra d\u00f6dsfall s\u00e5 k\u00e4nns det som vi n\u00e5tt en gr\u00e4ns d\u00e4r vi inte l\u00e4ngre kan l\u00e5tsas som vi inte ser n\u00e5got. Vem av mathandlarna i Knivsta v\u00e5gar g\u00e5 f\u00f6rst ut och bojkotta det danska fl\u00e4skk\u00f6ttet? undrar Bj\u00f6rn-Owe Bj\u00f6rk som har ett starkt st\u00f6d fr\u00e5n de lokala partimedlemmarna.<\/p>\n<p>\u2013 F\u00f6r egen del kommer jag under n\u00e4sta mandatperiod vaka \u00f6ver den kommunala upphandlingen och se till att vi s\u00e5 gott det g\u00e5r prioriterar kvalitet och n\u00e4rodlat.<\/p>\n","protected":false},"excerpt":{"rendered":"<p>Flera ICA-handlare runt om i landet har best\u00e4mt sig f\u00f6r att bojkotta danskt fl\u00e4skk\u00f6tt. KD i Knivsta vill nu se att \u00e4ven matbutikerna i Knivsta f\u00f6ljer efter. Produktionsf\u00f6rh\u00e5llanden och djurh\u00e5llningen av grisarna i Danmark \u00e4r mycket d\u00e5lig. Nyligen rapporterades det att fyra personer i Danmark d\u00f6tt av antibiotikaresistenta bakterier av samma typ som finns hos <a class=\"read-more-link\" href=\"https:\/\/wp.kristdemokraterna.se\/knivsta\/det-ar-dags-for-matbutikerna-i-knivsta-att-bojkotta-danskt-flaskkott\/\">Read More<\/a><\/p>\n","protected":false},"author":481,"featured_media":0,"comment_status":"closed","ping_status":"closed","sticky":false,"template":"","format":"standard","meta":{"_acf_changed":false,"footnotes":""},"categories":[1],"tags":[],"class_list":["post-171","post","type-post","status-publish","format-standard","hentry","category-knivsta"],"acf":[],"yoast_head":"<!-- This site is optimized with the Yoast SEO plugin v27.5 - https:\/\/yoast.com\/product\/yoast-seo-wordpress\/ -->\n<title>Det \u00e4r dags f\u00f6r matbutikerna i Knivsta att bojkotta danskt fl\u00e4skk\u00f6tt - Knivsta<\/title>\n<meta name=\"robots\" content=\"index, follow, max-snippet:-1, max-image-preview:large, max-video-preview:-1\" \/>\n<link rel=\"canonical\" href=\"https:\/\/wp.kristdemokraterna.se\/knivsta\/det-ar-dags-for-matbutikerna-i-knivsta-att-bojkotta-danskt-flaskkott\/\" \/>\n<meta property=\"og:locale\" content=\"sv_SE\" \/>\n<meta property=\"og:type\" content=\"article\" \/>\n<meta property=\"og:title\" content=\"Det \u00e4r dags f\u00f6r matbutikerna i Knivsta att bojkotta danskt fl\u00e4skk\u00f6tt - Knivsta\" \/>\n<meta property=\"og:description\" content=\"Flera ICA-handlare runt om i landet har best\u00e4mt sig f\u00f6r att bojkotta danskt fl\u00e4skk\u00f6tt. KD i Knivsta vill nu se att \u00e4ven matbutikerna i Knivsta f\u00f6ljer efter. Produktionsf\u00f6rh\u00e5llanden och djurh\u00e5llningen av grisarna i Danmark \u00e4r mycket d\u00e5lig. Nyligen rapporterades det att fyra personer i Danmark d\u00f6tt av antibiotikaresistenta bakterier av samma typ som finns hos Read More\" \/>\n<meta property=\"og:url\" content=\"https:\/\/wp.kristdemokraterna.se\/knivsta\/det-ar-dags-for-matbutikerna-i-knivsta-att-bojkotta-danskt-flaskkott\/\" \/>\n<meta property=\"og:site_name\" content=\"Knivsta\" \/>\n<meta property=\"article:publisher\" content=\"https:\/\/www.facebook.com\/kdknivsta\" \/>\n<meta property=\"article:published_time\" content=\"2014-05-22T16:42:56+00:00\" \/>\n<meta property=\"article:modified_time\" content=\"2014-05-22T19:25:46+00:00\" \/>\n<meta name=\"author\" content=\"knivsta\" \/>\n<meta name=\"twitter:card\" content=\"summary_large_image\" \/>\n<meta name=\"twitter:label1\" content=\"Skriven av\" \/>\n\t<meta name=\"twitter:data1\" content=\"knivsta\" \/>\n\t<meta name=\"twitter:label2\" content=\"Ber\u00e4knad l\u00e4stid\" \/>\n\t<meta name=\"twitter:data2\" content=\"2 minuter\" \/>\n<script type=\"application\/ld+json\" class=\"yoast-schema-graph\">{\"@context\":\"https:\\\/\\\/schema.org\",\"@graph\":[{\"@type\":\"Article\",\"@id\":\"https:\\\/\\\/wp.kristdemokraterna.se\\\/knivsta\\\/det-ar-dags-for-matbutikerna-i-knivsta-att-bojkotta-danskt-flaskkott\\\/#article\",\"isPartOf\":{\"@id\":\"https:\\\/\\\/wp.kristdemokraterna.se\\\/knivsta\\\/det-ar-dags-for-matbutikerna-i-knivsta-att-bojkotta-danskt-flaskkott\\\/\"},\"author\":{\"name\":\"knivsta\",\"@id\":\"https:\\\/\\\/wp.kristdemokraterna.se\\\/knivsta\\\/#\\\/schema\\\/person\\\/41c1d3b208899a9de023f9206cac1f52\"},\"headline\":\"Det \u00e4r dags f\u00f6r matbutikerna i Knivsta att bojkotta danskt fl\u00e4skk\u00f6tt\",\"datePublished\":\"2014-05-22T16:42:56+00:00\",\"dateModified\":\"2014-05-22T19:25:46+00:00\",\"mainEntityOfPage\":{\"@id\":\"https:\\\/\\\/wp.kristdemokraterna.se\\\/knivsta\\\/det-ar-dags-for-matbutikerna-i-knivsta-att-bojkotta-danskt-flaskkott\\\/\"},\"wordCount\":374,\"articleSection\":[\"Knivsta\"],\"inLanguage\":\"sv-SE\"},{\"@type\":\"WebPage\",\"@id\":\"https:\\\/\\\/wp.kristdemokraterna.se\\\/knivsta\\\/det-ar-dags-for-matbutikerna-i-knivsta-att-bojkotta-danskt-flaskkott\\\/\",\"url\":\"https:\\\/\\\/wp.kristdemokraterna.se\\\/knivsta\\\/det-ar-dags-for-matbutikerna-i-knivsta-att-bojkotta-danskt-flaskkott\\\/\",\"name\":\"Det \u00e4r dags f\u00f6r matbutikerna i Knivsta att bojkotta danskt fl\u00e4skk\u00f6tt - Knivsta\",\"isPartOf\":{\"@id\":\"https:\\\/\\\/wp.kristdemokraterna.se\\\/knivsta\\\/#website\"},\"datePublished\":\"2014-05-22T16:42:56+00:00\",\"dateModified\":\"2014-05-22T19:25:46+00:00\",\"author\":{\"@id\":\"https:\\\/\\\/wp.kristdemokraterna.se\\\/knivsta\\\/#\\\/schema\\\/person\\\/41c1d3b208899a9de023f9206cac1f52\"},\"breadcrumb\":{\"@id\":\"https:\\\/\\\/wp.kristdemokraterna.se\\\/knivsta\\\/det-ar-dags-for-matbutikerna-i-knivsta-att-bojkotta-danskt-flaskkott\\\/#breadcrumb\"},\"inLanguage\":\"sv-SE\",\"potentialAction\":[{\"@type\":\"ReadAction\",\"target\":[\"https:\\\/\\\/wp.kristdemokraterna.se\\\/knivsta\\\/det-ar-dags-for-matbutikerna-i-knivsta-att-bojkotta-danskt-flaskkott\\\/\"]}]},{\"@type\":\"BreadcrumbList\",\"@id\":\"https:\\\/\\\/wp.kristdemokraterna.se\\\/knivsta\\\/det-ar-dags-for-matbutikerna-i-knivsta-att-bojkotta-danskt-flaskkott\\\/#breadcrumb\",\"itemListElement\":[{\"@type\":\"ListItem\",\"position\":1,\"name\":\"Hem\",\"item\":\"https:\\\/\\\/wp.kristdemokraterna.se\\\/knivsta\\\/\"},{\"@type\":\"ListItem\",\"position\":2,\"name\":\"Det \u00e4r dags f\u00f6r matbutikerna i Knivsta att bojkotta danskt fl\u00e4skk\u00f6tt\"}]},{\"@type\":\"WebSite\",\"@id\":\"https:\\\/\\\/wp.kristdemokraterna.se\\\/knivsta\\\/#website\",\"url\":\"https:\\\/\\\/wp.kristdemokraterna.se\\\/knivsta\\\/\",\"name\":\"Knivsta\",\"description\":\" F\u00f6r ett b\u00e4ttre samh\u00e4lle\",\"inLanguage\":\"sv-SE\"},{\"@type\":\"Person\",\"@id\":\"https:\\\/\\\/wp.kristdemokraterna.se\\\/knivsta\\\/#\\\/schema\\\/person\\\/41c1d3b208899a9de023f9206cac1f52\",\"name\":\"knivsta\",\"image\":{\"@type\":\"ImageObject\",\"inLanguage\":\"sv-SE\",\"@id\":\"https:\\\/\\\/secure.gravatar.com\\\/avatar\\\/68a509c7c53375b65b47d1d3c17559bd62f1e272f97020f0faeec022f4f79769?s=96&r=g\",\"url\":\"https:\\\/\\\/secure.gravatar.com\\\/avatar\\\/68a509c7c53375b65b47d1d3c17559bd62f1e272f97020f0faeec022f4f79769?s=96&r=g\",\"contentUrl\":\"https:\\\/\\\/secure.gravatar.com\\\/avatar\\\/68a509c7c53375b65b47d1d3c17559bd62f1e272f97020f0faeec022f4f79769?s=96&r=g\",\"caption\":\"knivsta\"},\"url\":\"https:\\\/\\\/wp.kristdemokraterna.se\\\/knivsta\\\/author\\\/knivsta\\\/\"}]}<\/script>\n<!-- \/ Yoast SEO plugin. -->","yoast_head_json":{"title":"Det \u00e4r dags f\u00f6r matbutikerna i Knivsta att bojkotta danskt fl\u00e4skk\u00f6tt - Knivsta","robots":{"index":"index","follow":"follow","max-snippet":"max-snippet:-1","max-image-preview":"max-image-preview:large","max-video-preview":"max-video-preview:-1"},"canonical":"https:\/\/wp.kristdemokraterna.se\/knivsta\/det-ar-dags-for-matbutikerna-i-knivsta-att-bojkotta-danskt-flaskkott\/","og_locale":"sv_SE","og_type":"article","og_title":"Det \u00e4r dags f\u00f6r matbutikerna i Knivsta att bojkotta danskt fl\u00e4skk\u00f6tt - Knivsta","og_description":"Flera ICA-handlare runt om i landet har best\u00e4mt sig f\u00f6r att bojkotta danskt fl\u00e4skk\u00f6tt. KD i Knivsta vill nu se att \u00e4ven matbutikerna i Knivsta f\u00f6ljer efter. Produktionsf\u00f6rh\u00e5llanden och djurh\u00e5llningen av grisarna i Danmark \u00e4r mycket d\u00e5lig. Nyligen rapporterades det att fyra personer i Danmark d\u00f6tt av antibiotikaresistenta bakterier av samma typ som finns hos Read More","og_url":"https:\/\/wp.kristdemokraterna.se\/knivsta\/det-ar-dags-for-matbutikerna-i-knivsta-att-bojkotta-danskt-flaskkott\/","og_site_name":"Knivsta","article_publisher":"https:\/\/www.facebook.com\/kdknivsta","article_published_time":"2014-05-22T16:42:56+00:00","article_modified_time":"2014-05-22T19:25:46+00:00","author":"knivsta","twitter_card":"summary_large_image","twitter_misc":{"Skriven av":"knivsta","Ber\u00e4knad l\u00e4stid":"2 minuter"},"schema":{"@context":"https:\/\/schema.org","@graph":[{"@type":"Article","@id":"https:\/\/wp.kristdemokraterna.se\/knivsta\/det-ar-dags-for-matbutikerna-i-knivsta-att-bojkotta-danskt-flaskkott\/#article","isPartOf":{"@id":"https:\/\/wp.kristdemokraterna.se\/knivsta\/det-ar-dags-for-matbutikerna-i-knivsta-att-bojkotta-danskt-flaskkott\/"},"author":{"name":"knivsta","@id":"https:\/\/wp.kristdemokraterna.se\/knivsta\/#\/schema\/person\/41c1d3b208899a9de023f9206cac1f52"},"headline":"Det \u00e4r dags f\u00f6r matbutikerna i Knivsta att bojkotta danskt fl\u00e4skk\u00f6tt","datePublished":"2014-05-22T16:42:56+00:00","dateModified":"2014-05-22T19:25:46+00:00","mainEntityOfPage":{"@id":"https:\/\/wp.kristdemokraterna.se\/knivsta\/det-ar-dags-for-matbutikerna-i-knivsta-att-bojkotta-danskt-flaskkott\/"},"wordCount":374,"articleSection":["Knivsta"],"inLanguage":"sv-SE"},{"@type":"WebPage","@id":"https:\/\/wp.kristdemokraterna.se\/knivsta\/det-ar-dags-for-matbutikerna-i-knivsta-att-bojkotta-danskt-flaskkott\/","url":"https:\/\/wp.kristdemokraterna.se\/knivsta\/det-ar-dags-for-matbutikerna-i-knivsta-att-bojkotta-danskt-flaskkott\/","name":"Det \u00e4r dags f\u00f6r matbutikerna i Knivsta att bojkotta danskt fl\u00e4skk\u00f6tt - Knivsta","isPartOf":{"@id":"https:\/\/wp.kristdemokraterna.se\/knivsta\/#website"},"datePublished":"2014-05-22T16:42:56+00:00","dateModified":"2014-05-22T19:25:46+00:00","author":{"@id":"https:\/\/wp.kristdemokraterna.se\/knivsta\/#\/schema\/person\/41c1d3b208899a9de023f9206cac1f52"},"breadcrumb":{"@id":"https:\/\/wp.kristdemokraterna.se\/knivsta\/det-ar-dags-for-matbutikerna-i-knivsta-att-bojkotta-danskt-flaskkott\/#breadcrumb"},"inLanguage":"sv-SE","potentialAction":[{"@type":"ReadAction","target":["https:\/\/wp.kristdemokraterna.se\/knivsta\/det-ar-dags-for-matbutikerna-i-knivsta-att-bojkotta-danskt-flaskkott\/"]}]},{"@type":"BreadcrumbList","@id":"https:\/\/wp.kristdemokraterna.se\/knivsta\/det-ar-dags-for-matbutikerna-i-knivsta-att-bojkotta-danskt-flaskkott\/#breadcrumb","itemListElement":[{"@type":"ListItem","position":1,"name":"Hem","item":"https:\/\/wp.kristdemokraterna.se\/knivsta\/"},{"@type":"ListItem","position":2,"name":"Det \u00e4r dags f\u00f6r matbutikerna i Knivsta att bojkotta danskt fl\u00e4skk\u00f6tt"}]},{"@type":"WebSite","@id":"https:\/\/wp.kristdemokraterna.se\/knivsta\/#website","url":"https:\/\/wp.kristdemokraterna.se\/knivsta\/","name":"Knivsta","description":" F\u00f6r ett b\u00e4ttre samh\u00e4lle","inLanguage":"sv-SE"},{"@type":"Person","@id":"https:\/\/wp.kristdemokraterna.se\/knivsta\/#\/schema\/person\/41c1d3b208899a9de023f9206cac1f52","name":"knivsta","image":{"@type":"ImageObject","inLanguage":"sv-SE","@id":"https:\/\/secure.gravatar.com\/avatar\/68a509c7c53375b65b47d1d3c17559bd62f1e272f97020f0faeec022f4f79769?s=96&r=g","url":"https:\/\/secure.gravatar.com\/avatar\/68a509c7c53375b65b47d1d3c17559bd62f1e272f97020f0faeec022f4f79769?s=96&r=g","contentUrl":"https:\/\/secure.gravatar.com\/avatar\/68a509c7c53375b65b47d1d3c17559bd62f1e272f97020f0faeec022f4f79769?s=96&r=g","caption":"knivsta"},"url":"https:\/\/wp.kristdemokraterna.se\/knivsta\/author\/knivsta\/"}]}},"_links":{"self":[{"href":"https:\/\/wp.kristdemokraterna.se\/knivsta\/wp-json\/wp\/v2\/posts\/171","targetHints":{"allow":["GET"]}}],"collection":[{"href":"https:\/\/wp.kristdemokraterna.se\/knivsta\/wp-json\/wp\/v2\/posts"}],"about":[{"href":"https:\/\/wp.kristdemokraterna.se\/knivsta\/wp-json\/wp\/v2\/types\/post"}],"author":[{"embeddable":true,"href":"https:\/\/wp.kristdemokraterna.se\/knivsta\/wp-json\/wp\/v2\/users\/481"}],"replies":[{"embeddable":true,"href":"https:\/\/wp.kristdemokraterna.se\/knivsta\/wp-json\/wp\/v2\/comments?post=171"}],"version-history":[{"count":7,"href":"https:\/\/wp.kristdemokraterna.se\/knivsta\/wp-json\/wp\/v2\/posts\/171\/revisions"}],"predecessor-version":[{"id":180,"href":"https:\/\/wp.kristdemokraterna.se\/knivsta\/wp-json\/wp\/v2\/posts\/171\/revisions\/180"}],"wp:attachment":[{"href":"https:\/\/wp.kristdemokraterna.se\/knivsta\/wp-json\/wp\/v2\/media?parent=171"}],"wp:term":[{"taxonomy":"category","embeddable":true,"href":"https:\/\/wp.kristdemokraterna.se\/knivsta\/wp-json\/wp\/v2\/categories?post=171"},{"taxonomy":"post_tag","embeddable":true,"href":"https:\/\/wp.kristdemokraterna.se\/knivsta\/wp-json\/wp\/v2\/tags?post=171"}],"curies":[{"name":"wp","href":"https:\/\/api.w.org\/{rel}","templated":true}]}}