{"id":1821,"date":"2018-05-19T14:28:42","date_gmt":"2018-05-19T12:28:42","guid":{"rendered":"http:\/\/wp.kristdemokraterna.se\/knivsta\/?p=1821"},"modified":"2018-05-30T16:01:21","modified_gmt":"2018-05-30T14:01:21","slug":"givande-moten-under-marknad","status":"publish","type":"post","link":"https:\/\/wp.kristdemokraterna.se\/knivsta\/givande-moten-under-marknad\/","title":{"rendered":"Givande m\u00f6ten under marknad"},"content":{"rendered":"<p><strong>Stadsbyggnad, skolan och parkeringsbristen i Knivsta var n\u00e5gra fr\u00e5gor som Knivstaborna ville prata om p\u00e5 Knivsta marknad 19 maj. V\u00e5r nya kommunalr\u00e5dskandiat, Pontus Lamberg hade m\u00e5nga bra samtal vid KD:s t\u00e4lt.<\/strong><!--more--><\/p>\n<p>Det var en varm och solig marknadsdag och doften av munkar och karameller l\u00e5g i luften. KD Knivsta hade parkerat sig i korsningen Apoteksv\u00e4gen-Forsbyv\u00e4gen tillsammans med \u00f6vriga politiska partier.<\/p>\n<p>En av valets viktigaste fr\u00e5gor \u00e4r Knivstas kommande utbyggnad och \u00e4ven kvaliteten i skolan. Vi genomf\u00f6rde en uppskattad enk\u00e4t d\u00e4r alla som ville fick v\u00e4lja sin favoritfr\u00e5ga av totalt tre d\u00e4r skolan kom att hamna i topp bland b\u00e5de unga och \u00e4ldre,\u00a0 f\u00f6ljd av en \u00f6nskan att bevara en trivsam sm\u00e5stad.<\/p>\n<p><a href=\"http:\/\/wp.kristdemokraterna.se\/knivsta\/files\/2018\/05\/hur-valjer-du3.jpg\"><img loading=\"lazy\" decoding=\"async\" class=\"alignnone size-full wp-image-1827\" src=\"http:\/\/wp.kristdemokraterna.se\/knivsta\/files\/2018\/05\/hur-valjer-du3.jpg\" alt=\"\" width=\"617\" height=\"450\" srcset=\"https:\/\/wp.kristdemokraterna.se\/knivsta\/files\/2018\/05\/hur-valjer-du3.jpg 617w, https:\/\/wp.kristdemokraterna.se\/knivsta\/files\/2018\/05\/hur-valjer-du3-359x262.jpg 359w, https:\/\/wp.kristdemokraterna.se\/knivsta\/files\/2018\/05\/hur-valjer-du3-263x192.jpg 263w\" sizes=\"auto, (max-width: 617px) 100vw, 617px\" \/><\/a><\/p>\n<p>Den stora bristen p\u00e5 parkeringar i centrum var ett vanligt samtals\u00e4mne d\u00e4r vi lyfte fram v\u00e5rt m\u00e5l om att l\u00f6sa fr\u00e5gan b\u00e5de p\u00e5 kort och l\u00e5ng sikt.<\/p>\n<p>Vi passade p\u00e5 att dela ut v\u00e5ra broschyrer om hur vi \u00f6nskar Knivstas utveckling, vilka gick \u00e5t som sm\u00f6r i solsken.<\/p>\n<p>D\u00e4r ber\u00e4ttar vi om att vi vill att Knivsta ska forts\u00e4tta att vara en trivsam sm\u00e5stad med h\u00f6gst sex v\u00e5ningar h\u00f6ga hus. Och att vi vill ha ett levande centrum, b\u00e4ttre kommunikationer och att barnen ska ha m\u00f6jlighet till b\u00e5de lek och naturupplevdelser.<\/p>\n<p>Dessutom lyfte vi fram v\u00e5rt vall\u00f6fte om att kr\u00e4va en omf\u00f6rhandling av avtalet med staten om att bygga 15 000 bost\u00e4der och d\u00e4rmed \u00f6ka befolkningen med n\u00e4stan 40 000 inv\u00e5nare p\u00e5 40 \u00e5r.<\/p>\n","protected":false},"excerpt":{"rendered":"<p>Stadsbyggnad, skolan och parkeringsbristen i Knivsta var n\u00e5gra fr\u00e5gor som Knivstaborna ville prata om p\u00e5 Knivsta marknad 19 maj. V\u00e5r nya kommunalr\u00e5dskandiat, Pontus Lamberg hade m\u00e5nga bra samtal vid KD:s t\u00e4lt.<\/p>\n","protected":false},"author":481,"featured_media":1837,"comment_status":"closed","ping_status":"closed","sticky":false,"template":"","format":"standard","meta":{"_acf_changed":false,"footnotes":""},"categories":[1],"tags":[11,84,85,87,86,83],"class_list":["post-1821","post","type-post","status-publish","format-standard","hentry","category-knivsta","tag-kd-knivsta","tag-knivsta-marknad","tag-parkeringsbrist","tag-pontus-lamberg","tag-skolan","tag-trivsam-smastad"],"acf":[],"yoast_head":"<!-- This site is optimized with the Yoast SEO plugin v27.5 - https:\/\/yoast.com\/product\/yoast-seo-wordpress\/ -->\n<title>Givande m\u00f6ten under marknad - Knivsta<\/title>\n<meta name=\"robots\" content=\"index, follow, max-snippet:-1, max-image-preview:large, max-video-preview:-1\" \/>\n<link rel=\"canonical\" href=\"https:\/\/wp.kristdemokraterna.se\/knivsta\/givande-moten-under-marknad\/\" \/>\n<meta property=\"og:locale\" content=\"sv_SE\" \/>\n<meta property=\"og:type\" content=\"article\" \/>\n<meta property=\"og:title\" content=\"Givande m\u00f6ten under marknad - Knivsta\" \/>\n<meta property=\"og:description\" content=\"Stadsbyggnad, skolan och parkeringsbristen i Knivsta var n\u00e5gra fr\u00e5gor som Knivstaborna ville prata om p\u00e5 Knivsta marknad 19 maj. V\u00e5r nya kommunalr\u00e5dskandiat, Pontus Lamberg hade m\u00e5nga bra samtal vid KD:s t\u00e4lt.\" \/>\n<meta property=\"og:url\" content=\"https:\/\/wp.kristdemokraterna.se\/knivsta\/givande-moten-under-marknad\/\" \/>\n<meta property=\"og:site_name\" content=\"Knivsta\" \/>\n<meta property=\"article:publisher\" content=\"https:\/\/www.facebook.com\/kdknivsta\" \/>\n<meta property=\"article:published_time\" content=\"2018-05-19T12:28:42+00:00\" \/>\n<meta property=\"article:modified_time\" content=\"2018-05-30T14:01:21+00:00\" \/>\n<meta property=\"og:image\" content=\"https:\/\/wp.kristdemokraterna.se\/knivsta\/files\/2018\/05\/kryssa-pontus-lamberg.jpg\" \/>\n\t<meta property=\"og:image:width\" content=\"617\" \/>\n\t<meta property=\"og:image:height\" content=\"333\" \/>\n\t<meta property=\"og:image:type\" content=\"image\/jpeg\" \/>\n<meta name=\"author\" content=\"knivsta\" \/>\n<meta name=\"twitter:card\" content=\"summary_large_image\" \/>\n<meta name=\"twitter:label1\" content=\"Skriven av\" \/>\n\t<meta name=\"twitter:data1\" content=\"knivsta\" \/>\n\t<meta name=\"twitter:label2\" content=\"Ber\u00e4knad l\u00e4stid\" \/>\n\t<meta name=\"twitter:data2\" content=\"1 minut\" \/>\n<script type=\"application\/ld+json\" class=\"yoast-schema-graph\">{\"@context\":\"https:\\\/\\\/schema.org\",\"@graph\":[{\"@type\":\"Article\",\"@id\":\"https:\\\/\\\/wp.kristdemokraterna.se\\\/knivsta\\\/givande-moten-under-marknad\\\/#article\",\"isPartOf\":{\"@id\":\"https:\\\/\\\/wp.kristdemokraterna.se\\\/knivsta\\\/givande-moten-under-marknad\\\/\"},\"author\":{\"name\":\"knivsta\",\"@id\":\"https:\\\/\\\/wp.kristdemokraterna.se\\\/knivsta\\\/#\\\/schema\\\/person\\\/41c1d3b208899a9de023f9206cac1f52\"},\"headline\":\"Givande m\u00f6ten under marknad\",\"datePublished\":\"2018-05-19T12:28:42+00:00\",\"dateModified\":\"2018-05-30T14:01:21+00:00\",\"mainEntityOfPage\":{\"@id\":\"https:\\\/\\\/wp.kristdemokraterna.se\\\/knivsta\\\/givande-moten-under-marknad\\\/\"},\"wordCount\":282,\"image\":{\"@id\":\"https:\\\/\\\/wp.kristdemokraterna.se\\\/knivsta\\\/givande-moten-under-marknad\\\/#primaryimage\"},\"thumbnailUrl\":\"https:\\\/\\\/wp.kristdemokraterna.se\\\/knivsta\\\/files\\\/2018\\\/05\\\/kryssa-pontus-lamberg.jpg\",\"keywords\":[\"KD Knivsta\",\"Knivsta marknad\",\"parkeringsbrist\",\"Pontus Lamberg\",\"skolan\",\"trivsam sm\u00e5stad\"],\"articleSection\":[\"Knivsta\"],\"inLanguage\":\"sv-SE\"},{\"@type\":\"WebPage\",\"@id\":\"https:\\\/\\\/wp.kristdemokraterna.se\\\/knivsta\\\/givande-moten-under-marknad\\\/\",\"url\":\"https:\\\/\\\/wp.kristdemokraterna.se\\\/knivsta\\\/givande-moten-under-marknad\\\/\",\"name\":\"Givande m\u00f6ten under marknad - Knivsta\",\"isPartOf\":{\"@id\":\"https:\\\/\\\/wp.kristdemokraterna.se\\\/knivsta\\\/#website\"},\"primaryImageOfPage\":{\"@id\":\"https:\\\/\\\/wp.kristdemokraterna.se\\\/knivsta\\\/givande-moten-under-marknad\\\/#primaryimage\"},\"image\":{\"@id\":\"https:\\\/\\\/wp.kristdemokraterna.se\\\/knivsta\\\/givande-moten-under-marknad\\\/#primaryimage\"},\"thumbnailUrl\":\"https:\\\/\\\/wp.kristdemokraterna.se\\\/knivsta\\\/files\\\/2018\\\/05\\\/kryssa-pontus-lamberg.jpg\",\"datePublished\":\"2018-05-19T12:28:42+00:00\",\"dateModified\":\"2018-05-30T14:01:21+00:00\",\"author\":{\"@id\":\"https:\\\/\\\/wp.kristdemokraterna.se\\\/knivsta\\\/#\\\/schema\\\/person\\\/41c1d3b208899a9de023f9206cac1f52\"},\"breadcrumb\":{\"@id\":\"https:\\\/\\\/wp.kristdemokraterna.se\\\/knivsta\\\/givande-moten-under-marknad\\\/#breadcrumb\"},\"inLanguage\":\"sv-SE\",\"potentialAction\":[{\"@type\":\"ReadAction\",\"target\":[\"https:\\\/\\\/wp.kristdemokraterna.se\\\/knivsta\\\/givande-moten-under-marknad\\\/\"]}]},{\"@type\":\"ImageObject\",\"inLanguage\":\"sv-SE\",\"@id\":\"https:\\\/\\\/wp.kristdemokraterna.se\\\/knivsta\\\/givande-moten-under-marknad\\\/#primaryimage\",\"url\":\"https:\\\/\\\/wp.kristdemokraterna.se\\\/knivsta\\\/files\\\/2018\\\/05\\\/kryssa-pontus-lamberg.jpg\",\"contentUrl\":\"https:\\\/\\\/wp.kristdemokraterna.se\\\/knivsta\\\/files\\\/2018\\\/05\\\/kryssa-pontus-lamberg.jpg\",\"width\":617,\"height\":333},{\"@type\":\"BreadcrumbList\",\"@id\":\"https:\\\/\\\/wp.kristdemokraterna.se\\\/knivsta\\\/givande-moten-under-marknad\\\/#breadcrumb\",\"itemListElement\":[{\"@type\":\"ListItem\",\"position\":1,\"name\":\"Hem\",\"item\":\"https:\\\/\\\/wp.kristdemokraterna.se\\\/knivsta\\\/\"},{\"@type\":\"ListItem\",\"position\":2,\"name\":\"Givande m\u00f6ten under marknad\"}]},{\"@type\":\"WebSite\",\"@id\":\"https:\\\/\\\/wp.kristdemokraterna.se\\\/knivsta\\\/#website\",\"url\":\"https:\\\/\\\/wp.kristdemokraterna.se\\\/knivsta\\\/\",\"name\":\"Knivsta\",\"description\":\" F\u00f6r ett b\u00e4ttre samh\u00e4lle\",\"inLanguage\":\"sv-SE\"},{\"@type\":\"Person\",\"@id\":\"https:\\\/\\\/wp.kristdemokraterna.se\\\/knivsta\\\/#\\\/schema\\\/person\\\/41c1d3b208899a9de023f9206cac1f52\",\"name\":\"knivsta\",\"image\":{\"@type\":\"ImageObject\",\"inLanguage\":\"sv-SE\",\"@id\":\"https:\\\/\\\/secure.gravatar.com\\\/avatar\\\/68a509c7c53375b65b47d1d3c17559bd62f1e272f97020f0faeec022f4f79769?s=96&r=g\",\"url\":\"https:\\\/\\\/secure.gravatar.com\\\/avatar\\\/68a509c7c53375b65b47d1d3c17559bd62f1e272f97020f0faeec022f4f79769?s=96&r=g\",\"contentUrl\":\"https:\\\/\\\/secure.gravatar.com\\\/avatar\\\/68a509c7c53375b65b47d1d3c17559bd62f1e272f97020f0faeec022f4f79769?s=96&r=g\",\"caption\":\"knivsta\"},\"url\":\"https:\\\/\\\/wp.kristdemokraterna.se\\\/knivsta\\\/author\\\/knivsta\\\/\"}]}<\/script>\n<!-- \/ Yoast SEO plugin. -->","yoast_head_json":{"title":"Givande m\u00f6ten under marknad - Knivsta","robots":{"index":"index","follow":"follow","max-snippet":"max-snippet:-1","max-image-preview":"max-image-preview:large","max-video-preview":"max-video-preview:-1"},"canonical":"https:\/\/wp.kristdemokraterna.se\/knivsta\/givande-moten-under-marknad\/","og_locale":"sv_SE","og_type":"article","og_title":"Givande m\u00f6ten under marknad - Knivsta","og_description":"Stadsbyggnad, skolan och parkeringsbristen i Knivsta var n\u00e5gra fr\u00e5gor som Knivstaborna ville prata om p\u00e5 Knivsta marknad 19 maj. V\u00e5r nya kommunalr\u00e5dskandiat, Pontus Lamberg hade m\u00e5nga bra samtal vid KD:s t\u00e4lt.","og_url":"https:\/\/wp.kristdemokraterna.se\/knivsta\/givande-moten-under-marknad\/","og_site_name":"Knivsta","article_publisher":"https:\/\/www.facebook.com\/kdknivsta","article_published_time":"2018-05-19T12:28:42+00:00","article_modified_time":"2018-05-30T14:01:21+00:00","og_image":[{"width":617,"height":333,"url":"https:\/\/wp.kristdemokraterna.se\/knivsta\/files\/2018\/05\/kryssa-pontus-lamberg.jpg","type":"image\/jpeg"}],"author":"knivsta","twitter_card":"summary_large_image","twitter_misc":{"Skriven av":"knivsta","Ber\u00e4knad l\u00e4stid":"1 minut"},"schema":{"@context":"https:\/\/schema.org","@graph":[{"@type":"Article","@id":"https:\/\/wp.kristdemokraterna.se\/knivsta\/givande-moten-under-marknad\/#article","isPartOf":{"@id":"https:\/\/wp.kristdemokraterna.se\/knivsta\/givande-moten-under-marknad\/"},"author":{"name":"knivsta","@id":"https:\/\/wp.kristdemokraterna.se\/knivsta\/#\/schema\/person\/41c1d3b208899a9de023f9206cac1f52"},"headline":"Givande m\u00f6ten under marknad","datePublished":"2018-05-19T12:28:42+00:00","dateModified":"2018-05-30T14:01:21+00:00","mainEntityOfPage":{"@id":"https:\/\/wp.kristdemokraterna.se\/knivsta\/givande-moten-under-marknad\/"},"wordCount":282,"image":{"@id":"https:\/\/wp.kristdemokraterna.se\/knivsta\/givande-moten-under-marknad\/#primaryimage"},"thumbnailUrl":"https:\/\/wp.kristdemokraterna.se\/knivsta\/files\/2018\/05\/kryssa-pontus-lamberg.jpg","keywords":["KD Knivsta","Knivsta marknad","parkeringsbrist","Pontus Lamberg","skolan","trivsam sm\u00e5stad"],"articleSection":["Knivsta"],"inLanguage":"sv-SE"},{"@type":"WebPage","@id":"https:\/\/wp.kristdemokraterna.se\/knivsta\/givande-moten-under-marknad\/","url":"https:\/\/wp.kristdemokraterna.se\/knivsta\/givande-moten-under-marknad\/","name":"Givande m\u00f6ten under marknad - Knivsta","isPartOf":{"@id":"https:\/\/wp.kristdemokraterna.se\/knivsta\/#website"},"primaryImageOfPage":{"@id":"https:\/\/wp.kristdemokraterna.se\/knivsta\/givande-moten-under-marknad\/#primaryimage"},"image":{"@id":"https:\/\/wp.kristdemokraterna.se\/knivsta\/givande-moten-under-marknad\/#primaryimage"},"thumbnailUrl":"https:\/\/wp.kristdemokraterna.se\/knivsta\/files\/2018\/05\/kryssa-pontus-lamberg.jpg","datePublished":"2018-05-19T12:28:42+00:00","dateModified":"2018-05-30T14:01:21+00:00","author":{"@id":"https:\/\/wp.kristdemokraterna.se\/knivsta\/#\/schema\/person\/41c1d3b208899a9de023f9206cac1f52"},"breadcrumb":{"@id":"https:\/\/wp.kristdemokraterna.se\/knivsta\/givande-moten-under-marknad\/#breadcrumb"},"inLanguage":"sv-SE","potentialAction":[{"@type":"ReadAction","target":["https:\/\/wp.kristdemokraterna.se\/knivsta\/givande-moten-under-marknad\/"]}]},{"@type":"ImageObject","inLanguage":"sv-SE","@id":"https:\/\/wp.kristdemokraterna.se\/knivsta\/givande-moten-under-marknad\/#primaryimage","url":"https:\/\/wp.kristdemokraterna.se\/knivsta\/files\/2018\/05\/kryssa-pontus-lamberg.jpg","contentUrl":"https:\/\/wp.kristdemokraterna.se\/knivsta\/files\/2018\/05\/kryssa-pontus-lamberg.jpg","width":617,"height":333},{"@type":"BreadcrumbList","@id":"https:\/\/wp.kristdemokraterna.se\/knivsta\/givande-moten-under-marknad\/#breadcrumb","itemListElement":[{"@type":"ListItem","position":1,"name":"Hem","item":"https:\/\/wp.kristdemokraterna.se\/knivsta\/"},{"@type":"ListItem","position":2,"name":"Givande m\u00f6ten under marknad"}]},{"@type":"WebSite","@id":"https:\/\/wp.kristdemokraterna.se\/knivsta\/#website","url":"https:\/\/wp.kristdemokraterna.se\/knivsta\/","name":"Knivsta","description":" F\u00f6r ett b\u00e4ttre samh\u00e4lle","inLanguage":"sv-SE"},{"@type":"Person","@id":"https:\/\/wp.kristdemokraterna.se\/knivsta\/#\/schema\/person\/41c1d3b208899a9de023f9206cac1f52","name":"knivsta","image":{"@type":"ImageObject","inLanguage":"sv-SE","@id":"https:\/\/secure.gravatar.com\/avatar\/68a509c7c53375b65b47d1d3c17559bd62f1e272f97020f0faeec022f4f79769?s=96&r=g","url":"https:\/\/secure.gravatar.com\/avatar\/68a509c7c53375b65b47d1d3c17559bd62f1e272f97020f0faeec022f4f79769?s=96&r=g","contentUrl":"https:\/\/secure.gravatar.com\/avatar\/68a509c7c53375b65b47d1d3c17559bd62f1e272f97020f0faeec022f4f79769?s=96&r=g","caption":"knivsta"},"url":"https:\/\/wp.kristdemokraterna.se\/knivsta\/author\/knivsta\/"}]}},"_links":{"self":[{"href":"https:\/\/wp.kristdemokraterna.se\/knivsta\/wp-json\/wp\/v2\/posts\/1821","targetHints":{"allow":["GET"]}}],"collection":[{"href":"https:\/\/wp.kristdemokraterna.se\/knivsta\/wp-json\/wp\/v2\/posts"}],"about":[{"href":"https:\/\/wp.kristdemokraterna.se\/knivsta\/wp-json\/wp\/v2\/types\/post"}],"author":[{"embeddable":true,"href":"https:\/\/wp.kristdemokraterna.se\/knivsta\/wp-json\/wp\/v2\/users\/481"}],"replies":[{"embeddable":true,"href":"https:\/\/wp.kristdemokraterna.se\/knivsta\/wp-json\/wp\/v2\/comments?post=1821"}],"version-history":[{"count":6,"href":"https:\/\/wp.kristdemokraterna.se\/knivsta\/wp-json\/wp\/v2\/posts\/1821\/revisions"}],"predecessor-version":[{"id":1829,"href":"https:\/\/wp.kristdemokraterna.se\/knivsta\/wp-json\/wp\/v2\/posts\/1821\/revisions\/1829"}],"wp:featuredmedia":[{"embeddable":true,"href":"https:\/\/wp.kristdemokraterna.se\/knivsta\/wp-json\/wp\/v2\/media\/1837"}],"wp:attachment":[{"href":"https:\/\/wp.kristdemokraterna.se\/knivsta\/wp-json\/wp\/v2\/media?parent=1821"}],"wp:term":[{"taxonomy":"category","embeddable":true,"href":"https:\/\/wp.kristdemokraterna.se\/knivsta\/wp-json\/wp\/v2\/categories?post=1821"},{"taxonomy":"post_tag","embeddable":true,"href":"https:\/\/wp.kristdemokraterna.se\/knivsta\/wp-json\/wp\/v2\/tags?post=1821"}],"curies":[{"name":"wp","href":"https:\/\/api.w.org\/{rel}","templated":true}]}}