{"id":2432,"date":"2018-08-29T15:23:47","date_gmt":"2018-08-29T13:23:47","guid":{"rendered":"http:\/\/wp.kristdemokraterna.se\/knivsta\/?p=2432"},"modified":"2018-11-09T16:24:00","modified_gmt":"2018-11-09T15:24:00","slug":"vi-fortsatter-att-satsa-pa-skolan","status":"publish","type":"post","link":"https:\/\/wp.kristdemokraterna.se\/knivsta\/vi-fortsatter-att-satsa-pa-skolan\/","title":{"rendered":"Vi forts\u00e4tter att satsa p\u00e5 skolan"},"content":{"rendered":"<p><strong>I skolan l\u00e4ggs grunden f\u00f6r en bra start i livet. Knivstas skolor ligger i topp i Uppsala l\u00e4n vilket vi i KD \u00e4r mycket glada f\u00f6r. Vi \u00e4r stolta \u00f6ver de framg\u00e5ngar som skett i Knivstas skolor under de senaste fyra \u00e5ren men n\u00f6jer oss inte.\u00a0<\/strong><!--more--><\/p>\n<p>I Knivsta g\u00e5r flest ut nian med godk\u00e4nda betyg bland l\u00e4nets \u00e5tta kommuner och allt fler elever blir beh\u00f6riga till ett gymnasieprogram. Vi kan ocks\u00e5 se att l\u00e4rarl\u00f6nerna f\u00f6ljer med utvecklingen i n\u00e4romr\u00e5det, att andelen beh\u00f6riga l\u00e4rare \u00e4r god och att de relativt h\u00f6ga sjukskrivningstalen bland skolpersonalen har g\u00e5tt ned till acceptabla niv\u00e5er.<\/p>\n<p>Andelen skolpersonal har dessutom \u00f6kat de senaste \u00e5ren.\u00a0Trots framg\u00e5ngarna som skett i Knivstas skolor under de senaste fyra \u00e5ren \u00e4r vi inte n\u00f6jda. Inf\u00f6r skolstarten vill vi Kristdemokrater vara tydliga med att arbetet med att prioritera grundskolan forts\u00e4tter!<\/p>\n<p>Vi lovar att forts\u00e4tta det h\u00e4lsofr\u00e4mjande arbetet med en f\u00f6rst\u00e4rkt elevh\u00e4lsa d\u00e4r vi vill inf\u00f6ra en elevh\u00e4lsogaranti som ska garantera eleven st\u00f6d och hj\u00e4lp fr\u00e5n f\u00f6rsta skoldagen. Men ocks\u00e5 arbeta f\u00f6r att nolltolerans ska g\u00e4lla f\u00f6r mobbing och kr\u00e4nkande behandling i Knivstas skolor.<\/p>\n<h2>Vill forts\u00e4tta l\u00f6nesatsa<\/h2>\n<p>Personalen \u00e4r skolans viktigaste resurs. H\u00e4r vill vi fortsatta de l\u00f6nesatsningar som redan g\u00f6rs i kommunen och se till att l\u00f6nerna f\u00f6ljer med den \u00f6vriga utvecklingen i n\u00e4romr\u00e5det. Den digitalisering som \u00e4r p\u00e5b\u00f6rjad m\u00e5ste forts\u00e4tta. V\u00e5ra skolor ska givetvis ha de resurser som kr\u00e4vs f\u00f6r modern IT-baserad undervisning.<\/p>\n<p>Knivsta erbjuder numera anpassad skolg\u00e5ng f\u00f6r barn med neuropsykiatriska funktionshinder efter p\u00e5tryckningar fr\u00e5n oss kristdemokrater i utbildningsn\u00e4mnden. Men arbetet f\u00f6r att erbjuda en skola f\u00f6r alla m\u00e5ste forts\u00e4tta. H\u00e4r saknas fortfarande resursklass f\u00f6r l\u00e5gstadiebarn.<\/p>\n<p>Vi har ocks\u00e5 sett till att driva igenom ett ut\u00f6kat utbud inom barnomsorgen tillsammans med alliansen d\u00e4r Knivsta numera erbjuder b\u00e5de nattisverksamhet och familjedaghem. Det \u00f6kar m\u00f6jligheten f\u00f6r de f\u00f6r\u00e4ldrar som arbetar obekv\u00e4ma arbetstider att f\u00e5 ihop sitt livspussel.<\/p>\n<h2>F\u00e4rre barn i f\u00f6rskolegrupperna<\/h2>\n<p>Vi har h\u00e5llit vall\u00f6ftet om att minska barngrupperna i skolan. Totalt g\u00e5r tv\u00e5 barn f\u00e4rre i varje grupp idag j\u00e4mf\u00f6rt med 2014, men detta arbete m\u00e5ste forts\u00e4tta.<\/p>\n<p>Vi i KD har ocks\u00e5 inf\u00f6rt l\u00e4xhj\u00e4lp efter skoltid, sommarskola f\u00f6r de som riskerar att f\u00e5 underk\u00e4nt och har st\u00e4rkt arbetet mot psykisk oh\u00e4lsa genom att \u00f6ka resurserna inom elevh\u00e4lsan.<\/p>\n<p>N\u00e4r L\u00e4rarf\u00f6rbundet gjorde sin \u00e5rliga unders\u00f6kning av kvaliteten p\u00e5 skolorna f\u00f6rra \u00e5ret s\u00e5 hamnade Knivsta i topp i Uppsala l\u00e4n n\u00e4r 13 omr\u00e5den inom skolan j\u00e4mf\u00f6rdes. Det g\u00f6r oss mycket stolta d\u00e5 Kristdemokraterna suttit i ledningen av utbildningsn\u00e4mnden under de senaste fyra \u00e5ren.<\/p>\n<p>Med dessa ord vill vi v\u00e4lkomna Knivstas alla duktiga elever tillbaka till skolan!<\/p>\n<pre>Bj\u00f6rn-Owe Bj\u00f6rk, KD, kommunalr\u00e5d och ordf\u00f6rande i utbildningsn\u00e4mnden\r\nPontus Lamberg, KD, kommunalr\u00e5dskandidat\r\nElin Hemmingsson, KD, ers\u00e4ttare i utbildningsn\u00e4mnden<\/pre>\n","protected":false},"excerpt":{"rendered":"<p>I skolan l\u00e4ggs grunden f\u00f6r en bra start i livet. Knivstas skolor ligger i topp i Uppsala l\u00e4n vilket vi i KD \u00e4r mycket glada f\u00f6r. Vi \u00e4r stolta \u00f6ver de framg\u00e5ngar som skett i Knivstas skolor under de senaste fyra \u00e5ren men n\u00f6jer oss inte.\u00a0<\/p>\n","protected":false},"author":481,"featured_media":2435,"comment_status":"closed","ping_status":"closed","sticky":false,"template":"","format":"standard","meta":{"_acf_changed":false,"footnotes":""},"categories":[1],"tags":[118,117,11,5,115,116],"class_list":["post-2432","post","type-post","status-publish","format-standard","hentry","category-knivsta","tag-behoriga","tag-forskolegrupper","tag-kd-knivsta","tag-knivsta","tag-knivstas-skolor","tag-skolresultat"],"acf":[],"yoast_head":"<!-- This site is optimized with the Yoast SEO plugin v27.4 - https:\/\/yoast.com\/product\/yoast-seo-wordpress\/ -->\n<title>Vi forts\u00e4tter att satsa p\u00e5 skolan - Knivsta<\/title>\n<meta name=\"robots\" content=\"index, follow, max-snippet:-1, max-image-preview:large, max-video-preview:-1\" \/>\n<link rel=\"canonical\" href=\"https:\/\/wp.kristdemokraterna.se\/knivsta\/vi-fortsatter-att-satsa-pa-skolan\/\" \/>\n<meta property=\"og:locale\" content=\"sv_SE\" \/>\n<meta property=\"og:type\" content=\"article\" \/>\n<meta property=\"og:title\" content=\"Vi forts\u00e4tter att satsa p\u00e5 skolan - Knivsta\" \/>\n<meta property=\"og:description\" content=\"I skolan l\u00e4ggs grunden f\u00f6r en bra start i livet. Knivstas skolor ligger i topp i Uppsala l\u00e4n vilket vi i KD \u00e4r mycket glada f\u00f6r. Vi \u00e4r stolta \u00f6ver de framg\u00e5ngar som skett i Knivstas skolor under de senaste fyra \u00e5ren men n\u00f6jer oss inte.\u00a0\" \/>\n<meta property=\"og:url\" content=\"https:\/\/wp.kristdemokraterna.se\/knivsta\/vi-fortsatter-att-satsa-pa-skolan\/\" \/>\n<meta property=\"og:site_name\" content=\"Knivsta\" \/>\n<meta property=\"article:publisher\" content=\"https:\/\/www.facebook.com\/kdknivsta\" \/>\n<meta property=\"article:published_time\" content=\"2018-08-29T13:23:47+00:00\" \/>\n<meta property=\"article:modified_time\" content=\"2018-11-09T15:24:00+00:00\" \/>\n<meta property=\"og:image\" content=\"https:\/\/wp.kristdemokraterna.se\/knivsta\/files\/2018\/08\/skolaknivsta.jpg\" \/>\n\t<meta property=\"og:image:width\" content=\"1000\" \/>\n\t<meta property=\"og:image:height\" content=\"540\" \/>\n\t<meta property=\"og:image:type\" content=\"image\/jpeg\" \/>\n<meta name=\"author\" content=\"knivsta\" \/>\n<meta name=\"twitter:card\" content=\"summary_large_image\" \/>\n<meta name=\"twitter:label1\" content=\"Skriven av\" \/>\n\t<meta name=\"twitter:data1\" content=\"knivsta\" \/>\n\t<meta name=\"twitter:label2\" content=\"Ber\u00e4knad l\u00e4stid\" \/>\n\t<meta name=\"twitter:data2\" content=\"3 minuter\" \/>\n<script type=\"application\/ld+json\" class=\"yoast-schema-graph\">{\"@context\":\"https:\\\/\\\/schema.org\",\"@graph\":[{\"@type\":\"Article\",\"@id\":\"https:\\\/\\\/wp.kristdemokraterna.se\\\/knivsta\\\/vi-fortsatter-att-satsa-pa-skolan\\\/#article\",\"isPartOf\":{\"@id\":\"https:\\\/\\\/wp.kristdemokraterna.se\\\/knivsta\\\/vi-fortsatter-att-satsa-pa-skolan\\\/\"},\"author\":{\"name\":\"knivsta\",\"@id\":\"https:\\\/\\\/wp.kristdemokraterna.se\\\/knivsta\\\/#\\\/schema\\\/person\\\/41c1d3b208899a9de023f9206cac1f52\"},\"headline\":\"Vi forts\u00e4tter att satsa p\u00e5 skolan\",\"datePublished\":\"2018-08-29T13:23:47+00:00\",\"dateModified\":\"2018-11-09T15:24:00+00:00\",\"mainEntityOfPage\":{\"@id\":\"https:\\\/\\\/wp.kristdemokraterna.se\\\/knivsta\\\/vi-fortsatter-att-satsa-pa-skolan\\\/\"},\"wordCount\":535,\"image\":{\"@id\":\"https:\\\/\\\/wp.kristdemokraterna.se\\\/knivsta\\\/vi-fortsatter-att-satsa-pa-skolan\\\/#primaryimage\"},\"thumbnailUrl\":\"https:\\\/\\\/wp.kristdemokraterna.se\\\/knivsta\\\/files\\\/2018\\\/08\\\/skolaknivsta.jpg\",\"keywords\":[\"beh\u00f6riga\",\"f\u00f6rskolegrupper\",\"KD Knivsta\",\"Knivsta\",\"Knivstas skolor\",\"skolresultat\"],\"articleSection\":[\"Knivsta\"],\"inLanguage\":\"sv-SE\"},{\"@type\":\"WebPage\",\"@id\":\"https:\\\/\\\/wp.kristdemokraterna.se\\\/knivsta\\\/vi-fortsatter-att-satsa-pa-skolan\\\/\",\"url\":\"https:\\\/\\\/wp.kristdemokraterna.se\\\/knivsta\\\/vi-fortsatter-att-satsa-pa-skolan\\\/\",\"name\":\"Vi forts\u00e4tter att satsa p\u00e5 skolan - Knivsta\",\"isPartOf\":{\"@id\":\"https:\\\/\\\/wp.kristdemokraterna.se\\\/knivsta\\\/#website\"},\"primaryImageOfPage\":{\"@id\":\"https:\\\/\\\/wp.kristdemokraterna.se\\\/knivsta\\\/vi-fortsatter-att-satsa-pa-skolan\\\/#primaryimage\"},\"image\":{\"@id\":\"https:\\\/\\\/wp.kristdemokraterna.se\\\/knivsta\\\/vi-fortsatter-att-satsa-pa-skolan\\\/#primaryimage\"},\"thumbnailUrl\":\"https:\\\/\\\/wp.kristdemokraterna.se\\\/knivsta\\\/files\\\/2018\\\/08\\\/skolaknivsta.jpg\",\"datePublished\":\"2018-08-29T13:23:47+00:00\",\"dateModified\":\"2018-11-09T15:24:00+00:00\",\"author\":{\"@id\":\"https:\\\/\\\/wp.kristdemokraterna.se\\\/knivsta\\\/#\\\/schema\\\/person\\\/41c1d3b208899a9de023f9206cac1f52\"},\"breadcrumb\":{\"@id\":\"https:\\\/\\\/wp.kristdemokraterna.se\\\/knivsta\\\/vi-fortsatter-att-satsa-pa-skolan\\\/#breadcrumb\"},\"inLanguage\":\"sv-SE\",\"potentialAction\":[{\"@type\":\"ReadAction\",\"target\":[\"https:\\\/\\\/wp.kristdemokraterna.se\\\/knivsta\\\/vi-fortsatter-att-satsa-pa-skolan\\\/\"]}]},{\"@type\":\"ImageObject\",\"inLanguage\":\"sv-SE\",\"@id\":\"https:\\\/\\\/wp.kristdemokraterna.se\\\/knivsta\\\/vi-fortsatter-att-satsa-pa-skolan\\\/#primaryimage\",\"url\":\"https:\\\/\\\/wp.kristdemokraterna.se\\\/knivsta\\\/files\\\/2018\\\/08\\\/skolaknivsta.jpg\",\"contentUrl\":\"https:\\\/\\\/wp.kristdemokraterna.se\\\/knivsta\\\/files\\\/2018\\\/08\\\/skolaknivsta.jpg\",\"width\":1000,\"height\":540,\"caption\":\"\"},{\"@type\":\"BreadcrumbList\",\"@id\":\"https:\\\/\\\/wp.kristdemokraterna.se\\\/knivsta\\\/vi-fortsatter-att-satsa-pa-skolan\\\/#breadcrumb\",\"itemListElement\":[{\"@type\":\"ListItem\",\"position\":1,\"name\":\"Hem\",\"item\":\"https:\\\/\\\/wp.kristdemokraterna.se\\\/knivsta\\\/\"},{\"@type\":\"ListItem\",\"position\":2,\"name\":\"Vi forts\u00e4tter att satsa p\u00e5 skolan\"}]},{\"@type\":\"WebSite\",\"@id\":\"https:\\\/\\\/wp.kristdemokraterna.se\\\/knivsta\\\/#website\",\"url\":\"https:\\\/\\\/wp.kristdemokraterna.se\\\/knivsta\\\/\",\"name\":\"Knivsta\",\"description\":\" F\u00f6r ett b\u00e4ttre samh\u00e4lle\",\"inLanguage\":\"sv-SE\"},{\"@type\":\"Person\",\"@id\":\"https:\\\/\\\/wp.kristdemokraterna.se\\\/knivsta\\\/#\\\/schema\\\/person\\\/41c1d3b208899a9de023f9206cac1f52\",\"name\":\"knivsta\",\"image\":{\"@type\":\"ImageObject\",\"inLanguage\":\"sv-SE\",\"@id\":\"https:\\\/\\\/secure.gravatar.com\\\/avatar\\\/68a509c7c53375b65b47d1d3c17559bd62f1e272f97020f0faeec022f4f79769?s=96&r=g\",\"url\":\"https:\\\/\\\/secure.gravatar.com\\\/avatar\\\/68a509c7c53375b65b47d1d3c17559bd62f1e272f97020f0faeec022f4f79769?s=96&r=g\",\"contentUrl\":\"https:\\\/\\\/secure.gravatar.com\\\/avatar\\\/68a509c7c53375b65b47d1d3c17559bd62f1e272f97020f0faeec022f4f79769?s=96&r=g\",\"caption\":\"knivsta\"},\"url\":\"https:\\\/\\\/wp.kristdemokraterna.se\\\/knivsta\\\/author\\\/knivsta\\\/\"}]}<\/script>\n<!-- \/ Yoast SEO plugin. -->","yoast_head_json":{"title":"Vi forts\u00e4tter att satsa p\u00e5 skolan - Knivsta","robots":{"index":"index","follow":"follow","max-snippet":"max-snippet:-1","max-image-preview":"max-image-preview:large","max-video-preview":"max-video-preview:-1"},"canonical":"https:\/\/wp.kristdemokraterna.se\/knivsta\/vi-fortsatter-att-satsa-pa-skolan\/","og_locale":"sv_SE","og_type":"article","og_title":"Vi forts\u00e4tter att satsa p\u00e5 skolan - Knivsta","og_description":"I skolan l\u00e4ggs grunden f\u00f6r en bra start i livet. Knivstas skolor ligger i topp i Uppsala l\u00e4n vilket vi i KD \u00e4r mycket glada f\u00f6r. Vi \u00e4r stolta \u00f6ver de framg\u00e5ngar som skett i Knivstas skolor under de senaste fyra \u00e5ren men n\u00f6jer oss inte.\u00a0","og_url":"https:\/\/wp.kristdemokraterna.se\/knivsta\/vi-fortsatter-att-satsa-pa-skolan\/","og_site_name":"Knivsta","article_publisher":"https:\/\/www.facebook.com\/kdknivsta","article_published_time":"2018-08-29T13:23:47+00:00","article_modified_time":"2018-11-09T15:24:00+00:00","og_image":[{"width":1000,"height":540,"url":"https:\/\/wp.kristdemokraterna.se\/knivsta\/files\/2018\/08\/skolaknivsta.jpg","type":"image\/jpeg"}],"author":"knivsta","twitter_card":"summary_large_image","twitter_misc":{"Skriven av":"knivsta","Ber\u00e4knad l\u00e4stid":"3 minuter"},"schema":{"@context":"https:\/\/schema.org","@graph":[{"@type":"Article","@id":"https:\/\/wp.kristdemokraterna.se\/knivsta\/vi-fortsatter-att-satsa-pa-skolan\/#article","isPartOf":{"@id":"https:\/\/wp.kristdemokraterna.se\/knivsta\/vi-fortsatter-att-satsa-pa-skolan\/"},"author":{"name":"knivsta","@id":"https:\/\/wp.kristdemokraterna.se\/knivsta\/#\/schema\/person\/41c1d3b208899a9de023f9206cac1f52"},"headline":"Vi forts\u00e4tter att satsa p\u00e5 skolan","datePublished":"2018-08-29T13:23:47+00:00","dateModified":"2018-11-09T15:24:00+00:00","mainEntityOfPage":{"@id":"https:\/\/wp.kristdemokraterna.se\/knivsta\/vi-fortsatter-att-satsa-pa-skolan\/"},"wordCount":535,"image":{"@id":"https:\/\/wp.kristdemokraterna.se\/knivsta\/vi-fortsatter-att-satsa-pa-skolan\/#primaryimage"},"thumbnailUrl":"https:\/\/wp.kristdemokraterna.se\/knivsta\/files\/2018\/08\/skolaknivsta.jpg","keywords":["beh\u00f6riga","f\u00f6rskolegrupper","KD Knivsta","Knivsta","Knivstas skolor","skolresultat"],"articleSection":["Knivsta"],"inLanguage":"sv-SE"},{"@type":"WebPage","@id":"https:\/\/wp.kristdemokraterna.se\/knivsta\/vi-fortsatter-att-satsa-pa-skolan\/","url":"https:\/\/wp.kristdemokraterna.se\/knivsta\/vi-fortsatter-att-satsa-pa-skolan\/","name":"Vi forts\u00e4tter att satsa p\u00e5 skolan - Knivsta","isPartOf":{"@id":"https:\/\/wp.kristdemokraterna.se\/knivsta\/#website"},"primaryImageOfPage":{"@id":"https:\/\/wp.kristdemokraterna.se\/knivsta\/vi-fortsatter-att-satsa-pa-skolan\/#primaryimage"},"image":{"@id":"https:\/\/wp.kristdemokraterna.se\/knivsta\/vi-fortsatter-att-satsa-pa-skolan\/#primaryimage"},"thumbnailUrl":"https:\/\/wp.kristdemokraterna.se\/knivsta\/files\/2018\/08\/skolaknivsta.jpg","datePublished":"2018-08-29T13:23:47+00:00","dateModified":"2018-11-09T15:24:00+00:00","author":{"@id":"https:\/\/wp.kristdemokraterna.se\/knivsta\/#\/schema\/person\/41c1d3b208899a9de023f9206cac1f52"},"breadcrumb":{"@id":"https:\/\/wp.kristdemokraterna.se\/knivsta\/vi-fortsatter-att-satsa-pa-skolan\/#breadcrumb"},"inLanguage":"sv-SE","potentialAction":[{"@type":"ReadAction","target":["https:\/\/wp.kristdemokraterna.se\/knivsta\/vi-fortsatter-att-satsa-pa-skolan\/"]}]},{"@type":"ImageObject","inLanguage":"sv-SE","@id":"https:\/\/wp.kristdemokraterna.se\/knivsta\/vi-fortsatter-att-satsa-pa-skolan\/#primaryimage","url":"https:\/\/wp.kristdemokraterna.se\/knivsta\/files\/2018\/08\/skolaknivsta.jpg","contentUrl":"https:\/\/wp.kristdemokraterna.se\/knivsta\/files\/2018\/08\/skolaknivsta.jpg","width":1000,"height":540,"caption":""},{"@type":"BreadcrumbList","@id":"https:\/\/wp.kristdemokraterna.se\/knivsta\/vi-fortsatter-att-satsa-pa-skolan\/#breadcrumb","itemListElement":[{"@type":"ListItem","position":1,"name":"Hem","item":"https:\/\/wp.kristdemokraterna.se\/knivsta\/"},{"@type":"ListItem","position":2,"name":"Vi forts\u00e4tter att satsa p\u00e5 skolan"}]},{"@type":"WebSite","@id":"https:\/\/wp.kristdemokraterna.se\/knivsta\/#website","url":"https:\/\/wp.kristdemokraterna.se\/knivsta\/","name":"Knivsta","description":" F\u00f6r ett b\u00e4ttre samh\u00e4lle","inLanguage":"sv-SE"},{"@type":"Person","@id":"https:\/\/wp.kristdemokraterna.se\/knivsta\/#\/schema\/person\/41c1d3b208899a9de023f9206cac1f52","name":"knivsta","image":{"@type":"ImageObject","inLanguage":"sv-SE","@id":"https:\/\/secure.gravatar.com\/avatar\/68a509c7c53375b65b47d1d3c17559bd62f1e272f97020f0faeec022f4f79769?s=96&r=g","url":"https:\/\/secure.gravatar.com\/avatar\/68a509c7c53375b65b47d1d3c17559bd62f1e272f97020f0faeec022f4f79769?s=96&r=g","contentUrl":"https:\/\/secure.gravatar.com\/avatar\/68a509c7c53375b65b47d1d3c17559bd62f1e272f97020f0faeec022f4f79769?s=96&r=g","caption":"knivsta"},"url":"https:\/\/wp.kristdemokraterna.se\/knivsta\/author\/knivsta\/"}]}},"_links":{"self":[{"href":"https:\/\/wp.kristdemokraterna.se\/knivsta\/wp-json\/wp\/v2\/posts\/2432","targetHints":{"allow":["GET"]}}],"collection":[{"href":"https:\/\/wp.kristdemokraterna.se\/knivsta\/wp-json\/wp\/v2\/posts"}],"about":[{"href":"https:\/\/wp.kristdemokraterna.se\/knivsta\/wp-json\/wp\/v2\/types\/post"}],"author":[{"embeddable":true,"href":"https:\/\/wp.kristdemokraterna.se\/knivsta\/wp-json\/wp\/v2\/users\/481"}],"replies":[{"embeddable":true,"href":"https:\/\/wp.kristdemokraterna.se\/knivsta\/wp-json\/wp\/v2\/comments?post=2432"}],"version-history":[{"count":5,"href":"https:\/\/wp.kristdemokraterna.se\/knivsta\/wp-json\/wp\/v2\/posts\/2432\/revisions"}],"predecessor-version":[{"id":2440,"href":"https:\/\/wp.kristdemokraterna.se\/knivsta\/wp-json\/wp\/v2\/posts\/2432\/revisions\/2440"}],"wp:featuredmedia":[{"embeddable":true,"href":"https:\/\/wp.kristdemokraterna.se\/knivsta\/wp-json\/wp\/v2\/media\/2435"}],"wp:attachment":[{"href":"https:\/\/wp.kristdemokraterna.se\/knivsta\/wp-json\/wp\/v2\/media?parent=2432"}],"wp:term":[{"taxonomy":"category","embeddable":true,"href":"https:\/\/wp.kristdemokraterna.se\/knivsta\/wp-json\/wp\/v2\/categories?post=2432"},{"taxonomy":"post_tag","embeddable":true,"href":"https:\/\/wp.kristdemokraterna.se\/knivsta\/wp-json\/wp\/v2\/tags?post=2432"}],"curies":[{"name":"wp","href":"https:\/\/api.w.org\/{rel}","templated":true}]}}