{"id":2497,"date":"2019-03-03T16:12:45","date_gmt":"2019-03-03T15:12:45","guid":{"rendered":"http:\/\/wp.kristdemokraterna.se\/knivsta\/?p=2497"},"modified":"2019-03-03T17:08:08","modified_gmt":"2019-03-03T16:08:08","slug":"intresse-att-lyssna-pa-kd-saknades","status":"publish","type":"post","link":"https:\/\/wp.kristdemokraterna.se\/knivsta\/intresse-att-lyssna-pa-kd-saknades\/","title":{"rendered":"Intresse att lyssna p\u00e5 KD saknades"},"content":{"rendered":"<p><strong>Innan valr\u00f6relsen meddelade KD i Knivsta att vi g\u00e5r till val som eget parti och inte som en del av en allians eftersom vi ville kunna f\u00f6ra fram v\u00e5ra medlemmars st\u00e5ndpunkter om\u00a0 l\u00e4gre byggnadstakt och kritik mot fyrsp\u00e5rsavtalet. Samtidigt siktade vi p\u00e5 ett borgerligt styre.<br \/>\n<\/strong><!--more--><\/p>\n<p>B\u00e5de Kristdemokraterna och v\u00e5ra v\u00e4nner i Liberalerna n\u00e5dde fantastiska valresultat och \u00f6kade med 4,1 respektive 2,2 procentenheter. Redan p\u00e5 valnatten var det tydligt vilken riktning Knivstaborna ville att kommunen skulle ta \u2013 de partier som liksom v\u00e5ra ville ha en f\u00f6rsiktigare byggtakt \u00f6kade, och de som ville \u00f6ka byggtakten och f\u00f6rt\u00e4ta minskade.<\/p>\n<p>Direkt efter valet p\u00e5b\u00f6rjades sedvanliga f\u00f6rhandlingar i syfte att f\u00e5 till just ett borgerligt styre. De samtalen kom att p\u00e5g\u00e5 i \u00f6ver tv\u00e5 m\u00e5nader men den \u00e5terh\u00e5llsamma, borgerliga politik v\u00e5ra b\u00e5da partier \u00f6nskade fick inget geh\u00f6r.<\/p>\n<p>Ut\u00f6ver strategier kring byggnadstakten s\u00f6kte vi ocks\u00e5 konstruktiva dialoger om kommunens ledarskap och ekonomi som vi hade synpunkter p\u00e5. Men vi m\u00f6ttes av kalla handen. Vi bj\u00f6d inte bara in ledande politiker utan \u00e4ven deras partiorganisationer till samtal, men utan att f\u00e5 svar p\u00e5 v\u00e5ra fr\u00e5gor inf\u00f6r ett samarbete.<\/p>\n<h2>Anklagades f\u00f6r samr\u00f6re med S<\/h2>\n<p>Pl\u00f6tsligt en dag m\u00f6ttes vi ist\u00e4llet av anklagelser i media av Moderaterna om att vi skulle samarbeta med Socialdemokraterna enbart f\u00f6r att st\u00e4nga ute dem. Det var inget som fr\u00e4mjade samarbetet inom alliansen, och vi tog det som ett tecken p\u00e5 att M gett upp och inte var intresserad av en l\u00f6sning tillsammans med oss.<\/p>\n<p>En av de viktigaste fr\u00e5gorna f\u00f6r KD och L \u00e4r att vi har en l\u00e5ngsiktigt h\u00e5llbar ekonomi och en \u00f6vergripande planering samt strategi f\u00f6r hur v\u00e5rt samh\u00e4lle och centralort ska ta form. Detta har vi inte f\u00e5tt geh\u00f6r f\u00f6r under tidigare eller nuvarande mandatperiod, ej heller under f\u00f6rhandlingarna.<\/p>\n<p>Tyv\u00e4rr har valresultatet helt negligerats av de partier som minskade i valet, vilket st\u00e4nger ute kritikerna till bland annat fyrsp\u00e5rsavtalet.<\/p>\n<h2>Sv\u00e5rt att begripa nya samarbetet<\/h2>\n<p>Att M och C valt att samregera med S och V efter att ha valt att ing\u00e5 i den nya \u201dfempartimajoriteten\u201d \u00e4r sv\u00e5rt att begripa. Det har redan f\u00e5tt negativa konsekvenser, bland annat den skatteh\u00f6jning p\u00e5 70 \u00f6re som till stor del kommer att g\u00e5 till central administration f\u00f6r att hantera konsekvenserna av fyrsp\u00e5rsavtalet.<\/p>\n<p>M\u00e5nga Knivstabor tror att de nya pengarna ska g\u00e5 till en b\u00e4ttre skola, f\u00f6rskola och \u00e4ldreomsorg men s\u00e5 \u00e4r inte fallet. Ist\u00e4llet s\u00e5 ger fempartimajoritetens budget st\u00f6rre barngrupper \u2013 d\u00e4r dessa i snitt \u00f6kar med 0,25 barn per grupp. Med v\u00e5r budget hade vi f\u00e5tt se barngrupperna minska med 0,8 barn.<\/p>\n<p>Skolorna f\u00e5r ocks\u00e5 f\u00e4rre l\u00e4rare med den nya majoritetens budget \u00e4n med v\u00e5r. Detta trots att vi inte h\u00f6jer skatten.<\/p>\n<h2>Ville inte rotera p\u00e5 posten<\/h2>\n<p>Under en period p\u00e5gick \u00e4ven f\u00f6rhandlingar med KNU. Samarbetet sprack eftersom det saknades st\u00f6d hos Kristdemokraterna och Liberalerna f\u00f6r att deras gruppledare skulle utg\u00f6ra oppositionsr\u00e5d hela mandatperioden.<\/p>\n<p>Vi f\u00f6reslog att oppositionsr\u00e5dsposten skulle rotera p\u00e5 tv\u00e5 \u00e5r vardera, men det f\u00f6rkastades av KNU. Tyv\u00e4rr valde det lokala partiet d\u00e5 att ist\u00e4llet samarbeta med SD vilket gav dem bland annat r\u00e5dsposten och flera presidieplatser. De kopierade KD\/L-budgeten rakt av och klistrade p\u00e5 sin egen logga.<\/p>\n<p>Oppositionen \u00e4r nu splittrad. Vi arbetar f\u00f6r att v\u00e5ra och Liberalernas fr\u00e5gor ska lyftas fram och f\u00e5 prioritet. Vi \u00e4r s\u00e4kra p\u00e5 att Knivsta och Knivstaborna skulle vinna p\u00e5 riktigt bra borgerlig politik. Vi beklagar att den tiden inte \u00e4r nu utan att det kommer att dr\u00f6ja flera \u00e5r.<\/p>\n<h2>Vi v\u00e4rnar v\u00e5ra v\u00e4ljare<\/h2>\n<p>Vi \u00e4r dock glada och stolta \u00f6ver att vi v\u00e4rnar v\u00e5ra v\u00e4ljares intressen. Vi har varken h\u00f6jt skatten med 70 \u00f6re eller sl\u00e4ppt fram partier med annan m\u00e4nniskosyn \u00e4n v\u00e5r. Vi hade rent samvete innan valet, och har det \u00e4ven nu efter valet. F\u00f6r oss har politiska tj\u00e4nster aldrig varit mest intressant \u2013 n\u00e5got som v\u00e4ldigt tydligt framh\u00f6lls som dyr f\u00f6rhandlingsvara f\u00f6r andra partier under h\u00f6sten.<\/p>\n<p>Vi i KD s\u00e4ljer inte v\u00e5ra politiska sj\u00e4lar f\u00f6r vare sig m\u00e5nadsarvoden eller n\u00e4mnduppdrag.<\/p>\n<p>Vi sviker inte v\u00e5ra v\u00e4ljare. Det \u00e4r vi stolta \u00f6ver.<\/p>\n<h5>Pontus Lamberg, gruppledare KD Knivsta<br \/>\nPer Lindstr\u00f6m, ordf\u00f6rande, KD Knivsta<br \/>\nOscar Hahne, KD, ers\u00e4ttare i kommunstyrelsen<br \/>\nBj\u00f6rn-Owe Bj\u00f6rk, KD, ledamot i kommunfullm\u00e4ktige<br \/>\nSynn\u00f6ve Ad\u00e9ll, KD, ledamot i kommunfullm\u00e4ktige<br \/>\nGunnar Gidlund, KD, ledamot i kommunfullm\u00e4ktige<\/h5>\n","protected":false},"excerpt":{"rendered":"<p>Innan valr\u00f6relsen meddelade KD i Knivsta att vi g\u00e5r till val som eget parti och inte som en del av en allians eftersom vi ville kunna f\u00f6ra fram v\u00e5ra medlemmars st\u00e5ndpunkter om\u00a0 l\u00e4gre byggnadstakt och kritik mot fyrsp\u00e5rsavtalet. Samtidigt siktade vi p\u00e5 ett borgerligt styre.<\/p>\n","protected":false},"author":481,"featured_media":2506,"comment_status":"closed","ping_status":"closed","sticky":false,"template":"","format":"standard","meta":{"_acf_changed":false,"footnotes":""},"categories":[1],"tags":[125,126,128,11,122,127],"class_list":["post-2497","post","type-post","status-publish","format-standard","hentry","category-knivsta","tag-fempartimajoriteten","tag-forhandlingar","tag-fyrsparsavtalet","tag-kd-knivsta","tag-liberalerna","tag-valet"],"acf":[],"yoast_head":"<!-- This site is optimized with the Yoast SEO plugin v27.5 - https:\/\/yoast.com\/product\/yoast-seo-wordpress\/ -->\n<title>Intresse att lyssna p\u00e5 KD saknades - Knivsta<\/title>\n<meta name=\"robots\" content=\"index, follow, max-snippet:-1, max-image-preview:large, max-video-preview:-1\" \/>\n<link rel=\"canonical\" href=\"https:\/\/wp.kristdemokraterna.se\/knivsta\/intresse-att-lyssna-pa-kd-saknades\/\" \/>\n<meta property=\"og:locale\" content=\"sv_SE\" \/>\n<meta property=\"og:type\" content=\"article\" \/>\n<meta property=\"og:title\" content=\"Intresse att lyssna p\u00e5 KD saknades - Knivsta\" \/>\n<meta property=\"og:description\" content=\"Innan valr\u00f6relsen meddelade KD i Knivsta att vi g\u00e5r till val som eget parti och inte som en del av en allians eftersom vi ville kunna f\u00f6ra fram v\u00e5ra medlemmars st\u00e5ndpunkter om\u00a0 l\u00e4gre byggnadstakt och kritik mot fyrsp\u00e5rsavtalet. Samtidigt siktade vi p\u00e5 ett borgerligt styre.\" \/>\n<meta property=\"og:url\" content=\"https:\/\/wp.kristdemokraterna.se\/knivsta\/intresse-att-lyssna-pa-kd-saknades\/\" \/>\n<meta property=\"og:site_name\" content=\"Knivsta\" \/>\n<meta property=\"article:publisher\" content=\"https:\/\/www.facebook.com\/kdknivsta\" \/>\n<meta property=\"article:published_time\" content=\"2019-03-03T15:12:45+00:00\" \/>\n<meta property=\"article:modified_time\" content=\"2019-03-03T16:08:08+00:00\" \/>\n<meta property=\"og:image\" content=\"https:\/\/wp.kristdemokraterna.se\/knivsta\/files\/2019\/03\/lyssna.jpg\" \/>\n\t<meta property=\"og:image:width\" content=\"1500\" \/>\n\t<meta property=\"og:image:height\" content=\"810\" \/>\n\t<meta property=\"og:image:type\" content=\"image\/jpeg\" \/>\n<meta name=\"author\" content=\"knivsta\" \/>\n<meta name=\"twitter:card\" content=\"summary_large_image\" \/>\n<meta name=\"twitter:label1\" content=\"Skriven av\" \/>\n\t<meta name=\"twitter:data1\" content=\"knivsta\" \/>\n\t<meta name=\"twitter:label2\" content=\"Ber\u00e4knad l\u00e4stid\" \/>\n\t<meta name=\"twitter:data2\" content=\"4 minuter\" \/>\n<script type=\"application\/ld+json\" class=\"yoast-schema-graph\">{\"@context\":\"https:\\\/\\\/schema.org\",\"@graph\":[{\"@type\":\"Article\",\"@id\":\"https:\\\/\\\/wp.kristdemokraterna.se\\\/knivsta\\\/intresse-att-lyssna-pa-kd-saknades\\\/#article\",\"isPartOf\":{\"@id\":\"https:\\\/\\\/wp.kristdemokraterna.se\\\/knivsta\\\/intresse-att-lyssna-pa-kd-saknades\\\/\"},\"author\":{\"name\":\"knivsta\",\"@id\":\"https:\\\/\\\/wp.kristdemokraterna.se\\\/knivsta\\\/#\\\/schema\\\/person\\\/41c1d3b208899a9de023f9206cac1f52\"},\"headline\":\"Intresse att lyssna p\u00e5 KD saknades\",\"datePublished\":\"2019-03-03T15:12:45+00:00\",\"dateModified\":\"2019-03-03T16:08:08+00:00\",\"mainEntityOfPage\":{\"@id\":\"https:\\\/\\\/wp.kristdemokraterna.se\\\/knivsta\\\/intresse-att-lyssna-pa-kd-saknades\\\/\"},\"wordCount\":819,\"image\":{\"@id\":\"https:\\\/\\\/wp.kristdemokraterna.se\\\/knivsta\\\/intresse-att-lyssna-pa-kd-saknades\\\/#primaryimage\"},\"thumbnailUrl\":\"https:\\\/\\\/wp.kristdemokraterna.se\\\/knivsta\\\/files\\\/2019\\\/03\\\/lyssna.jpg\",\"keywords\":[\"Fempartimajoriteten\",\"f\u00f6rhandlingar\",\"fyrsp\u00e5rsavtalet\",\"KD Knivsta\",\"Liberalerna\",\"valet\"],\"articleSection\":[\"Knivsta\"],\"inLanguage\":\"sv-SE\"},{\"@type\":\"WebPage\",\"@id\":\"https:\\\/\\\/wp.kristdemokraterna.se\\\/knivsta\\\/intresse-att-lyssna-pa-kd-saknades\\\/\",\"url\":\"https:\\\/\\\/wp.kristdemokraterna.se\\\/knivsta\\\/intresse-att-lyssna-pa-kd-saknades\\\/\",\"name\":\"Intresse att lyssna p\u00e5 KD saknades - Knivsta\",\"isPartOf\":{\"@id\":\"https:\\\/\\\/wp.kristdemokraterna.se\\\/knivsta\\\/#website\"},\"primaryImageOfPage\":{\"@id\":\"https:\\\/\\\/wp.kristdemokraterna.se\\\/knivsta\\\/intresse-att-lyssna-pa-kd-saknades\\\/#primaryimage\"},\"image\":{\"@id\":\"https:\\\/\\\/wp.kristdemokraterna.se\\\/knivsta\\\/intresse-att-lyssna-pa-kd-saknades\\\/#primaryimage\"},\"thumbnailUrl\":\"https:\\\/\\\/wp.kristdemokraterna.se\\\/knivsta\\\/files\\\/2019\\\/03\\\/lyssna.jpg\",\"datePublished\":\"2019-03-03T15:12:45+00:00\",\"dateModified\":\"2019-03-03T16:08:08+00:00\",\"author\":{\"@id\":\"https:\\\/\\\/wp.kristdemokraterna.se\\\/knivsta\\\/#\\\/schema\\\/person\\\/41c1d3b208899a9de023f9206cac1f52\"},\"breadcrumb\":{\"@id\":\"https:\\\/\\\/wp.kristdemokraterna.se\\\/knivsta\\\/intresse-att-lyssna-pa-kd-saknades\\\/#breadcrumb\"},\"inLanguage\":\"sv-SE\",\"potentialAction\":[{\"@type\":\"ReadAction\",\"target\":[\"https:\\\/\\\/wp.kristdemokraterna.se\\\/knivsta\\\/intresse-att-lyssna-pa-kd-saknades\\\/\"]}]},{\"@type\":\"ImageObject\",\"inLanguage\":\"sv-SE\",\"@id\":\"https:\\\/\\\/wp.kristdemokraterna.se\\\/knivsta\\\/intresse-att-lyssna-pa-kd-saknades\\\/#primaryimage\",\"url\":\"https:\\\/\\\/wp.kristdemokraterna.se\\\/knivsta\\\/files\\\/2019\\\/03\\\/lyssna.jpg\",\"contentUrl\":\"https:\\\/\\\/wp.kristdemokraterna.se\\\/knivsta\\\/files\\\/2019\\\/03\\\/lyssna.jpg\",\"width\":1500,\"height\":810,\"caption\":\"Skulptur som lyssnar\"},{\"@type\":\"BreadcrumbList\",\"@id\":\"https:\\\/\\\/wp.kristdemokraterna.se\\\/knivsta\\\/intresse-att-lyssna-pa-kd-saknades\\\/#breadcrumb\",\"itemListElement\":[{\"@type\":\"ListItem\",\"position\":1,\"name\":\"Hem\",\"item\":\"https:\\\/\\\/wp.kristdemokraterna.se\\\/knivsta\\\/\"},{\"@type\":\"ListItem\",\"position\":2,\"name\":\"Intresse att lyssna p\u00e5 KD saknades\"}]},{\"@type\":\"WebSite\",\"@id\":\"https:\\\/\\\/wp.kristdemokraterna.se\\\/knivsta\\\/#website\",\"url\":\"https:\\\/\\\/wp.kristdemokraterna.se\\\/knivsta\\\/\",\"name\":\"Knivsta\",\"description\":\" F\u00f6r ett b\u00e4ttre samh\u00e4lle\",\"inLanguage\":\"sv-SE\"},{\"@type\":\"Person\",\"@id\":\"https:\\\/\\\/wp.kristdemokraterna.se\\\/knivsta\\\/#\\\/schema\\\/person\\\/41c1d3b208899a9de023f9206cac1f52\",\"name\":\"knivsta\",\"image\":{\"@type\":\"ImageObject\",\"inLanguage\":\"sv-SE\",\"@id\":\"https:\\\/\\\/secure.gravatar.com\\\/avatar\\\/68a509c7c53375b65b47d1d3c17559bd62f1e272f97020f0faeec022f4f79769?s=96&r=g\",\"url\":\"https:\\\/\\\/secure.gravatar.com\\\/avatar\\\/68a509c7c53375b65b47d1d3c17559bd62f1e272f97020f0faeec022f4f79769?s=96&r=g\",\"contentUrl\":\"https:\\\/\\\/secure.gravatar.com\\\/avatar\\\/68a509c7c53375b65b47d1d3c17559bd62f1e272f97020f0faeec022f4f79769?s=96&r=g\",\"caption\":\"knivsta\"},\"url\":\"https:\\\/\\\/wp.kristdemokraterna.se\\\/knivsta\\\/author\\\/knivsta\\\/\"}]}<\/script>\n<!-- \/ Yoast SEO plugin. -->","yoast_head_json":{"title":"Intresse att lyssna p\u00e5 KD saknades - Knivsta","robots":{"index":"index","follow":"follow","max-snippet":"max-snippet:-1","max-image-preview":"max-image-preview:large","max-video-preview":"max-video-preview:-1"},"canonical":"https:\/\/wp.kristdemokraterna.se\/knivsta\/intresse-att-lyssna-pa-kd-saknades\/","og_locale":"sv_SE","og_type":"article","og_title":"Intresse att lyssna p\u00e5 KD saknades - Knivsta","og_description":"Innan valr\u00f6relsen meddelade KD i Knivsta att vi g\u00e5r till val som eget parti och inte som en del av en allians eftersom vi ville kunna f\u00f6ra fram v\u00e5ra medlemmars st\u00e5ndpunkter om\u00a0 l\u00e4gre byggnadstakt och kritik mot fyrsp\u00e5rsavtalet. Samtidigt siktade vi p\u00e5 ett borgerligt styre.","og_url":"https:\/\/wp.kristdemokraterna.se\/knivsta\/intresse-att-lyssna-pa-kd-saknades\/","og_site_name":"Knivsta","article_publisher":"https:\/\/www.facebook.com\/kdknivsta","article_published_time":"2019-03-03T15:12:45+00:00","article_modified_time":"2019-03-03T16:08:08+00:00","og_image":[{"width":1500,"height":810,"url":"https:\/\/wp.kristdemokraterna.se\/knivsta\/files\/2019\/03\/lyssna.jpg","type":"image\/jpeg"}],"author":"knivsta","twitter_card":"summary_large_image","twitter_misc":{"Skriven av":"knivsta","Ber\u00e4knad l\u00e4stid":"4 minuter"},"schema":{"@context":"https:\/\/schema.org","@graph":[{"@type":"Article","@id":"https:\/\/wp.kristdemokraterna.se\/knivsta\/intresse-att-lyssna-pa-kd-saknades\/#article","isPartOf":{"@id":"https:\/\/wp.kristdemokraterna.se\/knivsta\/intresse-att-lyssna-pa-kd-saknades\/"},"author":{"name":"knivsta","@id":"https:\/\/wp.kristdemokraterna.se\/knivsta\/#\/schema\/person\/41c1d3b208899a9de023f9206cac1f52"},"headline":"Intresse att lyssna p\u00e5 KD saknades","datePublished":"2019-03-03T15:12:45+00:00","dateModified":"2019-03-03T16:08:08+00:00","mainEntityOfPage":{"@id":"https:\/\/wp.kristdemokraterna.se\/knivsta\/intresse-att-lyssna-pa-kd-saknades\/"},"wordCount":819,"image":{"@id":"https:\/\/wp.kristdemokraterna.se\/knivsta\/intresse-att-lyssna-pa-kd-saknades\/#primaryimage"},"thumbnailUrl":"https:\/\/wp.kristdemokraterna.se\/knivsta\/files\/2019\/03\/lyssna.jpg","keywords":["Fempartimajoriteten","f\u00f6rhandlingar","fyrsp\u00e5rsavtalet","KD Knivsta","Liberalerna","valet"],"articleSection":["Knivsta"],"inLanguage":"sv-SE"},{"@type":"WebPage","@id":"https:\/\/wp.kristdemokraterna.se\/knivsta\/intresse-att-lyssna-pa-kd-saknades\/","url":"https:\/\/wp.kristdemokraterna.se\/knivsta\/intresse-att-lyssna-pa-kd-saknades\/","name":"Intresse att lyssna p\u00e5 KD saknades - Knivsta","isPartOf":{"@id":"https:\/\/wp.kristdemokraterna.se\/knivsta\/#website"},"primaryImageOfPage":{"@id":"https:\/\/wp.kristdemokraterna.se\/knivsta\/intresse-att-lyssna-pa-kd-saknades\/#primaryimage"},"image":{"@id":"https:\/\/wp.kristdemokraterna.se\/knivsta\/intresse-att-lyssna-pa-kd-saknades\/#primaryimage"},"thumbnailUrl":"https:\/\/wp.kristdemokraterna.se\/knivsta\/files\/2019\/03\/lyssna.jpg","datePublished":"2019-03-03T15:12:45+00:00","dateModified":"2019-03-03T16:08:08+00:00","author":{"@id":"https:\/\/wp.kristdemokraterna.se\/knivsta\/#\/schema\/person\/41c1d3b208899a9de023f9206cac1f52"},"breadcrumb":{"@id":"https:\/\/wp.kristdemokraterna.se\/knivsta\/intresse-att-lyssna-pa-kd-saknades\/#breadcrumb"},"inLanguage":"sv-SE","potentialAction":[{"@type":"ReadAction","target":["https:\/\/wp.kristdemokraterna.se\/knivsta\/intresse-att-lyssna-pa-kd-saknades\/"]}]},{"@type":"ImageObject","inLanguage":"sv-SE","@id":"https:\/\/wp.kristdemokraterna.se\/knivsta\/intresse-att-lyssna-pa-kd-saknades\/#primaryimage","url":"https:\/\/wp.kristdemokraterna.se\/knivsta\/files\/2019\/03\/lyssna.jpg","contentUrl":"https:\/\/wp.kristdemokraterna.se\/knivsta\/files\/2019\/03\/lyssna.jpg","width":1500,"height":810,"caption":"Skulptur som lyssnar"},{"@type":"BreadcrumbList","@id":"https:\/\/wp.kristdemokraterna.se\/knivsta\/intresse-att-lyssna-pa-kd-saknades\/#breadcrumb","itemListElement":[{"@type":"ListItem","position":1,"name":"Hem","item":"https:\/\/wp.kristdemokraterna.se\/knivsta\/"},{"@type":"ListItem","position":2,"name":"Intresse att lyssna p\u00e5 KD saknades"}]},{"@type":"WebSite","@id":"https:\/\/wp.kristdemokraterna.se\/knivsta\/#website","url":"https:\/\/wp.kristdemokraterna.se\/knivsta\/","name":"Knivsta","description":" F\u00f6r ett b\u00e4ttre samh\u00e4lle","inLanguage":"sv-SE"},{"@type":"Person","@id":"https:\/\/wp.kristdemokraterna.se\/knivsta\/#\/schema\/person\/41c1d3b208899a9de023f9206cac1f52","name":"knivsta","image":{"@type":"ImageObject","inLanguage":"sv-SE","@id":"https:\/\/secure.gravatar.com\/avatar\/68a509c7c53375b65b47d1d3c17559bd62f1e272f97020f0faeec022f4f79769?s=96&r=g","url":"https:\/\/secure.gravatar.com\/avatar\/68a509c7c53375b65b47d1d3c17559bd62f1e272f97020f0faeec022f4f79769?s=96&r=g","contentUrl":"https:\/\/secure.gravatar.com\/avatar\/68a509c7c53375b65b47d1d3c17559bd62f1e272f97020f0faeec022f4f79769?s=96&r=g","caption":"knivsta"},"url":"https:\/\/wp.kristdemokraterna.se\/knivsta\/author\/knivsta\/"}]}},"_links":{"self":[{"href":"https:\/\/wp.kristdemokraterna.se\/knivsta\/wp-json\/wp\/v2\/posts\/2497","targetHints":{"allow":["GET"]}}],"collection":[{"href":"https:\/\/wp.kristdemokraterna.se\/knivsta\/wp-json\/wp\/v2\/posts"}],"about":[{"href":"https:\/\/wp.kristdemokraterna.se\/knivsta\/wp-json\/wp\/v2\/types\/post"}],"author":[{"embeddable":true,"href":"https:\/\/wp.kristdemokraterna.se\/knivsta\/wp-json\/wp\/v2\/users\/481"}],"replies":[{"embeddable":true,"href":"https:\/\/wp.kristdemokraterna.se\/knivsta\/wp-json\/wp\/v2\/comments?post=2497"}],"version-history":[{"count":9,"href":"https:\/\/wp.kristdemokraterna.se\/knivsta\/wp-json\/wp\/v2\/posts\/2497\/revisions"}],"predecessor-version":[{"id":2508,"href":"https:\/\/wp.kristdemokraterna.se\/knivsta\/wp-json\/wp\/v2\/posts\/2497\/revisions\/2508"}],"wp:featuredmedia":[{"embeddable":true,"href":"https:\/\/wp.kristdemokraterna.se\/knivsta\/wp-json\/wp\/v2\/media\/2506"}],"wp:attachment":[{"href":"https:\/\/wp.kristdemokraterna.se\/knivsta\/wp-json\/wp\/v2\/media?parent=2497"}],"wp:term":[{"taxonomy":"category","embeddable":true,"href":"https:\/\/wp.kristdemokraterna.se\/knivsta\/wp-json\/wp\/v2\/categories?post=2497"},{"taxonomy":"post_tag","embeddable":true,"href":"https:\/\/wp.kristdemokraterna.se\/knivsta\/wp-json\/wp\/v2\/tags?post=2497"}],"curies":[{"name":"wp","href":"https:\/\/api.w.org\/{rel}","templated":true}]}}