{"id":259,"date":"2014-08-15T12:29:13","date_gmt":"2014-08-15T10:29:13","guid":{"rendered":"http:\/\/wp.kristdemokraterna.se\/knivsta\/?p=259"},"modified":"2014-08-15T12:29:13","modified_gmt":"2014-08-15T10:29:13","slug":"kristdemokraternas-lista-till-valet-i-knivsta","status":"publish","type":"post","link":"https:\/\/wp.kristdemokraterna.se\/knivsta\/kristdemokraternas-lista-till-valet-i-knivsta\/","title":{"rendered":"Kristdemokraternas lista till valet i Knivsta"},"content":{"rendered":"<p>VAL TILL KOMMUNFULLM\u00c4KTIGE<\/p>\n<p><strong>Kristdemokraterna<\/strong><\/p>\n<ol>\n<li>Bj\u00f6rn-Owe Bj\u00f6rk, 38, Tj\u00e4nsteman Regeringskansliet, \u00d6stuna<\/li>\n<li>Per Lindstr\u00f6m, 43, It-konsult, Alsike<\/li>\n<li>Caroline Densj\u00f6, 40, Behandlingspedagog, Alsike<\/li>\n<li>Anna-Karin Lieber, 56, Produktchef l\u00e4kemedelsftg, Noor<\/li>\n<li>Oscar Hahne, 36, Ringar\u00e5lderman, Alsike<\/li>\n<li>Annegret Stackenstr\u00f6m, 60, Jurist, Vassunda<\/li>\n<li>Martin Ljungdahl, 41, Kyrkomusiker, Alsike<\/li>\n<li>Synn\u00f6ve Adell, 39, Kommunikat\u00f6r, Knivsta<\/li>\n<li>Gunnar Gidlund, 65, Ingenj\u00f6r Hydrogeolog, V\u00e4stersj\u00f6<\/li>\n<li>Maria Borowiec, 60, Utbildningsansvarig, Bj\u00f6rksta<\/li>\n<li>Johan Eckerdal, 41, Civilingenj\u00f6r, Alsike<\/li>\n<li>Emma Lindahl, 32, Barnsk\u00f6tare, Knivsta<\/li>\n<li>Layla Nasiar, 31, Byggnadsingenj\u00f6r, Spakbacken<\/li>\n<li>Johan Densj\u00f6, 42, Ingenj\u00f6r, Alsike<\/li>\n<li>Erika Hongisto, 34, Sjuksk\u00f6terska\/f\u00f6retagare, \u00d6stuna<\/li>\n<li>Linn Eriksson, 19, Student, Alsike<\/li>\n<li>Jens Andersson, 41, F\u00f6retagare, \u00d6stuna<\/li>\n<li>Anne-Lie Norman, 45, Fritidspedagog, Knivsta<\/li>\n<li>Friedrich Lieber, 57, Tj\u00e4nsteman MSB, Noor<\/li>\n<li>Erland Holmb\u00e4ck, 47, Terminalarbetare, Knivsta<\/li>\n<li>Hanna Bj\u00f6rk, 38, HR-chef, \u00d6stuna<\/li>\n<li>Jarl Nordstr\u00f6m, 72, Pension\u00e4r, V\u00e4stersj\u00f6<\/li>\n<li>Miriam Eriksson, 42, Barnsk\u00f6tare, Alsike<\/li>\n<\/ol>\n<p>Vi vill\u00a0skapa ett b\u00e4ttre Knivsta! <a title=\"H\u00e4r\" href=\"http:\/\/wp.kristdemokraterna.se\/knivsta\/valprogram\/\">H\u00e4r<\/a> kan du l\u00e4sa vad vi vill g\u00f6ra kommande mandatperiod.<\/p>\n","protected":false},"excerpt":{"rendered":"<p>VAL TILL KOMMUNFULLM\u00c4KTIGE Kristdemokraterna Bj\u00f6rn-Owe Bj\u00f6rk, 38, Tj\u00e4nsteman Regeringskansliet, \u00d6stuna Per Lindstr\u00f6m, 43, It-konsult, Alsike Caroline Densj\u00f6, 40, Behandlingspedagog, Alsike Anna-Karin Lieber, 56, Produktchef l\u00e4kemedelsftg, Noor Oscar Hahne, 36, Ringar\u00e5lderman, Alsike Annegret Stackenstr\u00f6m, 60, Jurist, Vassunda Martin Ljungdahl, 41, Kyrkomusiker, Alsike Synn\u00f6ve Adell, 39, Kommunikat\u00f6r, Knivsta Gunnar Gidlund, 65, Ingenj\u00f6r Hydrogeolog, V\u00e4stersj\u00f6 Maria Borowiec, 60, <a class=\"read-more-link\" href=\"https:\/\/wp.kristdemokraterna.se\/knivsta\/kristdemokraternas-lista-till-valet-i-knivsta\/\">Read More<\/a><\/p>\n","protected":false},"author":481,"featured_media":0,"comment_status":"closed","ping_status":"closed","sticky":false,"template":"","format":"standard","meta":{"_acf_changed":false,"footnotes":""},"categories":[1],"tags":[],"class_list":["post-259","post","type-post","status-publish","format-standard","hentry","category-knivsta"],"acf":[],"yoast_head":"<!-- This site is optimized with the Yoast SEO plugin v27.5 - https:\/\/yoast.com\/product\/yoast-seo-wordpress\/ -->\n<title>Kristdemokraternas lista till valet i Knivsta - Knivsta<\/title>\n<meta name=\"robots\" content=\"index, follow, max-snippet:-1, max-image-preview:large, max-video-preview:-1\" \/>\n<link rel=\"canonical\" href=\"https:\/\/wp.kristdemokraterna.se\/knivsta\/kristdemokraternas-lista-till-valet-i-knivsta\/\" \/>\n<meta property=\"og:locale\" content=\"sv_SE\" \/>\n<meta property=\"og:type\" content=\"article\" \/>\n<meta property=\"og:title\" content=\"Kristdemokraternas lista till valet i Knivsta - Knivsta\" \/>\n<meta property=\"og:description\" content=\"VAL TILL KOMMUNFULLM\u00c4KTIGE Kristdemokraterna Bj\u00f6rn-Owe Bj\u00f6rk, 38, Tj\u00e4nsteman Regeringskansliet, \u00d6stuna Per Lindstr\u00f6m, 43, It-konsult, Alsike Caroline Densj\u00f6, 40, Behandlingspedagog, Alsike Anna-Karin Lieber, 56, Produktchef l\u00e4kemedelsftg, Noor Oscar Hahne, 36, Ringar\u00e5lderman, Alsike Annegret Stackenstr\u00f6m, 60, Jurist, Vassunda Martin Ljungdahl, 41, Kyrkomusiker, Alsike Synn\u00f6ve Adell, 39, Kommunikat\u00f6r, Knivsta Gunnar Gidlund, 65, Ingenj\u00f6r Hydrogeolog, V\u00e4stersj\u00f6 Maria Borowiec, 60, Read More\" \/>\n<meta property=\"og:url\" content=\"https:\/\/wp.kristdemokraterna.se\/knivsta\/kristdemokraternas-lista-till-valet-i-knivsta\/\" \/>\n<meta property=\"og:site_name\" content=\"Knivsta\" \/>\n<meta property=\"article:publisher\" content=\"https:\/\/www.facebook.com\/kdknivsta\" \/>\n<meta property=\"article:published_time\" content=\"2014-08-15T10:29:13+00:00\" \/>\n<meta name=\"author\" content=\"knivsta\" \/>\n<meta name=\"twitter:card\" content=\"summary_large_image\" \/>\n<meta name=\"twitter:label1\" content=\"Skriven av\" \/>\n\t<meta name=\"twitter:data1\" content=\"knivsta\" \/>\n\t<meta name=\"twitter:label2\" content=\"Ber\u00e4knad l\u00e4stid\" \/>\n\t<meta name=\"twitter:data2\" content=\"1 minut\" \/>\n<script type=\"application\/ld+json\" class=\"yoast-schema-graph\">{\"@context\":\"https:\\\/\\\/schema.org\",\"@graph\":[{\"@type\":\"Article\",\"@id\":\"https:\\\/\\\/wp.kristdemokraterna.se\\\/knivsta\\\/kristdemokraternas-lista-till-valet-i-knivsta\\\/#article\",\"isPartOf\":{\"@id\":\"https:\\\/\\\/wp.kristdemokraterna.se\\\/knivsta\\\/kristdemokraternas-lista-till-valet-i-knivsta\\\/\"},\"author\":{\"name\":\"knivsta\",\"@id\":\"https:\\\/\\\/wp.kristdemokraterna.se\\\/knivsta\\\/#\\\/schema\\\/person\\\/41c1d3b208899a9de023f9206cac1f52\"},\"headline\":\"Kristdemokraternas lista till valet i Knivsta\",\"datePublished\":\"2014-08-15T10:29:13+00:00\",\"mainEntityOfPage\":{\"@id\":\"https:\\\/\\\/wp.kristdemokraterna.se\\\/knivsta\\\/kristdemokraternas-lista-till-valet-i-knivsta\\\/\"},\"wordCount\":154,\"articleSection\":[\"Knivsta\"],\"inLanguage\":\"sv-SE\"},{\"@type\":\"WebPage\",\"@id\":\"https:\\\/\\\/wp.kristdemokraterna.se\\\/knivsta\\\/kristdemokraternas-lista-till-valet-i-knivsta\\\/\",\"url\":\"https:\\\/\\\/wp.kristdemokraterna.se\\\/knivsta\\\/kristdemokraternas-lista-till-valet-i-knivsta\\\/\",\"name\":\"Kristdemokraternas lista till valet i Knivsta - Knivsta\",\"isPartOf\":{\"@id\":\"https:\\\/\\\/wp.kristdemokraterna.se\\\/knivsta\\\/#website\"},\"datePublished\":\"2014-08-15T10:29:13+00:00\",\"author\":{\"@id\":\"https:\\\/\\\/wp.kristdemokraterna.se\\\/knivsta\\\/#\\\/schema\\\/person\\\/41c1d3b208899a9de023f9206cac1f52\"},\"breadcrumb\":{\"@id\":\"https:\\\/\\\/wp.kristdemokraterna.se\\\/knivsta\\\/kristdemokraternas-lista-till-valet-i-knivsta\\\/#breadcrumb\"},\"inLanguage\":\"sv-SE\",\"potentialAction\":[{\"@type\":\"ReadAction\",\"target\":[\"https:\\\/\\\/wp.kristdemokraterna.se\\\/knivsta\\\/kristdemokraternas-lista-till-valet-i-knivsta\\\/\"]}]},{\"@type\":\"BreadcrumbList\",\"@id\":\"https:\\\/\\\/wp.kristdemokraterna.se\\\/knivsta\\\/kristdemokraternas-lista-till-valet-i-knivsta\\\/#breadcrumb\",\"itemListElement\":[{\"@type\":\"ListItem\",\"position\":1,\"name\":\"Hem\",\"item\":\"https:\\\/\\\/wp.kristdemokraterna.se\\\/knivsta\\\/\"},{\"@type\":\"ListItem\",\"position\":2,\"name\":\"Kristdemokraternas lista till valet i Knivsta\"}]},{\"@type\":\"WebSite\",\"@id\":\"https:\\\/\\\/wp.kristdemokraterna.se\\\/knivsta\\\/#website\",\"url\":\"https:\\\/\\\/wp.kristdemokraterna.se\\\/knivsta\\\/\",\"name\":\"Knivsta\",\"description\":\" F\u00f6r ett b\u00e4ttre samh\u00e4lle\",\"inLanguage\":\"sv-SE\"},{\"@type\":\"Person\",\"@id\":\"https:\\\/\\\/wp.kristdemokraterna.se\\\/knivsta\\\/#\\\/schema\\\/person\\\/41c1d3b208899a9de023f9206cac1f52\",\"name\":\"knivsta\",\"image\":{\"@type\":\"ImageObject\",\"inLanguage\":\"sv-SE\",\"@id\":\"https:\\\/\\\/secure.gravatar.com\\\/avatar\\\/68a509c7c53375b65b47d1d3c17559bd62f1e272f97020f0faeec022f4f79769?s=96&r=g\",\"url\":\"https:\\\/\\\/secure.gravatar.com\\\/avatar\\\/68a509c7c53375b65b47d1d3c17559bd62f1e272f97020f0faeec022f4f79769?s=96&r=g\",\"contentUrl\":\"https:\\\/\\\/secure.gravatar.com\\\/avatar\\\/68a509c7c53375b65b47d1d3c17559bd62f1e272f97020f0faeec022f4f79769?s=96&r=g\",\"caption\":\"knivsta\"},\"url\":\"https:\\\/\\\/wp.kristdemokraterna.se\\\/knivsta\\\/author\\\/knivsta\\\/\"}]}<\/script>\n<!-- \/ Yoast SEO plugin. -->","yoast_head_json":{"title":"Kristdemokraternas lista till valet i Knivsta - Knivsta","robots":{"index":"index","follow":"follow","max-snippet":"max-snippet:-1","max-image-preview":"max-image-preview:large","max-video-preview":"max-video-preview:-1"},"canonical":"https:\/\/wp.kristdemokraterna.se\/knivsta\/kristdemokraternas-lista-till-valet-i-knivsta\/","og_locale":"sv_SE","og_type":"article","og_title":"Kristdemokraternas lista till valet i Knivsta - Knivsta","og_description":"VAL TILL KOMMUNFULLM\u00c4KTIGE Kristdemokraterna Bj\u00f6rn-Owe Bj\u00f6rk, 38, Tj\u00e4nsteman Regeringskansliet, \u00d6stuna Per Lindstr\u00f6m, 43, It-konsult, Alsike Caroline Densj\u00f6, 40, Behandlingspedagog, Alsike Anna-Karin Lieber, 56, Produktchef l\u00e4kemedelsftg, Noor Oscar Hahne, 36, Ringar\u00e5lderman, Alsike Annegret Stackenstr\u00f6m, 60, Jurist, Vassunda Martin Ljungdahl, 41, Kyrkomusiker, Alsike Synn\u00f6ve Adell, 39, Kommunikat\u00f6r, Knivsta Gunnar Gidlund, 65, Ingenj\u00f6r Hydrogeolog, V\u00e4stersj\u00f6 Maria Borowiec, 60, Read More","og_url":"https:\/\/wp.kristdemokraterna.se\/knivsta\/kristdemokraternas-lista-till-valet-i-knivsta\/","og_site_name":"Knivsta","article_publisher":"https:\/\/www.facebook.com\/kdknivsta","article_published_time":"2014-08-15T10:29:13+00:00","author":"knivsta","twitter_card":"summary_large_image","twitter_misc":{"Skriven av":"knivsta","Ber\u00e4knad l\u00e4stid":"1 minut"},"schema":{"@context":"https:\/\/schema.org","@graph":[{"@type":"Article","@id":"https:\/\/wp.kristdemokraterna.se\/knivsta\/kristdemokraternas-lista-till-valet-i-knivsta\/#article","isPartOf":{"@id":"https:\/\/wp.kristdemokraterna.se\/knivsta\/kristdemokraternas-lista-till-valet-i-knivsta\/"},"author":{"name":"knivsta","@id":"https:\/\/wp.kristdemokraterna.se\/knivsta\/#\/schema\/person\/41c1d3b208899a9de023f9206cac1f52"},"headline":"Kristdemokraternas lista till valet i Knivsta","datePublished":"2014-08-15T10:29:13+00:00","mainEntityOfPage":{"@id":"https:\/\/wp.kristdemokraterna.se\/knivsta\/kristdemokraternas-lista-till-valet-i-knivsta\/"},"wordCount":154,"articleSection":["Knivsta"],"inLanguage":"sv-SE"},{"@type":"WebPage","@id":"https:\/\/wp.kristdemokraterna.se\/knivsta\/kristdemokraternas-lista-till-valet-i-knivsta\/","url":"https:\/\/wp.kristdemokraterna.se\/knivsta\/kristdemokraternas-lista-till-valet-i-knivsta\/","name":"Kristdemokraternas lista till valet i Knivsta - Knivsta","isPartOf":{"@id":"https:\/\/wp.kristdemokraterna.se\/knivsta\/#website"},"datePublished":"2014-08-15T10:29:13+00:00","author":{"@id":"https:\/\/wp.kristdemokraterna.se\/knivsta\/#\/schema\/person\/41c1d3b208899a9de023f9206cac1f52"},"breadcrumb":{"@id":"https:\/\/wp.kristdemokraterna.se\/knivsta\/kristdemokraternas-lista-till-valet-i-knivsta\/#breadcrumb"},"inLanguage":"sv-SE","potentialAction":[{"@type":"ReadAction","target":["https:\/\/wp.kristdemokraterna.se\/knivsta\/kristdemokraternas-lista-till-valet-i-knivsta\/"]}]},{"@type":"BreadcrumbList","@id":"https:\/\/wp.kristdemokraterna.se\/knivsta\/kristdemokraternas-lista-till-valet-i-knivsta\/#breadcrumb","itemListElement":[{"@type":"ListItem","position":1,"name":"Hem","item":"https:\/\/wp.kristdemokraterna.se\/knivsta\/"},{"@type":"ListItem","position":2,"name":"Kristdemokraternas lista till valet i Knivsta"}]},{"@type":"WebSite","@id":"https:\/\/wp.kristdemokraterna.se\/knivsta\/#website","url":"https:\/\/wp.kristdemokraterna.se\/knivsta\/","name":"Knivsta","description":" F\u00f6r ett b\u00e4ttre samh\u00e4lle","inLanguage":"sv-SE"},{"@type":"Person","@id":"https:\/\/wp.kristdemokraterna.se\/knivsta\/#\/schema\/person\/41c1d3b208899a9de023f9206cac1f52","name":"knivsta","image":{"@type":"ImageObject","inLanguage":"sv-SE","@id":"https:\/\/secure.gravatar.com\/avatar\/68a509c7c53375b65b47d1d3c17559bd62f1e272f97020f0faeec022f4f79769?s=96&r=g","url":"https:\/\/secure.gravatar.com\/avatar\/68a509c7c53375b65b47d1d3c17559bd62f1e272f97020f0faeec022f4f79769?s=96&r=g","contentUrl":"https:\/\/secure.gravatar.com\/avatar\/68a509c7c53375b65b47d1d3c17559bd62f1e272f97020f0faeec022f4f79769?s=96&r=g","caption":"knivsta"},"url":"https:\/\/wp.kristdemokraterna.se\/knivsta\/author\/knivsta\/"}]}},"_links":{"self":[{"href":"https:\/\/wp.kristdemokraterna.se\/knivsta\/wp-json\/wp\/v2\/posts\/259","targetHints":{"allow":["GET"]}}],"collection":[{"href":"https:\/\/wp.kristdemokraterna.se\/knivsta\/wp-json\/wp\/v2\/posts"}],"about":[{"href":"https:\/\/wp.kristdemokraterna.se\/knivsta\/wp-json\/wp\/v2\/types\/post"}],"author":[{"embeddable":true,"href":"https:\/\/wp.kristdemokraterna.se\/knivsta\/wp-json\/wp\/v2\/users\/481"}],"replies":[{"embeddable":true,"href":"https:\/\/wp.kristdemokraterna.se\/knivsta\/wp-json\/wp\/v2\/comments?post=259"}],"version-history":[{"count":2,"href":"https:\/\/wp.kristdemokraterna.se\/knivsta\/wp-json\/wp\/v2\/posts\/259\/revisions"}],"predecessor-version":[{"id":261,"href":"https:\/\/wp.kristdemokraterna.se\/knivsta\/wp-json\/wp\/v2\/posts\/259\/revisions\/261"}],"wp:attachment":[{"href":"https:\/\/wp.kristdemokraterna.se\/knivsta\/wp-json\/wp\/v2\/media?parent=259"}],"wp:term":[{"taxonomy":"category","embeddable":true,"href":"https:\/\/wp.kristdemokraterna.se\/knivsta\/wp-json\/wp\/v2\/categories?post=259"},{"taxonomy":"post_tag","embeddable":true,"href":"https:\/\/wp.kristdemokraterna.se\/knivsta\/wp-json\/wp\/v2\/tags?post=259"}],"curies":[{"name":"wp","href":"https:\/\/api.w.org\/{rel}","templated":true}]}}