{"id":2705,"date":"2021-08-23T12:44:25","date_gmt":"2021-08-23T10:44:25","guid":{"rendered":"https:\/\/wp.kristdemokraterna.se\/knivsta\/?p=2705"},"modified":"2021-08-23T12:48:09","modified_gmt":"2021-08-23T10:48:09","slug":"ny-gruppledare-i-knivsta-vill-stoppa-moderaternas-nedskarningar-i-skolan","status":"publish","type":"post","link":"https:\/\/wp.kristdemokraterna.se\/knivsta\/ny-gruppledare-i-knivsta-vill-stoppa-moderaternas-nedskarningar-i-skolan\/","title":{"rendered":"Ny gruppledare i Knivsta vill stoppa Moderaternas nedsk\u00e4rningar i skolan"},"content":{"rendered":"<h4><strong>Den 23 presenteras en ny gruppledare f\u00f6r Kristdemokraterna i Knivsta. Samma dag l\u00e4gger partiet fram sin skuggbudget. Det \u00e4r nuvarande regionr\u00e5det p\u00e5 halvtid &#8211; Mimmi Westerlund, 28, som blir det nya ansiktet ut\u00e5t och hon vill ha ett stopp mot besparingarna i skola och f\u00f6rskola.<\/strong><\/h4>\n<p>\u2013\u00a0 Vi ledde utbildningsn\u00e4mnden f\u00f6rra mandatperioden och \u00e4r inte n\u00f6jda med den utveckling vi kan se nu, d\u00e4r mindre pengar \u00e4n f\u00f6rut l\u00e4ggs p\u00e5 b\u00e5de l\u00e4rare och barn. Vi \u00e4r emot att ink\u00f6p av datorer och plattor ska g\u00e5 f\u00f6re storlekar p\u00e5 klasserna och grupperna i f\u00f6rskolan, s\u00e4ger Mimmi Westerlund.<\/p>\n<p>Utbildningsn\u00e4mnden har i snitt minskat sitt anslag med omkring nio miljoner kronor per \u00e5r efter att fempartimajoriteten tog \u00f6ver styret 2018.<\/p>\n<p>Som en f\u00f6ljd har barngrupperna i f\u00f6rskolan \u00f6kat drastiskt med en toppnotering p\u00e5 19 barn per grupp \u2013 l\u00e5ngt \u00f6ver Skolverkets rekommendationer om 12 till 15 barn per grupp. \u00c4ven resultaten i grundskolan har sjunkit och Knivsta har n\u00e5gra av landets st\u00f6rsta klasstorlekar f\u00f6r barn i yngre \u00e5ldrar.<\/p>\n<p>\u2013 Dessutom \u00e4r det stora skillnader i resultat mellan bostadsorter. Andelen elever i \u00e5k 9 som uppn\u00e5tt kunskapskraven i alla \u00e4mnen \u00e4r endast 74 procent i Knivsta, medan man Alsike noterar 90 procent. Vi h\u00e5ller p\u00e5 att skapa utanf\u00f6rskapsomr\u00e5den i en av Sveriges mest v\u00e4lm\u00e5ende kommuner, det \u00e4r oacceptabelt, s\u00e4ger Mimmi Westerlund.<\/p>\n<p>Ut\u00f6ver b\u00e4ttre personalt\u00e4thet och minskade barngrupper s\u00e5 vill KD ocks\u00e5 prioritera h\u00f6jda l\u00e4rarl\u00f6ner och \u00f6ka antalet vuxna i skolan.<\/p>\n<p>Sedan juni i \u00e5r \u00e4r hon invald som ledamot i kommunstyrelsen och som ers\u00e4ttare i utbildningsn\u00e4mnden i Knivsta. Dessutom \u00e4r hon regionr\u00e5d p\u00e5 halvtid f\u00f6r KD i Region Uppsala sedan augusti.<\/p>\n<p>\u2013 Min f\u00f6rsta insats i Knivstapolitiken blev att skriva en skuggbudget. Det har varit mycket jobb men ocks\u00e5 v\u00e4ldigt givande, s\u00e4ger Mimmi Westerlund som har en kort tid bakom sig sedan f\u00f6rr i Knivstapolitiken fr\u00e5n \u00e5r 2015 n\u00e4r hon satt i kommunstyrelsen.<\/p>\n<p>\u00d6vriga satsningar i Kristdemokraternas skuggbudget \u00e4r halverad byggtakt, en lekplats i centrala Knivsta och \u00e4ldreboendegaranti f\u00f6r de som \u00e4r \u00f6ver 85 \u00e5r.<\/p>\n<p><a href=\"http:\/\/wp.kristdemokraterna.se\/knivsta\/files\/2021\/08\/budget-for-knivsta-kommun-210822.pdf\">Budget f\u00f6r Knivsta kommun.<\/a><\/p>\n","protected":false},"excerpt":{"rendered":"<p>Den 23 presenteras en ny gruppledare f\u00f6r Kristdemokraterna i Knivsta. Samma dag l\u00e4gger partiet fram sin skuggbudget. Det \u00e4r nuvarande regionr\u00e5det p\u00e5 halvtid &#8211; Mimmi Westerlund, 28, som blir det nya ansiktet ut\u00e5t och hon vill ha ett stopp mot besparingarna i skola och f\u00f6rskola. \u2013\u00a0 Vi ledde utbildningsn\u00e4mnden f\u00f6rra mandatperioden och \u00e4r inte n\u00f6jda <a class=\"read-more-link\" href=\"https:\/\/wp.kristdemokraterna.se\/knivsta\/ny-gruppledare-i-knivsta-vill-stoppa-moderaternas-nedskarningar-i-skolan\/\">Read More<\/a><\/p>\n","protected":false},"author":481,"featured_media":0,"comment_status":"closed","ping_status":"closed","sticky":false,"template":"","format":"standard","meta":{"_acf_changed":false,"footnotes":""},"categories":[1],"tags":[],"class_list":["post-2705","post","type-post","status-publish","format-standard","hentry","category-knivsta"],"acf":[],"yoast_head":"<!-- This site is optimized with the Yoast SEO plugin v27.4 - https:\/\/yoast.com\/product\/yoast-seo-wordpress\/ -->\n<title>Ny gruppledare i Knivsta vill stoppa Moderaternas nedsk\u00e4rningar i skolan - Knivsta<\/title>\n<meta name=\"robots\" content=\"index, follow, max-snippet:-1, max-image-preview:large, max-video-preview:-1\" \/>\n<link rel=\"canonical\" href=\"https:\/\/wp.kristdemokraterna.se\/knivsta\/ny-gruppledare-i-knivsta-vill-stoppa-moderaternas-nedskarningar-i-skolan\/\" \/>\n<meta property=\"og:locale\" content=\"sv_SE\" \/>\n<meta property=\"og:type\" content=\"article\" \/>\n<meta property=\"og:title\" content=\"Ny gruppledare i Knivsta vill stoppa Moderaternas nedsk\u00e4rningar i skolan - Knivsta\" \/>\n<meta property=\"og:description\" content=\"Den 23 presenteras en ny gruppledare f\u00f6r Kristdemokraterna i Knivsta. Samma dag l\u00e4gger partiet fram sin skuggbudget. Det \u00e4r nuvarande regionr\u00e5det p\u00e5 halvtid &#8211; Mimmi Westerlund, 28, som blir det nya ansiktet ut\u00e5t och hon vill ha ett stopp mot besparingarna i skola och f\u00f6rskola. \u2013\u00a0 Vi ledde utbildningsn\u00e4mnden f\u00f6rra mandatperioden och \u00e4r inte n\u00f6jda Read More\" \/>\n<meta property=\"og:url\" content=\"https:\/\/wp.kristdemokraterna.se\/knivsta\/ny-gruppledare-i-knivsta-vill-stoppa-moderaternas-nedskarningar-i-skolan\/\" \/>\n<meta property=\"og:site_name\" content=\"Knivsta\" \/>\n<meta property=\"article:publisher\" content=\"https:\/\/www.facebook.com\/kdknivsta\" \/>\n<meta property=\"article:published_time\" content=\"2021-08-23T10:44:25+00:00\" \/>\n<meta property=\"article:modified_time\" content=\"2021-08-23T10:48:09+00:00\" \/>\n<meta name=\"author\" content=\"knivsta\" \/>\n<meta name=\"twitter:card\" content=\"summary_large_image\" \/>\n<meta name=\"twitter:label1\" content=\"Skriven av\" \/>\n\t<meta name=\"twitter:data1\" content=\"knivsta\" \/>\n\t<meta name=\"twitter:label2\" content=\"Ber\u00e4knad l\u00e4stid\" \/>\n\t<meta name=\"twitter:data2\" content=\"2 minuter\" \/>\n<script type=\"application\/ld+json\" class=\"yoast-schema-graph\">{\"@context\":\"https:\\\/\\\/schema.org\",\"@graph\":[{\"@type\":\"Article\",\"@id\":\"https:\\\/\\\/wp.kristdemokraterna.se\\\/knivsta\\\/ny-gruppledare-i-knivsta-vill-stoppa-moderaternas-nedskarningar-i-skolan\\\/#article\",\"isPartOf\":{\"@id\":\"https:\\\/\\\/wp.kristdemokraterna.se\\\/knivsta\\\/ny-gruppledare-i-knivsta-vill-stoppa-moderaternas-nedskarningar-i-skolan\\\/\"},\"author\":{\"name\":\"knivsta\",\"@id\":\"https:\\\/\\\/wp.kristdemokraterna.se\\\/knivsta\\\/#\\\/schema\\\/person\\\/41c1d3b208899a9de023f9206cac1f52\"},\"headline\":\"Ny gruppledare i Knivsta vill stoppa Moderaternas nedsk\u00e4rningar i skolan\",\"datePublished\":\"2021-08-23T10:44:25+00:00\",\"dateModified\":\"2021-08-23T10:48:09+00:00\",\"mainEntityOfPage\":{\"@id\":\"https:\\\/\\\/wp.kristdemokraterna.se\\\/knivsta\\\/ny-gruppledare-i-knivsta-vill-stoppa-moderaternas-nedskarningar-i-skolan\\\/\"},\"wordCount\":379,\"articleSection\":[\"Knivsta\"],\"inLanguage\":\"sv-SE\"},{\"@type\":\"WebPage\",\"@id\":\"https:\\\/\\\/wp.kristdemokraterna.se\\\/knivsta\\\/ny-gruppledare-i-knivsta-vill-stoppa-moderaternas-nedskarningar-i-skolan\\\/\",\"url\":\"https:\\\/\\\/wp.kristdemokraterna.se\\\/knivsta\\\/ny-gruppledare-i-knivsta-vill-stoppa-moderaternas-nedskarningar-i-skolan\\\/\",\"name\":\"Ny gruppledare i Knivsta vill stoppa Moderaternas nedsk\u00e4rningar i skolan - Knivsta\",\"isPartOf\":{\"@id\":\"https:\\\/\\\/wp.kristdemokraterna.se\\\/knivsta\\\/#website\"},\"datePublished\":\"2021-08-23T10:44:25+00:00\",\"dateModified\":\"2021-08-23T10:48:09+00:00\",\"author\":{\"@id\":\"https:\\\/\\\/wp.kristdemokraterna.se\\\/knivsta\\\/#\\\/schema\\\/person\\\/41c1d3b208899a9de023f9206cac1f52\"},\"breadcrumb\":{\"@id\":\"https:\\\/\\\/wp.kristdemokraterna.se\\\/knivsta\\\/ny-gruppledare-i-knivsta-vill-stoppa-moderaternas-nedskarningar-i-skolan\\\/#breadcrumb\"},\"inLanguage\":\"sv-SE\",\"potentialAction\":[{\"@type\":\"ReadAction\",\"target\":[\"https:\\\/\\\/wp.kristdemokraterna.se\\\/knivsta\\\/ny-gruppledare-i-knivsta-vill-stoppa-moderaternas-nedskarningar-i-skolan\\\/\"]}]},{\"@type\":\"BreadcrumbList\",\"@id\":\"https:\\\/\\\/wp.kristdemokraterna.se\\\/knivsta\\\/ny-gruppledare-i-knivsta-vill-stoppa-moderaternas-nedskarningar-i-skolan\\\/#breadcrumb\",\"itemListElement\":[{\"@type\":\"ListItem\",\"position\":1,\"name\":\"Hem\",\"item\":\"https:\\\/\\\/wp.kristdemokraterna.se\\\/knivsta\\\/\"},{\"@type\":\"ListItem\",\"position\":2,\"name\":\"Ny gruppledare i Knivsta vill stoppa Moderaternas nedsk\u00e4rningar i skolan\"}]},{\"@type\":\"WebSite\",\"@id\":\"https:\\\/\\\/wp.kristdemokraterna.se\\\/knivsta\\\/#website\",\"url\":\"https:\\\/\\\/wp.kristdemokraterna.se\\\/knivsta\\\/\",\"name\":\"Knivsta\",\"description\":\" F\u00f6r ett b\u00e4ttre samh\u00e4lle\",\"inLanguage\":\"sv-SE\"},{\"@type\":\"Person\",\"@id\":\"https:\\\/\\\/wp.kristdemokraterna.se\\\/knivsta\\\/#\\\/schema\\\/person\\\/41c1d3b208899a9de023f9206cac1f52\",\"name\":\"knivsta\",\"image\":{\"@type\":\"ImageObject\",\"inLanguage\":\"sv-SE\",\"@id\":\"https:\\\/\\\/secure.gravatar.com\\\/avatar\\\/68a509c7c53375b65b47d1d3c17559bd62f1e272f97020f0faeec022f4f79769?s=96&r=g\",\"url\":\"https:\\\/\\\/secure.gravatar.com\\\/avatar\\\/68a509c7c53375b65b47d1d3c17559bd62f1e272f97020f0faeec022f4f79769?s=96&r=g\",\"contentUrl\":\"https:\\\/\\\/secure.gravatar.com\\\/avatar\\\/68a509c7c53375b65b47d1d3c17559bd62f1e272f97020f0faeec022f4f79769?s=96&r=g\",\"caption\":\"knivsta\"},\"url\":\"https:\\\/\\\/wp.kristdemokraterna.se\\\/knivsta\\\/author\\\/knivsta\\\/\"}]}<\/script>\n<!-- \/ Yoast SEO plugin. -->","yoast_head_json":{"title":"Ny gruppledare i Knivsta vill stoppa Moderaternas nedsk\u00e4rningar i skolan - Knivsta","robots":{"index":"index","follow":"follow","max-snippet":"max-snippet:-1","max-image-preview":"max-image-preview:large","max-video-preview":"max-video-preview:-1"},"canonical":"https:\/\/wp.kristdemokraterna.se\/knivsta\/ny-gruppledare-i-knivsta-vill-stoppa-moderaternas-nedskarningar-i-skolan\/","og_locale":"sv_SE","og_type":"article","og_title":"Ny gruppledare i Knivsta vill stoppa Moderaternas nedsk\u00e4rningar i skolan - Knivsta","og_description":"Den 23 presenteras en ny gruppledare f\u00f6r Kristdemokraterna i Knivsta. Samma dag l\u00e4gger partiet fram sin skuggbudget. Det \u00e4r nuvarande regionr\u00e5det p\u00e5 halvtid &#8211; Mimmi Westerlund, 28, som blir det nya ansiktet ut\u00e5t och hon vill ha ett stopp mot besparingarna i skola och f\u00f6rskola. \u2013\u00a0 Vi ledde utbildningsn\u00e4mnden f\u00f6rra mandatperioden och \u00e4r inte n\u00f6jda Read More","og_url":"https:\/\/wp.kristdemokraterna.se\/knivsta\/ny-gruppledare-i-knivsta-vill-stoppa-moderaternas-nedskarningar-i-skolan\/","og_site_name":"Knivsta","article_publisher":"https:\/\/www.facebook.com\/kdknivsta","article_published_time":"2021-08-23T10:44:25+00:00","article_modified_time":"2021-08-23T10:48:09+00:00","author":"knivsta","twitter_card":"summary_large_image","twitter_misc":{"Skriven av":"knivsta","Ber\u00e4knad l\u00e4stid":"2 minuter"},"schema":{"@context":"https:\/\/schema.org","@graph":[{"@type":"Article","@id":"https:\/\/wp.kristdemokraterna.se\/knivsta\/ny-gruppledare-i-knivsta-vill-stoppa-moderaternas-nedskarningar-i-skolan\/#article","isPartOf":{"@id":"https:\/\/wp.kristdemokraterna.se\/knivsta\/ny-gruppledare-i-knivsta-vill-stoppa-moderaternas-nedskarningar-i-skolan\/"},"author":{"name":"knivsta","@id":"https:\/\/wp.kristdemokraterna.se\/knivsta\/#\/schema\/person\/41c1d3b208899a9de023f9206cac1f52"},"headline":"Ny gruppledare i Knivsta vill stoppa Moderaternas nedsk\u00e4rningar i skolan","datePublished":"2021-08-23T10:44:25+00:00","dateModified":"2021-08-23T10:48:09+00:00","mainEntityOfPage":{"@id":"https:\/\/wp.kristdemokraterna.se\/knivsta\/ny-gruppledare-i-knivsta-vill-stoppa-moderaternas-nedskarningar-i-skolan\/"},"wordCount":379,"articleSection":["Knivsta"],"inLanguage":"sv-SE"},{"@type":"WebPage","@id":"https:\/\/wp.kristdemokraterna.se\/knivsta\/ny-gruppledare-i-knivsta-vill-stoppa-moderaternas-nedskarningar-i-skolan\/","url":"https:\/\/wp.kristdemokraterna.se\/knivsta\/ny-gruppledare-i-knivsta-vill-stoppa-moderaternas-nedskarningar-i-skolan\/","name":"Ny gruppledare i Knivsta vill stoppa Moderaternas nedsk\u00e4rningar i skolan - Knivsta","isPartOf":{"@id":"https:\/\/wp.kristdemokraterna.se\/knivsta\/#website"},"datePublished":"2021-08-23T10:44:25+00:00","dateModified":"2021-08-23T10:48:09+00:00","author":{"@id":"https:\/\/wp.kristdemokraterna.se\/knivsta\/#\/schema\/person\/41c1d3b208899a9de023f9206cac1f52"},"breadcrumb":{"@id":"https:\/\/wp.kristdemokraterna.se\/knivsta\/ny-gruppledare-i-knivsta-vill-stoppa-moderaternas-nedskarningar-i-skolan\/#breadcrumb"},"inLanguage":"sv-SE","potentialAction":[{"@type":"ReadAction","target":["https:\/\/wp.kristdemokraterna.se\/knivsta\/ny-gruppledare-i-knivsta-vill-stoppa-moderaternas-nedskarningar-i-skolan\/"]}]},{"@type":"BreadcrumbList","@id":"https:\/\/wp.kristdemokraterna.se\/knivsta\/ny-gruppledare-i-knivsta-vill-stoppa-moderaternas-nedskarningar-i-skolan\/#breadcrumb","itemListElement":[{"@type":"ListItem","position":1,"name":"Hem","item":"https:\/\/wp.kristdemokraterna.se\/knivsta\/"},{"@type":"ListItem","position":2,"name":"Ny gruppledare i Knivsta vill stoppa Moderaternas nedsk\u00e4rningar i skolan"}]},{"@type":"WebSite","@id":"https:\/\/wp.kristdemokraterna.se\/knivsta\/#website","url":"https:\/\/wp.kristdemokraterna.se\/knivsta\/","name":"Knivsta","description":" F\u00f6r ett b\u00e4ttre samh\u00e4lle","inLanguage":"sv-SE"},{"@type":"Person","@id":"https:\/\/wp.kristdemokraterna.se\/knivsta\/#\/schema\/person\/41c1d3b208899a9de023f9206cac1f52","name":"knivsta","image":{"@type":"ImageObject","inLanguage":"sv-SE","@id":"https:\/\/secure.gravatar.com\/avatar\/68a509c7c53375b65b47d1d3c17559bd62f1e272f97020f0faeec022f4f79769?s=96&r=g","url":"https:\/\/secure.gravatar.com\/avatar\/68a509c7c53375b65b47d1d3c17559bd62f1e272f97020f0faeec022f4f79769?s=96&r=g","contentUrl":"https:\/\/secure.gravatar.com\/avatar\/68a509c7c53375b65b47d1d3c17559bd62f1e272f97020f0faeec022f4f79769?s=96&r=g","caption":"knivsta"},"url":"https:\/\/wp.kristdemokraterna.se\/knivsta\/author\/knivsta\/"}]}},"_links":{"self":[{"href":"https:\/\/wp.kristdemokraterna.se\/knivsta\/wp-json\/wp\/v2\/posts\/2705","targetHints":{"allow":["GET"]}}],"collection":[{"href":"https:\/\/wp.kristdemokraterna.se\/knivsta\/wp-json\/wp\/v2\/posts"}],"about":[{"href":"https:\/\/wp.kristdemokraterna.se\/knivsta\/wp-json\/wp\/v2\/types\/post"}],"author":[{"embeddable":true,"href":"https:\/\/wp.kristdemokraterna.se\/knivsta\/wp-json\/wp\/v2\/users\/481"}],"replies":[{"embeddable":true,"href":"https:\/\/wp.kristdemokraterna.se\/knivsta\/wp-json\/wp\/v2\/comments?post=2705"}],"version-history":[{"count":7,"href":"https:\/\/wp.kristdemokraterna.se\/knivsta\/wp-json\/wp\/v2\/posts\/2705\/revisions"}],"predecessor-version":[{"id":2717,"href":"https:\/\/wp.kristdemokraterna.se\/knivsta\/wp-json\/wp\/v2\/posts\/2705\/revisions\/2717"}],"wp:attachment":[{"href":"https:\/\/wp.kristdemokraterna.se\/knivsta\/wp-json\/wp\/v2\/media?parent=2705"}],"wp:term":[{"taxonomy":"category","embeddable":true,"href":"https:\/\/wp.kristdemokraterna.se\/knivsta\/wp-json\/wp\/v2\/categories?post=2705"},{"taxonomy":"post_tag","embeddable":true,"href":"https:\/\/wp.kristdemokraterna.se\/knivsta\/wp-json\/wp\/v2\/tags?post=2705"}],"curies":[{"name":"wp","href":"https:\/\/api.w.org\/{rel}","templated":true}]}}