{"id":2722,"date":"2021-08-27T12:18:36","date_gmt":"2021-08-27T10:18:36","guid":{"rendered":"https:\/\/wp.kristdemokraterna.se\/knivsta\/?p=2722"},"modified":"2021-08-30T09:06:31","modified_gmt":"2021-08-30T07:06:31","slug":"2722-2","status":"publish","type":"post","link":"https:\/\/wp.kristdemokraterna.se\/knivsta\/2722-2\/","title":{"rendered":"Oppositionsrapport fr\u00e5n kommunstyrelsen i augusti 2021"},"content":{"rendered":"<p><strong>Som ett led i att ber\u00e4tta vad KD i Knivsta g\u00f6r f\u00f6r v\u00e4ljarnas mandat, och hur vi st\u00e4ller oss i olika f\u00f6rslag som styret l\u00e4gger fram f\u00f6r beslut, kommer h\u00e4r en rapport fr\u00e5n senaste kommunstyrelsen. Kristdemokraternas representanter \u00e4r Mimmi Westerlund och Oscar Hahne.<\/strong><\/p>\n<p>Dagordningen inneh\u00f6ll \u00a023 besluts\u00e4renden, inklusive fyra motioner fr\u00e5n oppositionen och ett n\u00e4mndinitiativ. <a href=\"https:\/\/knivsta.se\/download\/18.dc135aa17b2b1a863b9969d\/1629459635083\/2021-08-23%20Kommunstyrelsen%20kallelse%20och%20handlingar%20rev.pdf\">H\u00e4r kan du l\u00e4sa alla handlingar<\/a> s\u00e5 som de skickades ut.\u00a0Nedan ber\u00e4ttas om de \u00e4renden d\u00e4r vi INTE var eniga med styret.<\/p>\n<p>&#8212;<\/p>\n<p><strong>N\u00e4mndinitiativ om trafiksituationen vid Gredelbyleden\/Trunstav\u00e4gen.<\/strong><\/p>\n<ul>\n<li>Ledam\u00f6ter har r\u00e4tt att v\u00e4cka \u00e4renden p\u00e5 sittande m\u00f6te. Denna g\u00e5ng v\u00e4ckte vi fr\u00e5gan om den trafikfarliga situationen vid byggnationerna vid Gredelbyleden\/Trunstav\u00e4gen, d\u00e4rf\u00f6r fanns detta inte med i de utskickade handlingarna.<\/li>\n<li>\u00c4rendet skickades, efter diskussion, vidare till Samh\u00e4llsutvecklingsn\u00e4mnden f\u00f6r beredning utan st\u00e4llningstagande.<\/li>\n<\/ul>\n<p><strong>Motivering till f\u00f6rslaget:<\/strong><br \/>\nJust nu p\u00e5g\u00e5r en omfattande nybyggnation vid omr\u00e5det Trunstav\u00e4gen\/Gredelbyleden som kraftigt p\u00e5verkar trafikfl\u00f6det. Den tillf\u00e4lliga l\u00f6sningen med grusv\u00e4g i ena k\u00f6rf\u00e4ltet har visat sig bristf\u00e4llig, med stora gropar och begr\u00e4nsad framkomlighet som f\u00f6ljd. D\u00e4rtill bildas l\u00e5nga k\u00f6er flertalet g\u00e5nger per dag. Detta blir extra problematiskt eftersom Gredelbyleden redan \u00e4r kraftigt belastad och snart \u00e4ven v\u00e5r enda j\u00e4rnv\u00e4gs\u00f6verfart.<\/p>\n<p>En h\u00f6g byggtakt st\u00e4ller h\u00f6ga krav p\u00e5 god planering &#8211; inv\u00e5narna ska inte beh\u00f6va p\u00e5verkas s\u00e5 h\u00e4r negativt varje g\u00e5ng det ska byggas centralt. Tyv\u00e4rr \u00e4r detta inte f\u00f6rsta g\u00e5ngen, men med aktivt politiskt ledarskap kan det bli den sista.<\/p>\n<p><strong>Mot bakgrund av ovanst\u00e5ende f\u00f6resl\u00e5r vi:<\/strong><\/p>\n<p>Att skyndsamt vidta l\u00e4mpliga \u00e5tg\u00e4rder som st\u00e4rker trafiks\u00e4kerheten och framkomligheten vid Gredelbyleden\/Trunstav\u00e4gen<br \/>\nAtt skyndsamt p\u00e5b\u00f6rja arbetet med en trafikplan s\u00e5 att liknande situationer inte uppst\u00e5r i framtiden<\/p>\n<p>L\u00e4s det inl\u00e4mnade dokumentet h\u00e4r: <a href=\"http:\/\/wp.kristdemokraterna.se\/knivsta\/files\/2021\/08\/namndinitiativ-angaende-trafiksituationen-vid-gredelbyleden.pdf\">N\u00e4mndinitiativ ang\u00e5ende trafiksituationen vid Gredelbyleden<\/a><\/p>\n<p>&#8212;<\/p>\n<p><strong>\u00c4rende 9<br \/>\nM\u00e5l och budget 2022 med planeringsramar 2023-2025 samt skattesats 2022 <\/strong><\/p>\n<ul>\n<li>H\u00e4r yrkade vi att\u00a0fastst\u00e4lla <a href=\"https:\/\/wp.kristdemokraterna.se\/knivsta\/ny-gruppledare-i-knivsta-vill-stoppa-moderaternas-nedskarningar-i-skolan\/\">M\u00e5l och budget 2022 med planeringsramar 2023-2025 enligt Kristdemokraternas f\u00f6rslag.<\/a><\/li>\n<li>Yrkandet avslogs.<\/li>\n<\/ul>\n<p><strong>Motivering till yrkandet:<\/strong><br \/>\nKristdemokraterna sitter sedan 2018 i opposition under ett M, V, S, MP och C-styre. V\u00e5r budget inneh\u00e5ller d\u00e4rf\u00f6r andra prioriteringar \u00e4n liggande f\u00f6rslag. I st\u00e4llet f\u00f6r att sk\u00e4ra ned p\u00e5 skola och f\u00f6rskola genom l\u00e5ga uppr\u00e4kningar, s\u00e5 satsar vi p\u00e5 minskade barngrupper, \u00f6kad personalt\u00e4thet och att \u00e5terinf\u00f6ra barnomsorg p\u00e5 obekv\u00e4m arbetstid. I st\u00e4llet f\u00f6r att f\u00f6r att h\u00f6ja skatten med 70 \u00f6re, och sedan s\u00e4nka den lika mycket, planerar vi f\u00f6r en l\u00e5ngsiktigt h\u00e5llbar ekonomi med fokus p\u00e5 b\u00e4ttre v\u00e4lf\u00e4rd. I st\u00e4llet f\u00f6r att planera f\u00f6r h\u00f6ghus i betong, planerar vi f\u00f6r sm\u00e5hus i tr\u00e4. Skillnaderna \u00e4r m\u00e5nga och klart st\u00e5r att Knivsta kommun skulle st\u00e5 b\u00e4ttre rustade f\u00f6r framtiden med ett nytt politiskt ledarskap.<strong>\u00a0<\/strong><\/p>\n<p><strong>\u00a0<\/strong><strong>\u00a0&#8212;<\/strong><\/p>\n<p><strong>\u00c4rende 12<br \/>\nMotion 2020:11 fr\u00e5n Kristdemokraterna &#8211; Revidera Knivsta kommuns riktlinjer f\u00f6r god ekonomisk hush\u00e5llning <\/strong><\/p>\n<ul>\n<li>H\u00e4r yrkade vi att\u00a0bifalla v\u00e5rt f\u00f6rslag om att inf\u00f6ra ett l\u00e5netak och att minska kommunens beroende av exploateringsvinster.<\/li>\n<li>V\u00e5ra yrkanden avslogs till f\u00f6rm\u00e5n f\u00f6r att besvara motionen.<\/li>\n<\/ul>\n<p><strong>Motivering till yrkandet:<\/strong><br \/>\nVi finner det m\u00e4rkligt att styret ans\u00e5g motionen besvarad trots att de inte reviderar riktlinkerna i enlighet med det vi f\u00f6resl\u00e5r. Visserligen har liggande f\u00f6rslag till m\u00e5l och budget ett minskat beroende av exploateringsvinster i driftbudgeten, men n\u00e5gon utfasning f\u00f6resl\u00e5s inte. D\u00e4rtill finns inget f\u00f6rslag om vare sig l\u00e5netak eller skrivning om att \u00f6verskott ska g\u00e5 till att minska kommunens l\u00e5neskuld. Vi yrkade d\u00e4rf\u00f6r fortsatt att bifalla motionen.<\/p>\n<p><strong>\u00a0&#8212;<\/strong><\/p>\n<p><strong>\u00c4rende 13<br \/>\nSvar p\u00e5 motion 2020:12 fr\u00e5n Bj\u00f6rn-Owe Bj\u00f6rk (KD) &#8212; Revidera Knivsta kommuns partist\u00f6d till fullm\u00e4ktige <\/strong><\/p>\n<ul>\n<li>Motionen handlar om att se \u00f6ver hur partist\u00f6det fungerar i Knivsta kommun, som har bland de l\u00e4gsta st\u00f6den i landet<\/li>\n<li>Klas Bergstr\u00f6m (M) f\u00f6reslog i ett ordf\u00f6randebeslut att avsl\u00e5 motionen.<\/li>\n<li>Styret sprack, och med hj\u00e4lp av (S) bif\u00f6lls bif\u00f6lls v\u00e5rt yrkande.<\/li>\n<\/ul>\n<p><strong>Motivering till yrkandet:<\/strong><br \/>\nKnivsta kommunen har ett av landets l\u00e4gsta partist\u00f6d, vilket inneb\u00e4r att stora partier gynnas och sm\u00e5 partier missgynnas. I l\u00e4ngden blir detta ett demokratiskt problem eftersom det blir att bara de som har r\u00e5d att bekosta politiska kampanjer och tj\u00e4nster f\u00e5r utrymme lokalt. Alla andra f\u00f6rv\u00e4ntas l\u00f6sa saker och ting gratis och betalar ofta ur egen ficka. Det f\u00f6rsvagar demokratin.<\/p>\n<p>Under m\u00f6tet med kommunstyrelsen blev det tydligt att det var m\u00f6jligt att f\u00e5 fram en majoritet f\u00f6r v\u00e5rt f\u00f6rslag, trots att Klas Bergstr\u00f6m genom ett ordf\u00f6randebeslut f\u00f6reslagit att avsl\u00e5 helt. Hans motivering var knapph\u00e4ndig och baserad p\u00e5 tyckande:<\/p>\n<div class=\"page\" title=\"Page 163\">\n<div class=\"layoutArea\">\n<div class=\"column\">\n<p><em>&#8221;Kommunstyrelsens ordf\u00f6rande anser att partist\u00f6den idag \u00e4r tillr\u00e4ckligt.\u00a0<\/em><em>Det \u00e4r d\u00e4rf\u00f6r sv\u00e5rt att motivera tills\u00e4ttandet av en beredning att g\u00f6ra en \u00f6versyn.&#8221;<\/em><\/p>\n<p>F\u00f6r att vinna bifall beh\u00f6vdes dock en n\u00e5got reviderad att-sats, eftersom det m\u00e5ste framg\u00e5 att det \u00e4r kommunfullm\u00e4ktige som ska ge uppdraget, inte kommunstyrelsen. D\u00e4rf\u00f6r f\u00f6reslog vi en revidering vilket resulterade i att f\u00f6rslaget vann bifall. Den nya lydelsen blev:<\/p>\n<p>Att f\u00f6resl\u00e5 kommunfullm\u00e4ktige besluta att uppdra nuvarande ers\u00e4ttningsberedning att utreda fr\u00e5gan i enlighet med motionens interntioner.<\/p>\n<\/div>\n<\/div>\n<\/div>\n<p><strong>\u00a0&#8212;<\/strong><\/p>\n<p><strong>\u00c4rende 17<br \/>\nRiktlinjer f\u00f6r god ekonomisk hush\u00e5llning \u2013 revidering <\/strong><\/p>\n<ul>\n<li>I enlighet med den kristdemokratiska motion som behandlades under \u00e4rende 12 (<em>Motion 2020:11 fr\u00e5n Kristdemokraterna &#8211; Revidera Knivsta kommuns riktlinjer f\u00f6r god ekonomisk hush\u00e5llning<\/em>) s\u00e5 yrkade vi h\u00e4r att komplettera riktlinjerna med v\u00e5ra f\u00f6rslag.<\/li>\n<li>V\u00e5ra yrkanden avslogs.<\/li>\n<\/ul>\n<p>&#8212;<\/p>\n<p><strong>\u00c4rende 23<br \/>\nAns\u00f6kan om planbesked f\u00f6r bost\u00e4der, Knivsta Gredelby 2:1 <\/strong><\/p>\n<div>\n<ul>\n<li>\u00c4rendet handlar om nya 30-40 nya bost\u00e4der \u00f6ster om K\u00f6l\u00e4ngsv\u00e4gen mellan Timotejv\u00e4gen och Tuvstarrsv\u00e4gen<\/li>\n<li>Vi yrkade att i tidigt skede planera f\u00f6r god framkomlighet f\u00f6r trafikanter i anslutning till byggnationen, samt att s\u00e4kerst\u00e4lla tillr\u00e4ckliga gr\u00f6nytor runt det nya bostadsomr\u00e5det och att byggnaderna ska harmoniera v\u00e4l med sin omgivning.<\/li>\n<li>V\u00e5ra yrkanden avslogs.<\/li>\n<\/ul>\n<\/div>\n<p>Den senaste tidens trafikkaos runt nybyggnationer i eller i anslutning till Gredelbyleden f\u00f6ranleder att vara \u00e4n mer noggrann i planeringen fram\u00f6ver. Vi \u00e4r d\u00e4rf\u00f6r besvikna att styret avslog v\u00e5ra f\u00f6rslag.<\/p>\n<p>Till viss del \u00e4r det f\u00f6rst\u00e5eligt att de h\u00e4nvisar till redan antagna planer d\u00e4r liknande formuleringar finns, men dessv\u00e4rre kan vi ju konstatera att planerna inte g\u00f6r n\u00e5gon reell skillnad eftersom det trots allt uppst\u00e5r oh\u00e5llbara situationer med l\u00e5nga k\u00f6er och trafikfaror. Detta blir extra viktigt denna g\u00e5ng eftersom bygget kommer att ligga i n\u00e4stintill direkt anslutning till en av kommunens st\u00f6rsta f\u00f6rskolor Norrg\u00e5rden.<\/p>\n<p>I \u00f6vrigt \u00e4r det positivt att den f\u00f6reslagna nybyggnationen \u00e4r i ganska begr\u00e4nsad omfattning och f\u00f6ljer principerna f\u00f6r en tr\u00e4dg\u00e5rdsstad. Eftersom det \u00e4r skogsmark som tas i bruk \u00e4r vi dock fortsatt oroade f\u00f6r hur omr\u00e5det kommer upplevas: blir det f\u00f6r tr\u00e5ngt och skuggigt eller gr\u00f6nt och trivsamt? Inte heller h\u00e4r ville styret g\u00e5 med p\u00e5 att s\u00e4kerst\u00e4lla att husen ska harmoniera med sin omgivning eller s\u00e4kerst\u00e4lla gr\u00f6nytor, vilket vi beklagar.<\/p>\n","protected":false},"excerpt":{"rendered":"<p>Som ett led i att ber\u00e4tta vad KD i Knivsta g\u00f6r f\u00f6r v\u00e4ljarnas mandat, och hur vi st\u00e4ller oss i olika f\u00f6rslag som styret l\u00e4gger fram f\u00f6r beslut, kommer h\u00e4r en rapport fr\u00e5n senaste kommunstyrelsen. Kristdemokraternas representanter \u00e4r Mimmi Westerlund och Oscar Hahne. Dagordningen inneh\u00f6ll \u00a023 besluts\u00e4renden, inklusive fyra motioner fr\u00e5n oppositionen och ett n\u00e4mndinitiativ. <a class=\"read-more-link\" href=\"https:\/\/wp.kristdemokraterna.se\/knivsta\/2722-2\/\">Read More<\/a><\/p>\n","protected":false},"author":481,"featured_media":0,"comment_status":"closed","ping_status":"closed","sticky":false,"template":"","format":"standard","meta":{"_acf_changed":false,"footnotes":""},"categories":[1],"tags":[],"class_list":["post-2722","post","type-post","status-publish","format-standard","hentry","category-knivsta"],"acf":[],"yoast_head":"<!-- This site is optimized with the Yoast SEO plugin v27.4 - https:\/\/yoast.com\/product\/yoast-seo-wordpress\/ -->\n<title>Oppositionsrapport fr\u00e5n kommunstyrelsen i augusti 2021 - Knivsta<\/title>\n<meta name=\"robots\" content=\"index, follow, max-snippet:-1, max-image-preview:large, max-video-preview:-1\" \/>\n<link rel=\"canonical\" href=\"https:\/\/wp.kristdemokraterna.se\/knivsta\/2722-2\/\" \/>\n<meta property=\"og:locale\" content=\"sv_SE\" \/>\n<meta property=\"og:type\" content=\"article\" \/>\n<meta property=\"og:title\" content=\"Oppositionsrapport fr\u00e5n kommunstyrelsen i augusti 2021 - Knivsta\" \/>\n<meta property=\"og:description\" content=\"Som ett led i att ber\u00e4tta vad KD i Knivsta g\u00f6r f\u00f6r v\u00e4ljarnas mandat, och hur vi st\u00e4ller oss i olika f\u00f6rslag som styret l\u00e4gger fram f\u00f6r beslut, kommer h\u00e4r en rapport fr\u00e5n senaste kommunstyrelsen. Kristdemokraternas representanter \u00e4r Mimmi Westerlund och Oscar Hahne. Dagordningen inneh\u00f6ll \u00a023 besluts\u00e4renden, inklusive fyra motioner fr\u00e5n oppositionen och ett n\u00e4mndinitiativ. Read More\" \/>\n<meta property=\"og:url\" content=\"https:\/\/wp.kristdemokraterna.se\/knivsta\/2722-2\/\" \/>\n<meta property=\"og:site_name\" content=\"Knivsta\" \/>\n<meta property=\"article:publisher\" content=\"https:\/\/www.facebook.com\/kdknivsta\" \/>\n<meta property=\"article:published_time\" content=\"2021-08-27T10:18:36+00:00\" \/>\n<meta property=\"article:modified_time\" content=\"2021-08-30T07:06:31+00:00\" \/>\n<meta property=\"og:image\" content=\"https:\/\/wp.kristdemokraterna.se\/knivsta\/files\/2018\/11\/knivstakommunhus.jpg\" \/>\n\t<meta property=\"og:image:width\" content=\"1000\" \/>\n\t<meta property=\"og:image:height\" content=\"540\" \/>\n\t<meta property=\"og:image:type\" content=\"image\/jpeg\" \/>\n<meta name=\"author\" content=\"knivsta\" \/>\n<meta name=\"twitter:card\" content=\"summary_large_image\" \/>\n<meta name=\"twitter:label1\" content=\"Skriven av\" \/>\n\t<meta name=\"twitter:data1\" content=\"knivsta\" \/>\n\t<meta name=\"twitter:label2\" content=\"Ber\u00e4knad l\u00e4stid\" \/>\n\t<meta name=\"twitter:data2\" content=\"5 minuter\" \/>\n<script type=\"application\/ld+json\" class=\"yoast-schema-graph\">{\"@context\":\"https:\\\/\\\/schema.org\",\"@graph\":[{\"@type\":\"Article\",\"@id\":\"https:\\\/\\\/wp.kristdemokraterna.se\\\/knivsta\\\/2722-2\\\/#article\",\"isPartOf\":{\"@id\":\"https:\\\/\\\/wp.kristdemokraterna.se\\\/knivsta\\\/2722-2\\\/\"},\"author\":{\"name\":\"knivsta\",\"@id\":\"https:\\\/\\\/wp.kristdemokraterna.se\\\/knivsta\\\/#\\\/schema\\\/person\\\/41c1d3b208899a9de023f9206cac1f52\"},\"headline\":\"Oppositionsrapport fr\u00e5n kommunstyrelsen i augusti 2021\",\"datePublished\":\"2021-08-27T10:18:36+00:00\",\"dateModified\":\"2021-08-30T07:06:31+00:00\",\"mainEntityOfPage\":{\"@id\":\"https:\\\/\\\/wp.kristdemokraterna.se\\\/knivsta\\\/2722-2\\\/\"},\"wordCount\":1310,\"articleSection\":[\"Knivsta\"],\"inLanguage\":\"sv-SE\"},{\"@type\":\"WebPage\",\"@id\":\"https:\\\/\\\/wp.kristdemokraterna.se\\\/knivsta\\\/2722-2\\\/\",\"url\":\"https:\\\/\\\/wp.kristdemokraterna.se\\\/knivsta\\\/2722-2\\\/\",\"name\":\"Oppositionsrapport fr\u00e5n kommunstyrelsen i augusti 2021 - Knivsta\",\"isPartOf\":{\"@id\":\"https:\\\/\\\/wp.kristdemokraterna.se\\\/knivsta\\\/#website\"},\"datePublished\":\"2021-08-27T10:18:36+00:00\",\"dateModified\":\"2021-08-30T07:06:31+00:00\",\"author\":{\"@id\":\"https:\\\/\\\/wp.kristdemokraterna.se\\\/knivsta\\\/#\\\/schema\\\/person\\\/41c1d3b208899a9de023f9206cac1f52\"},\"breadcrumb\":{\"@id\":\"https:\\\/\\\/wp.kristdemokraterna.se\\\/knivsta\\\/2722-2\\\/#breadcrumb\"},\"inLanguage\":\"sv-SE\",\"potentialAction\":[{\"@type\":\"ReadAction\",\"target\":[\"https:\\\/\\\/wp.kristdemokraterna.se\\\/knivsta\\\/2722-2\\\/\"]}]},{\"@type\":\"BreadcrumbList\",\"@id\":\"https:\\\/\\\/wp.kristdemokraterna.se\\\/knivsta\\\/2722-2\\\/#breadcrumb\",\"itemListElement\":[{\"@type\":\"ListItem\",\"position\":1,\"name\":\"Hem\",\"item\":\"https:\\\/\\\/wp.kristdemokraterna.se\\\/knivsta\\\/\"},{\"@type\":\"ListItem\",\"position\":2,\"name\":\"Oppositionsrapport fr\u00e5n kommunstyrelsen i augusti 2021\"}]},{\"@type\":\"WebSite\",\"@id\":\"https:\\\/\\\/wp.kristdemokraterna.se\\\/knivsta\\\/#website\",\"url\":\"https:\\\/\\\/wp.kristdemokraterna.se\\\/knivsta\\\/\",\"name\":\"Knivsta\",\"description\":\" F\u00f6r ett b\u00e4ttre samh\u00e4lle\",\"inLanguage\":\"sv-SE\"},{\"@type\":\"Person\",\"@id\":\"https:\\\/\\\/wp.kristdemokraterna.se\\\/knivsta\\\/#\\\/schema\\\/person\\\/41c1d3b208899a9de023f9206cac1f52\",\"name\":\"knivsta\",\"image\":{\"@type\":\"ImageObject\",\"inLanguage\":\"sv-SE\",\"@id\":\"https:\\\/\\\/secure.gravatar.com\\\/avatar\\\/68a509c7c53375b65b47d1d3c17559bd62f1e272f97020f0faeec022f4f79769?s=96&r=g\",\"url\":\"https:\\\/\\\/secure.gravatar.com\\\/avatar\\\/68a509c7c53375b65b47d1d3c17559bd62f1e272f97020f0faeec022f4f79769?s=96&r=g\",\"contentUrl\":\"https:\\\/\\\/secure.gravatar.com\\\/avatar\\\/68a509c7c53375b65b47d1d3c17559bd62f1e272f97020f0faeec022f4f79769?s=96&r=g\",\"caption\":\"knivsta\"},\"url\":\"https:\\\/\\\/wp.kristdemokraterna.se\\\/knivsta\\\/author\\\/knivsta\\\/\"}]}<\/script>\n<!-- \/ Yoast SEO plugin. -->","yoast_head_json":{"title":"Oppositionsrapport fr\u00e5n kommunstyrelsen i augusti 2021 - Knivsta","robots":{"index":"index","follow":"follow","max-snippet":"max-snippet:-1","max-image-preview":"max-image-preview:large","max-video-preview":"max-video-preview:-1"},"canonical":"https:\/\/wp.kristdemokraterna.se\/knivsta\/2722-2\/","og_locale":"sv_SE","og_type":"article","og_title":"Oppositionsrapport fr\u00e5n kommunstyrelsen i augusti 2021 - Knivsta","og_description":"Som ett led i att ber\u00e4tta vad KD i Knivsta g\u00f6r f\u00f6r v\u00e4ljarnas mandat, och hur vi st\u00e4ller oss i olika f\u00f6rslag som styret l\u00e4gger fram f\u00f6r beslut, kommer h\u00e4r en rapport fr\u00e5n senaste kommunstyrelsen. Kristdemokraternas representanter \u00e4r Mimmi Westerlund och Oscar Hahne. Dagordningen inneh\u00f6ll \u00a023 besluts\u00e4renden, inklusive fyra motioner fr\u00e5n oppositionen och ett n\u00e4mndinitiativ. Read More","og_url":"https:\/\/wp.kristdemokraterna.se\/knivsta\/2722-2\/","og_site_name":"Knivsta","article_publisher":"https:\/\/www.facebook.com\/kdknivsta","article_published_time":"2021-08-27T10:18:36+00:00","article_modified_time":"2021-08-30T07:06:31+00:00","og_image":[{"width":1000,"height":540,"url":"https:\/\/wp.kristdemokraterna.se\/knivsta\/files\/2018\/11\/knivstakommunhus.jpg","type":"image\/jpeg"}],"author":"knivsta","twitter_card":"summary_large_image","twitter_misc":{"Skriven av":"knivsta","Ber\u00e4knad l\u00e4stid":"5 minuter"},"schema":{"@context":"https:\/\/schema.org","@graph":[{"@type":"Article","@id":"https:\/\/wp.kristdemokraterna.se\/knivsta\/2722-2\/#article","isPartOf":{"@id":"https:\/\/wp.kristdemokraterna.se\/knivsta\/2722-2\/"},"author":{"name":"knivsta","@id":"https:\/\/wp.kristdemokraterna.se\/knivsta\/#\/schema\/person\/41c1d3b208899a9de023f9206cac1f52"},"headline":"Oppositionsrapport fr\u00e5n kommunstyrelsen i augusti 2021","datePublished":"2021-08-27T10:18:36+00:00","dateModified":"2021-08-30T07:06:31+00:00","mainEntityOfPage":{"@id":"https:\/\/wp.kristdemokraterna.se\/knivsta\/2722-2\/"},"wordCount":1310,"articleSection":["Knivsta"],"inLanguage":"sv-SE"},{"@type":"WebPage","@id":"https:\/\/wp.kristdemokraterna.se\/knivsta\/2722-2\/","url":"https:\/\/wp.kristdemokraterna.se\/knivsta\/2722-2\/","name":"Oppositionsrapport fr\u00e5n kommunstyrelsen i augusti 2021 - Knivsta","isPartOf":{"@id":"https:\/\/wp.kristdemokraterna.se\/knivsta\/#website"},"datePublished":"2021-08-27T10:18:36+00:00","dateModified":"2021-08-30T07:06:31+00:00","author":{"@id":"https:\/\/wp.kristdemokraterna.se\/knivsta\/#\/schema\/person\/41c1d3b208899a9de023f9206cac1f52"},"breadcrumb":{"@id":"https:\/\/wp.kristdemokraterna.se\/knivsta\/2722-2\/#breadcrumb"},"inLanguage":"sv-SE","potentialAction":[{"@type":"ReadAction","target":["https:\/\/wp.kristdemokraterna.se\/knivsta\/2722-2\/"]}]},{"@type":"BreadcrumbList","@id":"https:\/\/wp.kristdemokraterna.se\/knivsta\/2722-2\/#breadcrumb","itemListElement":[{"@type":"ListItem","position":1,"name":"Hem","item":"https:\/\/wp.kristdemokraterna.se\/knivsta\/"},{"@type":"ListItem","position":2,"name":"Oppositionsrapport fr\u00e5n kommunstyrelsen i augusti 2021"}]},{"@type":"WebSite","@id":"https:\/\/wp.kristdemokraterna.se\/knivsta\/#website","url":"https:\/\/wp.kristdemokraterna.se\/knivsta\/","name":"Knivsta","description":" F\u00f6r ett b\u00e4ttre samh\u00e4lle","inLanguage":"sv-SE"},{"@type":"Person","@id":"https:\/\/wp.kristdemokraterna.se\/knivsta\/#\/schema\/person\/41c1d3b208899a9de023f9206cac1f52","name":"knivsta","image":{"@type":"ImageObject","inLanguage":"sv-SE","@id":"https:\/\/secure.gravatar.com\/avatar\/68a509c7c53375b65b47d1d3c17559bd62f1e272f97020f0faeec022f4f79769?s=96&r=g","url":"https:\/\/secure.gravatar.com\/avatar\/68a509c7c53375b65b47d1d3c17559bd62f1e272f97020f0faeec022f4f79769?s=96&r=g","contentUrl":"https:\/\/secure.gravatar.com\/avatar\/68a509c7c53375b65b47d1d3c17559bd62f1e272f97020f0faeec022f4f79769?s=96&r=g","caption":"knivsta"},"url":"https:\/\/wp.kristdemokraterna.se\/knivsta\/author\/knivsta\/"}]}},"_links":{"self":[{"href":"https:\/\/wp.kristdemokraterna.se\/knivsta\/wp-json\/wp\/v2\/posts\/2722","targetHints":{"allow":["GET"]}}],"collection":[{"href":"https:\/\/wp.kristdemokraterna.se\/knivsta\/wp-json\/wp\/v2\/posts"}],"about":[{"href":"https:\/\/wp.kristdemokraterna.se\/knivsta\/wp-json\/wp\/v2\/types\/post"}],"author":[{"embeddable":true,"href":"https:\/\/wp.kristdemokraterna.se\/knivsta\/wp-json\/wp\/v2\/users\/481"}],"replies":[{"embeddable":true,"href":"https:\/\/wp.kristdemokraterna.se\/knivsta\/wp-json\/wp\/v2\/comments?post=2722"}],"version-history":[{"count":13,"href":"https:\/\/wp.kristdemokraterna.se\/knivsta\/wp-json\/wp\/v2\/posts\/2722\/revisions"}],"predecessor-version":[{"id":2737,"href":"https:\/\/wp.kristdemokraterna.se\/knivsta\/wp-json\/wp\/v2\/posts\/2722\/revisions\/2737"}],"wp:attachment":[{"href":"https:\/\/wp.kristdemokraterna.se\/knivsta\/wp-json\/wp\/v2\/media?parent=2722"}],"wp:term":[{"taxonomy":"category","embeddable":true,"href":"https:\/\/wp.kristdemokraterna.se\/knivsta\/wp-json\/wp\/v2\/categories?post=2722"},{"taxonomy":"post_tag","embeddable":true,"href":"https:\/\/wp.kristdemokraterna.se\/knivsta\/wp-json\/wp\/v2\/tags?post=2722"}],"curies":[{"name":"wp","href":"https:\/\/api.w.org\/{rel}","templated":true}]}}