{"id":2911,"date":"2021-12-06T21:40:37","date_gmt":"2021-12-06T20:40:37","guid":{"rendered":"https:\/\/wp.kristdemokraterna.se\/knivsta\/?p=2911"},"modified":"2021-12-09T21:41:44","modified_gmt":"2021-12-09T20:41:44","slug":"larares-forutsattningar-i-botten-i-knivsta","status":"publish","type":"post","link":"https:\/\/wp.kristdemokraterna.se\/knivsta\/larares-forutsattningar-i-botten-i-knivsta\/","title":{"rendered":"L\u00e4rares f\u00f6ruts\u00e4ttningar i botten i Knivsta"},"content":{"rendered":"<div class=\"kvgmc6g5 cxmmr5t8 oygrvhab hcukyx3x c1et5uql ii04i59q\">\n<div dir=\"auto\">Skolan \u00e4r bland det viktigaste vi har att hantera i lokalpolitiken. Kanske \u00e4r det d\u00e4rf\u00f6r debatten om Knivstas skolor stundvis har varit h\u00e5rd denna period. Vi kristdemokrater har bland annat blivit beskyllda f\u00f6r att glida p\u00e5 sanningen n\u00e4r vi skrivit att det finns signaler som tyder p\u00e5 att utvecklingen g\u00e5r \u00e5t fel h\u00e5ll.<\/div>\n<div dir=\"auto\"><\/div>\n<\/div>\n<div class=\"cxmmr5t8 oygrvhab hcukyx3x c1et5uql o9v6fnle ii04i59q\">\n<div dir=\"auto\">Men nu visar L\u00e4rarf\u00f6rbundets \u00e5rliga rapport &#8221;B\u00e4sta skolkommun 2021&#8221; att det, precis som vi varnat f\u00f6r, finns anledning till oro. Knivsta hamnar n\u00e4mligen p\u00e5 plats 241 av 290, och n\u00e5gra v\u00e4rden \u00e4r s\u00e4rskilt allvarliga:<\/div>\n<\/div>\n<div class=\"cxmmr5t8 oygrvhab hcukyx3x c1et5uql o9v6fnle ii04i59q\">\n<div dir=\"auto\"><span class=\"pq6dq46d tbxw36s4 knj5qynh kvgmc6g5 ditlmg2l oygrvhab nvdbi5me sf5mxxl7 gl3lb2sf hhz5lgdu\"><img loading=\"lazy\" decoding=\"async\" src=\"https:\/\/static.xx.fbcdn.net\/images\/emoji.php\/v9\/t6e\/1\/16\/1f534.png\" alt=\"\ud83d\udd34\" width=\"16\" height=\"16\" \/><\/span> L\u00e4rart\u00e4thet (fr\u00e5n plats fr\u00e5n 281 till 275)<\/div>\n<div dir=\"auto\"><span class=\"pq6dq46d tbxw36s4 knj5qynh kvgmc6g5 ditlmg2l oygrvhab nvdbi5me sf5mxxl7 gl3lb2sf hhz5lgdu\"><img loading=\"lazy\" decoding=\"async\" src=\"https:\/\/static.xx.fbcdn.net\/images\/emoji.php\/v9\/t6e\/1\/16\/1f534.png\" alt=\"\ud83d\udd34\" width=\"16\" height=\"16\" \/><\/span> Friska l\u00e4rare (fr\u00e5n plats 175 till 273)<\/div>\n<div dir=\"auto\"><span class=\"pq6dq46d tbxw36s4 knj5qynh kvgmc6g5 ditlmg2l oygrvhab nvdbi5me sf5mxxl7 gl3lb2sf hhz5lgdu\"><img loading=\"lazy\" decoding=\"async\" src=\"https:\/\/static.xx.fbcdn.net\/images\/emoji.php\/v9\/t6e\/1\/16\/1f534.png\" alt=\"\ud83d\udd34\" width=\"16\" height=\"16\" \/><\/span> L\u00e4rarl\u00f6ner (fr\u00e5n plats 127 till 203)<\/div>\n<div dir=\"auto\"><span class=\"pq6dq46d tbxw36s4 knj5qynh kvgmc6g5 ditlmg2l oygrvhab nvdbi5me sf5mxxl7 gl3lb2sf hhz5lgdu\"><img loading=\"lazy\" decoding=\"async\" src=\"https:\/\/static.xx.fbcdn.net\/images\/emoji.php\/v9\/t6e\/1\/16\/1f534.png\" alt=\"\ud83d\udd34\" width=\"16\" height=\"16\" \/><\/span> Utbildade l\u00e4rare (fr\u00e5n plats 119 till 151)<\/div>\n<div dir=\"auto\"><\/div>\n<\/div>\n<div class=\"cxmmr5t8 oygrvhab hcukyx3x c1et5uql o9v6fnle ii04i59q\">\n<div dir=\"auto\">Det som fr\u00e4mst kritiseras i rapporten \u00e4r styrningen och ledningen, personalens f\u00f6ruts\u00e4ttningar \u2013 medan det som lyfts som ljusglimtar \u00e4r det otroliga jobbet som v\u00e5ra l\u00e4rare g\u00f6r:<\/div>\n<div dir=\"auto\"><\/div>\n<\/div>\n<div class=\"cxmmr5t8 oygrvhab hcukyx3x c1et5uql o9v6fnle ii04i59q\">\n<div dir=\"auto\"><span class=\"pq6dq46d tbxw36s4 knj5qynh kvgmc6g5 ditlmg2l oygrvhab nvdbi5me sf5mxxl7 gl3lb2sf hhz5lgdu\"><img loading=\"lazy\" decoding=\"async\" src=\"https:\/\/static.xx.fbcdn.net\/images\/emoji.php\/v9\/tfc\/1\/16\/1f7e2.png\" alt=\"\ud83d\udfe2\" width=\"16\" height=\"16\" \/><\/span> Trots att n\u00e5got f\u00e4rre g\u00e5r ut 9:an med godk\u00e4nda betyg i Knivsta hoppar vi upp i j\u00e4mf\u00f6relse med andra kommuner som presterat s\u00e4mre (Fr\u00e5n 223 till 102)<\/div>\n<div dir=\"auto\"><span class=\"pq6dq46d tbxw36s4 knj5qynh kvgmc6g5 ditlmg2l oygrvhab nvdbi5me sf5mxxl7 gl3lb2sf hhz5lgdu\"><img loading=\"lazy\" decoding=\"async\" src=\"https:\/\/static.xx.fbcdn.net\/images\/emoji.php\/v9\/tfc\/1\/16\/1f7e2.png\" alt=\"\ud83d\udfe2\" width=\"16\" height=\"16\" \/><\/span> B\u00e4ttre meritv\u00e4rden (fr\u00e5n 196 till 68)<\/div>\n<div dir=\"auto\"><\/div>\n<\/div>\n<div class=\"cxmmr5t8 oygrvhab hcukyx3x c1et5uql o9v6fnle ii04i59q\">\n<div dir=\"auto\">Vi kristdemokrater har lett utbildningsn\u00e4mnden i Knivsta f\u00f6rut. Vi \u00e4r beredda att g\u00f6ra det igen. I v\u00e5r skuggbudget har vi lagt +15 miljoner j\u00e4mf\u00f6rt med nuvarande majoritet. Det \u00e4r ett l\u00f6fte att om vi fick styra skolpolitiken skulle resurser till skolan och f\u00f6rskolan prioriteras igen.<\/div>\n<\/div>\n<div class=\"cxmmr5t8 oygrvhab hcukyx3x c1et5uql o9v6fnle ii04i59q\">\n<div dir=\"auto\">Knivsta f\u00f6rtj\u00e4nar b\u00e4ttre.<\/div>\n<div dir=\"auto\"><\/div>\n<\/div>\n<div class=\"cxmmr5t8 oygrvhab hcukyx3x c1et5uql o9v6fnle ii04i59q\">\n<div dir=\"auto\">L\u00e4s hela rapporten h\u00e4r:<\/div>\n<div dir=\"auto\"><a class=\"oajrlxb2 g5ia77u1 qu0x051f esr5mh6w e9989ue4 r7d6kgcz rq0escxv nhd2j8a9 nc684nl6 p7hjln8o kvgmc6g5 cxmmr5t8 oygrvhab hcukyx3x jb3vyjys rz4wbd8a qt6c0cv9 a8nywdso i1ao9s8h esuyzwwr f1sip0of lzcic4wl gpro0wi8 py34i1dx\" role=\"link\" href=\"https:\/\/www.lararforbundet.se\/basta-skolkommun\/2021\/knivsta?fbclid=IwAR3O2f1e5TmAi5bgDkyGeTQ3Fok5RfmCQi6nyWDYdpv3YzvJj3SfA60NUQs\" target=\"_blank\" rel=\"nofollow noopener\">https:\/\/www.lararforbundet.se\/basta-skolkommun\/2021\/knivsta<\/a><\/div>\n<\/div>\n<div class=\"cxmmr5t8 oygrvhab hcukyx3x c1et5uql o9v6fnle ii04i59q\">\n<div dir=\"auto\"><\/div>\n<\/div>\n<div class=\"cxmmr5t8 oygrvhab hcukyx3x c1et5uql o9v6fnle ii04i59q\">\n<div dir=\"auto\">Bli medlem i KD:<\/div>\n<div dir=\"auto\"><a class=\"oajrlxb2 g5ia77u1 qu0x051f esr5mh6w e9989ue4 r7d6kgcz rq0escxv nhd2j8a9 nc684nl6 p7hjln8o kvgmc6g5 cxmmr5t8 oygrvhab hcukyx3x jb3vyjys rz4wbd8a qt6c0cv9 a8nywdso i1ao9s8h esuyzwwr f1sip0of lzcic4wl gpro0wi8 py34i1dx\" role=\"link\" href=\"https:\/\/l.facebook.com\/l.php?u=http%3A%2F%2FKD.nu%2Fblimedlem%3Ffbclid%3DIwAR0c5QT3UHnGudoUAIVNxyMs81h3Yz7TBiFGPSkolaM2tXDCdij37WCXGiY&amp;h=AT1QTizYnpkcyB8GIA-yZAWlNcGxkcAnLOZ9rdx7FPcZS5Fl3hwl9-KK2Pg0ZnrAztTepSrCCql9n60UhLompVsCQhfV6BtFkuYhnHqYHf53hMdDBeHYHVXnLFJYLaGxzg&amp;__tn__=-UK-R&amp;c[0]=AT0xVe4tlTO_3ReSCJOKIuApMIEAGy48RgHhhbeLN_QyLdxSZffoibZCOV_mXTsnFesqOjsA7vMHxhck5UQFTv1XUf3MigsD106rnmvV-NZUENyNXql3pmqkSZ4acqhuL_oM-ZM6EGfcudy6Ad8vAAhSAdbyA-MTqzPsbjECcVPXxg\" target=\"_blank\" rel=\"nofollow noopener\">KD.nu\/blimedlem<\/a><\/div>\n<\/div>\n","protected":false},"excerpt":{"rendered":"<p>Skolan \u00e4r bland det viktigaste vi har att hantera i lokalpolitiken. Kanske \u00e4r det d\u00e4rf\u00f6r debatten om Knivstas skolor stundvis har varit h\u00e5rd denna period. Vi kristdemokrater har bland annat blivit beskyllda f\u00f6r att glida p\u00e5 sanningen n\u00e4r vi skrivit att det finns signaler som tyder p\u00e5 att utvecklingen g\u00e5r \u00e5t fel h\u00e5ll. Men nu <a class=\"read-more-link\" href=\"https:\/\/wp.kristdemokraterna.se\/knivsta\/larares-forutsattningar-i-botten-i-knivsta\/\">Read More<\/a><\/p>\n","protected":false},"author":481,"featured_media":0,"comment_status":"closed","ping_status":"closed","sticky":false,"template":"","format":"standard","meta":{"_acf_changed":false,"footnotes":""},"categories":[1],"tags":[],"class_list":["post-2911","post","type-post","status-publish","format-standard","hentry","category-knivsta"],"acf":[],"yoast_head":"<!-- This site is optimized with the Yoast SEO plugin v27.5 - https:\/\/yoast.com\/product\/yoast-seo-wordpress\/ -->\n<title>L\u00e4rares f\u00f6ruts\u00e4ttningar i botten i Knivsta - Knivsta<\/title>\n<meta name=\"robots\" content=\"index, follow, max-snippet:-1, max-image-preview:large, max-video-preview:-1\" \/>\n<link rel=\"canonical\" href=\"https:\/\/wp.kristdemokraterna.se\/knivsta\/larares-forutsattningar-i-botten-i-knivsta\/\" \/>\n<meta property=\"og:locale\" content=\"sv_SE\" \/>\n<meta property=\"og:type\" content=\"article\" \/>\n<meta property=\"og:title\" content=\"L\u00e4rares f\u00f6ruts\u00e4ttningar i botten i Knivsta - Knivsta\" \/>\n<meta property=\"og:description\" content=\"Skolan \u00e4r bland det viktigaste vi har att hantera i lokalpolitiken. Kanske \u00e4r det d\u00e4rf\u00f6r debatten om Knivstas skolor stundvis har varit h\u00e5rd denna period. Vi kristdemokrater har bland annat blivit beskyllda f\u00f6r att glida p\u00e5 sanningen n\u00e4r vi skrivit att det finns signaler som tyder p\u00e5 att utvecklingen g\u00e5r \u00e5t fel h\u00e5ll. Men nu Read More\" \/>\n<meta property=\"og:url\" content=\"https:\/\/wp.kristdemokraterna.se\/knivsta\/larares-forutsattningar-i-botten-i-knivsta\/\" \/>\n<meta property=\"og:site_name\" content=\"Knivsta\" \/>\n<meta property=\"article:publisher\" content=\"https:\/\/www.facebook.com\/kdknivsta\" \/>\n<meta property=\"article:published_time\" content=\"2021-12-06T20:40:37+00:00\" \/>\n<meta property=\"article:modified_time\" content=\"2021-12-09T20:41:44+00:00\" \/>\n<meta property=\"og:image\" content=\"https:\/\/static.xx.fbcdn.net\/images\/emoji.php\/v9\/t6e\/1\/16\/1f534.png\" \/>\n<meta name=\"author\" content=\"knivsta\" \/>\n<meta name=\"twitter:card\" content=\"summary_large_image\" \/>\n<meta name=\"twitter:label1\" content=\"Skriven av\" \/>\n\t<meta name=\"twitter:data1\" content=\"knivsta\" \/>\n\t<meta name=\"twitter:label2\" content=\"Ber\u00e4knad l\u00e4stid\" \/>\n\t<meta name=\"twitter:data2\" content=\"3 minuter\" \/>\n<script type=\"application\/ld+json\" class=\"yoast-schema-graph\">{\"@context\":\"https:\\\/\\\/schema.org\",\"@graph\":[{\"@type\":\"Article\",\"@id\":\"https:\\\/\\\/wp.kristdemokraterna.se\\\/knivsta\\\/larares-forutsattningar-i-botten-i-knivsta\\\/#article\",\"isPartOf\":{\"@id\":\"https:\\\/\\\/wp.kristdemokraterna.se\\\/knivsta\\\/larares-forutsattningar-i-botten-i-knivsta\\\/\"},\"author\":{\"name\":\"knivsta\",\"@id\":\"https:\\\/\\\/wp.kristdemokraterna.se\\\/knivsta\\\/#\\\/schema\\\/person\\\/41c1d3b208899a9de023f9206cac1f52\"},\"headline\":\"L\u00e4rares f\u00f6ruts\u00e4ttningar i botten i Knivsta\",\"datePublished\":\"2021-12-06T20:40:37+00:00\",\"dateModified\":\"2021-12-09T20:41:44+00:00\",\"mainEntityOfPage\":{\"@id\":\"https:\\\/\\\/wp.kristdemokraterna.se\\\/knivsta\\\/larares-forutsattningar-i-botten-i-knivsta\\\/\"},\"wordCount\":287,\"image\":{\"@id\":\"https:\\\/\\\/wp.kristdemokraterna.se\\\/knivsta\\\/larares-forutsattningar-i-botten-i-knivsta\\\/#primaryimage\"},\"thumbnailUrl\":\"https:\\\/\\\/static.xx.fbcdn.net\\\/images\\\/emoji.php\\\/v9\\\/t6e\\\/1\\\/16\\\/1f534.png\",\"articleSection\":[\"Knivsta\"],\"inLanguage\":\"sv-SE\"},{\"@type\":\"WebPage\",\"@id\":\"https:\\\/\\\/wp.kristdemokraterna.se\\\/knivsta\\\/larares-forutsattningar-i-botten-i-knivsta\\\/\",\"url\":\"https:\\\/\\\/wp.kristdemokraterna.se\\\/knivsta\\\/larares-forutsattningar-i-botten-i-knivsta\\\/\",\"name\":\"L\u00e4rares f\u00f6ruts\u00e4ttningar i botten i Knivsta - Knivsta\",\"isPartOf\":{\"@id\":\"https:\\\/\\\/wp.kristdemokraterna.se\\\/knivsta\\\/#website\"},\"primaryImageOfPage\":{\"@id\":\"https:\\\/\\\/wp.kristdemokraterna.se\\\/knivsta\\\/larares-forutsattningar-i-botten-i-knivsta\\\/#primaryimage\"},\"image\":{\"@id\":\"https:\\\/\\\/wp.kristdemokraterna.se\\\/knivsta\\\/larares-forutsattningar-i-botten-i-knivsta\\\/#primaryimage\"},\"thumbnailUrl\":\"https:\\\/\\\/static.xx.fbcdn.net\\\/images\\\/emoji.php\\\/v9\\\/t6e\\\/1\\\/16\\\/1f534.png\",\"datePublished\":\"2021-12-06T20:40:37+00:00\",\"dateModified\":\"2021-12-09T20:41:44+00:00\",\"author\":{\"@id\":\"https:\\\/\\\/wp.kristdemokraterna.se\\\/knivsta\\\/#\\\/schema\\\/person\\\/41c1d3b208899a9de023f9206cac1f52\"},\"breadcrumb\":{\"@id\":\"https:\\\/\\\/wp.kristdemokraterna.se\\\/knivsta\\\/larares-forutsattningar-i-botten-i-knivsta\\\/#breadcrumb\"},\"inLanguage\":\"sv-SE\",\"potentialAction\":[{\"@type\":\"ReadAction\",\"target\":[\"https:\\\/\\\/wp.kristdemokraterna.se\\\/knivsta\\\/larares-forutsattningar-i-botten-i-knivsta\\\/\"]}]},{\"@type\":\"ImageObject\",\"inLanguage\":\"sv-SE\",\"@id\":\"https:\\\/\\\/wp.kristdemokraterna.se\\\/knivsta\\\/larares-forutsattningar-i-botten-i-knivsta\\\/#primaryimage\",\"url\":\"https:\\\/\\\/static.xx.fbcdn.net\\\/images\\\/emoji.php\\\/v9\\\/t6e\\\/1\\\/16\\\/1f534.png\",\"contentUrl\":\"https:\\\/\\\/static.xx.fbcdn.net\\\/images\\\/emoji.php\\\/v9\\\/t6e\\\/1\\\/16\\\/1f534.png\"},{\"@type\":\"BreadcrumbList\",\"@id\":\"https:\\\/\\\/wp.kristdemokraterna.se\\\/knivsta\\\/larares-forutsattningar-i-botten-i-knivsta\\\/#breadcrumb\",\"itemListElement\":[{\"@type\":\"ListItem\",\"position\":1,\"name\":\"Hem\",\"item\":\"https:\\\/\\\/wp.kristdemokraterna.se\\\/knivsta\\\/\"},{\"@type\":\"ListItem\",\"position\":2,\"name\":\"L\u00e4rares f\u00f6ruts\u00e4ttningar i botten i Knivsta\"}]},{\"@type\":\"WebSite\",\"@id\":\"https:\\\/\\\/wp.kristdemokraterna.se\\\/knivsta\\\/#website\",\"url\":\"https:\\\/\\\/wp.kristdemokraterna.se\\\/knivsta\\\/\",\"name\":\"Knivsta\",\"description\":\" F\u00f6r ett b\u00e4ttre samh\u00e4lle\",\"inLanguage\":\"sv-SE\"},{\"@type\":\"Person\",\"@id\":\"https:\\\/\\\/wp.kristdemokraterna.se\\\/knivsta\\\/#\\\/schema\\\/person\\\/41c1d3b208899a9de023f9206cac1f52\",\"name\":\"knivsta\",\"image\":{\"@type\":\"ImageObject\",\"inLanguage\":\"sv-SE\",\"@id\":\"https:\\\/\\\/secure.gravatar.com\\\/avatar\\\/68a509c7c53375b65b47d1d3c17559bd62f1e272f97020f0faeec022f4f79769?s=96&r=g\",\"url\":\"https:\\\/\\\/secure.gravatar.com\\\/avatar\\\/68a509c7c53375b65b47d1d3c17559bd62f1e272f97020f0faeec022f4f79769?s=96&r=g\",\"contentUrl\":\"https:\\\/\\\/secure.gravatar.com\\\/avatar\\\/68a509c7c53375b65b47d1d3c17559bd62f1e272f97020f0faeec022f4f79769?s=96&r=g\",\"caption\":\"knivsta\"},\"url\":\"https:\\\/\\\/wp.kristdemokraterna.se\\\/knivsta\\\/author\\\/knivsta\\\/\"}]}<\/script>\n<!-- \/ Yoast SEO plugin. -->","yoast_head_json":{"title":"L\u00e4rares f\u00f6ruts\u00e4ttningar i botten i Knivsta - Knivsta","robots":{"index":"index","follow":"follow","max-snippet":"max-snippet:-1","max-image-preview":"max-image-preview:large","max-video-preview":"max-video-preview:-1"},"canonical":"https:\/\/wp.kristdemokraterna.se\/knivsta\/larares-forutsattningar-i-botten-i-knivsta\/","og_locale":"sv_SE","og_type":"article","og_title":"L\u00e4rares f\u00f6ruts\u00e4ttningar i botten i Knivsta - Knivsta","og_description":"Skolan \u00e4r bland det viktigaste vi har att hantera i lokalpolitiken. Kanske \u00e4r det d\u00e4rf\u00f6r debatten om Knivstas skolor stundvis har varit h\u00e5rd denna period. Vi kristdemokrater har bland annat blivit beskyllda f\u00f6r att glida p\u00e5 sanningen n\u00e4r vi skrivit att det finns signaler som tyder p\u00e5 att utvecklingen g\u00e5r \u00e5t fel h\u00e5ll. Men nu Read More","og_url":"https:\/\/wp.kristdemokraterna.se\/knivsta\/larares-forutsattningar-i-botten-i-knivsta\/","og_site_name":"Knivsta","article_publisher":"https:\/\/www.facebook.com\/kdknivsta","article_published_time":"2021-12-06T20:40:37+00:00","article_modified_time":"2021-12-09T20:41:44+00:00","og_image":[{"url":"https:\/\/static.xx.fbcdn.net\/images\/emoji.php\/v9\/t6e\/1\/16\/1f534.png","type":"","width":"","height":""}],"author":"knivsta","twitter_card":"summary_large_image","twitter_misc":{"Skriven av":"knivsta","Ber\u00e4knad l\u00e4stid":"3 minuter"},"schema":{"@context":"https:\/\/schema.org","@graph":[{"@type":"Article","@id":"https:\/\/wp.kristdemokraterna.se\/knivsta\/larares-forutsattningar-i-botten-i-knivsta\/#article","isPartOf":{"@id":"https:\/\/wp.kristdemokraterna.se\/knivsta\/larares-forutsattningar-i-botten-i-knivsta\/"},"author":{"name":"knivsta","@id":"https:\/\/wp.kristdemokraterna.se\/knivsta\/#\/schema\/person\/41c1d3b208899a9de023f9206cac1f52"},"headline":"L\u00e4rares f\u00f6ruts\u00e4ttningar i botten i Knivsta","datePublished":"2021-12-06T20:40:37+00:00","dateModified":"2021-12-09T20:41:44+00:00","mainEntityOfPage":{"@id":"https:\/\/wp.kristdemokraterna.se\/knivsta\/larares-forutsattningar-i-botten-i-knivsta\/"},"wordCount":287,"image":{"@id":"https:\/\/wp.kristdemokraterna.se\/knivsta\/larares-forutsattningar-i-botten-i-knivsta\/#primaryimage"},"thumbnailUrl":"https:\/\/static.xx.fbcdn.net\/images\/emoji.php\/v9\/t6e\/1\/16\/1f534.png","articleSection":["Knivsta"],"inLanguage":"sv-SE"},{"@type":"WebPage","@id":"https:\/\/wp.kristdemokraterna.se\/knivsta\/larares-forutsattningar-i-botten-i-knivsta\/","url":"https:\/\/wp.kristdemokraterna.se\/knivsta\/larares-forutsattningar-i-botten-i-knivsta\/","name":"L\u00e4rares f\u00f6ruts\u00e4ttningar i botten i Knivsta - Knivsta","isPartOf":{"@id":"https:\/\/wp.kristdemokraterna.se\/knivsta\/#website"},"primaryImageOfPage":{"@id":"https:\/\/wp.kristdemokraterna.se\/knivsta\/larares-forutsattningar-i-botten-i-knivsta\/#primaryimage"},"image":{"@id":"https:\/\/wp.kristdemokraterna.se\/knivsta\/larares-forutsattningar-i-botten-i-knivsta\/#primaryimage"},"thumbnailUrl":"https:\/\/static.xx.fbcdn.net\/images\/emoji.php\/v9\/t6e\/1\/16\/1f534.png","datePublished":"2021-12-06T20:40:37+00:00","dateModified":"2021-12-09T20:41:44+00:00","author":{"@id":"https:\/\/wp.kristdemokraterna.se\/knivsta\/#\/schema\/person\/41c1d3b208899a9de023f9206cac1f52"},"breadcrumb":{"@id":"https:\/\/wp.kristdemokraterna.se\/knivsta\/larares-forutsattningar-i-botten-i-knivsta\/#breadcrumb"},"inLanguage":"sv-SE","potentialAction":[{"@type":"ReadAction","target":["https:\/\/wp.kristdemokraterna.se\/knivsta\/larares-forutsattningar-i-botten-i-knivsta\/"]}]},{"@type":"ImageObject","inLanguage":"sv-SE","@id":"https:\/\/wp.kristdemokraterna.se\/knivsta\/larares-forutsattningar-i-botten-i-knivsta\/#primaryimage","url":"https:\/\/static.xx.fbcdn.net\/images\/emoji.php\/v9\/t6e\/1\/16\/1f534.png","contentUrl":"https:\/\/static.xx.fbcdn.net\/images\/emoji.php\/v9\/t6e\/1\/16\/1f534.png"},{"@type":"BreadcrumbList","@id":"https:\/\/wp.kristdemokraterna.se\/knivsta\/larares-forutsattningar-i-botten-i-knivsta\/#breadcrumb","itemListElement":[{"@type":"ListItem","position":1,"name":"Hem","item":"https:\/\/wp.kristdemokraterna.se\/knivsta\/"},{"@type":"ListItem","position":2,"name":"L\u00e4rares f\u00f6ruts\u00e4ttningar i botten i Knivsta"}]},{"@type":"WebSite","@id":"https:\/\/wp.kristdemokraterna.se\/knivsta\/#website","url":"https:\/\/wp.kristdemokraterna.se\/knivsta\/","name":"Knivsta","description":" F\u00f6r ett b\u00e4ttre samh\u00e4lle","inLanguage":"sv-SE"},{"@type":"Person","@id":"https:\/\/wp.kristdemokraterna.se\/knivsta\/#\/schema\/person\/41c1d3b208899a9de023f9206cac1f52","name":"knivsta","image":{"@type":"ImageObject","inLanguage":"sv-SE","@id":"https:\/\/secure.gravatar.com\/avatar\/68a509c7c53375b65b47d1d3c17559bd62f1e272f97020f0faeec022f4f79769?s=96&r=g","url":"https:\/\/secure.gravatar.com\/avatar\/68a509c7c53375b65b47d1d3c17559bd62f1e272f97020f0faeec022f4f79769?s=96&r=g","contentUrl":"https:\/\/secure.gravatar.com\/avatar\/68a509c7c53375b65b47d1d3c17559bd62f1e272f97020f0faeec022f4f79769?s=96&r=g","caption":"knivsta"},"url":"https:\/\/wp.kristdemokraterna.se\/knivsta\/author\/knivsta\/"}]}},"_links":{"self":[{"href":"https:\/\/wp.kristdemokraterna.se\/knivsta\/wp-json\/wp\/v2\/posts\/2911","targetHints":{"allow":["GET"]}}],"collection":[{"href":"https:\/\/wp.kristdemokraterna.se\/knivsta\/wp-json\/wp\/v2\/posts"}],"about":[{"href":"https:\/\/wp.kristdemokraterna.se\/knivsta\/wp-json\/wp\/v2\/types\/post"}],"author":[{"embeddable":true,"href":"https:\/\/wp.kristdemokraterna.se\/knivsta\/wp-json\/wp\/v2\/users\/481"}],"replies":[{"embeddable":true,"href":"https:\/\/wp.kristdemokraterna.se\/knivsta\/wp-json\/wp\/v2\/comments?post=2911"}],"version-history":[{"count":2,"href":"https:\/\/wp.kristdemokraterna.se\/knivsta\/wp-json\/wp\/v2\/posts\/2911\/revisions"}],"predecessor-version":[{"id":2914,"href":"https:\/\/wp.kristdemokraterna.se\/knivsta\/wp-json\/wp\/v2\/posts\/2911\/revisions\/2914"}],"wp:attachment":[{"href":"https:\/\/wp.kristdemokraterna.se\/knivsta\/wp-json\/wp\/v2\/media?parent=2911"}],"wp:term":[{"taxonomy":"category","embeddable":true,"href":"https:\/\/wp.kristdemokraterna.se\/knivsta\/wp-json\/wp\/v2\/categories?post=2911"},{"taxonomy":"post_tag","embeddable":true,"href":"https:\/\/wp.kristdemokraterna.se\/knivsta\/wp-json\/wp\/v2\/tags?post=2911"}],"curies":[{"name":"wp","href":"https:\/\/api.w.org\/{rel}","templated":true}]}}