{"id":2920,"date":"2022-01-26T10:21:34","date_gmt":"2022-01-26T09:21:34","guid":{"rendered":"https:\/\/wp.kristdemokraterna.se\/knivsta\/?p=2920"},"modified":"2022-02-03T17:45:14","modified_gmt":"2022-02-03T16:45:14","slug":"2920-2","status":"publish","type":"post","link":"https:\/\/wp.kristdemokraterna.se\/knivsta\/2920-2\/","title":{"rendered":"Oppositionsrapport fr\u00e5n KS i januari"},"content":{"rendered":"<div>\n<p><strong>Som ett led i att ber\u00e4tta vad KD i Knivsta g\u00f6r f\u00f6r v\u00e4ljarnas mandat, och hur vi st\u00e4ller oss i olika f\u00f6rslag som styret l\u00e4gger fram f\u00f6r beslut, kommer h\u00e4r en rapport fr\u00e5n senaste kommunstyrelsen. Kristdemokraternas representanter \u00e4r Mimmi Westerlund och Oscar Hahne.<\/strong><\/p>\n<p>Dagordningen inneh\u00f6ll elva besluts\u00e4renden. <a href=\"https:\/\/knivsta.se\/politik-och-organisation\/politik-och-namnder\/kommunstyrelsen\/kommande-sammantraden-2022\">H\u00e4r kan du l\u00e4sa alla handlingar\u00a0<\/a>s\u00e5 som de skickades ut.\u00a0Nedan ber\u00e4ttas om de \u00e4renden d\u00e4r vi INTE var eniga med styret.<\/p>\n<hr \/>\n<h3><b><br \/>\nPlanbesked f\u00f6r Vr\u00e5 1:98<br \/>\n<\/b><\/h3>\n<\/div>\n<div class=\"page\" title=\"Page 252\">\n<div class=\"layoutArea\">\n<div class=\"column\">\n<ul>\n<li>\u00c4rendet handlar om nybyggnad p\u00e5 tomtmark Torpk\u00e4llev\u00e4gen\/Bo\u00e4ngsv\u00e4gen<\/li>\n<li>Vi yrkade att avsl\u00e5 \u00e4rendet<\/li>\n<li>V\u00e5rt yrkande\u00a0<em><strong>avslogs\u00a0<\/strong><\/em>och \u00e4rendet gick igenom<\/li>\n<\/ul>\n<\/div>\n<\/div>\n<\/div>\n<p><strong>Motivering till yrkandet:<\/strong><\/p>\n<p>\u00c4rendet avser planbesked f\u00f6r Vr\u00e5 1:98 f\u00f6r nybyggnad p\u00e5 tomtmark som idag utg\u00f6rs av \u00f6ppen mark med vegetation samt en mindre del l\u00f6vskog.\u00a0Vi anser att denna plats l\u00e4mpar sig mycket d\u00e5ligt f\u00f6r ytterligare f\u00f6rt\u00e4tning, och vill i st\u00e4llet antingen bevara detta som gr\u00f6nomr\u00e5de alternativt bevilja ett mindre antal sm\u00e5hus som harmonierar med sitt n\u00e4romr\u00e5de.<\/p>\n<p>I handlingen framg\u00e5r att exploat\u00f6ren \u00e4r intresserade av att bygga l\u00e4genhetshus f\u00f6r att m\u00f6jligg\u00f6ra f\u00f6r fler samh\u00e4llsekonomiska klasser att bo i omr\u00e5det. Vi delar inte denna vision bland annat mot bakgrund att den aktuella tomten ligger p\u00e5 ett avst\u00e5nd om ca 150 meter fr\u00e5n Vr\u00e5 g\u00e5rd med ursprung fr\u00e5n 1500-talet, som \u00e4r utpekat som speciellt skyddsv\u00e4rt.<\/p>\n<div id=\"attachment_2922\" style=\"width: 757px\" class=\"wp-caption alignnone\"><a href=\"http:\/\/wp.kristdemokraterna.se\/knivsta\/files\/2022\/01\/skarmavbild-2022-01-26-kl.-10.11.51.png\"><img loading=\"lazy\" decoding=\"async\" aria-describedby=\"caption-attachment-2922\" class=\" wp-image-2922\" src=\"http:\/\/wp.kristdemokraterna.se\/knivsta\/files\/2022\/01\/skarmavbild-2022-01-26-kl.-10.11.51.png\" alt=\"\" width=\"747\" height=\"497\" srcset=\"https:\/\/wp.kristdemokraterna.se\/knivsta\/files\/2022\/01\/skarmavbild-2022-01-26-kl.-10.11.51.png 1262w, https:\/\/wp.kristdemokraterna.se\/knivsta\/files\/2022\/01\/skarmavbild-2022-01-26-kl.-10.11.51-394x262.png 394w, https:\/\/wp.kristdemokraterna.se\/knivsta\/files\/2022\/01\/skarmavbild-2022-01-26-kl.-10.11.51-288x192.png 288w, https:\/\/wp.kristdemokraterna.se\/knivsta\/files\/2022\/01\/skarmavbild-2022-01-26-kl.-10.11.51-300x200.png 300w, https:\/\/wp.kristdemokraterna.se\/knivsta\/files\/2022\/01\/skarmavbild-2022-01-26-kl.-10.11.51-370x246.png 370w, https:\/\/wp.kristdemokraterna.se\/knivsta\/files\/2022\/01\/skarmavbild-2022-01-26-kl.-10.11.51-770x513.png 770w, https:\/\/wp.kristdemokraterna.se\/knivsta\/files\/2022\/01\/skarmavbild-2022-01-26-kl.-10.11.51-450x300.png 450w, https:\/\/wp.kristdemokraterna.se\/knivsta\/files\/2022\/01\/skarmavbild-2022-01-26-kl.-10.11.51-280x186.png 280w, https:\/\/wp.kristdemokraterna.se\/knivsta\/files\/2022\/01\/skarmavbild-2022-01-26-kl.-10.11.51-340x226.png 340w, https:\/\/wp.kristdemokraterna.se\/knivsta\/files\/2022\/01\/skarmavbild-2022-01-26-kl.-10.11.51-200x133.png 200w, https:\/\/wp.kristdemokraterna.se\/knivsta\/files\/2022\/01\/skarmavbild-2022-01-26-kl.-10.11.51-84x56.png 84w\" sizes=\"auto, (max-width: 747px) 100vw, 747px\" \/><\/a><p id=\"caption-attachment-2922\" class=\"wp-caption-text\"><em>Bild fr\u00e5n handling<\/em><\/p><\/div>\n<p>&nbsp;<\/p>\n<hr \/>\n<h3><strong>Planbesked Vr\u00e5 1:113\u00a0<\/strong><\/h3>\n<ul>\n<li>\u00c4rendet handlar om 16-30 bost\u00e4der i Alsike i h\u00f6jd med Lustigkulla f\u00f6rskola.<\/li>\n<li>Vi yrkade att avsl\u00e5 \u00e4rendet<\/li>\n<li>V\u00e5rt yrkande\u00a0<em><strong>avslogs\u00a0<\/strong><\/em>och \u00e4rendet gick igenom<\/li>\n<\/ul>\n<p><strong>Motivering till yrkandet:<\/strong><\/p>\n<p>Vi delar inte exploat\u00f6rens vision och anser att den planerade bebyggelsen blir on\u00f6digt t\u00e4t. handlar om 16-30 bost\u00e4der p\u00e5 en tomt i h\u00f6jd med Lustigkulla i Alsike. Bost\u00e4derna uppskattas sp\u00e4nna mellan 75-140 kvadratmeter med en blandning av l\u00e4genhetshus och par\/radhus.<\/p>\n<hr \/>\n<h3><b>Markanvisningsavtal mellan Gredelby Bost\u00e4der AB och Knivsta kommun f\u00f6r del av Gredelby 7:78<\/b><\/h3>\n<ul>\n<li>\u00c4rendet handlar om att bygga p\u00e5 sista delen av S\u00e5gen-omr\u00e5det, mellan de nya tegelhusen och Gredelbyleden.<\/li>\n<li>P\u00e5 KSAU (kommunstyrelsens arbetsutskott) f\u00f6reslog vi att \u00e4ndra i \u00e4rendet s\u00e5 att avtalet anpassas efter kommunens nya arkitekturpolicy.<\/li>\n<li>\u00c4rendet kompletterades i linje med v\u00e5rt \u00f6nskem\u00e5l.<\/li>\n<\/ul>\n<p><strong>Motivering:<\/strong><\/p>\n<p>Hela S\u00e5gen-omr\u00e5det har byggts p\u00e5 ett s\u00e4tt som m\u00e5nga inv\u00e5nare upplever f\u00f6r t\u00e4tt och med f\u00f6r l\u00e5g estetisk kvalitet. Det \u00e4r synd. Vad som byggs p\u00e5 denna tomt blir d\u00e4rf\u00f6r extra viktigt, eftersom det \u00e4r den sista fastigheten mot Gredelbyleden. Markanvisningsavtalet har inte anpassats efter kommunens nya arkitekturpolicy, och har generellt en d\u00e5lig kvalitet. Vi ans\u00e5g d\u00e4rf\u00f6r att avtalet beh\u00f6ver revideras f\u00f6r att s\u00e4kerst\u00e4lla att viktiga v\u00e4rden faktiskt st\u00e4lls som krav i arbetet fram\u00e5t, bland annat n\u00e4r det g\u00e4ller arkitektur, gr\u00f6nytor och parkeringsnorm.<\/p>\n<div id=\"attachment_2923\" style=\"width: 516px\" class=\"wp-caption alignnone\"><a href=\"http:\/\/wp.kristdemokraterna.se\/knivsta\/files\/2022\/01\/skarmavbild-2022-01-26-kl.-10.04.38.png\"><img loading=\"lazy\" decoding=\"async\" aria-describedby=\"caption-attachment-2923\" class=\"wp-image-2923 size-full\" src=\"http:\/\/wp.kristdemokraterna.se\/knivsta\/files\/2022\/01\/skarmavbild-2022-01-26-kl.-10.04.38.png\" alt=\"\" width=\"506\" height=\"437\" srcset=\"https:\/\/wp.kristdemokraterna.se\/knivsta\/files\/2022\/01\/skarmavbild-2022-01-26-kl.-10.04.38.png 506w, https:\/\/wp.kristdemokraterna.se\/knivsta\/files\/2022\/01\/skarmavbild-2022-01-26-kl.-10.04.38-303x262.png 303w, https:\/\/wp.kristdemokraterna.se\/knivsta\/files\/2022\/01\/skarmavbild-2022-01-26-kl.-10.04.38-222x192.png 222w, https:\/\/wp.kristdemokraterna.se\/knivsta\/files\/2022\/01\/skarmavbild-2022-01-26-kl.-10.04.38-232x200.png 232w, https:\/\/wp.kristdemokraterna.se\/knivsta\/files\/2022\/01\/skarmavbild-2022-01-26-kl.-10.04.38-370x320.png 370w, https:\/\/wp.kristdemokraterna.se\/knivsta\/files\/2022\/01\/skarmavbild-2022-01-26-kl.-10.04.38-450x389.png 450w, https:\/\/wp.kristdemokraterna.se\/knivsta\/files\/2022\/01\/skarmavbild-2022-01-26-kl.-10.04.38-280x242.png 280w, https:\/\/wp.kristdemokraterna.se\/knivsta\/files\/2022\/01\/skarmavbild-2022-01-26-kl.-10.04.38-340x294.png 340w, https:\/\/wp.kristdemokraterna.se\/knivsta\/files\/2022\/01\/skarmavbild-2022-01-26-kl.-10.04.38-200x173.png 200w, https:\/\/wp.kristdemokraterna.se\/knivsta\/files\/2022\/01\/skarmavbild-2022-01-26-kl.-10.04.38-65x56.png 65w\" sizes=\"auto, (max-width: 506px) 100vw, 506px\" \/><\/a><p id=\"caption-attachment-2923\" class=\"wp-caption-text\"><em>Bild fr\u00e5n handling<\/em><\/p><\/div>\n<h3><\/h3>\n<p>&nbsp;<\/p>\n<hr \/>\n<h3><strong><br \/>\nNytt 20-\u00e5rigt hyresavtal med Rikshem Samfast Knivsta AB f\u00f6r Estrids och Vilhelms g\u00e5rd<\/strong><\/h3>\n<ul>\n<li>\u00c4rendet handlar om att f\u00f6rt\u00e4ta och bygga om Estrids och Vilhelms g\u00e5rdar med totalt 14 platser.<\/li>\n<li>Vi yrkade att avsl\u00e5 \u00e4rendet.<\/li>\n<li>V\u00e5rt yrkande avslogs och \u00e4rendet gick igenom.<\/li>\n<\/ul>\n<p><strong>Motivering till yrkandet:<\/strong><\/p>\n<div class=\"cxmmr5t8 oygrvhab hcukyx3x c1et5uql o9v6fnle ii04i59q\">\n<div dir=\"auto\">\n<p>Detta \u00e4r en del av socialn\u00e4mndens beslut att bygga om \u00e4ldreboendena Estrids g\u00e5rd och Vilhelms g\u00e5rd, vilket i och med detta nu har bekr\u00e4ftats av kommunstyrelsen. Det inneb\u00e4r att alla boende tillf\u00e4lligt m\u00e5ste flytta till ett av de tomma \u00e4ldreboendena under ombyggnationen. Vi beklagar detta djupt.<\/p>\n<p>Fempartimajoriteten i Knivsta (M, V, S, MP, C) har allts\u00e5 beslutat att f\u00f6rt\u00e4ta kommunens \u00e4ldreboenden med 14 platser. Samtidigt st\u00e5r tv\u00e5 nybyggda \u00e4ldreboenden (Vardaga &amp; Norlandia) helt tomma. Anledningen \u00e4r att styret inte vill ha valfrihet inom \u00e4ldreomsorgen, och hellre g\u00f6r o\u00e5terkalleliga ingrepp i nuvarande fastigheter \u00e4n att upphandla platser.<\/p>\n<p>Beslutet medf\u00f6r en kraftigt f\u00f6rh\u00f6jd risk f\u00f6r att korta de boendes liv. Det \u00e4r k\u00e4nda fakta att sk\u00f6ra \u00e4ldre har mycket sv\u00e5rt att klara av en s\u00e5 pass stor f\u00f6r\u00e4ndring. Att uts\u00e4tta de \u00e4ldre f\u00f6r denna stress sin sista tid i livet \u00e4r inte f\u00f6rsvarligt. Vi anser att detta \u00e4r principiellt fel. Ut\u00f6ver att sj\u00e4lva ombyggnationen \u00e4r d\u00e5lig s\u00e5 ska det vara sj\u00e4lvklart att inv\u00e5narna i Knivsta har makt att best\u00e4mma \u00f6ver sina egna liv. Var m\u00e4nniskor ska bo livets sista \u00e5r ska inte best\u00e4mmas av kommunstyrelsens ordf\u00f6rande Klas Bergstr\u00f6m (M) eller socialn\u00e4mndens dito Kerstin Eskhult (C). Det ska best\u00e4mmas av den det ber\u00f6r.<\/p>\n<p>Vi f\u00f6reslog i st\u00e4llet i socialn\u00e4mnden att upphandla platser efter behov enligt Lagen om offentlig upphandling (LOU). D\u00f6m om v\u00e5r f\u00f6rv\u00e5ning n\u00e4r det moderatledda styret meddelade att de hellre f\u00f6rt\u00e4tar kommunens egna verksamheter \u00e4n samarbetar med v\u00e4lrenommerade v\u00e4lf\u00e4rdsakt\u00f6rer.<\/p>\n<\/div>\n<\/div>\n<div class=\"cxmmr5t8 oygrvhab hcukyx3x c1et5uql o9v6fnle ii04i59q\">\n<div dir=\"auto\"><\/div>\n<\/div>\n<hr \/>\n<h3><strong>Stadsutvecklingsstrategi 2035 f\u00f6r v\u00e4stra Knivsta och Alsike stationssamh\u00e4lle<\/strong><\/h3>\n<ul>\n<li>\u00c4rendet handlar om att anta en strategi f\u00f6r allt bostadsbyggande i samband med fyrsp\u00e5rsavtalet med staten.<\/li>\n<li>Vi yrkade att anta Kristdemokraternas egna f\u00f6rslag till stadsutvecklingsstrategi<\/li>\n<li>V\u00e5rt yrkande avslogs och \u00e4rendet gick igenom.<\/li>\n<\/ul>\n<p><strong>Motivering till yrkandet:<\/strong><\/p>\n<div class=\"page\" title=\"Page 3\">\n<div class=\"layoutArea\">\n<div class=\"column\">\n<p>V\u00e5rt dokument g\u00e5r att <a href=\"https:\/\/wp.kristdemokraterna.se\/knivsta\/files\/2021\/12\/tradgardsstaden-knivsta.pdf\">l\u00e4sa h\u00e4r<\/a> och \u00e4r en alternativ stadsutvecklingsstrategi f\u00f6r Knivsta kommun. Det har i j\u00e4mf\u00f6rande syfte en liknande disposition som det f\u00f6rslag som arbetas fram av M, S, MP, V och C under 2021\/2022 och fokuserar p\u00e5 utbyggnad av Knivsta och Alsike.<\/p>\n<p>V\u00e5r vision inneb\u00e4r en l\u00e4gre utbyggnadstakt, stopp f\u00f6r f\u00f6rt\u00e4tning av befintliga omr\u00e5den samt att kommunen inte ska beh\u00f6va s\u00e4lja mark f\u00f6r att f\u00e5 ekonomin att g\u00e5 ihop. Vi menar att mjuka v\u00e4rden som trivsamhet och vacker arkitektur \u00e4r viktiga delar i samh\u00e4llsplaneringen. Vackra omgivningar skapar v\u00e4lm\u00e5ende samtidigt som f\u00f6r t\u00e4t och skuggig bebyggelse ger negativ inverkan p\u00e5 v\u00e5rt m\u00e5ende. I genomt\u00e4nkta milj\u00f6er med m\u00e4nsklig skala och god proportionalitet ges f\u00f6ruts\u00e4ttningar att leva goda liv.<\/p>\n<p>V\u00e5r vision \u00e4r den trevliga tr\u00e4dg\u00e5rdsstaden. Utbyggnaden ska ske i en takt som \u00e4r ekonomiskt, milj\u00f6m\u00e4ssigt och socialt bra f\u00f6r Knivstas inv\u00e5nare. I st\u00e4llet f\u00f6r att planl\u00e4gga f\u00f6r fler h\u00f6ga och fyrkantiga byggnader, vill vi bygga gemytliga kvarter med rutn\u00e4tsstruktur, harmoni och liv. Vi ser omr\u00e5den som Luthagen i Uppsala, Tullinge tr\u00e4dg\u00e5rdsstad och Stadsparken i Mariefred som bra f\u00f6rebilder. N\u00e4r vi nu bygger det nya Knivsta s\u00e5 har vi ett ansvar att bygga omr\u00e5den d\u00e4r barn ska leka och v\u00e4xa upp med goda uppv\u00e4xtvillkor, och d\u00e4r m\u00e4nniskor ska arbeta, promenera, leva och \u00e5ldras. Det \u00e4r de goda stadskvaliteter som forskningen visat \u00e4r avg\u00f6rande f\u00f6r att m\u00e4nniskor ska trivas.<\/p>\n<p>Framg\u00e5ngsfaktorerna \u00e4r att det ska vara trivsamt gestaltat; gr\u00f6nt, utan f\u00f6r mycket insyn i bost\u00e4derna, med tydliga avgr\u00e4nsningar mellan privata och offentliga ytor och utan otrygga platsbildningar. Om ett omr\u00e5de inte har en h\u00f6g grad av n\u00e5gon av dessa kvaliteter vill inte m\u00e4nniskor bos\u00e4tta sig d\u00e4r om de har m\u00f6jlighet att v\u00e4lja att bo n\u00e5gon annanstans. Det l\u00e4gger grunden f\u00f6r bostadsomr\u00e5den som ingen bryr sig om och som riskerar att f\u00f6rfalla.<\/p>\n<p>V\u00e5rt f\u00f6rslag till stadsutvecklingsstrategi \u00e4r beslutat av Kristdemokraternas partiavdelningsstyrelse vintern 2021. F\u00f6r att f\u00f6rslaget ska kunna bli verklighet beh\u00f6ver uppdraget f\u00f6r f\u00f6rvaltningens arbete med stadsutvecklingsstrategin \u00e4ndras i grunden. Vi jobbar f\u00f6r att det ska ske.<\/p>\n<\/div>\n<\/div>\n<\/div>\n","protected":false},"excerpt":{"rendered":"<p>Som ett led i att ber\u00e4tta vad KD i Knivsta g\u00f6r f\u00f6r v\u00e4ljarnas mandat, och hur vi st\u00e4ller oss i olika f\u00f6rslag som styret l\u00e4gger fram f\u00f6r beslut, kommer h\u00e4r en rapport fr\u00e5n senaste kommunstyrelsen. Kristdemokraternas representanter \u00e4r Mimmi Westerlund och Oscar Hahne. Dagordningen inneh\u00f6ll elva besluts\u00e4renden. H\u00e4r kan du l\u00e4sa alla handlingar\u00a0s\u00e5 som de <a class=\"read-more-link\" href=\"https:\/\/wp.kristdemokraterna.se\/knivsta\/2920-2\/\">Read More<\/a><\/p>\n","protected":false},"author":481,"featured_media":0,"comment_status":"closed","ping_status":"closed","sticky":false,"template":"","format":"standard","meta":{"_acf_changed":false,"footnotes":""},"categories":[1],"tags":[],"class_list":["post-2920","post","type-post","status-publish","format-standard","hentry","category-knivsta"],"acf":[],"yoast_head":"<!-- This site is optimized with the Yoast SEO plugin v27.5 - https:\/\/yoast.com\/product\/yoast-seo-wordpress\/ -->\n<title>Oppositionsrapport fr\u00e5n KS i januari - Knivsta<\/title>\n<meta name=\"robots\" content=\"index, follow, max-snippet:-1, max-image-preview:large, max-video-preview:-1\" \/>\n<link rel=\"canonical\" href=\"https:\/\/wp.kristdemokraterna.se\/knivsta\/2920-2\/\" \/>\n<meta property=\"og:locale\" content=\"sv_SE\" \/>\n<meta property=\"og:type\" content=\"article\" \/>\n<meta property=\"og:title\" content=\"Oppositionsrapport fr\u00e5n KS i januari - Knivsta\" \/>\n<meta property=\"og:description\" content=\"Som ett led i att ber\u00e4tta vad KD i Knivsta g\u00f6r f\u00f6r v\u00e4ljarnas mandat, och hur vi st\u00e4ller oss i olika f\u00f6rslag som styret l\u00e4gger fram f\u00f6r beslut, kommer h\u00e4r en rapport fr\u00e5n senaste kommunstyrelsen. Kristdemokraternas representanter \u00e4r Mimmi Westerlund och Oscar Hahne. Dagordningen inneh\u00f6ll elva besluts\u00e4renden. H\u00e4r kan du l\u00e4sa alla handlingar\u00a0s\u00e5 som de Read More\" \/>\n<meta property=\"og:url\" content=\"https:\/\/wp.kristdemokraterna.se\/knivsta\/2920-2\/\" \/>\n<meta property=\"og:site_name\" content=\"Knivsta\" \/>\n<meta property=\"article:publisher\" content=\"https:\/\/www.facebook.com\/kdknivsta\" \/>\n<meta property=\"article:published_time\" content=\"2022-01-26T09:21:34+00:00\" \/>\n<meta property=\"article:modified_time\" content=\"2022-02-03T16:45:14+00:00\" \/>\n<meta property=\"og:image\" content=\"http:\/\/wp.kristdemokraterna.se\/knivsta\/files\/2022\/01\/skarmavbild-2022-01-26-kl.-10.04.38.png\" \/>\n\t<meta property=\"og:image:width\" content=\"506\" \/>\n\t<meta property=\"og:image:height\" content=\"437\" \/>\n\t<meta property=\"og:image:type\" content=\"image\/png\" \/>\n<meta name=\"author\" content=\"knivsta\" \/>\n<meta name=\"twitter:card\" content=\"summary_large_image\" \/>\n<meta name=\"twitter:label1\" content=\"Skriven av\" \/>\n\t<meta name=\"twitter:data1\" content=\"knivsta\" \/>\n\t<meta name=\"twitter:label2\" content=\"Ber\u00e4knad l\u00e4stid\" \/>\n\t<meta name=\"twitter:data2\" content=\"6 minuter\" \/>\n<script type=\"application\/ld+json\" class=\"yoast-schema-graph\">{\"@context\":\"https:\\\/\\\/schema.org\",\"@graph\":[{\"@type\":\"Article\",\"@id\":\"https:\\\/\\\/wp.kristdemokraterna.se\\\/knivsta\\\/2920-2\\\/#article\",\"isPartOf\":{\"@id\":\"https:\\\/\\\/wp.kristdemokraterna.se\\\/knivsta\\\/2920-2\\\/\"},\"author\":{\"name\":\"knivsta\",\"@id\":\"https:\\\/\\\/wp.kristdemokraterna.se\\\/knivsta\\\/#\\\/schema\\\/person\\\/41c1d3b208899a9de023f9206cac1f52\"},\"headline\":\"Oppositionsrapport fr\u00e5n KS i januari\",\"datePublished\":\"2022-01-26T09:21:34+00:00\",\"dateModified\":\"2022-02-03T16:45:14+00:00\",\"mainEntityOfPage\":{\"@id\":\"https:\\\/\\\/wp.kristdemokraterna.se\\\/knivsta\\\/2920-2\\\/\"},\"wordCount\":1339,\"image\":{\"@id\":\"https:\\\/\\\/wp.kristdemokraterna.se\\\/knivsta\\\/2920-2\\\/#primaryimage\"},\"thumbnailUrl\":\"http:\\\/\\\/wp.kristdemokraterna.se\\\/knivsta\\\/files\\\/2022\\\/01\\\/skarmavbild-2022-01-26-kl.-10.11.51.png\",\"articleSection\":[\"Knivsta\"],\"inLanguage\":\"sv-SE\"},{\"@type\":\"WebPage\",\"@id\":\"https:\\\/\\\/wp.kristdemokraterna.se\\\/knivsta\\\/2920-2\\\/\",\"url\":\"https:\\\/\\\/wp.kristdemokraterna.se\\\/knivsta\\\/2920-2\\\/\",\"name\":\"Oppositionsrapport fr\u00e5n KS i januari - Knivsta\",\"isPartOf\":{\"@id\":\"https:\\\/\\\/wp.kristdemokraterna.se\\\/knivsta\\\/#website\"},\"primaryImageOfPage\":{\"@id\":\"https:\\\/\\\/wp.kristdemokraterna.se\\\/knivsta\\\/2920-2\\\/#primaryimage\"},\"image\":{\"@id\":\"https:\\\/\\\/wp.kristdemokraterna.se\\\/knivsta\\\/2920-2\\\/#primaryimage\"},\"thumbnailUrl\":\"http:\\\/\\\/wp.kristdemokraterna.se\\\/knivsta\\\/files\\\/2022\\\/01\\\/skarmavbild-2022-01-26-kl.-10.11.51.png\",\"datePublished\":\"2022-01-26T09:21:34+00:00\",\"dateModified\":\"2022-02-03T16:45:14+00:00\",\"author\":{\"@id\":\"https:\\\/\\\/wp.kristdemokraterna.se\\\/knivsta\\\/#\\\/schema\\\/person\\\/41c1d3b208899a9de023f9206cac1f52\"},\"breadcrumb\":{\"@id\":\"https:\\\/\\\/wp.kristdemokraterna.se\\\/knivsta\\\/2920-2\\\/#breadcrumb\"},\"inLanguage\":\"sv-SE\",\"potentialAction\":[{\"@type\":\"ReadAction\",\"target\":[\"https:\\\/\\\/wp.kristdemokraterna.se\\\/knivsta\\\/2920-2\\\/\"]}]},{\"@type\":\"ImageObject\",\"inLanguage\":\"sv-SE\",\"@id\":\"https:\\\/\\\/wp.kristdemokraterna.se\\\/knivsta\\\/2920-2\\\/#primaryimage\",\"url\":\"http:\\\/\\\/wp.kristdemokraterna.se\\\/knivsta\\\/files\\\/2022\\\/01\\\/skarmavbild-2022-01-26-kl.-10.11.51.png\",\"contentUrl\":\"http:\\\/\\\/wp.kristdemokraterna.se\\\/knivsta\\\/files\\\/2022\\\/01\\\/skarmavbild-2022-01-26-kl.-10.11.51.png\"},{\"@type\":\"BreadcrumbList\",\"@id\":\"https:\\\/\\\/wp.kristdemokraterna.se\\\/knivsta\\\/2920-2\\\/#breadcrumb\",\"itemListElement\":[{\"@type\":\"ListItem\",\"position\":1,\"name\":\"Hem\",\"item\":\"https:\\\/\\\/wp.kristdemokraterna.se\\\/knivsta\\\/\"},{\"@type\":\"ListItem\",\"position\":2,\"name\":\"Oppositionsrapport fr\u00e5n KS i januari\"}]},{\"@type\":\"WebSite\",\"@id\":\"https:\\\/\\\/wp.kristdemokraterna.se\\\/knivsta\\\/#website\",\"url\":\"https:\\\/\\\/wp.kristdemokraterna.se\\\/knivsta\\\/\",\"name\":\"Knivsta\",\"description\":\" F\u00f6r ett b\u00e4ttre samh\u00e4lle\",\"inLanguage\":\"sv-SE\"},{\"@type\":\"Person\",\"@id\":\"https:\\\/\\\/wp.kristdemokraterna.se\\\/knivsta\\\/#\\\/schema\\\/person\\\/41c1d3b208899a9de023f9206cac1f52\",\"name\":\"knivsta\",\"image\":{\"@type\":\"ImageObject\",\"inLanguage\":\"sv-SE\",\"@id\":\"https:\\\/\\\/secure.gravatar.com\\\/avatar\\\/68a509c7c53375b65b47d1d3c17559bd62f1e272f97020f0faeec022f4f79769?s=96&r=g\",\"url\":\"https:\\\/\\\/secure.gravatar.com\\\/avatar\\\/68a509c7c53375b65b47d1d3c17559bd62f1e272f97020f0faeec022f4f79769?s=96&r=g\",\"contentUrl\":\"https:\\\/\\\/secure.gravatar.com\\\/avatar\\\/68a509c7c53375b65b47d1d3c17559bd62f1e272f97020f0faeec022f4f79769?s=96&r=g\",\"caption\":\"knivsta\"},\"url\":\"https:\\\/\\\/wp.kristdemokraterna.se\\\/knivsta\\\/author\\\/knivsta\\\/\"}]}<\/script>\n<!-- \/ Yoast SEO plugin. -->","yoast_head_json":{"title":"Oppositionsrapport fr\u00e5n KS i januari - Knivsta","robots":{"index":"index","follow":"follow","max-snippet":"max-snippet:-1","max-image-preview":"max-image-preview:large","max-video-preview":"max-video-preview:-1"},"canonical":"https:\/\/wp.kristdemokraterna.se\/knivsta\/2920-2\/","og_locale":"sv_SE","og_type":"article","og_title":"Oppositionsrapport fr\u00e5n KS i januari - Knivsta","og_description":"Som ett led i att ber\u00e4tta vad KD i Knivsta g\u00f6r f\u00f6r v\u00e4ljarnas mandat, och hur vi st\u00e4ller oss i olika f\u00f6rslag som styret l\u00e4gger fram f\u00f6r beslut, kommer h\u00e4r en rapport fr\u00e5n senaste kommunstyrelsen. Kristdemokraternas representanter \u00e4r Mimmi Westerlund och Oscar Hahne. Dagordningen inneh\u00f6ll elva besluts\u00e4renden. H\u00e4r kan du l\u00e4sa alla handlingar\u00a0s\u00e5 som de Read More","og_url":"https:\/\/wp.kristdemokraterna.se\/knivsta\/2920-2\/","og_site_name":"Knivsta","article_publisher":"https:\/\/www.facebook.com\/kdknivsta","article_published_time":"2022-01-26T09:21:34+00:00","article_modified_time":"2022-02-03T16:45:14+00:00","og_image":[{"width":506,"height":437,"url":"http:\/\/wp.kristdemokraterna.se\/knivsta\/files\/2022\/01\/skarmavbild-2022-01-26-kl.-10.04.38.png","type":"image\/png"}],"author":"knivsta","twitter_card":"summary_large_image","twitter_misc":{"Skriven av":"knivsta","Ber\u00e4knad l\u00e4stid":"6 minuter"},"schema":{"@context":"https:\/\/schema.org","@graph":[{"@type":"Article","@id":"https:\/\/wp.kristdemokraterna.se\/knivsta\/2920-2\/#article","isPartOf":{"@id":"https:\/\/wp.kristdemokraterna.se\/knivsta\/2920-2\/"},"author":{"name":"knivsta","@id":"https:\/\/wp.kristdemokraterna.se\/knivsta\/#\/schema\/person\/41c1d3b208899a9de023f9206cac1f52"},"headline":"Oppositionsrapport fr\u00e5n KS i januari","datePublished":"2022-01-26T09:21:34+00:00","dateModified":"2022-02-03T16:45:14+00:00","mainEntityOfPage":{"@id":"https:\/\/wp.kristdemokraterna.se\/knivsta\/2920-2\/"},"wordCount":1339,"image":{"@id":"https:\/\/wp.kristdemokraterna.se\/knivsta\/2920-2\/#primaryimage"},"thumbnailUrl":"http:\/\/wp.kristdemokraterna.se\/knivsta\/files\/2022\/01\/skarmavbild-2022-01-26-kl.-10.11.51.png","articleSection":["Knivsta"],"inLanguage":"sv-SE"},{"@type":"WebPage","@id":"https:\/\/wp.kristdemokraterna.se\/knivsta\/2920-2\/","url":"https:\/\/wp.kristdemokraterna.se\/knivsta\/2920-2\/","name":"Oppositionsrapport fr\u00e5n KS i januari - Knivsta","isPartOf":{"@id":"https:\/\/wp.kristdemokraterna.se\/knivsta\/#website"},"primaryImageOfPage":{"@id":"https:\/\/wp.kristdemokraterna.se\/knivsta\/2920-2\/#primaryimage"},"image":{"@id":"https:\/\/wp.kristdemokraterna.se\/knivsta\/2920-2\/#primaryimage"},"thumbnailUrl":"http:\/\/wp.kristdemokraterna.se\/knivsta\/files\/2022\/01\/skarmavbild-2022-01-26-kl.-10.11.51.png","datePublished":"2022-01-26T09:21:34+00:00","dateModified":"2022-02-03T16:45:14+00:00","author":{"@id":"https:\/\/wp.kristdemokraterna.se\/knivsta\/#\/schema\/person\/41c1d3b208899a9de023f9206cac1f52"},"breadcrumb":{"@id":"https:\/\/wp.kristdemokraterna.se\/knivsta\/2920-2\/#breadcrumb"},"inLanguage":"sv-SE","potentialAction":[{"@type":"ReadAction","target":["https:\/\/wp.kristdemokraterna.se\/knivsta\/2920-2\/"]}]},{"@type":"ImageObject","inLanguage":"sv-SE","@id":"https:\/\/wp.kristdemokraterna.se\/knivsta\/2920-2\/#primaryimage","url":"http:\/\/wp.kristdemokraterna.se\/knivsta\/files\/2022\/01\/skarmavbild-2022-01-26-kl.-10.11.51.png","contentUrl":"http:\/\/wp.kristdemokraterna.se\/knivsta\/files\/2022\/01\/skarmavbild-2022-01-26-kl.-10.11.51.png"},{"@type":"BreadcrumbList","@id":"https:\/\/wp.kristdemokraterna.se\/knivsta\/2920-2\/#breadcrumb","itemListElement":[{"@type":"ListItem","position":1,"name":"Hem","item":"https:\/\/wp.kristdemokraterna.se\/knivsta\/"},{"@type":"ListItem","position":2,"name":"Oppositionsrapport fr\u00e5n KS i januari"}]},{"@type":"WebSite","@id":"https:\/\/wp.kristdemokraterna.se\/knivsta\/#website","url":"https:\/\/wp.kristdemokraterna.se\/knivsta\/","name":"Knivsta","description":" F\u00f6r ett b\u00e4ttre samh\u00e4lle","inLanguage":"sv-SE"},{"@type":"Person","@id":"https:\/\/wp.kristdemokraterna.se\/knivsta\/#\/schema\/person\/41c1d3b208899a9de023f9206cac1f52","name":"knivsta","image":{"@type":"ImageObject","inLanguage":"sv-SE","@id":"https:\/\/secure.gravatar.com\/avatar\/68a509c7c53375b65b47d1d3c17559bd62f1e272f97020f0faeec022f4f79769?s=96&r=g","url":"https:\/\/secure.gravatar.com\/avatar\/68a509c7c53375b65b47d1d3c17559bd62f1e272f97020f0faeec022f4f79769?s=96&r=g","contentUrl":"https:\/\/secure.gravatar.com\/avatar\/68a509c7c53375b65b47d1d3c17559bd62f1e272f97020f0faeec022f4f79769?s=96&r=g","caption":"knivsta"},"url":"https:\/\/wp.kristdemokraterna.se\/knivsta\/author\/knivsta\/"}]}},"_links":{"self":[{"href":"https:\/\/wp.kristdemokraterna.se\/knivsta\/wp-json\/wp\/v2\/posts\/2920","targetHints":{"allow":["GET"]}}],"collection":[{"href":"https:\/\/wp.kristdemokraterna.se\/knivsta\/wp-json\/wp\/v2\/posts"}],"about":[{"href":"https:\/\/wp.kristdemokraterna.se\/knivsta\/wp-json\/wp\/v2\/types\/post"}],"author":[{"embeddable":true,"href":"https:\/\/wp.kristdemokraterna.se\/knivsta\/wp-json\/wp\/v2\/users\/481"}],"replies":[{"embeddable":true,"href":"https:\/\/wp.kristdemokraterna.se\/knivsta\/wp-json\/wp\/v2\/comments?post=2920"}],"version-history":[{"count":17,"href":"https:\/\/wp.kristdemokraterna.se\/knivsta\/wp-json\/wp\/v2\/posts\/2920\/revisions"}],"predecessor-version":[{"id":2973,"href":"https:\/\/wp.kristdemokraterna.se\/knivsta\/wp-json\/wp\/v2\/posts\/2920\/revisions\/2973"}],"wp:attachment":[{"href":"https:\/\/wp.kristdemokraterna.se\/knivsta\/wp-json\/wp\/v2\/media?parent=2920"}],"wp:term":[{"taxonomy":"category","embeddable":true,"href":"https:\/\/wp.kristdemokraterna.se\/knivsta\/wp-json\/wp\/v2\/categories?post=2920"},{"taxonomy":"post_tag","embeddable":true,"href":"https:\/\/wp.kristdemokraterna.se\/knivsta\/wp-json\/wp\/v2\/tags?post=2920"}],"curies":[{"name":"wp","href":"https:\/\/api.w.org\/{rel}","templated":true}]}}