{"id":3262,"date":"2022-09-01T02:50:04","date_gmt":"2022-09-01T00:50:04","guid":{"rendered":"https:\/\/wp.kristdemokraterna.se\/knivsta\/?p=3262"},"modified":"2022-09-06T17:44:28","modified_gmt":"2022-09-06T15:44:28","slug":"onskar-ett-mer-genomtankt-samhallsbygge","status":"publish","type":"post","link":"https:\/\/wp.kristdemokraterna.se\/knivsta\/onskar-ett-mer-genomtankt-samhallsbygge\/","title":{"rendered":"\u00d6nskar ett mer genomt\u00e4nkt samh\u00e4llsbygge"},"content":{"rendered":"<h3>Att f\u00e5 ordning p\u00e5 infrastrukturen s\u00e5 att allt h\u00e4nger ihop \u00e4r viktigt f\u00f6r Gunnar Gidlund. Det \u00e4r viktigt att planeringen av v\u00e4gar, vatten och avlopp ges tillr\u00e4ckligt utrymme n\u00e4r man bygger nya omr\u00e5den, menar han. Att f\u00e5 till ett trivsamt byggande \u00e4r ett viktigt m\u00e5l.<\/h3>\n<p>Hans fr\u00e4msta intresse som politiker \u00e4r samh\u00e4llsbyggnad och skapande av ett tryggt och trivsamt samh\u00e4lle f\u00f6r Knivstas medborgare i alla \u00e5ldrar.<\/p>\n<p>\u2013 Genom min bakgrund som v\u00e4g- och vattenbyggnadsingenj\u00f6r och hydrogeolog, s\u00e5 tycker jag att jag har goda m\u00f6jligheter att s\u00e4tta mig in i viktiga fr\u00e5gest\u00e4llningar f\u00f6r Knivstas inv\u00e5nare, s\u00e4ger han.<\/p>\n<p>Mycket h\u00e4nder i n\u00e4rtid, som p\u00e5verkar kommunen. De senaste \u00e5ren har fyrsp\u00e5rsavtalet, Svenska kraftn\u00e4ts utbyggnad och vatten- och avloppsfr\u00e5gor varit fr\u00e5gor som han tittat p\u00e5 som politiker i opposition.<\/p>\n<p>\u2013 Jag har varit ledamot i bygg- och milj\u00f6n\u00e4mnden och \u00e4r idag ledamot i samh\u00e4llsutvecklings-<br \/>\nn\u00e4mnden, Knivstabost\u00e4der och Alsikebolaget och jag sitter i Norrvattens kommunf\u00f6rbunds styrelse. Bostadsutvecklingen och den sociala samh\u00e4llsutvecklingen i Knivsta och hur vi ska f\u00e5 allt att fungera har varit viktiga bitar h\u00e4r.<\/p>\n<p>Ut\u00f6ver detta s\u00e5 \u00e4r Gunnar engagerad i regionpolitiken, d\u00e4r han dels \u00e4r ers\u00e4ttare i M\u00e4lardalsr\u00e5det liksom i trafik- och samh\u00e4llsbyggnadsn\u00e4mnden samt i regionfullm\u00e4ktige.<\/p>\n<p>\u2013 Med min yrkesbakgrund samt deltagande i n\u00e4mnder och styrelser tror jag mig kunna bevaka och p\u00e5verka Knivstas utveckling p\u00e5 ett positivt s\u00e4tt f\u00f6r alla v\u00e5ra medborgare.<\/p>\n<p>P\u00e5 fritiden s\u00e5 l\u00e4gger han mycket tid tillsammans med n\u00e4ra och k\u00e4ra och trivs med att vara ute i skog och mark men ocks\u00e5 att njuta av b\u00e5tturer p\u00e5 Ekoln, som ligger ett stenkast fr\u00e5n bostaden.<\/p>\n","protected":false},"excerpt":{"rendered":"<p>Att f\u00e5 ordning p\u00e5 infrastrukturen s\u00e5 att allt h\u00e4nger ihop \u00e4r viktigt f\u00f6r Gunnar Gidlund. Det \u00e4r viktigt att planeringen av v\u00e4gar, vatten och avlopp ges tillr\u00e4ckligt utrymme n\u00e4r man bygger nya omr\u00e5den, menar han. Att f\u00e5 till ett trivsamt byggande \u00e4r ett viktigt m\u00e5l. Hans fr\u00e4msta intresse som politiker \u00e4r samh\u00e4llsbyggnad och skapande av <a class=\"read-more-link\" href=\"https:\/\/wp.kristdemokraterna.se\/knivsta\/onskar-ett-mer-genomtankt-samhallsbygge\/\">Read More<\/a><\/p>\n","protected":false},"author":481,"featured_media":0,"comment_status":"closed","ping_status":"closed","sticky":false,"template":"","format":"standard","meta":{"_acf_changed":false,"footnotes":""},"categories":[105],"tags":[],"class_list":["post-3262","post","type-post","status-publish","format-standard","hentry","category-inlagg"],"acf":[],"yoast_head":"<!-- This site is optimized with the Yoast SEO plugin v27.4 - https:\/\/yoast.com\/product\/yoast-seo-wordpress\/ -->\n<title>\u00d6nskar ett mer genomt\u00e4nkt samh\u00e4llsbygge - Knivsta<\/title>\n<meta name=\"description\" content=\"Att f\u00e5 ordning p\u00e5 infrastrukturen s\u00e5 att allt h\u00e4nger ihop \u00e4r viktigt f\u00f6r Gunnar Gidlund. Under flera \u00e5r har beslut tagits kring nya bost\u00e4der utan att planeringen av v\u00e4gar, vatten och avlopp getts tillr\u00e4ckligt utrymme, menar han. Att f\u00e5 till ett trivsamt byggande \u00e4r ett viktigt m\u00e5l.\" \/>\n<meta name=\"robots\" content=\"index, follow, max-snippet:-1, max-image-preview:large, max-video-preview:-1\" \/>\n<link rel=\"canonical\" href=\"https:\/\/wp.kristdemokraterna.se\/knivsta\/onskar-ett-mer-genomtankt-samhallsbygge\/\" \/>\n<meta property=\"og:locale\" content=\"sv_SE\" \/>\n<meta property=\"og:type\" content=\"article\" \/>\n<meta property=\"og:title\" content=\"\u00d6nskar ett mer genomt\u00e4nkt samh\u00e4llsbygge\" \/>\n<meta property=\"og:description\" content=\"Att f\u00e5 ordning p\u00e5 infrastrukturen s\u00e5 att allt h\u00e4nger ihop \u00e4r viktigt f\u00f6r Gunnar Gidlund. Under flera \u00e5r har beslut tagits kring nya bost\u00e4der utan att planeringen av v\u00e4gar, vatten och avlopp getts tillr\u00e4ckligt utrymme, menar han. Att f\u00e5 till ett trivsamt byggande \u00e4r ett viktigt m\u00e5l.\" \/>\n<meta property=\"og:url\" content=\"https:\/\/wp.kristdemokraterna.se\/knivsta\/onskar-ett-mer-genomtankt-samhallsbygge\/\" \/>\n<meta property=\"og:site_name\" content=\"Knivsta\" \/>\n<meta property=\"article:publisher\" content=\"https:\/\/www.facebook.com\/kdknivsta\" \/>\n<meta property=\"article:published_time\" content=\"2022-09-01T00:50:04+00:00\" \/>\n<meta property=\"article:modified_time\" content=\"2022-09-06T15:44:28+00:00\" \/>\n<meta property=\"og:image\" content=\"http:\/\/wp.kristdemokraterna.se\/knivsta\/files\/2022\/09\/gunnar-webb.png\" \/>\n\t<meta property=\"og:image:width\" content=\"480\" \/>\n\t<meta property=\"og:image:height\" content=\"518\" \/>\n\t<meta property=\"og:image:type\" content=\"image\/png\" \/>\n<meta name=\"author\" content=\"knivsta\" \/>\n<meta name=\"twitter:card\" content=\"summary_large_image\" \/>\n<meta name=\"twitter:label1\" content=\"Skriven av\" \/>\n\t<meta name=\"twitter:data1\" content=\"knivsta\" \/>\n\t<meta name=\"twitter:label2\" content=\"Ber\u00e4knad l\u00e4stid\" \/>\n\t<meta name=\"twitter:data2\" content=\"2 minuter\" \/>\n<script type=\"application\/ld+json\" class=\"yoast-schema-graph\">{\"@context\":\"https:\\\/\\\/schema.org\",\"@graph\":[{\"@type\":\"Article\",\"@id\":\"https:\\\/\\\/wp.kristdemokraterna.se\\\/knivsta\\\/onskar-ett-mer-genomtankt-samhallsbygge\\\/#article\",\"isPartOf\":{\"@id\":\"https:\\\/\\\/wp.kristdemokraterna.se\\\/knivsta\\\/onskar-ett-mer-genomtankt-samhallsbygge\\\/\"},\"author\":{\"name\":\"knivsta\",\"@id\":\"https:\\\/\\\/wp.kristdemokraterna.se\\\/knivsta\\\/#\\\/schema\\\/person\\\/41c1d3b208899a9de023f9206cac1f52\"},\"headline\":\"\u00d6nskar ett mer genomt\u00e4nkt samh\u00e4llsbygge\",\"datePublished\":\"2022-09-01T00:50:04+00:00\",\"dateModified\":\"2022-09-06T15:44:28+00:00\",\"mainEntityOfPage\":{\"@id\":\"https:\\\/\\\/wp.kristdemokraterna.se\\\/knivsta\\\/onskar-ett-mer-genomtankt-samhallsbygge\\\/\"},\"wordCount\":314,\"articleSection\":[\"Inl\u00e4gg\"],\"inLanguage\":\"sv-SE\"},{\"@type\":\"WebPage\",\"@id\":\"https:\\\/\\\/wp.kristdemokraterna.se\\\/knivsta\\\/onskar-ett-mer-genomtankt-samhallsbygge\\\/\",\"url\":\"https:\\\/\\\/wp.kristdemokraterna.se\\\/knivsta\\\/onskar-ett-mer-genomtankt-samhallsbygge\\\/\",\"name\":\"\u00d6nskar ett mer genomt\u00e4nkt samh\u00e4llsbygge - Knivsta\",\"isPartOf\":{\"@id\":\"https:\\\/\\\/wp.kristdemokraterna.se\\\/knivsta\\\/#website\"},\"datePublished\":\"2022-09-01T00:50:04+00:00\",\"dateModified\":\"2022-09-06T15:44:28+00:00\",\"author\":{\"@id\":\"https:\\\/\\\/wp.kristdemokraterna.se\\\/knivsta\\\/#\\\/schema\\\/person\\\/41c1d3b208899a9de023f9206cac1f52\"},\"description\":\"Att f\u00e5 ordning p\u00e5 infrastrukturen s\u00e5 att allt h\u00e4nger ihop \u00e4r viktigt f\u00f6r Gunnar Gidlund. Under flera \u00e5r har beslut tagits kring nya bost\u00e4der utan att planeringen av v\u00e4gar, vatten och avlopp getts tillr\u00e4ckligt utrymme, menar han. Att f\u00e5 till ett trivsamt byggande \u00e4r ett viktigt m\u00e5l.\",\"breadcrumb\":{\"@id\":\"https:\\\/\\\/wp.kristdemokraterna.se\\\/knivsta\\\/onskar-ett-mer-genomtankt-samhallsbygge\\\/#breadcrumb\"},\"inLanguage\":\"sv-SE\",\"potentialAction\":[{\"@type\":\"ReadAction\",\"target\":[\"https:\\\/\\\/wp.kristdemokraterna.se\\\/knivsta\\\/onskar-ett-mer-genomtankt-samhallsbygge\\\/\"]}]},{\"@type\":\"BreadcrumbList\",\"@id\":\"https:\\\/\\\/wp.kristdemokraterna.se\\\/knivsta\\\/onskar-ett-mer-genomtankt-samhallsbygge\\\/#breadcrumb\",\"itemListElement\":[{\"@type\":\"ListItem\",\"position\":1,\"name\":\"Hem\",\"item\":\"https:\\\/\\\/wp.kristdemokraterna.se\\\/knivsta\\\/\"},{\"@type\":\"ListItem\",\"position\":2,\"name\":\"\u00d6nskar ett mer genomt\u00e4nkt samh\u00e4llsbygge\"}]},{\"@type\":\"WebSite\",\"@id\":\"https:\\\/\\\/wp.kristdemokraterna.se\\\/knivsta\\\/#website\",\"url\":\"https:\\\/\\\/wp.kristdemokraterna.se\\\/knivsta\\\/\",\"name\":\"Knivsta\",\"description\":\" F\u00f6r ett b\u00e4ttre samh\u00e4lle\",\"inLanguage\":\"sv-SE\"},{\"@type\":\"Person\",\"@id\":\"https:\\\/\\\/wp.kristdemokraterna.se\\\/knivsta\\\/#\\\/schema\\\/person\\\/41c1d3b208899a9de023f9206cac1f52\",\"name\":\"knivsta\",\"image\":{\"@type\":\"ImageObject\",\"inLanguage\":\"sv-SE\",\"@id\":\"https:\\\/\\\/secure.gravatar.com\\\/avatar\\\/68a509c7c53375b65b47d1d3c17559bd62f1e272f97020f0faeec022f4f79769?s=96&r=g\",\"url\":\"https:\\\/\\\/secure.gravatar.com\\\/avatar\\\/68a509c7c53375b65b47d1d3c17559bd62f1e272f97020f0faeec022f4f79769?s=96&r=g\",\"contentUrl\":\"https:\\\/\\\/secure.gravatar.com\\\/avatar\\\/68a509c7c53375b65b47d1d3c17559bd62f1e272f97020f0faeec022f4f79769?s=96&r=g\",\"caption\":\"knivsta\"},\"url\":\"https:\\\/\\\/wp.kristdemokraterna.se\\\/knivsta\\\/author\\\/knivsta\\\/\"}]}<\/script>\n<!-- \/ Yoast SEO plugin. -->","yoast_head_json":{"title":"\u00d6nskar ett mer genomt\u00e4nkt samh\u00e4llsbygge - Knivsta","description":"Att f\u00e5 ordning p\u00e5 infrastrukturen s\u00e5 att allt h\u00e4nger ihop \u00e4r viktigt f\u00f6r Gunnar Gidlund. Under flera \u00e5r har beslut tagits kring nya bost\u00e4der utan att planeringen av v\u00e4gar, vatten och avlopp getts tillr\u00e4ckligt utrymme, menar han. Att f\u00e5 till ett trivsamt byggande \u00e4r ett viktigt m\u00e5l.","robots":{"index":"index","follow":"follow","max-snippet":"max-snippet:-1","max-image-preview":"max-image-preview:large","max-video-preview":"max-video-preview:-1"},"canonical":"https:\/\/wp.kristdemokraterna.se\/knivsta\/onskar-ett-mer-genomtankt-samhallsbygge\/","og_locale":"sv_SE","og_type":"article","og_title":"\u00d6nskar ett mer genomt\u00e4nkt samh\u00e4llsbygge","og_description":"Att f\u00e5 ordning p\u00e5 infrastrukturen s\u00e5 att allt h\u00e4nger ihop \u00e4r viktigt f\u00f6r Gunnar Gidlund. Under flera \u00e5r har beslut tagits kring nya bost\u00e4der utan att planeringen av v\u00e4gar, vatten och avlopp getts tillr\u00e4ckligt utrymme, menar han. Att f\u00e5 till ett trivsamt byggande \u00e4r ett viktigt m\u00e5l.","og_url":"https:\/\/wp.kristdemokraterna.se\/knivsta\/onskar-ett-mer-genomtankt-samhallsbygge\/","og_site_name":"Knivsta","article_publisher":"https:\/\/www.facebook.com\/kdknivsta","article_published_time":"2022-09-01T00:50:04+00:00","article_modified_time":"2022-09-06T15:44:28+00:00","og_image":[{"width":480,"height":518,"url":"http:\/\/wp.kristdemokraterna.se\/knivsta\/files\/2022\/09\/gunnar-webb.png","type":"image\/png"}],"author":"knivsta","twitter_card":"summary_large_image","twitter_misc":{"Skriven av":"knivsta","Ber\u00e4knad l\u00e4stid":"2 minuter"},"schema":{"@context":"https:\/\/schema.org","@graph":[{"@type":"Article","@id":"https:\/\/wp.kristdemokraterna.se\/knivsta\/onskar-ett-mer-genomtankt-samhallsbygge\/#article","isPartOf":{"@id":"https:\/\/wp.kristdemokraterna.se\/knivsta\/onskar-ett-mer-genomtankt-samhallsbygge\/"},"author":{"name":"knivsta","@id":"https:\/\/wp.kristdemokraterna.se\/knivsta\/#\/schema\/person\/41c1d3b208899a9de023f9206cac1f52"},"headline":"\u00d6nskar ett mer genomt\u00e4nkt samh\u00e4llsbygge","datePublished":"2022-09-01T00:50:04+00:00","dateModified":"2022-09-06T15:44:28+00:00","mainEntityOfPage":{"@id":"https:\/\/wp.kristdemokraterna.se\/knivsta\/onskar-ett-mer-genomtankt-samhallsbygge\/"},"wordCount":314,"articleSection":["Inl\u00e4gg"],"inLanguage":"sv-SE"},{"@type":"WebPage","@id":"https:\/\/wp.kristdemokraterna.se\/knivsta\/onskar-ett-mer-genomtankt-samhallsbygge\/","url":"https:\/\/wp.kristdemokraterna.se\/knivsta\/onskar-ett-mer-genomtankt-samhallsbygge\/","name":"\u00d6nskar ett mer genomt\u00e4nkt samh\u00e4llsbygge - Knivsta","isPartOf":{"@id":"https:\/\/wp.kristdemokraterna.se\/knivsta\/#website"},"datePublished":"2022-09-01T00:50:04+00:00","dateModified":"2022-09-06T15:44:28+00:00","author":{"@id":"https:\/\/wp.kristdemokraterna.se\/knivsta\/#\/schema\/person\/41c1d3b208899a9de023f9206cac1f52"},"description":"Att f\u00e5 ordning p\u00e5 infrastrukturen s\u00e5 att allt h\u00e4nger ihop \u00e4r viktigt f\u00f6r Gunnar Gidlund. Under flera \u00e5r har beslut tagits kring nya bost\u00e4der utan att planeringen av v\u00e4gar, vatten och avlopp getts tillr\u00e4ckligt utrymme, menar han. Att f\u00e5 till ett trivsamt byggande \u00e4r ett viktigt m\u00e5l.","breadcrumb":{"@id":"https:\/\/wp.kristdemokraterna.se\/knivsta\/onskar-ett-mer-genomtankt-samhallsbygge\/#breadcrumb"},"inLanguage":"sv-SE","potentialAction":[{"@type":"ReadAction","target":["https:\/\/wp.kristdemokraterna.se\/knivsta\/onskar-ett-mer-genomtankt-samhallsbygge\/"]}]},{"@type":"BreadcrumbList","@id":"https:\/\/wp.kristdemokraterna.se\/knivsta\/onskar-ett-mer-genomtankt-samhallsbygge\/#breadcrumb","itemListElement":[{"@type":"ListItem","position":1,"name":"Hem","item":"https:\/\/wp.kristdemokraterna.se\/knivsta\/"},{"@type":"ListItem","position":2,"name":"\u00d6nskar ett mer genomt\u00e4nkt samh\u00e4llsbygge"}]},{"@type":"WebSite","@id":"https:\/\/wp.kristdemokraterna.se\/knivsta\/#website","url":"https:\/\/wp.kristdemokraterna.se\/knivsta\/","name":"Knivsta","description":" F\u00f6r ett b\u00e4ttre samh\u00e4lle","inLanguage":"sv-SE"},{"@type":"Person","@id":"https:\/\/wp.kristdemokraterna.se\/knivsta\/#\/schema\/person\/41c1d3b208899a9de023f9206cac1f52","name":"knivsta","image":{"@type":"ImageObject","inLanguage":"sv-SE","@id":"https:\/\/secure.gravatar.com\/avatar\/68a509c7c53375b65b47d1d3c17559bd62f1e272f97020f0faeec022f4f79769?s=96&r=g","url":"https:\/\/secure.gravatar.com\/avatar\/68a509c7c53375b65b47d1d3c17559bd62f1e272f97020f0faeec022f4f79769?s=96&r=g","contentUrl":"https:\/\/secure.gravatar.com\/avatar\/68a509c7c53375b65b47d1d3c17559bd62f1e272f97020f0faeec022f4f79769?s=96&r=g","caption":"knivsta"},"url":"https:\/\/wp.kristdemokraterna.se\/knivsta\/author\/knivsta\/"}]}},"_links":{"self":[{"href":"https:\/\/wp.kristdemokraterna.se\/knivsta\/wp-json\/wp\/v2\/posts\/3262","targetHints":{"allow":["GET"]}}],"collection":[{"href":"https:\/\/wp.kristdemokraterna.se\/knivsta\/wp-json\/wp\/v2\/posts"}],"about":[{"href":"https:\/\/wp.kristdemokraterna.se\/knivsta\/wp-json\/wp\/v2\/types\/post"}],"author":[{"embeddable":true,"href":"https:\/\/wp.kristdemokraterna.se\/knivsta\/wp-json\/wp\/v2\/users\/481"}],"replies":[{"embeddable":true,"href":"https:\/\/wp.kristdemokraterna.se\/knivsta\/wp-json\/wp\/v2\/comments?post=3262"}],"version-history":[{"count":13,"href":"https:\/\/wp.kristdemokraterna.se\/knivsta\/wp-json\/wp\/v2\/posts\/3262\/revisions"}],"predecessor-version":[{"id":3334,"href":"https:\/\/wp.kristdemokraterna.se\/knivsta\/wp-json\/wp\/v2\/posts\/3262\/revisions\/3334"}],"wp:attachment":[{"href":"https:\/\/wp.kristdemokraterna.se\/knivsta\/wp-json\/wp\/v2\/media?parent=3262"}],"wp:term":[{"taxonomy":"category","embeddable":true,"href":"https:\/\/wp.kristdemokraterna.se\/knivsta\/wp-json\/wp\/v2\/categories?post=3262"},{"taxonomy":"post_tag","embeddable":true,"href":"https:\/\/wp.kristdemokraterna.se\/knivsta\/wp-json\/wp\/v2\/tags?post=3262"}],"curies":[{"name":"wp","href":"https:\/\/api.w.org\/{rel}","templated":true}]}}