{"id":3319,"date":"2022-09-06T15:20:42","date_gmt":"2022-09-06T13:20:42","guid":{"rendered":"https:\/\/wp.kristdemokraterna.se\/knivsta\/?p=3319"},"modified":"2022-09-06T16:12:44","modified_gmt":"2022-09-06T14:12:44","slug":"skola-och-trivsamhet-fore-exploatering","status":"publish","type":"post","link":"https:\/\/wp.kristdemokraterna.se\/knivsta\/skola-och-trivsamhet-fore-exploatering\/","title":{"rendered":"Skola och trivsamhet f\u00f6re exploatering"},"content":{"rendered":"<p><strong>Att fr\u00e5gor som skola, f\u00f6rskola och \u00e4ldreomsorg ska prioriteras riktigt h\u00f6gt i en kommun borde vara en sj\u00e4lvklarhet. Mimmi Westerlund, KD:s toppkandidat lovar att kommer jobba h\u00e5rt f\u00f6r att Knivstabornas behov och \u00f6nskem\u00e5l ska g\u00e5 f\u00f6re exploateringsiver, \u00e4ven kommande mandatperiod.<br \/>\n<\/strong><br \/>\nI v\u00e5ras tog Kristdemokraterna i Knivsta som enda parti fram ett eget alternativ till stadsutvecklingsstrategi \u00e4n den som klubbades av partierna i styret (M, S, C, MP och V).<\/p>\n<p>I den framg\u00e5r att m\u00e5let \u00e4r s\u00e4nkt byggtakt, att det som byggs ska vara sm\u00e5skaligt och att gr\u00f6nskan inte byggs bort.<\/p>\n<p>\u2013 Det \u00e4r en stor besvikelse att de styrande partierna inte lyssnade p\u00e5 oss och tog chansen till att styra \u00f6ver planerna mot tr\u00e4dg\u00e5rdsstadskoncept med \u00f6kad trivsel och plats f\u00f6r b\u00e5de familj och barn plus en bil, s\u00e4ger Mimmi Westerlund.<\/p>\n<p>Beslutet som togs blev en forts\u00e4ttning p\u00e5 det avtal som styret sl\u00f6t med staten f\u00f6re valet 2018, och inneb\u00e4r kraftigt h\u00f6jd byggtakt, m\u00e5nga hyresr\u00e4tter i flerbostadshus och f\u00f6rt\u00e4tning.<\/p>\n<h4>Ska vara tryggt och fint<\/h4>\n<p>N\u00e4r KD pratar om att Knivsta ska bli en trivsam sm\u00e5stad s\u00e5 menar man just detta, att det ska vara tryggt och fint att bo h\u00e4r, och barnen ska ha bra uppv\u00e4xtvillkor, f\u00f6rklarar hon.<\/p>\n<p>\u2013 Det vi vill forts\u00e4tta arbeta f\u00f6r nu \u00e4r att st\u00e4rka skolan som tappat resurser de senaste \u00e5ren, med fler vuxna och mindre barngrupper och att se till att v\u00e5ra id\u00e9er kring en sm\u00e5skalig stadsutveckling g\u00e5r igenom. S\u00e5 sent som i juni togs ett beslut som innebar en l\u00e4gre parkeringsnorm \u00e4n detaljplanen medgav, s\u00e5 kan vi inte ha det.<\/p>\n<p>Som mamma till en 5-\u00e5ring s\u00e5 har hon m\u00e4rkt av det tuffa l\u00e4get i f\u00f6rskolan.<\/p>\n<p>\u2013 F\u00f6r stora barngrupper och h\u00f6g personaloms\u00e4ttning \u00e4r inte bra. Vi m\u00e5ste f\u00e5 till ett nytt styre som inte sk\u00e4r ned i de h\u00e4r verksamheterna.<\/p>\n<h4>Skrytprojekt retar upp<\/h4>\n<p>N\u00e5got som engagerar Mimmi \u00e4r n\u00e4r skrytprojekt och exploatering prioriteras f\u00f6re k\u00e4rnverksamheterna.<\/p>\n<p>\u2013 Det kokar i mig varje g\u00e5ng skattemedel f\u00f6rsl\u00f6sas samtidigt som v\u00e4lf\u00e4rden brister i kvalitet, exempelvis skola och \u00e4ldreomsorg.<\/p>\n<p>Just nu \u00e4r Mimmi regionr\u00e5d p\u00e5 deltid och sitter i kommunstyrelsen, men driver ocks\u00e5 ett f\u00f6retag d\u00e4r hon \u00e4r digital designer och kommunikat\u00f6r. Hennes och sambons sommarstuga vid G\u00e4vlekusten blir platsen d\u00e4r hon finner sin \u00e5terh\u00e4mtning.<\/p>\n<p>\u2013 Jag \u00e4r ocks\u00e5 intresserad av sl\u00e4kt- och hembygdsforskning och n\u00e4r tiden finns s\u00e5 sitter jag g\u00e4rna och grejar med det.<\/p>\n<h4>Varf\u00f6r ska man r\u00f6sta p\u00e5 dig?<\/h4>\n<p>\u2013 Jag \u00e4r en enkel person och politiker: Det du ser \u00e4r det du f\u00e5r. Jag ger raka besked och viker mig inte n\u00e4r det bl\u00e5ser. Det har vi f\u00e5tt k\u00e4nna p\u00e5 nu i opposition, men det g\u00e4ller att h\u00e5lla huvudet kallt och hj\u00e4rtat varmt.<\/p>\n","protected":false},"excerpt":{"rendered":"<p>Att fr\u00e5gor som skola, f\u00f6rskola och \u00e4ldreomsorg ska prioriteras riktigt h\u00f6gt i en kommun borde vara en sj\u00e4lvklarhet. Mimmi Westerlund, KD:s toppkandidat lovar att kommer jobba h\u00e5rt f\u00f6r att Knivstabornas behov och \u00f6nskem\u00e5l ska g\u00e5 f\u00f6re exploateringsiver, \u00e4ven kommande mandatperiod. I v\u00e5ras tog Kristdemokraterna i Knivsta som enda parti fram ett eget alternativ till stadsutvecklingsstrategi <a class=\"read-more-link\" href=\"https:\/\/wp.kristdemokraterna.se\/knivsta\/skola-och-trivsamhet-fore-exploatering\/\">Read More<\/a><\/p>\n","protected":false},"author":481,"featured_media":0,"comment_status":"closed","ping_status":"closed","sticky":false,"template":"","format":"standard","meta":{"_acf_changed":false,"footnotes":""},"categories":[105],"tags":[19,155,154,128,11,5,64,135,139,12,90,156,136],"class_list":["post-3319","post","type-post","status-publish","format-standard","hentry","category-inlagg","tag-barngrupper-i-forskolan","tag-exploatering","tag-fler-vuxna-i-skolan","tag-fyrsparsavtalet","tag-kd-knivsta","tag-knivsta","tag-knivsta-kommun","tag-kommunlistan","tag-kommunvalet","tag-kristdemokraterna-knivsta","tag-skola","tag-stadsutvecklingsstrategi","tag-valet-2022"],"acf":[],"yoast_head":"<!-- This site is optimized with the Yoast SEO plugin v27.4 - https:\/\/yoast.com\/product\/yoast-seo-wordpress\/ -->\n<title>Skola och trivsamhet f\u00f6re exploatering - Knivsta<\/title>\n<meta name=\"description\" content=\"Att fr\u00e5gor som skola, f\u00f6rskola och \u00e4ldreomsorg ska prioriteras riktigt h\u00f6gt i en kommun borde vara en sj\u00e4lvklarhet. Mimmi Westerlund, KD:s toppkandidat lovar att kommer jobba h\u00e5rt f\u00f6r att Knivstabornas behov och \u00f6nskem\u00e5l ska g\u00e5 f\u00f6re exploateringsiver, \u00e4ven kommande mandatperiod.\" \/>\n<meta name=\"robots\" content=\"index, follow, max-snippet:-1, max-image-preview:large, max-video-preview:-1\" \/>\n<link rel=\"canonical\" href=\"https:\/\/wp.kristdemokraterna.se\/knivsta\/skola-och-trivsamhet-fore-exploatering\/\" \/>\n<meta property=\"og:locale\" content=\"sv_SE\" \/>\n<meta property=\"og:type\" content=\"article\" \/>\n<meta property=\"og:title\" content=\"Skola och trivsamhet f\u00f6re exploatering\" \/>\n<meta property=\"og:description\" content=\"Att fr\u00e5gor som skola, f\u00f6rskola och \u00e4ldreomsorg ska prioriteras riktigt h\u00f6gt i en kommun borde vara en sj\u00e4lvklarhet. Mimmi Westerlund, KD:s toppkandidat lovar att kommer jobba h\u00e5rt f\u00f6r att Knivstabornas behov och \u00f6nskem\u00e5l ska g\u00e5 f\u00f6re exploateringsiver, \u00e4ven kommande mandatperiod.\" \/>\n<meta property=\"og:url\" content=\"https:\/\/wp.kristdemokraterna.se\/knivsta\/skola-och-trivsamhet-fore-exploatering\/\" \/>\n<meta property=\"og:site_name\" content=\"Knivsta\" \/>\n<meta property=\"article:publisher\" content=\"https:\/\/www.facebook.com\/kdknivsta\" \/>\n<meta property=\"article:published_time\" content=\"2022-09-06T13:20:42+00:00\" \/>\n<meta property=\"article:modified_time\" content=\"2022-09-06T14:12:44+00:00\" \/>\n<meta property=\"og:image\" content=\"http:\/\/wp.kristdemokraterna.se\/knivsta\/files\/2022\/09\/mimmi-webb.png\" \/>\n\t<meta property=\"og:image:width\" content=\"480\" \/>\n\t<meta property=\"og:image:height\" content=\"518\" \/>\n\t<meta property=\"og:image:type\" content=\"image\/png\" \/>\n<meta name=\"author\" content=\"knivsta\" \/>\n<meta name=\"twitter:card\" content=\"summary_large_image\" \/>\n<meta name=\"twitter:label1\" content=\"Skriven av\" \/>\n\t<meta name=\"twitter:data1\" content=\"knivsta\" \/>\n\t<meta name=\"twitter:label2\" content=\"Ber\u00e4knad l\u00e4stid\" \/>\n\t<meta name=\"twitter:data2\" content=\"3 minuter\" \/>\n<script type=\"application\/ld+json\" class=\"yoast-schema-graph\">{\"@context\":\"https:\\\/\\\/schema.org\",\"@graph\":[{\"@type\":\"Article\",\"@id\":\"https:\\\/\\\/wp.kristdemokraterna.se\\\/knivsta\\\/skola-och-trivsamhet-fore-exploatering\\\/#article\",\"isPartOf\":{\"@id\":\"https:\\\/\\\/wp.kristdemokraterna.se\\\/knivsta\\\/skola-och-trivsamhet-fore-exploatering\\\/\"},\"author\":{\"name\":\"knivsta\",\"@id\":\"https:\\\/\\\/wp.kristdemokraterna.se\\\/knivsta\\\/#\\\/schema\\\/person\\\/41c1d3b208899a9de023f9206cac1f52\"},\"headline\":\"Skola och trivsamhet f\u00f6re exploatering\",\"datePublished\":\"2022-09-06T13:20:42+00:00\",\"dateModified\":\"2022-09-06T14:12:44+00:00\",\"mainEntityOfPage\":{\"@id\":\"https:\\\/\\\/wp.kristdemokraterna.se\\\/knivsta\\\/skola-och-trivsamhet-fore-exploatering\\\/\"},\"wordCount\":518,\"keywords\":[\"barngrupper i f\u00f6rskolan\",\"exploatering\",\"fler vuxna i skolan\",\"fyrsp\u00e5rsavtalet\",\"KD Knivsta\",\"Knivsta\",\"Knivsta kommun\",\"kommunlistan\",\"kommunvalet\",\"Kristdemokraterna Knivsta\",\"Skola\",\"stadsutvecklingsstrategi\",\"valet 2022\"],\"articleSection\":[\"Inl\u00e4gg\"],\"inLanguage\":\"sv-SE\"},{\"@type\":\"WebPage\",\"@id\":\"https:\\\/\\\/wp.kristdemokraterna.se\\\/knivsta\\\/skola-och-trivsamhet-fore-exploatering\\\/\",\"url\":\"https:\\\/\\\/wp.kristdemokraterna.se\\\/knivsta\\\/skola-och-trivsamhet-fore-exploatering\\\/\",\"name\":\"Skola och trivsamhet f\u00f6re exploatering - Knivsta\",\"isPartOf\":{\"@id\":\"https:\\\/\\\/wp.kristdemokraterna.se\\\/knivsta\\\/#website\"},\"datePublished\":\"2022-09-06T13:20:42+00:00\",\"dateModified\":\"2022-09-06T14:12:44+00:00\",\"author\":{\"@id\":\"https:\\\/\\\/wp.kristdemokraterna.se\\\/knivsta\\\/#\\\/schema\\\/person\\\/41c1d3b208899a9de023f9206cac1f52\"},\"description\":\"Att fr\u00e5gor som skola, f\u00f6rskola och \u00e4ldreomsorg ska prioriteras riktigt h\u00f6gt i en kommun borde vara en sj\u00e4lvklarhet. Mimmi Westerlund, KD:s toppkandidat lovar att kommer jobba h\u00e5rt f\u00f6r att Knivstabornas behov och \u00f6nskem\u00e5l ska g\u00e5 f\u00f6re exploateringsiver, \u00e4ven kommande mandatperiod.\",\"breadcrumb\":{\"@id\":\"https:\\\/\\\/wp.kristdemokraterna.se\\\/knivsta\\\/skola-och-trivsamhet-fore-exploatering\\\/#breadcrumb\"},\"inLanguage\":\"sv-SE\",\"potentialAction\":[{\"@type\":\"ReadAction\",\"target\":[\"https:\\\/\\\/wp.kristdemokraterna.se\\\/knivsta\\\/skola-och-trivsamhet-fore-exploatering\\\/\"]}]},{\"@type\":\"BreadcrumbList\",\"@id\":\"https:\\\/\\\/wp.kristdemokraterna.se\\\/knivsta\\\/skola-och-trivsamhet-fore-exploatering\\\/#breadcrumb\",\"itemListElement\":[{\"@type\":\"ListItem\",\"position\":1,\"name\":\"Hem\",\"item\":\"https:\\\/\\\/wp.kristdemokraterna.se\\\/knivsta\\\/\"},{\"@type\":\"ListItem\",\"position\":2,\"name\":\"Skola och trivsamhet f\u00f6re exploatering\"}]},{\"@type\":\"WebSite\",\"@id\":\"https:\\\/\\\/wp.kristdemokraterna.se\\\/knivsta\\\/#website\",\"url\":\"https:\\\/\\\/wp.kristdemokraterna.se\\\/knivsta\\\/\",\"name\":\"Knivsta\",\"description\":\" F\u00f6r ett b\u00e4ttre samh\u00e4lle\",\"inLanguage\":\"sv-SE\"},{\"@type\":\"Person\",\"@id\":\"https:\\\/\\\/wp.kristdemokraterna.se\\\/knivsta\\\/#\\\/schema\\\/person\\\/41c1d3b208899a9de023f9206cac1f52\",\"name\":\"knivsta\",\"image\":{\"@type\":\"ImageObject\",\"inLanguage\":\"sv-SE\",\"@id\":\"https:\\\/\\\/secure.gravatar.com\\\/avatar\\\/68a509c7c53375b65b47d1d3c17559bd62f1e272f97020f0faeec022f4f79769?s=96&r=g\",\"url\":\"https:\\\/\\\/secure.gravatar.com\\\/avatar\\\/68a509c7c53375b65b47d1d3c17559bd62f1e272f97020f0faeec022f4f79769?s=96&r=g\",\"contentUrl\":\"https:\\\/\\\/secure.gravatar.com\\\/avatar\\\/68a509c7c53375b65b47d1d3c17559bd62f1e272f97020f0faeec022f4f79769?s=96&r=g\",\"caption\":\"knivsta\"},\"url\":\"https:\\\/\\\/wp.kristdemokraterna.se\\\/knivsta\\\/author\\\/knivsta\\\/\"}]}<\/script>\n<!-- \/ Yoast SEO plugin. -->","yoast_head_json":{"title":"Skola och trivsamhet f\u00f6re exploatering - Knivsta","description":"Att fr\u00e5gor som skola, f\u00f6rskola och \u00e4ldreomsorg ska prioriteras riktigt h\u00f6gt i en kommun borde vara en sj\u00e4lvklarhet. Mimmi Westerlund, KD:s toppkandidat lovar att kommer jobba h\u00e5rt f\u00f6r att Knivstabornas behov och \u00f6nskem\u00e5l ska g\u00e5 f\u00f6re exploateringsiver, \u00e4ven kommande mandatperiod.","robots":{"index":"index","follow":"follow","max-snippet":"max-snippet:-1","max-image-preview":"max-image-preview:large","max-video-preview":"max-video-preview:-1"},"canonical":"https:\/\/wp.kristdemokraterna.se\/knivsta\/skola-och-trivsamhet-fore-exploatering\/","og_locale":"sv_SE","og_type":"article","og_title":"Skola och trivsamhet f\u00f6re exploatering","og_description":"Att fr\u00e5gor som skola, f\u00f6rskola och \u00e4ldreomsorg ska prioriteras riktigt h\u00f6gt i en kommun borde vara en sj\u00e4lvklarhet. Mimmi Westerlund, KD:s toppkandidat lovar att kommer jobba h\u00e5rt f\u00f6r att Knivstabornas behov och \u00f6nskem\u00e5l ska g\u00e5 f\u00f6re exploateringsiver, \u00e4ven kommande mandatperiod.","og_url":"https:\/\/wp.kristdemokraterna.se\/knivsta\/skola-och-trivsamhet-fore-exploatering\/","og_site_name":"Knivsta","article_publisher":"https:\/\/www.facebook.com\/kdknivsta","article_published_time":"2022-09-06T13:20:42+00:00","article_modified_time":"2022-09-06T14:12:44+00:00","og_image":[{"width":480,"height":518,"url":"http:\/\/wp.kristdemokraterna.se\/knivsta\/files\/2022\/09\/mimmi-webb.png","type":"image\/png"}],"author":"knivsta","twitter_card":"summary_large_image","twitter_misc":{"Skriven av":"knivsta","Ber\u00e4knad l\u00e4stid":"3 minuter"},"schema":{"@context":"https:\/\/schema.org","@graph":[{"@type":"Article","@id":"https:\/\/wp.kristdemokraterna.se\/knivsta\/skola-och-trivsamhet-fore-exploatering\/#article","isPartOf":{"@id":"https:\/\/wp.kristdemokraterna.se\/knivsta\/skola-och-trivsamhet-fore-exploatering\/"},"author":{"name":"knivsta","@id":"https:\/\/wp.kristdemokraterna.se\/knivsta\/#\/schema\/person\/41c1d3b208899a9de023f9206cac1f52"},"headline":"Skola och trivsamhet f\u00f6re exploatering","datePublished":"2022-09-06T13:20:42+00:00","dateModified":"2022-09-06T14:12:44+00:00","mainEntityOfPage":{"@id":"https:\/\/wp.kristdemokraterna.se\/knivsta\/skola-och-trivsamhet-fore-exploatering\/"},"wordCount":518,"keywords":["barngrupper i f\u00f6rskolan","exploatering","fler vuxna i skolan","fyrsp\u00e5rsavtalet","KD Knivsta","Knivsta","Knivsta kommun","kommunlistan","kommunvalet","Kristdemokraterna Knivsta","Skola","stadsutvecklingsstrategi","valet 2022"],"articleSection":["Inl\u00e4gg"],"inLanguage":"sv-SE"},{"@type":"WebPage","@id":"https:\/\/wp.kristdemokraterna.se\/knivsta\/skola-och-trivsamhet-fore-exploatering\/","url":"https:\/\/wp.kristdemokraterna.se\/knivsta\/skola-och-trivsamhet-fore-exploatering\/","name":"Skola och trivsamhet f\u00f6re exploatering - Knivsta","isPartOf":{"@id":"https:\/\/wp.kristdemokraterna.se\/knivsta\/#website"},"datePublished":"2022-09-06T13:20:42+00:00","dateModified":"2022-09-06T14:12:44+00:00","author":{"@id":"https:\/\/wp.kristdemokraterna.se\/knivsta\/#\/schema\/person\/41c1d3b208899a9de023f9206cac1f52"},"description":"Att fr\u00e5gor som skola, f\u00f6rskola och \u00e4ldreomsorg ska prioriteras riktigt h\u00f6gt i en kommun borde vara en sj\u00e4lvklarhet. Mimmi Westerlund, KD:s toppkandidat lovar att kommer jobba h\u00e5rt f\u00f6r att Knivstabornas behov och \u00f6nskem\u00e5l ska g\u00e5 f\u00f6re exploateringsiver, \u00e4ven kommande mandatperiod.","breadcrumb":{"@id":"https:\/\/wp.kristdemokraterna.se\/knivsta\/skola-och-trivsamhet-fore-exploatering\/#breadcrumb"},"inLanguage":"sv-SE","potentialAction":[{"@type":"ReadAction","target":["https:\/\/wp.kristdemokraterna.se\/knivsta\/skola-och-trivsamhet-fore-exploatering\/"]}]},{"@type":"BreadcrumbList","@id":"https:\/\/wp.kristdemokraterna.se\/knivsta\/skola-och-trivsamhet-fore-exploatering\/#breadcrumb","itemListElement":[{"@type":"ListItem","position":1,"name":"Hem","item":"https:\/\/wp.kristdemokraterna.se\/knivsta\/"},{"@type":"ListItem","position":2,"name":"Skola och trivsamhet f\u00f6re exploatering"}]},{"@type":"WebSite","@id":"https:\/\/wp.kristdemokraterna.se\/knivsta\/#website","url":"https:\/\/wp.kristdemokraterna.se\/knivsta\/","name":"Knivsta","description":" F\u00f6r ett b\u00e4ttre samh\u00e4lle","inLanguage":"sv-SE"},{"@type":"Person","@id":"https:\/\/wp.kristdemokraterna.se\/knivsta\/#\/schema\/person\/41c1d3b208899a9de023f9206cac1f52","name":"knivsta","image":{"@type":"ImageObject","inLanguage":"sv-SE","@id":"https:\/\/secure.gravatar.com\/avatar\/68a509c7c53375b65b47d1d3c17559bd62f1e272f97020f0faeec022f4f79769?s=96&r=g","url":"https:\/\/secure.gravatar.com\/avatar\/68a509c7c53375b65b47d1d3c17559bd62f1e272f97020f0faeec022f4f79769?s=96&r=g","contentUrl":"https:\/\/secure.gravatar.com\/avatar\/68a509c7c53375b65b47d1d3c17559bd62f1e272f97020f0faeec022f4f79769?s=96&r=g","caption":"knivsta"},"url":"https:\/\/wp.kristdemokraterna.se\/knivsta\/author\/knivsta\/"}]}},"_links":{"self":[{"href":"https:\/\/wp.kristdemokraterna.se\/knivsta\/wp-json\/wp\/v2\/posts\/3319","targetHints":{"allow":["GET"]}}],"collection":[{"href":"https:\/\/wp.kristdemokraterna.se\/knivsta\/wp-json\/wp\/v2\/posts"}],"about":[{"href":"https:\/\/wp.kristdemokraterna.se\/knivsta\/wp-json\/wp\/v2\/types\/post"}],"author":[{"embeddable":true,"href":"https:\/\/wp.kristdemokraterna.se\/knivsta\/wp-json\/wp\/v2\/users\/481"}],"replies":[{"embeddable":true,"href":"https:\/\/wp.kristdemokraterna.se\/knivsta\/wp-json\/wp\/v2\/comments?post=3319"}],"version-history":[{"count":7,"href":"https:\/\/wp.kristdemokraterna.se\/knivsta\/wp-json\/wp\/v2\/posts\/3319\/revisions"}],"predecessor-version":[{"id":3328,"href":"https:\/\/wp.kristdemokraterna.se\/knivsta\/wp-json\/wp\/v2\/posts\/3319\/revisions\/3328"}],"wp:attachment":[{"href":"https:\/\/wp.kristdemokraterna.se\/knivsta\/wp-json\/wp\/v2\/media?parent=3319"}],"wp:term":[{"taxonomy":"category","embeddable":true,"href":"https:\/\/wp.kristdemokraterna.se\/knivsta\/wp-json\/wp\/v2\/categories?post=3319"},{"taxonomy":"post_tag","embeddable":true,"href":"https:\/\/wp.kristdemokraterna.se\/knivsta\/wp-json\/wp\/v2\/tags?post=3319"}],"curies":[{"name":"wp","href":"https:\/\/api.w.org\/{rel}","templated":true}]}}