{"id":3363,"date":"2022-01-21T14:58:51","date_gmt":"2022-01-21T13:58:51","guid":{"rendered":"https:\/\/wp.kristdemokraterna.se\/knivsta\/?p=3363"},"modified":"2022-12-21T15:14:25","modified_gmt":"2022-12-21T14:14:25","slug":"foretradare-2023-2026","status":"publish","type":"post","link":"https:\/\/wp.kristdemokraterna.se\/knivsta\/foretradare-2023-2026\/","title":{"rendered":"V\u00e5ra f\u00f6retr\u00e4dare mandatperioden 2023-2026"},"content":{"rendered":"<h4>\u00c4r du nyfiken p\u00e5 vilka som f\u00f6retr\u00e4der Kristdemokraterna i styret under mandatperioden 2023-2026? H\u00e4r listar vi samtliga f\u00f6rtroendevalda f\u00f6r kommande period. Totalt finns vi representerade i 20 olika n\u00e4mnder och styrelser, inkl. kommunfullm\u00e4ktige.<\/h4>\n<p><strong>Kommunfullm\u00e4ktige<\/strong><\/p>\n<table>\n<tbody>\n<tr>\n<td width=\"302\">Mimmi Westerlund<\/td>\n<td width=\"302\">Gruppledare<\/td>\n<\/tr>\n<tr>\n<td width=\"302\">Thomas Malmer<\/td>\n<td width=\"302\">Vice gruppledare<\/td>\n<\/tr>\n<tr>\n<td width=\"302\">Oscar Hahne<\/td>\n<td width=\"302\">Ledamot<\/td>\n<\/tr>\n<tr>\n<td width=\"302\">Synn\u00f6ve Adell<\/td>\n<td width=\"302\">Ers\u00e4ttare<\/td>\n<\/tr>\n<tr>\n<td width=\"302\">Bj\u00f6rn-Owe Bj\u00f6rk<\/td>\n<td width=\"302\">Ers\u00e4ttare<\/td>\n<\/tr>\n<\/tbody>\n<\/table>\n<p><strong>Kommunstyrelsen<\/strong><\/p>\n<table>\n<tbody>\n<tr>\n<td width=\"302\">Mimmi Westerlund<\/td>\n<td width=\"302\">1e vice ordf\u00f6rande<\/td>\n<\/tr>\n<tr>\n<td width=\"302\">Oscar Hahne<\/td>\n<td width=\"302\">Ers\u00e4ttare<\/td>\n<\/tr>\n<\/tbody>\n<\/table>\n<p><strong>Socialn\u00e4mnden<\/strong><\/p>\n<table>\n<tbody>\n<tr>\n<td width=\"302\">Oscar Hahne<\/td>\n<td width=\"302\">Ordf\u00f6rande<\/td>\n<\/tr>\n<\/tbody>\n<\/table>\n<p><strong>Valberedningen<\/strong><\/p>\n<table>\n<tbody>\n<tr>\n<td width=\"302\">Mimmi Westerlund<\/td>\n<td width=\"302\">Ordf\u00f6rande<\/td>\n<\/tr>\n<\/tbody>\n<\/table>\n<p><strong>Valn\u00e4mnden<\/strong><\/p>\n<table>\n<tbody>\n<tr>\n<td width=\"302\">Per Lindstr\u00f6m<\/td>\n<td width=\"302\">Ordf\u00f6rande<\/td>\n<\/tr>\n<\/tbody>\n<\/table>\n<p><strong>Utbildningsn\u00e4mnden<\/strong><\/p>\n<table>\n<tbody>\n<tr>\n<td width=\"302\">Mimmi Westerlund<\/td>\n<td width=\"302\">1e vice ordf\u00f6rande<\/td>\n<\/tr>\n<\/tbody>\n<\/table>\n<p><strong>Samh\u00e4llsutvecklingsn\u00e4mnden<\/strong><\/p>\n<table>\n<tbody>\n<tr>\n<td width=\"302\">Thomas Malmer<\/td>\n<td width=\"302\">1e vice ordf\u00f6rande<\/td>\n<\/tr>\n<\/tbody>\n<\/table>\n<p><strong>\u00a0<\/strong><strong>Bygg- och milj\u00f6n\u00e4mnden<\/strong><\/p>\n<table>\n<tbody>\n<tr>\n<td width=\"302\">Gunnar Gidlund<\/td>\n<td width=\"302\">Ledamot<\/td>\n<\/tr>\n<\/tbody>\n<\/table>\n<p><strong>Krisledningsn\u00e4mnden<\/strong><\/p>\n<table>\n<tbody>\n<tr>\n<td width=\"302\">Mimmi Westerlund<\/td>\n<td width=\"302\">Ledamot<\/td>\n<\/tr>\n<\/tbody>\n<\/table>\n<p><strong>\u00d6stra Sveriges luftv\u00e5rdsf\u00f6rbund<\/strong><\/p>\n<table>\n<tbody>\n<tr>\n<td width=\"302\">Gabriel Virgo Perback<\/td>\n<td width=\"302\">Ledamot<\/td>\n<\/tr>\n<\/tbody>\n<\/table>\n<p><strong>Fyris\u00e5ns vattenf\u00f6rbunds \u00e5rsst\u00e4mmor<\/strong><\/p>\n<table>\n<tbody>\n<tr>\n<td width=\"302\">Gunnar Gidlund<\/td>\n<td width=\"302\">Ledamot<\/td>\n<\/tr>\n<\/tbody>\n<\/table>\n<p><strong>Energikontoret M\u00e4lardalen<\/strong><\/p>\n<table>\n<tbody>\n<tr>\n<td width=\"302\">Thomas Malmer<\/td>\n<td width=\"302\">Ledamot<\/td>\n<\/tr>\n<\/tbody>\n<\/table>\n<p><strong>Kommunfullm\u00e4ktiges revisorer <\/strong><\/p>\n<table>\n<tbody>\n<tr>\n<td width=\"302\">Rickard Kullander<\/td>\n<td width=\"302\">Ledamot<\/td>\n<\/tr>\n<\/tbody>\n<\/table>\n<p><strong>Norrvattens f\u00f6rbundsfullm\u00e4ktige<\/strong><\/p>\n<table>\n<tbody>\n<tr>\n<td width=\"302\">Oscar Hahne<\/td>\n<td width=\"302\">Ers\u00e4ttare<\/td>\n<\/tr>\n<\/tbody>\n<\/table>\n<p><strong>Knivsta Kommunhus AB<\/strong><\/p>\n<table>\n<tbody>\n<tr>\n<td width=\"302\">Mimmi Westerlund<\/td>\n<td width=\"302\">1e vice ordf\u00f6rande<\/td>\n<\/tr>\n<\/tbody>\n<\/table>\n<p><strong>Knivstavatten AB<\/strong><\/p>\n<table>\n<tbody>\n<tr>\n<td width=\"302\">Per Lindstr\u00f6m<\/td>\n<td width=\"302\">1e vice ordf\u00f6rande<\/td>\n<\/tr>\n<\/tbody>\n<\/table>\n<p><strong>Knivstabost\u00e4der AB<\/strong><\/p>\n<table>\n<tbody>\n<tr>\n<td width=\"302\">Gunnar Gidlund<\/td>\n<td width=\"302\">Ers\u00e4ttare<\/td>\n<\/tr>\n<\/tbody>\n<\/table>\n<p><strong>Kommunfastigheter i Knivsta AB<\/strong><\/p>\n<table>\n<tbody>\n<tr>\n<td width=\"302\">Christoffer Orm\u00e9us<\/td>\n<td width=\"302\">Ledamot<\/td>\n<\/tr>\n<\/tbody>\n<\/table>\n<p><strong>Samordningsf\u00f6rbundet Uppsala l\u00e4n<\/strong><\/p>\n<table>\n<tbody>\n<tr>\n<td width=\"302\">Oscar Hahne<\/td>\n<td width=\"302\">Ledamot<\/td>\n<\/tr>\n<\/tbody>\n<\/table>\n<p><strong>M\u00e4lardalsr\u00e5det<\/strong><\/p>\n<table>\n<tbody>\n<tr>\n<td width=\"302\">Mimmi Westerlund<\/td>\n<td width=\"302\">Ledamot<\/td>\n<\/tr>\n<\/tbody>\n<\/table>\n<p>&nbsp;<\/p>\n","protected":false},"excerpt":{"rendered":"<p>\u00c4r du nyfiken p\u00e5 vilka som f\u00f6retr\u00e4der Kristdemokraterna i styret under mandatperioden 2023-2026? H\u00e4r listar vi samtliga f\u00f6rtroendevalda f\u00f6r kommande period. Totalt finns vi representerade i 20 olika n\u00e4mnder och styrelser, inkl. kommunfullm\u00e4ktige. Kommunfullm\u00e4ktige Mimmi Westerlund Gruppledare Thomas Malmer Vice gruppledare Oscar Hahne Ledamot Synn\u00f6ve Adell Ers\u00e4ttare Bj\u00f6rn-Owe Bj\u00f6rk Ers\u00e4ttare Kommunstyrelsen Mimmi Westerlund 1e vice <a class=\"read-more-link\" href=\"https:\/\/wp.kristdemokraterna.se\/knivsta\/foretradare-2023-2026\/\">Read More<\/a><\/p>\n","protected":false},"author":481,"featured_media":0,"comment_status":"closed","ping_status":"closed","sticky":false,"template":"","format":"standard","meta":{"_acf_changed":false,"footnotes":""},"categories":[105,1],"tags":[],"class_list":["post-3363","post","type-post","status-publish","format-standard","hentry","category-inlagg","category-knivsta"],"acf":[],"yoast_head":"<!-- This site is optimized with the Yoast SEO plugin v27.4 - https:\/\/yoast.com\/product\/yoast-seo-wordpress\/ -->\n<title>V\u00e5ra f\u00f6retr\u00e4dare mandatperioden 2023-2026 - Knivsta<\/title>\n<meta name=\"robots\" content=\"index, follow, max-snippet:-1, max-image-preview:large, max-video-preview:-1\" \/>\n<link rel=\"canonical\" href=\"https:\/\/wp.kristdemokraterna.se\/knivsta\/foretradare-2023-2026\/\" \/>\n<meta property=\"og:locale\" content=\"sv_SE\" \/>\n<meta property=\"og:type\" content=\"article\" \/>\n<meta property=\"og:title\" content=\"V\u00e5ra f\u00f6retr\u00e4dare mandatperioden 2023-2026 - Knivsta\" \/>\n<meta property=\"og:description\" content=\"\u00c4r du nyfiken p\u00e5 vilka som f\u00f6retr\u00e4der Kristdemokraterna i styret under mandatperioden 2023-2026? H\u00e4r listar vi samtliga f\u00f6rtroendevalda f\u00f6r kommande period. Totalt finns vi representerade i 20 olika n\u00e4mnder och styrelser, inkl. kommunfullm\u00e4ktige. Kommunfullm\u00e4ktige Mimmi Westerlund Gruppledare Thomas Malmer Vice gruppledare Oscar Hahne Ledamot Synn\u00f6ve Adell Ers\u00e4ttare Bj\u00f6rn-Owe Bj\u00f6rk Ers\u00e4ttare Kommunstyrelsen Mimmi Westerlund 1e vice Read More\" \/>\n<meta property=\"og:url\" content=\"https:\/\/wp.kristdemokraterna.se\/knivsta\/foretradare-2023-2026\/\" \/>\n<meta property=\"og:site_name\" content=\"Knivsta\" \/>\n<meta property=\"article:publisher\" content=\"https:\/\/www.facebook.com\/kdknivsta\" \/>\n<meta property=\"article:published_time\" content=\"2022-01-21T13:58:51+00:00\" \/>\n<meta property=\"article:modified_time\" content=\"2022-12-21T14:14:25+00:00\" \/>\n<meta name=\"author\" content=\"knivsta\" \/>\n<meta name=\"twitter:card\" content=\"summary_large_image\" \/>\n<meta name=\"twitter:label1\" content=\"Skriven av\" \/>\n\t<meta name=\"twitter:data1\" content=\"knivsta\" \/>\n\t<meta name=\"twitter:label2\" content=\"Ber\u00e4knad l\u00e4stid\" \/>\n\t<meta name=\"twitter:data2\" content=\"1 minut\" \/>\n<script type=\"application\/ld+json\" class=\"yoast-schema-graph\">{\"@context\":\"https:\\\/\\\/schema.org\",\"@graph\":[{\"@type\":\"Article\",\"@id\":\"https:\\\/\\\/wp.kristdemokraterna.se\\\/knivsta\\\/foretradare-2023-2026\\\/#article\",\"isPartOf\":{\"@id\":\"https:\\\/\\\/wp.kristdemokraterna.se\\\/knivsta\\\/foretradare-2023-2026\\\/\"},\"author\":{\"name\":\"knivsta\",\"@id\":\"https:\\\/\\\/wp.kristdemokraterna.se\\\/knivsta\\\/#\\\/schema\\\/person\\\/41c1d3b208899a9de023f9206cac1f52\"},\"headline\":\"V\u00e5ra f\u00f6retr\u00e4dare mandatperioden 2023-2026\",\"datePublished\":\"2022-01-21T13:58:51+00:00\",\"dateModified\":\"2022-12-21T14:14:25+00:00\",\"mainEntityOfPage\":{\"@id\":\"https:\\\/\\\/wp.kristdemokraterna.se\\\/knivsta\\\/foretradare-2023-2026\\\/\"},\"wordCount\":214,\"articleSection\":[\"Inl\u00e4gg\",\"Knivsta\"],\"inLanguage\":\"sv-SE\"},{\"@type\":\"WebPage\",\"@id\":\"https:\\\/\\\/wp.kristdemokraterna.se\\\/knivsta\\\/foretradare-2023-2026\\\/\",\"url\":\"https:\\\/\\\/wp.kristdemokraterna.se\\\/knivsta\\\/foretradare-2023-2026\\\/\",\"name\":\"V\u00e5ra f\u00f6retr\u00e4dare mandatperioden 2023-2026 - Knivsta\",\"isPartOf\":{\"@id\":\"https:\\\/\\\/wp.kristdemokraterna.se\\\/knivsta\\\/#website\"},\"datePublished\":\"2022-01-21T13:58:51+00:00\",\"dateModified\":\"2022-12-21T14:14:25+00:00\",\"author\":{\"@id\":\"https:\\\/\\\/wp.kristdemokraterna.se\\\/knivsta\\\/#\\\/schema\\\/person\\\/41c1d3b208899a9de023f9206cac1f52\"},\"breadcrumb\":{\"@id\":\"https:\\\/\\\/wp.kristdemokraterna.se\\\/knivsta\\\/foretradare-2023-2026\\\/#breadcrumb\"},\"inLanguage\":\"sv-SE\",\"potentialAction\":[{\"@type\":\"ReadAction\",\"target\":[\"https:\\\/\\\/wp.kristdemokraterna.se\\\/knivsta\\\/foretradare-2023-2026\\\/\"]}]},{\"@type\":\"BreadcrumbList\",\"@id\":\"https:\\\/\\\/wp.kristdemokraterna.se\\\/knivsta\\\/foretradare-2023-2026\\\/#breadcrumb\",\"itemListElement\":[{\"@type\":\"ListItem\",\"position\":1,\"name\":\"Hem\",\"item\":\"https:\\\/\\\/wp.kristdemokraterna.se\\\/knivsta\\\/\"},{\"@type\":\"ListItem\",\"position\":2,\"name\":\"V\u00e5ra f\u00f6retr\u00e4dare mandatperioden 2023-2026\"}]},{\"@type\":\"WebSite\",\"@id\":\"https:\\\/\\\/wp.kristdemokraterna.se\\\/knivsta\\\/#website\",\"url\":\"https:\\\/\\\/wp.kristdemokraterna.se\\\/knivsta\\\/\",\"name\":\"Knivsta\",\"description\":\" F\u00f6r ett b\u00e4ttre samh\u00e4lle\",\"inLanguage\":\"sv-SE\"},{\"@type\":\"Person\",\"@id\":\"https:\\\/\\\/wp.kristdemokraterna.se\\\/knivsta\\\/#\\\/schema\\\/person\\\/41c1d3b208899a9de023f9206cac1f52\",\"name\":\"knivsta\",\"image\":{\"@type\":\"ImageObject\",\"inLanguage\":\"sv-SE\",\"@id\":\"https:\\\/\\\/secure.gravatar.com\\\/avatar\\\/68a509c7c53375b65b47d1d3c17559bd62f1e272f97020f0faeec022f4f79769?s=96&r=g\",\"url\":\"https:\\\/\\\/secure.gravatar.com\\\/avatar\\\/68a509c7c53375b65b47d1d3c17559bd62f1e272f97020f0faeec022f4f79769?s=96&r=g\",\"contentUrl\":\"https:\\\/\\\/secure.gravatar.com\\\/avatar\\\/68a509c7c53375b65b47d1d3c17559bd62f1e272f97020f0faeec022f4f79769?s=96&r=g\",\"caption\":\"knivsta\"},\"url\":\"https:\\\/\\\/wp.kristdemokraterna.se\\\/knivsta\\\/author\\\/knivsta\\\/\"}]}<\/script>\n<!-- \/ Yoast SEO plugin. -->","yoast_head_json":{"title":"V\u00e5ra f\u00f6retr\u00e4dare mandatperioden 2023-2026 - Knivsta","robots":{"index":"index","follow":"follow","max-snippet":"max-snippet:-1","max-image-preview":"max-image-preview:large","max-video-preview":"max-video-preview:-1"},"canonical":"https:\/\/wp.kristdemokraterna.se\/knivsta\/foretradare-2023-2026\/","og_locale":"sv_SE","og_type":"article","og_title":"V\u00e5ra f\u00f6retr\u00e4dare mandatperioden 2023-2026 - Knivsta","og_description":"\u00c4r du nyfiken p\u00e5 vilka som f\u00f6retr\u00e4der Kristdemokraterna i styret under mandatperioden 2023-2026? H\u00e4r listar vi samtliga f\u00f6rtroendevalda f\u00f6r kommande period. Totalt finns vi representerade i 20 olika n\u00e4mnder och styrelser, inkl. kommunfullm\u00e4ktige. Kommunfullm\u00e4ktige Mimmi Westerlund Gruppledare Thomas Malmer Vice gruppledare Oscar Hahne Ledamot Synn\u00f6ve Adell Ers\u00e4ttare Bj\u00f6rn-Owe Bj\u00f6rk Ers\u00e4ttare Kommunstyrelsen Mimmi Westerlund 1e vice Read More","og_url":"https:\/\/wp.kristdemokraterna.se\/knivsta\/foretradare-2023-2026\/","og_site_name":"Knivsta","article_publisher":"https:\/\/www.facebook.com\/kdknivsta","article_published_time":"2022-01-21T13:58:51+00:00","article_modified_time":"2022-12-21T14:14:25+00:00","author":"knivsta","twitter_card":"summary_large_image","twitter_misc":{"Skriven av":"knivsta","Ber\u00e4knad l\u00e4stid":"1 minut"},"schema":{"@context":"https:\/\/schema.org","@graph":[{"@type":"Article","@id":"https:\/\/wp.kristdemokraterna.se\/knivsta\/foretradare-2023-2026\/#article","isPartOf":{"@id":"https:\/\/wp.kristdemokraterna.se\/knivsta\/foretradare-2023-2026\/"},"author":{"name":"knivsta","@id":"https:\/\/wp.kristdemokraterna.se\/knivsta\/#\/schema\/person\/41c1d3b208899a9de023f9206cac1f52"},"headline":"V\u00e5ra f\u00f6retr\u00e4dare mandatperioden 2023-2026","datePublished":"2022-01-21T13:58:51+00:00","dateModified":"2022-12-21T14:14:25+00:00","mainEntityOfPage":{"@id":"https:\/\/wp.kristdemokraterna.se\/knivsta\/foretradare-2023-2026\/"},"wordCount":214,"articleSection":["Inl\u00e4gg","Knivsta"],"inLanguage":"sv-SE"},{"@type":"WebPage","@id":"https:\/\/wp.kristdemokraterna.se\/knivsta\/foretradare-2023-2026\/","url":"https:\/\/wp.kristdemokraterna.se\/knivsta\/foretradare-2023-2026\/","name":"V\u00e5ra f\u00f6retr\u00e4dare mandatperioden 2023-2026 - Knivsta","isPartOf":{"@id":"https:\/\/wp.kristdemokraterna.se\/knivsta\/#website"},"datePublished":"2022-01-21T13:58:51+00:00","dateModified":"2022-12-21T14:14:25+00:00","author":{"@id":"https:\/\/wp.kristdemokraterna.se\/knivsta\/#\/schema\/person\/41c1d3b208899a9de023f9206cac1f52"},"breadcrumb":{"@id":"https:\/\/wp.kristdemokraterna.se\/knivsta\/foretradare-2023-2026\/#breadcrumb"},"inLanguage":"sv-SE","potentialAction":[{"@type":"ReadAction","target":["https:\/\/wp.kristdemokraterna.se\/knivsta\/foretradare-2023-2026\/"]}]},{"@type":"BreadcrumbList","@id":"https:\/\/wp.kristdemokraterna.se\/knivsta\/foretradare-2023-2026\/#breadcrumb","itemListElement":[{"@type":"ListItem","position":1,"name":"Hem","item":"https:\/\/wp.kristdemokraterna.se\/knivsta\/"},{"@type":"ListItem","position":2,"name":"V\u00e5ra f\u00f6retr\u00e4dare mandatperioden 2023-2026"}]},{"@type":"WebSite","@id":"https:\/\/wp.kristdemokraterna.se\/knivsta\/#website","url":"https:\/\/wp.kristdemokraterna.se\/knivsta\/","name":"Knivsta","description":" F\u00f6r ett b\u00e4ttre samh\u00e4lle","inLanguage":"sv-SE"},{"@type":"Person","@id":"https:\/\/wp.kristdemokraterna.se\/knivsta\/#\/schema\/person\/41c1d3b208899a9de023f9206cac1f52","name":"knivsta","image":{"@type":"ImageObject","inLanguage":"sv-SE","@id":"https:\/\/secure.gravatar.com\/avatar\/68a509c7c53375b65b47d1d3c17559bd62f1e272f97020f0faeec022f4f79769?s=96&r=g","url":"https:\/\/secure.gravatar.com\/avatar\/68a509c7c53375b65b47d1d3c17559bd62f1e272f97020f0faeec022f4f79769?s=96&r=g","contentUrl":"https:\/\/secure.gravatar.com\/avatar\/68a509c7c53375b65b47d1d3c17559bd62f1e272f97020f0faeec022f4f79769?s=96&r=g","caption":"knivsta"},"url":"https:\/\/wp.kristdemokraterna.se\/knivsta\/author\/knivsta\/"}]}},"_links":{"self":[{"href":"https:\/\/wp.kristdemokraterna.se\/knivsta\/wp-json\/wp\/v2\/posts\/3363","targetHints":{"allow":["GET"]}}],"collection":[{"href":"https:\/\/wp.kristdemokraterna.se\/knivsta\/wp-json\/wp\/v2\/posts"}],"about":[{"href":"https:\/\/wp.kristdemokraterna.se\/knivsta\/wp-json\/wp\/v2\/types\/post"}],"author":[{"embeddable":true,"href":"https:\/\/wp.kristdemokraterna.se\/knivsta\/wp-json\/wp\/v2\/users\/481"}],"replies":[{"embeddable":true,"href":"https:\/\/wp.kristdemokraterna.se\/knivsta\/wp-json\/wp\/v2\/comments?post=3363"}],"version-history":[{"count":12,"href":"https:\/\/wp.kristdemokraterna.se\/knivsta\/wp-json\/wp\/v2\/posts\/3363\/revisions"}],"predecessor-version":[{"id":3375,"href":"https:\/\/wp.kristdemokraterna.se\/knivsta\/wp-json\/wp\/v2\/posts\/3363\/revisions\/3375"}],"wp:attachment":[{"href":"https:\/\/wp.kristdemokraterna.se\/knivsta\/wp-json\/wp\/v2\/media?parent=3363"}],"wp:term":[{"taxonomy":"category","embeddable":true,"href":"https:\/\/wp.kristdemokraterna.se\/knivsta\/wp-json\/wp\/v2\/categories?post=3363"},{"taxonomy":"post_tag","embeddable":true,"href":"https:\/\/wp.kristdemokraterna.se\/knivsta\/wp-json\/wp\/v2\/tags?post=3363"}],"curies":[{"name":"wp","href":"https:\/\/api.w.org\/{rel}","templated":true}]}}