{"id":3376,"date":"2022-01-21T15:07:57","date_gmt":"2022-01-21T14:07:57","guid":{"rendered":"https:\/\/wp.kristdemokraterna.se\/knivsta\/?p=3376"},"modified":"2022-12-21T15:14:18","modified_gmt":"2022-12-21T14:14:18","slug":"bli-medlem-och-engagerade-dig-i-kd-knivsta","status":"publish","type":"post","link":"https:\/\/wp.kristdemokraterna.se\/knivsta\/bli-medlem-och-engagerade-dig-i-kd-knivsta\/","title":{"rendered":"Bli medlem och engagera dig i KD Knivsta"},"content":{"rendered":"<h4>Att engagera sig i ett politiskt parti \u00e4r b\u00e5de viktigt och givande. Som medlem i KD Knivsta inbjuds du varje m\u00e5nad till ett medlemsm\u00f6te d\u00e4r vi diskuterar aktuella politiska fr\u00e5gor. Du f\u00e5r ocks\u00e5 m\u00f6jlighet att delta i riks- och distriktsarrangemang.<\/h4>\n<div id=\"svid12_68e39ecb17ede8bc2d92b554\" class=\"sv-text-portlet sv-use-margins\">\n<div class=\"sv-text-portlet-content\">\n<p class=\"font-description\">Att st\u00f6dja v\u00e5r gr\u00e4srotsr\u00f6relse f\u00f6r att Sverige ska bli ett b\u00e4ttre land att leva i kan bli n\u00e5got av det viktigaste du g\u00f6r. Det \u00e4r s\u00e5 mycket som m\u00e5ste f\u00f6r\u00e4ndras till det b\u00e4ttre i Sverige. S\u00e5 mycket bra som m\u00e5ste f\u00f6rvaltas.<\/p>\n<p class=\"font-description\">Medlemsavgiften \u00e4r 200 kronor per \u00e5r. Senast ett par dagar efter att vi godk\u00e4nt din ans\u00f6kan skickar vi ett e-postmeddelande till dig med information om hur du kan betala avgiften. Varmt v\u00e4lkommen med<a href=\"https:\/\/kristdemokraterna.se\/engagera-dig\/bli-medlem\"> din medlemsans\u00f6kan h\u00e4r.<\/a><\/p>\n<\/div>\n<\/div>\n","protected":false},"excerpt":{"rendered":"<p>Att engagera sig i ett politiskt parti \u00e4r b\u00e5de viktigt och givande. Som medlem i KD Knivsta inbjuds du varje m\u00e5nad till ett medlemsm\u00f6te d\u00e4r vi diskuterar aktuella politiska fr\u00e5gor. Du f\u00e5r ocks\u00e5 m\u00f6jlighet att delta i riks- och distriktsarrangemang. Att st\u00f6dja v\u00e5r gr\u00e4srotsr\u00f6relse f\u00f6r att Sverige ska bli ett b\u00e4ttre land att leva i <a class=\"read-more-link\" href=\"https:\/\/wp.kristdemokraterna.se\/knivsta\/bli-medlem-och-engagerade-dig-i-kd-knivsta\/\">Read More<\/a><\/p>\n","protected":false},"author":481,"featured_media":0,"comment_status":"closed","ping_status":"closed","sticky":false,"template":"","format":"standard","meta":{"_acf_changed":false,"footnotes":""},"categories":[105,1],"tags":[],"class_list":["post-3376","post","type-post","status-publish","format-standard","hentry","category-inlagg","category-knivsta"],"acf":[],"yoast_head":"<!-- This site is optimized with the Yoast SEO plugin v27.4 - https:\/\/yoast.com\/product\/yoast-seo-wordpress\/ -->\n<title>Bli medlem och engagera dig i KD Knivsta - Knivsta<\/title>\n<meta name=\"robots\" content=\"index, follow, max-snippet:-1, max-image-preview:large, max-video-preview:-1\" \/>\n<link rel=\"canonical\" href=\"https:\/\/wp.kristdemokraterna.se\/knivsta\/bli-medlem-och-engagerade-dig-i-kd-knivsta\/\" \/>\n<meta property=\"og:locale\" content=\"sv_SE\" \/>\n<meta property=\"og:type\" content=\"article\" \/>\n<meta property=\"og:title\" content=\"Bli medlem och engagera dig i KD Knivsta - Knivsta\" \/>\n<meta property=\"og:description\" content=\"Att engagera sig i ett politiskt parti \u00e4r b\u00e5de viktigt och givande. Som medlem i KD Knivsta inbjuds du varje m\u00e5nad till ett medlemsm\u00f6te d\u00e4r vi diskuterar aktuella politiska fr\u00e5gor. Du f\u00e5r ocks\u00e5 m\u00f6jlighet att delta i riks- och distriktsarrangemang. Att st\u00f6dja v\u00e5r gr\u00e4srotsr\u00f6relse f\u00f6r att Sverige ska bli ett b\u00e4ttre land att leva i Read More\" \/>\n<meta property=\"og:url\" content=\"https:\/\/wp.kristdemokraterna.se\/knivsta\/bli-medlem-och-engagerade-dig-i-kd-knivsta\/\" \/>\n<meta property=\"og:site_name\" content=\"Knivsta\" \/>\n<meta property=\"article:publisher\" content=\"https:\/\/www.facebook.com\/kdknivsta\" \/>\n<meta property=\"article:published_time\" content=\"2022-01-21T14:07:57+00:00\" \/>\n<meta property=\"article:modified_time\" content=\"2022-12-21T14:14:18+00:00\" \/>\n<meta name=\"author\" content=\"knivsta\" \/>\n<meta name=\"twitter:card\" content=\"summary_large_image\" \/>\n<meta name=\"twitter:label1\" content=\"Skriven av\" \/>\n\t<meta name=\"twitter:data1\" content=\"knivsta\" \/>\n\t<meta name=\"twitter:label2\" content=\"Ber\u00e4knad l\u00e4stid\" \/>\n\t<meta name=\"twitter:data2\" content=\"1 minut\" \/>\n<script type=\"application\/ld+json\" class=\"yoast-schema-graph\">{\"@context\":\"https:\\\/\\\/schema.org\",\"@graph\":[{\"@type\":\"Article\",\"@id\":\"https:\\\/\\\/wp.kristdemokraterna.se\\\/knivsta\\\/bli-medlem-och-engagerade-dig-i-kd-knivsta\\\/#article\",\"isPartOf\":{\"@id\":\"https:\\\/\\\/wp.kristdemokraterna.se\\\/knivsta\\\/bli-medlem-och-engagerade-dig-i-kd-knivsta\\\/\"},\"author\":{\"name\":\"knivsta\",\"@id\":\"https:\\\/\\\/wp.kristdemokraterna.se\\\/knivsta\\\/#\\\/schema\\\/person\\\/41c1d3b208899a9de023f9206cac1f52\"},\"headline\":\"Bli medlem och engagera dig i KD Knivsta\",\"datePublished\":\"2022-01-21T14:07:57+00:00\",\"dateModified\":\"2022-12-21T14:14:18+00:00\",\"mainEntityOfPage\":{\"@id\":\"https:\\\/\\\/wp.kristdemokraterna.se\\\/knivsta\\\/bli-medlem-och-engagerade-dig-i-kd-knivsta\\\/\"},\"wordCount\":150,\"articleSection\":[\"Inl\u00e4gg\",\"Knivsta\"],\"inLanguage\":\"sv-SE\"},{\"@type\":\"WebPage\",\"@id\":\"https:\\\/\\\/wp.kristdemokraterna.se\\\/knivsta\\\/bli-medlem-och-engagerade-dig-i-kd-knivsta\\\/\",\"url\":\"https:\\\/\\\/wp.kristdemokraterna.se\\\/knivsta\\\/bli-medlem-och-engagerade-dig-i-kd-knivsta\\\/\",\"name\":\"Bli medlem och engagera dig i KD Knivsta - Knivsta\",\"isPartOf\":{\"@id\":\"https:\\\/\\\/wp.kristdemokraterna.se\\\/knivsta\\\/#website\"},\"datePublished\":\"2022-01-21T14:07:57+00:00\",\"dateModified\":\"2022-12-21T14:14:18+00:00\",\"author\":{\"@id\":\"https:\\\/\\\/wp.kristdemokraterna.se\\\/knivsta\\\/#\\\/schema\\\/person\\\/41c1d3b208899a9de023f9206cac1f52\"},\"breadcrumb\":{\"@id\":\"https:\\\/\\\/wp.kristdemokraterna.se\\\/knivsta\\\/bli-medlem-och-engagerade-dig-i-kd-knivsta\\\/#breadcrumb\"},\"inLanguage\":\"sv-SE\",\"potentialAction\":[{\"@type\":\"ReadAction\",\"target\":[\"https:\\\/\\\/wp.kristdemokraterna.se\\\/knivsta\\\/bli-medlem-och-engagerade-dig-i-kd-knivsta\\\/\"]}]},{\"@type\":\"BreadcrumbList\",\"@id\":\"https:\\\/\\\/wp.kristdemokraterna.se\\\/knivsta\\\/bli-medlem-och-engagerade-dig-i-kd-knivsta\\\/#breadcrumb\",\"itemListElement\":[{\"@type\":\"ListItem\",\"position\":1,\"name\":\"Hem\",\"item\":\"https:\\\/\\\/wp.kristdemokraterna.se\\\/knivsta\\\/\"},{\"@type\":\"ListItem\",\"position\":2,\"name\":\"Bli medlem och engagera dig i KD Knivsta\"}]},{\"@type\":\"WebSite\",\"@id\":\"https:\\\/\\\/wp.kristdemokraterna.se\\\/knivsta\\\/#website\",\"url\":\"https:\\\/\\\/wp.kristdemokraterna.se\\\/knivsta\\\/\",\"name\":\"Knivsta\",\"description\":\" F\u00f6r ett b\u00e4ttre samh\u00e4lle\",\"inLanguage\":\"sv-SE\"},{\"@type\":\"Person\",\"@id\":\"https:\\\/\\\/wp.kristdemokraterna.se\\\/knivsta\\\/#\\\/schema\\\/person\\\/41c1d3b208899a9de023f9206cac1f52\",\"name\":\"knivsta\",\"image\":{\"@type\":\"ImageObject\",\"inLanguage\":\"sv-SE\",\"@id\":\"https:\\\/\\\/secure.gravatar.com\\\/avatar\\\/68a509c7c53375b65b47d1d3c17559bd62f1e272f97020f0faeec022f4f79769?s=96&r=g\",\"url\":\"https:\\\/\\\/secure.gravatar.com\\\/avatar\\\/68a509c7c53375b65b47d1d3c17559bd62f1e272f97020f0faeec022f4f79769?s=96&r=g\",\"contentUrl\":\"https:\\\/\\\/secure.gravatar.com\\\/avatar\\\/68a509c7c53375b65b47d1d3c17559bd62f1e272f97020f0faeec022f4f79769?s=96&r=g\",\"caption\":\"knivsta\"},\"url\":\"https:\\\/\\\/wp.kristdemokraterna.se\\\/knivsta\\\/author\\\/knivsta\\\/\"}]}<\/script>\n<!-- \/ Yoast SEO plugin. -->","yoast_head_json":{"title":"Bli medlem och engagera dig i KD Knivsta - Knivsta","robots":{"index":"index","follow":"follow","max-snippet":"max-snippet:-1","max-image-preview":"max-image-preview:large","max-video-preview":"max-video-preview:-1"},"canonical":"https:\/\/wp.kristdemokraterna.se\/knivsta\/bli-medlem-och-engagerade-dig-i-kd-knivsta\/","og_locale":"sv_SE","og_type":"article","og_title":"Bli medlem och engagera dig i KD Knivsta - Knivsta","og_description":"Att engagera sig i ett politiskt parti \u00e4r b\u00e5de viktigt och givande. Som medlem i KD Knivsta inbjuds du varje m\u00e5nad till ett medlemsm\u00f6te d\u00e4r vi diskuterar aktuella politiska fr\u00e5gor. Du f\u00e5r ocks\u00e5 m\u00f6jlighet att delta i riks- och distriktsarrangemang. Att st\u00f6dja v\u00e5r gr\u00e4srotsr\u00f6relse f\u00f6r att Sverige ska bli ett b\u00e4ttre land att leva i Read More","og_url":"https:\/\/wp.kristdemokraterna.se\/knivsta\/bli-medlem-och-engagerade-dig-i-kd-knivsta\/","og_site_name":"Knivsta","article_publisher":"https:\/\/www.facebook.com\/kdknivsta","article_published_time":"2022-01-21T14:07:57+00:00","article_modified_time":"2022-12-21T14:14:18+00:00","author":"knivsta","twitter_card":"summary_large_image","twitter_misc":{"Skriven av":"knivsta","Ber\u00e4knad l\u00e4stid":"1 minut"},"schema":{"@context":"https:\/\/schema.org","@graph":[{"@type":"Article","@id":"https:\/\/wp.kristdemokraterna.se\/knivsta\/bli-medlem-och-engagerade-dig-i-kd-knivsta\/#article","isPartOf":{"@id":"https:\/\/wp.kristdemokraterna.se\/knivsta\/bli-medlem-och-engagerade-dig-i-kd-knivsta\/"},"author":{"name":"knivsta","@id":"https:\/\/wp.kristdemokraterna.se\/knivsta\/#\/schema\/person\/41c1d3b208899a9de023f9206cac1f52"},"headline":"Bli medlem och engagera dig i KD Knivsta","datePublished":"2022-01-21T14:07:57+00:00","dateModified":"2022-12-21T14:14:18+00:00","mainEntityOfPage":{"@id":"https:\/\/wp.kristdemokraterna.se\/knivsta\/bli-medlem-och-engagerade-dig-i-kd-knivsta\/"},"wordCount":150,"articleSection":["Inl\u00e4gg","Knivsta"],"inLanguage":"sv-SE"},{"@type":"WebPage","@id":"https:\/\/wp.kristdemokraterna.se\/knivsta\/bli-medlem-och-engagerade-dig-i-kd-knivsta\/","url":"https:\/\/wp.kristdemokraterna.se\/knivsta\/bli-medlem-och-engagerade-dig-i-kd-knivsta\/","name":"Bli medlem och engagera dig i KD Knivsta - Knivsta","isPartOf":{"@id":"https:\/\/wp.kristdemokraterna.se\/knivsta\/#website"},"datePublished":"2022-01-21T14:07:57+00:00","dateModified":"2022-12-21T14:14:18+00:00","author":{"@id":"https:\/\/wp.kristdemokraterna.se\/knivsta\/#\/schema\/person\/41c1d3b208899a9de023f9206cac1f52"},"breadcrumb":{"@id":"https:\/\/wp.kristdemokraterna.se\/knivsta\/bli-medlem-och-engagerade-dig-i-kd-knivsta\/#breadcrumb"},"inLanguage":"sv-SE","potentialAction":[{"@type":"ReadAction","target":["https:\/\/wp.kristdemokraterna.se\/knivsta\/bli-medlem-och-engagerade-dig-i-kd-knivsta\/"]}]},{"@type":"BreadcrumbList","@id":"https:\/\/wp.kristdemokraterna.se\/knivsta\/bli-medlem-och-engagerade-dig-i-kd-knivsta\/#breadcrumb","itemListElement":[{"@type":"ListItem","position":1,"name":"Hem","item":"https:\/\/wp.kristdemokraterna.se\/knivsta\/"},{"@type":"ListItem","position":2,"name":"Bli medlem och engagera dig i KD Knivsta"}]},{"@type":"WebSite","@id":"https:\/\/wp.kristdemokraterna.se\/knivsta\/#website","url":"https:\/\/wp.kristdemokraterna.se\/knivsta\/","name":"Knivsta","description":" F\u00f6r ett b\u00e4ttre samh\u00e4lle","inLanguage":"sv-SE"},{"@type":"Person","@id":"https:\/\/wp.kristdemokraterna.se\/knivsta\/#\/schema\/person\/41c1d3b208899a9de023f9206cac1f52","name":"knivsta","image":{"@type":"ImageObject","inLanguage":"sv-SE","@id":"https:\/\/secure.gravatar.com\/avatar\/68a509c7c53375b65b47d1d3c17559bd62f1e272f97020f0faeec022f4f79769?s=96&r=g","url":"https:\/\/secure.gravatar.com\/avatar\/68a509c7c53375b65b47d1d3c17559bd62f1e272f97020f0faeec022f4f79769?s=96&r=g","contentUrl":"https:\/\/secure.gravatar.com\/avatar\/68a509c7c53375b65b47d1d3c17559bd62f1e272f97020f0faeec022f4f79769?s=96&r=g","caption":"knivsta"},"url":"https:\/\/wp.kristdemokraterna.se\/knivsta\/author\/knivsta\/"}]}},"_links":{"self":[{"href":"https:\/\/wp.kristdemokraterna.se\/knivsta\/wp-json\/wp\/v2\/posts\/3376","targetHints":{"allow":["GET"]}}],"collection":[{"href":"https:\/\/wp.kristdemokraterna.se\/knivsta\/wp-json\/wp\/v2\/posts"}],"about":[{"href":"https:\/\/wp.kristdemokraterna.se\/knivsta\/wp-json\/wp\/v2\/types\/post"}],"author":[{"embeddable":true,"href":"https:\/\/wp.kristdemokraterna.se\/knivsta\/wp-json\/wp\/v2\/users\/481"}],"replies":[{"embeddable":true,"href":"https:\/\/wp.kristdemokraterna.se\/knivsta\/wp-json\/wp\/v2\/comments?post=3376"}],"version-history":[{"count":6,"href":"https:\/\/wp.kristdemokraterna.se\/knivsta\/wp-json\/wp\/v2\/posts\/3376\/revisions"}],"predecessor-version":[{"id":3382,"href":"https:\/\/wp.kristdemokraterna.se\/knivsta\/wp-json\/wp\/v2\/posts\/3376\/revisions\/3382"}],"wp:attachment":[{"href":"https:\/\/wp.kristdemokraterna.se\/knivsta\/wp-json\/wp\/v2\/media?parent=3376"}],"wp:term":[{"taxonomy":"category","embeddable":true,"href":"https:\/\/wp.kristdemokraterna.se\/knivsta\/wp-json\/wp\/v2\/categories?post=3376"},{"taxonomy":"post_tag","embeddable":true,"href":"https:\/\/wp.kristdemokraterna.se\/knivsta\/wp-json\/wp\/v2\/tags?post=3376"}],"curies":[{"name":"wp","href":"https:\/\/api.w.org\/{rel}","templated":true}]}}