{"id":3535,"date":"2026-04-26T07:56:06","date_gmt":"2026-04-26T05:56:06","guid":{"rendered":"https:\/\/wp.kristdemokraterna.se\/knivsta\/?p=3535"},"modified":"2026-04-26T07:56:20","modified_gmt":"2026-04-26T05:56:20","slug":"kontakta-oss","status":"publish","type":"post","link":"https:\/\/wp.kristdemokraterna.se\/knivsta\/kontakta-oss\/","title":{"rendered":"Kontakta oss"},"content":{"rendered":"<p>Har du fr\u00e5gor kring politik, organisation eller medlemskap? H\u00e4r hittar du kontaktuppgifter till lokala partiavdelningsstyrelsen, gruppledare och distriktsstyrelsen.<\/p>\n<p><b>Lokala partiorganisationen<\/b><b><\/b><\/p>\n<p>Mattias Nygren, ordf\u00f6rande<br \/>\nmattias.nygren@2secure.se<\/p>\n<p><b>Lokala politiker<\/b><b><\/b><\/p>\n<p>Elin \u00c5kerlund, gruppledare<br \/>\nelin.akerlund86@gmail.com<\/p>\n<p><b>Distriktsorganisationen<\/b><b><\/b><\/p>\n<p>Mikael Oscarsson, ordf\u00f6rande<br \/>\nmikael.oscarsson@kristdemokraterna.se<\/p>\n<p>Eva Moberg, ombudsman<br \/>\n<a href=\"mailto:eva.moberg@kristdemokraterna.se\">eva.moberg@kristdemokraterna.se<\/a><\/p>\n","protected":false},"excerpt":{"rendered":"<p>Har du fr\u00e5gor kring politik, organisation eller medlemskap? H\u00e4r hittar du kontaktuppgifter till lokala partiavdelningsstyrelsen, gruppledare och distriktsstyrelsen. Lokala partiorganisationen Mattias Nygren, ordf\u00f6rande mattias.nygren@2secure.se Lokala politiker Elin \u00c5kerlund, gruppledare elin.akerlund86@gmail.com Distriktsorganisationen Mikael Oscarsson, ordf\u00f6rande mikael.oscarsson@kristdemokraterna.se Eva Moberg, ombudsman eva.moberg@kristdemokraterna.se<\/p>\n","protected":false},"author":1055,"featured_media":0,"comment_status":"closed","ping_status":"closed","sticky":false,"template":"","format":"standard","meta":{"_acf_changed":false,"footnotes":""},"categories":[1],"tags":[],"class_list":["post-3535","post","type-post","status-publish","format-standard","hentry","category-knivsta"],"acf":[],"yoast_head":"<!-- This site is optimized with the Yoast SEO plugin v27.4 - https:\/\/yoast.com\/product\/yoast-seo-wordpress\/ -->\n<title>Kontakta oss - Knivsta<\/title>\n<meta name=\"robots\" content=\"index, follow, max-snippet:-1, max-image-preview:large, max-video-preview:-1\" \/>\n<link rel=\"canonical\" href=\"https:\/\/wp.kristdemokraterna.se\/knivsta\/kontakta-oss\/\" \/>\n<meta property=\"og:locale\" content=\"sv_SE\" \/>\n<meta property=\"og:type\" content=\"article\" \/>\n<meta property=\"og:title\" content=\"Kontakta oss - Knivsta\" \/>\n<meta property=\"og:description\" content=\"Har du fr\u00e5gor kring politik, organisation eller medlemskap? H\u00e4r hittar du kontaktuppgifter till lokala partiavdelningsstyrelsen, gruppledare och distriktsstyrelsen. Lokala partiorganisationen Mattias Nygren, ordf\u00f6rande mattias.nygren@2secure.se Lokala politiker Elin \u00c5kerlund, gruppledare elin.akerlund86@gmail.com Distriktsorganisationen Mikael Oscarsson, ordf\u00f6rande mikael.oscarsson@kristdemokraterna.se Eva Moberg, ombudsman eva.moberg@kristdemokraterna.se\" \/>\n<meta property=\"og:url\" content=\"https:\/\/wp.kristdemokraterna.se\/knivsta\/kontakta-oss\/\" \/>\n<meta property=\"og:site_name\" content=\"Knivsta\" \/>\n<meta property=\"article:publisher\" content=\"https:\/\/www.facebook.com\/kdknivsta\" \/>\n<meta property=\"article:published_time\" content=\"2026-04-26T05:56:06+00:00\" \/>\n<meta property=\"article:modified_time\" content=\"2026-04-26T05:56:20+00:00\" \/>\n<meta name=\"author\" content=\"Frida Bj\u00f6rk\" \/>\n<meta name=\"twitter:card\" content=\"summary_large_image\" \/>\n<meta name=\"twitter:label1\" content=\"Skriven av\" \/>\n\t<meta name=\"twitter:data1\" content=\"Frida Bj\u00f6rk\" \/>\n\t<meta name=\"twitter:label2\" content=\"Ber\u00e4knad l\u00e4stid\" \/>\n\t<meta name=\"twitter:data2\" content=\"1 minut\" \/>\n<script type=\"application\/ld+json\" class=\"yoast-schema-graph\">{\"@context\":\"https:\\\/\\\/schema.org\",\"@graph\":[{\"@type\":\"Article\",\"@id\":\"https:\\\/\\\/wp.kristdemokraterna.se\\\/knivsta\\\/kontakta-oss\\\/#article\",\"isPartOf\":{\"@id\":\"https:\\\/\\\/wp.kristdemokraterna.se\\\/knivsta\\\/kontakta-oss\\\/\"},\"author\":{\"name\":\"Frida Bj\u00f6rk\",\"@id\":\"https:\\\/\\\/wp.kristdemokraterna.se\\\/knivsta\\\/#\\\/schema\\\/person\\\/f3d1084f00ebc70ea4372925042aa867\"},\"headline\":\"Kontakta oss\",\"datePublished\":\"2026-04-26T05:56:06+00:00\",\"dateModified\":\"2026-04-26T05:56:20+00:00\",\"mainEntityOfPage\":{\"@id\":\"https:\\\/\\\/wp.kristdemokraterna.se\\\/knivsta\\\/kontakta-oss\\\/\"},\"wordCount\":57,\"articleSection\":[\"Knivsta\"],\"inLanguage\":\"sv-SE\"},{\"@type\":\"WebPage\",\"@id\":\"https:\\\/\\\/wp.kristdemokraterna.se\\\/knivsta\\\/kontakta-oss\\\/\",\"url\":\"https:\\\/\\\/wp.kristdemokraterna.se\\\/knivsta\\\/kontakta-oss\\\/\",\"name\":\"Kontakta oss - Knivsta\",\"isPartOf\":{\"@id\":\"https:\\\/\\\/wp.kristdemokraterna.se\\\/knivsta\\\/#website\"},\"datePublished\":\"2026-04-26T05:56:06+00:00\",\"dateModified\":\"2026-04-26T05:56:20+00:00\",\"author\":{\"@id\":\"https:\\\/\\\/wp.kristdemokraterna.se\\\/knivsta\\\/#\\\/schema\\\/person\\\/f3d1084f00ebc70ea4372925042aa867\"},\"breadcrumb\":{\"@id\":\"https:\\\/\\\/wp.kristdemokraterna.se\\\/knivsta\\\/kontakta-oss\\\/#breadcrumb\"},\"inLanguage\":\"sv-SE\",\"potentialAction\":[{\"@type\":\"ReadAction\",\"target\":[\"https:\\\/\\\/wp.kristdemokraterna.se\\\/knivsta\\\/kontakta-oss\\\/\"]}]},{\"@type\":\"BreadcrumbList\",\"@id\":\"https:\\\/\\\/wp.kristdemokraterna.se\\\/knivsta\\\/kontakta-oss\\\/#breadcrumb\",\"itemListElement\":[{\"@type\":\"ListItem\",\"position\":1,\"name\":\"Hem\",\"item\":\"https:\\\/\\\/wp.kristdemokraterna.se\\\/knivsta\\\/\"},{\"@type\":\"ListItem\",\"position\":2,\"name\":\"Kontakta oss\"}]},{\"@type\":\"WebSite\",\"@id\":\"https:\\\/\\\/wp.kristdemokraterna.se\\\/knivsta\\\/#website\",\"url\":\"https:\\\/\\\/wp.kristdemokraterna.se\\\/knivsta\\\/\",\"name\":\"Knivsta\",\"description\":\" F\u00f6r ett b\u00e4ttre samh\u00e4lle\",\"inLanguage\":\"sv-SE\"},{\"@type\":\"Person\",\"@id\":\"https:\\\/\\\/wp.kristdemokraterna.se\\\/knivsta\\\/#\\\/schema\\\/person\\\/f3d1084f00ebc70ea4372925042aa867\",\"name\":\"Frida Bj\u00f6rk\",\"image\":{\"@type\":\"ImageObject\",\"inLanguage\":\"sv-SE\",\"@id\":\"https:\\\/\\\/secure.gravatar.com\\\/avatar\\\/c0af612f9317bbc66a2a1d63709ee4402a766e5eefbd7a7761acfb6fc3c75468?s=96&r=g\",\"url\":\"https:\\\/\\\/secure.gravatar.com\\\/avatar\\\/c0af612f9317bbc66a2a1d63709ee4402a766e5eefbd7a7761acfb6fc3c75468?s=96&r=g\",\"contentUrl\":\"https:\\\/\\\/secure.gravatar.com\\\/avatar\\\/c0af612f9317bbc66a2a1d63709ee4402a766e5eefbd7a7761acfb6fc3c75468?s=96&r=g\",\"caption\":\"Frida Bj\u00f6rk\"},\"url\":\"https:\\\/\\\/wp.kristdemokraterna.se\\\/knivsta\\\/author\\\/fridabjork\\\/\"}]}<\/script>\n<!-- \/ Yoast SEO plugin. -->","yoast_head_json":{"title":"Kontakta oss - Knivsta","robots":{"index":"index","follow":"follow","max-snippet":"max-snippet:-1","max-image-preview":"max-image-preview:large","max-video-preview":"max-video-preview:-1"},"canonical":"https:\/\/wp.kristdemokraterna.se\/knivsta\/kontakta-oss\/","og_locale":"sv_SE","og_type":"article","og_title":"Kontakta oss - Knivsta","og_description":"Har du fr\u00e5gor kring politik, organisation eller medlemskap? H\u00e4r hittar du kontaktuppgifter till lokala partiavdelningsstyrelsen, gruppledare och distriktsstyrelsen. Lokala partiorganisationen Mattias Nygren, ordf\u00f6rande mattias.nygren@2secure.se Lokala politiker Elin \u00c5kerlund, gruppledare elin.akerlund86@gmail.com Distriktsorganisationen Mikael Oscarsson, ordf\u00f6rande mikael.oscarsson@kristdemokraterna.se Eva Moberg, ombudsman eva.moberg@kristdemokraterna.se","og_url":"https:\/\/wp.kristdemokraterna.se\/knivsta\/kontakta-oss\/","og_site_name":"Knivsta","article_publisher":"https:\/\/www.facebook.com\/kdknivsta","article_published_time":"2026-04-26T05:56:06+00:00","article_modified_time":"2026-04-26T05:56:20+00:00","author":"Frida Bj\u00f6rk","twitter_card":"summary_large_image","twitter_misc":{"Skriven av":"Frida Bj\u00f6rk","Ber\u00e4knad l\u00e4stid":"1 minut"},"schema":{"@context":"https:\/\/schema.org","@graph":[{"@type":"Article","@id":"https:\/\/wp.kristdemokraterna.se\/knivsta\/kontakta-oss\/#article","isPartOf":{"@id":"https:\/\/wp.kristdemokraterna.se\/knivsta\/kontakta-oss\/"},"author":{"name":"Frida Bj\u00f6rk","@id":"https:\/\/wp.kristdemokraterna.se\/knivsta\/#\/schema\/person\/f3d1084f00ebc70ea4372925042aa867"},"headline":"Kontakta oss","datePublished":"2026-04-26T05:56:06+00:00","dateModified":"2026-04-26T05:56:20+00:00","mainEntityOfPage":{"@id":"https:\/\/wp.kristdemokraterna.se\/knivsta\/kontakta-oss\/"},"wordCount":57,"articleSection":["Knivsta"],"inLanguage":"sv-SE"},{"@type":"WebPage","@id":"https:\/\/wp.kristdemokraterna.se\/knivsta\/kontakta-oss\/","url":"https:\/\/wp.kristdemokraterna.se\/knivsta\/kontakta-oss\/","name":"Kontakta oss - Knivsta","isPartOf":{"@id":"https:\/\/wp.kristdemokraterna.se\/knivsta\/#website"},"datePublished":"2026-04-26T05:56:06+00:00","dateModified":"2026-04-26T05:56:20+00:00","author":{"@id":"https:\/\/wp.kristdemokraterna.se\/knivsta\/#\/schema\/person\/f3d1084f00ebc70ea4372925042aa867"},"breadcrumb":{"@id":"https:\/\/wp.kristdemokraterna.se\/knivsta\/kontakta-oss\/#breadcrumb"},"inLanguage":"sv-SE","potentialAction":[{"@type":"ReadAction","target":["https:\/\/wp.kristdemokraterna.se\/knivsta\/kontakta-oss\/"]}]},{"@type":"BreadcrumbList","@id":"https:\/\/wp.kristdemokraterna.se\/knivsta\/kontakta-oss\/#breadcrumb","itemListElement":[{"@type":"ListItem","position":1,"name":"Hem","item":"https:\/\/wp.kristdemokraterna.se\/knivsta\/"},{"@type":"ListItem","position":2,"name":"Kontakta oss"}]},{"@type":"WebSite","@id":"https:\/\/wp.kristdemokraterna.se\/knivsta\/#website","url":"https:\/\/wp.kristdemokraterna.se\/knivsta\/","name":"Knivsta","description":" F\u00f6r ett b\u00e4ttre samh\u00e4lle","inLanguage":"sv-SE"},{"@type":"Person","@id":"https:\/\/wp.kristdemokraterna.se\/knivsta\/#\/schema\/person\/f3d1084f00ebc70ea4372925042aa867","name":"Frida Bj\u00f6rk","image":{"@type":"ImageObject","inLanguage":"sv-SE","@id":"https:\/\/secure.gravatar.com\/avatar\/c0af612f9317bbc66a2a1d63709ee4402a766e5eefbd7a7761acfb6fc3c75468?s=96&r=g","url":"https:\/\/secure.gravatar.com\/avatar\/c0af612f9317bbc66a2a1d63709ee4402a766e5eefbd7a7761acfb6fc3c75468?s=96&r=g","contentUrl":"https:\/\/secure.gravatar.com\/avatar\/c0af612f9317bbc66a2a1d63709ee4402a766e5eefbd7a7761acfb6fc3c75468?s=96&r=g","caption":"Frida Bj\u00f6rk"},"url":"https:\/\/wp.kristdemokraterna.se\/knivsta\/author\/fridabjork\/"}]}},"_links":{"self":[{"href":"https:\/\/wp.kristdemokraterna.se\/knivsta\/wp-json\/wp\/v2\/posts\/3535","targetHints":{"allow":["GET"]}}],"collection":[{"href":"https:\/\/wp.kristdemokraterna.se\/knivsta\/wp-json\/wp\/v2\/posts"}],"about":[{"href":"https:\/\/wp.kristdemokraterna.se\/knivsta\/wp-json\/wp\/v2\/types\/post"}],"author":[{"embeddable":true,"href":"https:\/\/wp.kristdemokraterna.se\/knivsta\/wp-json\/wp\/v2\/users\/1055"}],"replies":[{"embeddable":true,"href":"https:\/\/wp.kristdemokraterna.se\/knivsta\/wp-json\/wp\/v2\/comments?post=3535"}],"version-history":[{"count":2,"href":"https:\/\/wp.kristdemokraterna.se\/knivsta\/wp-json\/wp\/v2\/posts\/3535\/revisions"}],"predecessor-version":[{"id":3537,"href":"https:\/\/wp.kristdemokraterna.se\/knivsta\/wp-json\/wp\/v2\/posts\/3535\/revisions\/3537"}],"wp:attachment":[{"href":"https:\/\/wp.kristdemokraterna.se\/knivsta\/wp-json\/wp\/v2\/media?parent=3535"}],"wp:term":[{"taxonomy":"category","embeddable":true,"href":"https:\/\/wp.kristdemokraterna.se\/knivsta\/wp-json\/wp\/v2\/categories?post=3535"},{"taxonomy":"post_tag","embeddable":true,"href":"https:\/\/wp.kristdemokraterna.se\/knivsta\/wp-json\/wp\/v2\/tags?post=3535"}],"curies":[{"name":"wp","href":"https:\/\/api.w.org\/{rel}","templated":true}]}}