{"id":678,"date":"2015-05-17T20:03:46","date_gmt":"2015-05-17T18:03:46","guid":{"rendered":"http:\/\/wp.kristdemokraterna.se\/knivsta\/?p=678"},"modified":"2015-05-21T20:05:10","modified_gmt":"2015-05-21T18:05:10","slug":"trevliga-moten-pa-marknaden","status":"publish","type":"post","link":"https:\/\/wp.kristdemokraterna.se\/knivsta\/trevliga-moten-pa-marknaden\/","title":{"rendered":"Trevliga m\u00f6ten p\u00e5 marknaden"},"content":{"rendered":"<div id=\"attachment_681\" style=\"width: 310px\" class=\"wp-caption alignright\"><a href=\"http:\/\/wp.kristdemokraterna.se\/knivsta\/files\/2015\/05\/knivsta-marknad.jpg\"><img loading=\"lazy\" decoding=\"async\" aria-describedby=\"caption-attachment-681\" class=\"wp-image-681 size-medium\" src=\"http:\/\/wp.kristdemokraterna.se\/knivsta\/files\/2015\/05\/knivsta-marknad-300x185.jpg\" alt=\"Kristdemokraterna i Knivsta tillsammans med Moderaterna, Centern och Folkpartiet.\" width=\"300\" height=\"185\" srcset=\"https:\/\/wp.kristdemokraterna.se\/knivsta\/files\/2015\/05\/knivsta-marknad-300x185.jpg 300w, https:\/\/wp.kristdemokraterna.se\/knivsta\/files\/2015\/05\/knivsta-marknad-540x332.jpg 540w, https:\/\/wp.kristdemokraterna.se\/knivsta\/files\/2015\/05\/knivsta-marknad-562x346.jpg 562w, https:\/\/wp.kristdemokraterna.se\/knivsta\/files\/2015\/05\/knivsta-marknad-182x112.jpg 182w, https:\/\/wp.kristdemokraterna.se\/knivsta\/files\/2015\/05\/knivsta-marknad.jpg 585w\" sizes=\"auto, (max-width: 300px) 100vw, 300px\" \/><\/a><p id=\"caption-attachment-681\" class=\"wp-caption-text\">Kristdemokraterna i Knivsta tillsammans med Moderaterna, Centern och Folkpartiet.<\/p><\/div>\n<p style=\"font: 14px\/21.46px helvetica, arial, 'lucida grande', sans-serif;margin: 0px 0px 6px;text-align: left;color: #141823;text-indent: 0px;letter-spacing: normal;background-color: #ffffff\"><strong>L\u00f6rdagen den 16:e maj var det dags f\u00f6r den \u00e5rliga marknaden i Knivsta. Alliansen hade ett\u00a0gemensamt t\u00e4lt\u00a0f\u00f6r att m\u00f6ta kommuninv\u00e5narna\u00a0och lyssna p\u00e5 deras\u00a0\u00e5sikter.<\/strong><\/p>\n<p>Under de sex timmar som t\u00e4ltet var bemannat \u00e4gde m\u00e5nga trevliga m\u00f6ten rum med s\u00e5v\u00e4l unga som \u00e4ldre som ville ge sin syn p\u00e5 hur Knivsta ska utvecklas eller passa p\u00e5 att ha ett\u00a0samtal med de politiker som fanns p\u00e5 plats i t\u00e4ltet.<\/p>\n<p>H\u00e4r fanns ocks\u00e5 olika broschyrer med information om de politiska m\u00e5l som allianspartierna har f\u00f6r Knivsta samh\u00e4lle n\u00e4r det g\u00e4ller skola, omsorg och stadsbyggnad.<\/p>\n<p><span style=\"font: 14px\/21.99px Georgia, 'Times New Roman', Times, serif;color: #111111;text-indent: 0px;letter-spacing: normal;float: none;background-color: #ffffff\">\u2014<\/span> Jag tycker att det var b\u00e5de roligt\u00a0och l\u00e4rorikt att tr\u00e4ffa alla Knivstabor som var ute och nj\u00f6t av\u00a0det vackra v\u00e4dret och bes\u00f6kte\u00a0marknadsst\u00e5nden. Jag fick lyssna p\u00e5 olika synpunkter vilket var intressant och givande,\u00a0s\u00e4ger Per Lindstr\u00f6m, ordf\u00f6rande i KD:s lokalavdelning i Knivsta, som ser fram mot\u00a0ett fortsatt gott samarbete inom Alliansen f\u00f6r Knivstas b\u00e4sta.<\/p>\n","protected":false},"excerpt":{"rendered":"<p>L\u00f6rdagen den 16:e maj var det dags f\u00f6r den \u00e5rliga marknaden i Knivsta. Alliansen hade ett\u00a0gemensamt t\u00e4lt\u00a0f\u00f6r att m\u00f6ta kommuninv\u00e5narna\u00a0och lyssna p\u00e5 deras\u00a0\u00e5sikter. Under de sex timmar som t\u00e4ltet var bemannat \u00e4gde m\u00e5nga trevliga m\u00f6ten rum med s\u00e5v\u00e4l unga som \u00e4ldre som ville ge sin syn p\u00e5 hur Knivsta ska utvecklas eller passa p\u00e5 att <a class=\"read-more-link\" href=\"https:\/\/wp.kristdemokraterna.se\/knivsta\/trevliga-moten-pa-marknaden\/\">Read More<\/a><\/p>\n","protected":false},"author":481,"featured_media":0,"comment_status":"closed","ping_status":"closed","sticky":false,"template":"","format":"standard","meta":{"_acf_changed":false,"footnotes":""},"categories":[1],"tags":[],"class_list":["post-678","post","type-post","status-publish","format-standard","hentry","category-knivsta"],"acf":[],"yoast_head":"<!-- This site is optimized with the Yoast SEO plugin v27.5 - https:\/\/yoast.com\/product\/yoast-seo-wordpress\/ -->\n<title>Trevliga m\u00f6ten p\u00e5 marknaden - Knivsta<\/title>\n<meta name=\"robots\" content=\"index, follow, max-snippet:-1, max-image-preview:large, max-video-preview:-1\" \/>\n<link rel=\"canonical\" href=\"https:\/\/wp.kristdemokraterna.se\/knivsta\/trevliga-moten-pa-marknaden\/\" \/>\n<meta property=\"og:locale\" content=\"sv_SE\" \/>\n<meta property=\"og:type\" content=\"article\" \/>\n<meta property=\"og:title\" content=\"Trevliga m\u00f6ten p\u00e5 marknaden - Knivsta\" \/>\n<meta property=\"og:description\" content=\"L\u00f6rdagen den 16:e maj var det dags f\u00f6r den \u00e5rliga marknaden i Knivsta. Alliansen hade ett\u00a0gemensamt t\u00e4lt\u00a0f\u00f6r att m\u00f6ta kommuninv\u00e5narna\u00a0och lyssna p\u00e5 deras\u00a0\u00e5sikter. Under de sex timmar som t\u00e4ltet var bemannat \u00e4gde m\u00e5nga trevliga m\u00f6ten rum med s\u00e5v\u00e4l unga som \u00e4ldre som ville ge sin syn p\u00e5 hur Knivsta ska utvecklas eller passa p\u00e5 att Read More\" \/>\n<meta property=\"og:url\" content=\"https:\/\/wp.kristdemokraterna.se\/knivsta\/trevliga-moten-pa-marknaden\/\" \/>\n<meta property=\"og:site_name\" content=\"Knivsta\" \/>\n<meta property=\"article:publisher\" content=\"https:\/\/www.facebook.com\/kdknivsta\" \/>\n<meta property=\"article:published_time\" content=\"2015-05-17T18:03:46+00:00\" \/>\n<meta property=\"article:modified_time\" content=\"2015-05-21T18:05:10+00:00\" \/>\n<meta property=\"og:image\" content=\"http:\/\/wp.kristdemokraterna.se\/knivsta\/files\/2015\/05\/knivsta-marknad-300x185.jpg\" \/>\n<meta name=\"author\" content=\"knivsta\" \/>\n<meta name=\"twitter:card\" content=\"summary_large_image\" \/>\n<meta name=\"twitter:label1\" content=\"Skriven av\" \/>\n\t<meta name=\"twitter:data1\" content=\"knivsta\" \/>\n\t<meta name=\"twitter:label2\" content=\"Ber\u00e4knad l\u00e4stid\" \/>\n\t<meta name=\"twitter:data2\" content=\"1 minut\" \/>\n<script type=\"application\/ld+json\" class=\"yoast-schema-graph\">{\"@context\":\"https:\\\/\\\/schema.org\",\"@graph\":[{\"@type\":\"Article\",\"@id\":\"https:\\\/\\\/wp.kristdemokraterna.se\\\/knivsta\\\/trevliga-moten-pa-marknaden\\\/#article\",\"isPartOf\":{\"@id\":\"https:\\\/\\\/wp.kristdemokraterna.se\\\/knivsta\\\/trevliga-moten-pa-marknaden\\\/\"},\"author\":{\"name\":\"knivsta\",\"@id\":\"https:\\\/\\\/wp.kristdemokraterna.se\\\/knivsta\\\/#\\\/schema\\\/person\\\/41c1d3b208899a9de023f9206cac1f52\"},\"headline\":\"Trevliga m\u00f6ten p\u00e5 marknaden\",\"datePublished\":\"2015-05-17T18:03:46+00:00\",\"dateModified\":\"2015-05-21T18:05:10+00:00\",\"mainEntityOfPage\":{\"@id\":\"https:\\\/\\\/wp.kristdemokraterna.se\\\/knivsta\\\/trevliga-moten-pa-marknaden\\\/\"},\"wordCount\":205,\"image\":{\"@id\":\"https:\\\/\\\/wp.kristdemokraterna.se\\\/knivsta\\\/trevliga-moten-pa-marknaden\\\/#primaryimage\"},\"thumbnailUrl\":\"http:\\\/\\\/wp.kristdemokraterna.se\\\/knivsta\\\/files\\\/2015\\\/05\\\/knivsta-marknad-300x185.jpg\",\"articleSection\":[\"Knivsta\"],\"inLanguage\":\"sv-SE\"},{\"@type\":\"WebPage\",\"@id\":\"https:\\\/\\\/wp.kristdemokraterna.se\\\/knivsta\\\/trevliga-moten-pa-marknaden\\\/\",\"url\":\"https:\\\/\\\/wp.kristdemokraterna.se\\\/knivsta\\\/trevliga-moten-pa-marknaden\\\/\",\"name\":\"Trevliga m\u00f6ten p\u00e5 marknaden - Knivsta\",\"isPartOf\":{\"@id\":\"https:\\\/\\\/wp.kristdemokraterna.se\\\/knivsta\\\/#website\"},\"primaryImageOfPage\":{\"@id\":\"https:\\\/\\\/wp.kristdemokraterna.se\\\/knivsta\\\/trevliga-moten-pa-marknaden\\\/#primaryimage\"},\"image\":{\"@id\":\"https:\\\/\\\/wp.kristdemokraterna.se\\\/knivsta\\\/trevliga-moten-pa-marknaden\\\/#primaryimage\"},\"thumbnailUrl\":\"http:\\\/\\\/wp.kristdemokraterna.se\\\/knivsta\\\/files\\\/2015\\\/05\\\/knivsta-marknad-300x185.jpg\",\"datePublished\":\"2015-05-17T18:03:46+00:00\",\"dateModified\":\"2015-05-21T18:05:10+00:00\",\"author\":{\"@id\":\"https:\\\/\\\/wp.kristdemokraterna.se\\\/knivsta\\\/#\\\/schema\\\/person\\\/41c1d3b208899a9de023f9206cac1f52\"},\"breadcrumb\":{\"@id\":\"https:\\\/\\\/wp.kristdemokraterna.se\\\/knivsta\\\/trevliga-moten-pa-marknaden\\\/#breadcrumb\"},\"inLanguage\":\"sv-SE\",\"potentialAction\":[{\"@type\":\"ReadAction\",\"target\":[\"https:\\\/\\\/wp.kristdemokraterna.se\\\/knivsta\\\/trevliga-moten-pa-marknaden\\\/\"]}]},{\"@type\":\"ImageObject\",\"inLanguage\":\"sv-SE\",\"@id\":\"https:\\\/\\\/wp.kristdemokraterna.se\\\/knivsta\\\/trevliga-moten-pa-marknaden\\\/#primaryimage\",\"url\":\"https:\\\/\\\/wp.kristdemokraterna.se\\\/knivsta\\\/files\\\/2015\\\/05\\\/knivsta-marknad.jpg\",\"contentUrl\":\"https:\\\/\\\/wp.kristdemokraterna.se\\\/knivsta\\\/files\\\/2015\\\/05\\\/knivsta-marknad.jpg\",\"width\":585,\"height\":360,\"caption\":\"Kristdemokraterna i Knivsta tillsammans med Moderaterna, Centern och Folkpartiet.\"},{\"@type\":\"BreadcrumbList\",\"@id\":\"https:\\\/\\\/wp.kristdemokraterna.se\\\/knivsta\\\/trevliga-moten-pa-marknaden\\\/#breadcrumb\",\"itemListElement\":[{\"@type\":\"ListItem\",\"position\":1,\"name\":\"Hem\",\"item\":\"https:\\\/\\\/wp.kristdemokraterna.se\\\/knivsta\\\/\"},{\"@type\":\"ListItem\",\"position\":2,\"name\":\"Trevliga m\u00f6ten p\u00e5 marknaden\"}]},{\"@type\":\"WebSite\",\"@id\":\"https:\\\/\\\/wp.kristdemokraterna.se\\\/knivsta\\\/#website\",\"url\":\"https:\\\/\\\/wp.kristdemokraterna.se\\\/knivsta\\\/\",\"name\":\"Knivsta\",\"description\":\" F\u00f6r ett b\u00e4ttre samh\u00e4lle\",\"inLanguage\":\"sv-SE\"},{\"@type\":\"Person\",\"@id\":\"https:\\\/\\\/wp.kristdemokraterna.se\\\/knivsta\\\/#\\\/schema\\\/person\\\/41c1d3b208899a9de023f9206cac1f52\",\"name\":\"knivsta\",\"image\":{\"@type\":\"ImageObject\",\"inLanguage\":\"sv-SE\",\"@id\":\"https:\\\/\\\/secure.gravatar.com\\\/avatar\\\/68a509c7c53375b65b47d1d3c17559bd62f1e272f97020f0faeec022f4f79769?s=96&r=g\",\"url\":\"https:\\\/\\\/secure.gravatar.com\\\/avatar\\\/68a509c7c53375b65b47d1d3c17559bd62f1e272f97020f0faeec022f4f79769?s=96&r=g\",\"contentUrl\":\"https:\\\/\\\/secure.gravatar.com\\\/avatar\\\/68a509c7c53375b65b47d1d3c17559bd62f1e272f97020f0faeec022f4f79769?s=96&r=g\",\"caption\":\"knivsta\"},\"url\":\"https:\\\/\\\/wp.kristdemokraterna.se\\\/knivsta\\\/author\\\/knivsta\\\/\"}]}<\/script>\n<!-- \/ Yoast SEO plugin. -->","yoast_head_json":{"title":"Trevliga m\u00f6ten p\u00e5 marknaden - Knivsta","robots":{"index":"index","follow":"follow","max-snippet":"max-snippet:-1","max-image-preview":"max-image-preview:large","max-video-preview":"max-video-preview:-1"},"canonical":"https:\/\/wp.kristdemokraterna.se\/knivsta\/trevliga-moten-pa-marknaden\/","og_locale":"sv_SE","og_type":"article","og_title":"Trevliga m\u00f6ten p\u00e5 marknaden - Knivsta","og_description":"L\u00f6rdagen den 16:e maj var det dags f\u00f6r den \u00e5rliga marknaden i Knivsta. Alliansen hade ett\u00a0gemensamt t\u00e4lt\u00a0f\u00f6r att m\u00f6ta kommuninv\u00e5narna\u00a0och lyssna p\u00e5 deras\u00a0\u00e5sikter. Under de sex timmar som t\u00e4ltet var bemannat \u00e4gde m\u00e5nga trevliga m\u00f6ten rum med s\u00e5v\u00e4l unga som \u00e4ldre som ville ge sin syn p\u00e5 hur Knivsta ska utvecklas eller passa p\u00e5 att Read More","og_url":"https:\/\/wp.kristdemokraterna.se\/knivsta\/trevliga-moten-pa-marknaden\/","og_site_name":"Knivsta","article_publisher":"https:\/\/www.facebook.com\/kdknivsta","article_published_time":"2015-05-17T18:03:46+00:00","article_modified_time":"2015-05-21T18:05:10+00:00","og_image":[{"url":"http:\/\/wp.kristdemokraterna.se\/knivsta\/files\/2015\/05\/knivsta-marknad-300x185.jpg","type":"","width":"","height":""}],"author":"knivsta","twitter_card":"summary_large_image","twitter_misc":{"Skriven av":"knivsta","Ber\u00e4knad l\u00e4stid":"1 minut"},"schema":{"@context":"https:\/\/schema.org","@graph":[{"@type":"Article","@id":"https:\/\/wp.kristdemokraterna.se\/knivsta\/trevliga-moten-pa-marknaden\/#article","isPartOf":{"@id":"https:\/\/wp.kristdemokraterna.se\/knivsta\/trevliga-moten-pa-marknaden\/"},"author":{"name":"knivsta","@id":"https:\/\/wp.kristdemokraterna.se\/knivsta\/#\/schema\/person\/41c1d3b208899a9de023f9206cac1f52"},"headline":"Trevliga m\u00f6ten p\u00e5 marknaden","datePublished":"2015-05-17T18:03:46+00:00","dateModified":"2015-05-21T18:05:10+00:00","mainEntityOfPage":{"@id":"https:\/\/wp.kristdemokraterna.se\/knivsta\/trevliga-moten-pa-marknaden\/"},"wordCount":205,"image":{"@id":"https:\/\/wp.kristdemokraterna.se\/knivsta\/trevliga-moten-pa-marknaden\/#primaryimage"},"thumbnailUrl":"http:\/\/wp.kristdemokraterna.se\/knivsta\/files\/2015\/05\/knivsta-marknad-300x185.jpg","articleSection":["Knivsta"],"inLanguage":"sv-SE"},{"@type":"WebPage","@id":"https:\/\/wp.kristdemokraterna.se\/knivsta\/trevliga-moten-pa-marknaden\/","url":"https:\/\/wp.kristdemokraterna.se\/knivsta\/trevliga-moten-pa-marknaden\/","name":"Trevliga m\u00f6ten p\u00e5 marknaden - Knivsta","isPartOf":{"@id":"https:\/\/wp.kristdemokraterna.se\/knivsta\/#website"},"primaryImageOfPage":{"@id":"https:\/\/wp.kristdemokraterna.se\/knivsta\/trevliga-moten-pa-marknaden\/#primaryimage"},"image":{"@id":"https:\/\/wp.kristdemokraterna.se\/knivsta\/trevliga-moten-pa-marknaden\/#primaryimage"},"thumbnailUrl":"http:\/\/wp.kristdemokraterna.se\/knivsta\/files\/2015\/05\/knivsta-marknad-300x185.jpg","datePublished":"2015-05-17T18:03:46+00:00","dateModified":"2015-05-21T18:05:10+00:00","author":{"@id":"https:\/\/wp.kristdemokraterna.se\/knivsta\/#\/schema\/person\/41c1d3b208899a9de023f9206cac1f52"},"breadcrumb":{"@id":"https:\/\/wp.kristdemokraterna.se\/knivsta\/trevliga-moten-pa-marknaden\/#breadcrumb"},"inLanguage":"sv-SE","potentialAction":[{"@type":"ReadAction","target":["https:\/\/wp.kristdemokraterna.se\/knivsta\/trevliga-moten-pa-marknaden\/"]}]},{"@type":"ImageObject","inLanguage":"sv-SE","@id":"https:\/\/wp.kristdemokraterna.se\/knivsta\/trevliga-moten-pa-marknaden\/#primaryimage","url":"https:\/\/wp.kristdemokraterna.se\/knivsta\/files\/2015\/05\/knivsta-marknad.jpg","contentUrl":"https:\/\/wp.kristdemokraterna.se\/knivsta\/files\/2015\/05\/knivsta-marknad.jpg","width":585,"height":360,"caption":"Kristdemokraterna i Knivsta tillsammans med Moderaterna, Centern och Folkpartiet."},{"@type":"BreadcrumbList","@id":"https:\/\/wp.kristdemokraterna.se\/knivsta\/trevliga-moten-pa-marknaden\/#breadcrumb","itemListElement":[{"@type":"ListItem","position":1,"name":"Hem","item":"https:\/\/wp.kristdemokraterna.se\/knivsta\/"},{"@type":"ListItem","position":2,"name":"Trevliga m\u00f6ten p\u00e5 marknaden"}]},{"@type":"WebSite","@id":"https:\/\/wp.kristdemokraterna.se\/knivsta\/#website","url":"https:\/\/wp.kristdemokraterna.se\/knivsta\/","name":"Knivsta","description":" F\u00f6r ett b\u00e4ttre samh\u00e4lle","inLanguage":"sv-SE"},{"@type":"Person","@id":"https:\/\/wp.kristdemokraterna.se\/knivsta\/#\/schema\/person\/41c1d3b208899a9de023f9206cac1f52","name":"knivsta","image":{"@type":"ImageObject","inLanguage":"sv-SE","@id":"https:\/\/secure.gravatar.com\/avatar\/68a509c7c53375b65b47d1d3c17559bd62f1e272f97020f0faeec022f4f79769?s=96&r=g","url":"https:\/\/secure.gravatar.com\/avatar\/68a509c7c53375b65b47d1d3c17559bd62f1e272f97020f0faeec022f4f79769?s=96&r=g","contentUrl":"https:\/\/secure.gravatar.com\/avatar\/68a509c7c53375b65b47d1d3c17559bd62f1e272f97020f0faeec022f4f79769?s=96&r=g","caption":"knivsta"},"url":"https:\/\/wp.kristdemokraterna.se\/knivsta\/author\/knivsta\/"}]}},"_links":{"self":[{"href":"https:\/\/wp.kristdemokraterna.se\/knivsta\/wp-json\/wp\/v2\/posts\/678","targetHints":{"allow":["GET"]}}],"collection":[{"href":"https:\/\/wp.kristdemokraterna.se\/knivsta\/wp-json\/wp\/v2\/posts"}],"about":[{"href":"https:\/\/wp.kristdemokraterna.se\/knivsta\/wp-json\/wp\/v2\/types\/post"}],"author":[{"embeddable":true,"href":"https:\/\/wp.kristdemokraterna.se\/knivsta\/wp-json\/wp\/v2\/users\/481"}],"replies":[{"embeddable":true,"href":"https:\/\/wp.kristdemokraterna.se\/knivsta\/wp-json\/wp\/v2\/comments?post=678"}],"version-history":[{"count":13,"href":"https:\/\/wp.kristdemokraterna.se\/knivsta\/wp-json\/wp\/v2\/posts\/678\/revisions"}],"predecessor-version":[{"id":719,"href":"https:\/\/wp.kristdemokraterna.se\/knivsta\/wp-json\/wp\/v2\/posts\/678\/revisions\/719"}],"wp:attachment":[{"href":"https:\/\/wp.kristdemokraterna.se\/knivsta\/wp-json\/wp\/v2\/media?parent=678"}],"wp:term":[{"taxonomy":"category","embeddable":true,"href":"https:\/\/wp.kristdemokraterna.se\/knivsta\/wp-json\/wp\/v2\/categories?post=678"},{"taxonomy":"post_tag","embeddable":true,"href":"https:\/\/wp.kristdemokraterna.se\/knivsta\/wp-json\/wp\/v2\/tags?post=678"}],"curies":[{"name":"wp","href":"https:\/\/api.w.org\/{rel}","templated":true}]}}