{"id":787,"date":"2015-08-26T15:17:25","date_gmt":"2015-08-26T13:17:25","guid":{"rendered":"http:\/\/wp.kristdemokraterna.se\/knivsta\/?p=787"},"modified":"2015-11-18T13:56:56","modified_gmt":"2015-11-18T12:56:56","slug":"forskollarare-ar-hoppfulla-om-barngrupperna-i-knivsta","status":"publish","type":"post","link":"https:\/\/wp.kristdemokraterna.se\/knivsta\/forskollarare-ar-hoppfulla-om-barngrupperna-i-knivsta\/","title":{"rendered":"F\u00f6rskoll\u00e4rare \u00e4r hoppfulla om barngrupperna i Knivsta"},"content":{"rendered":"<p><strong>En av KD Knivstas viktigaste fr\u00e5gor \u00e4r att minska barngruppernas storlek i f\u00f6rskolan. Planen \u00e4r att forts\u00e4tta att minska barngrupperna med ett halvt barn per \u00e5r under mandatperioden. Nu har resultatet b\u00f6rjat att m\u00e4rkas i kommunen.<\/strong><\/p>\n<p>P\u00e5 grund av den stora inflyttningen av sm\u00e5barnfamiljer \u00e4r behovet av att bygga ut f\u00f6rskolan stort. Den senaste i raden av nya f\u00f6rskolor \u00e4r H\u00f6g\u00e5sskolans\u00a0som \u00f6ppnar 1 januari 2016.<\/p>\n<p>Katarina Bengtsson\u00a0och hennes kollega Anna Axgren s\u00e4ger till <a title=\"L\u00e4nk till artikeln i UNT\" href=\"http:\/\/www.unt.se\/uppland\/knivsta\/hopp-stiger-om-minskade-barngrupper-3836093.aspx\">UNT<\/a> att de hoppas att de nya f\u00f6rskolorna kan g\u00f6ra att de slipper de tillf\u00e4lliga avdelningar som \u00f6ppnas och st\u00e4ngs varje \u00e5r n\u00e5gonstans i kommunen n\u00e4r trycket p\u00e5 f\u00f6rskoleplatser blir f\u00f6r h\u00f6gt.<\/p>\n<div id=\"attachment_473\" style=\"width: 235px\" class=\"wp-caption alignright\"><a href=\"http:\/\/wp.kristdemokraterna.se\/knivsta\/files\/2014\/09\/bjorn-owe.jpg\"><img loading=\"lazy\" decoding=\"async\" aria-describedby=\"caption-attachment-473\" class=\"size-medium wp-image-473\" src=\"http:\/\/wp.kristdemokraterna.se\/knivsta\/files\/2014\/09\/bjorn-owe-225x300.jpg\" alt=\"Bild p\u00e5 Bj\u00f6rn-Owe Bj\u00f6rk\" width=\"225\" height=\"300\" srcset=\"https:\/\/wp.kristdemokraterna.se\/knivsta\/files\/2014\/09\/bjorn-owe-225x300.jpg 225w, https:\/\/wp.kristdemokraterna.se\/knivsta\/files\/2014\/09\/bjorn-owe-405x540.jpg 405w, https:\/\/wp.kristdemokraterna.se\/knivsta\/files\/2014\/09\/bjorn-owe-259x346.jpg 259w, https:\/\/wp.kristdemokraterna.se\/knivsta\/files\/2014\/09\/bjorn-owe-84x112.jpg 84w, https:\/\/wp.kristdemokraterna.se\/knivsta\/files\/2014\/09\/bjorn-owe.jpg 480w\" sizes=\"auto, (max-width: 225px) 100vw, 225px\" \/><\/a><p id=\"caption-attachment-473\" class=\"wp-caption-text\">Bj\u00f6rn-Owe Bj\u00f6rk, ordf\u00f6rande i utbildningsn\u00e4mnden, Knivsta<\/p><\/div>\n<p>De ber\u00e4ttar att\u00a0deras f\u00f6rskola: Lilla Br\u00e4nnk\u00e4rr under \u00e5ret har minskat med ett barn och att man planerar att minska med ytterligare ett till n\u00e4sta \u00e5r.<\/p>\n<p>\u2013 Det b\u00f6rjar ordna upp sig, men man kan alltid minska mer. D\u00e5 f\u00e5r man mer tid f\u00f6r barnen och kan bedriva en b\u00e4ttre verksamhet, s\u00e4ger Katarina Bengtsson till UNT.<\/p>\n<p>Enligt Bj\u00f6rn-Owe Bj\u00f6rk (KD), ordf\u00f6rande i utbildningsn\u00e4mnden beh\u00f6ver kommunen\u00a0arbeta vidare med att kompensera f\u00f6r den stora inflyttningen av barnfamiljer men ocks\u00e5 g\u00f6ra st\u00f6rre satsningar \u00e4n tidigare.<\/p>\n<p>\u2013 F\u00f6r att komma tillr\u00e4tta med detta har vi och alliansen skjutit till pengar f\u00f6r att minska barngrupperna med ett halvt barn under 2015 med fokus p\u00e5 sm\u00e5barnsgrupperna och att \u00f6ka antalet vuxna per barn, s\u00e4ger han.<\/p>\n<p>Utbildningsn\u00e4mnden har ocks\u00e5\u00a0bett f\u00f6rvaltningen att utreda olika \u00e5tg\u00e4rder som kan p\u00e5skynda en minskning. Det kan handla om att f\u00f6r\u00e4ndra vistelsetider, personal- och lokalf\u00f6rs\u00f6rjning och se p\u00e5 alternativa omsorgsformer.<\/p>\n<p>Tanken \u00e4r att\u00a0forts\u00e4tta att skjuta till mer pengar \u00e5rligen tills barngrupperna minskat med tv\u00e5 barn per grupp fr\u00e5n h\u00f6stens m\u00e4tning d\u00e4r varje barngrupp i snitt hade 19,9 barn, vilket \u00e4r den h\u00f6gsta siffran i l\u00e4net.<\/p>\n","protected":false},"excerpt":{"rendered":"<p>En av KD Knivstas viktigaste fr\u00e5gor \u00e4r att minska barngruppernas storlek i f\u00f6rskolan. Planen \u00e4r att forts\u00e4tta att minska barngrupperna med ett halvt barn per \u00e5r under mandatperioden. Nu har resultatet b\u00f6rjat att m\u00e4rkas i kommunen. P\u00e5 grund av den stora inflyttningen av sm\u00e5barnfamiljer \u00e4r behovet av att bygga ut f\u00f6rskolan stort. Den senaste i <a class=\"read-more-link\" href=\"https:\/\/wp.kristdemokraterna.se\/knivsta\/forskollarare-ar-hoppfulla-om-barngrupperna-i-knivsta\/\">Read More<\/a><\/p>\n","protected":false},"author":481,"featured_media":0,"comment_status":"closed","ping_status":"closed","sticky":false,"template":"","format":"standard","meta":{"_acf_changed":false,"footnotes":""},"categories":[1],"tags":[19,20,6,11,5,10,21],"class_list":["post-787","post","type-post","status-publish","format-standard","hentry","category-knivsta","tag-barngrupper-i-forskolan","tag-barngrupper-i-knivsta","tag-bjorn-owe-bjork","tag-kd-knivsta","tag-knivsta","tag-kristdemokraterna-i-knivsta","tag-utbildningsnamnden-i-knivsta"],"acf":[],"yoast_head":"<!-- This site is optimized with the Yoast SEO plugin v27.4 - https:\/\/yoast.com\/product\/yoast-seo-wordpress\/ -->\n<title>F\u00f6rskoll\u00e4rare \u00e4r hoppfulla om barngrupperna i Knivsta - Knivsta<\/title>\n<meta name=\"robots\" content=\"index, follow, max-snippet:-1, max-image-preview:large, max-video-preview:-1\" \/>\n<link rel=\"canonical\" href=\"https:\/\/wp.kristdemokraterna.se\/knivsta\/forskollarare-ar-hoppfulla-om-barngrupperna-i-knivsta\/\" \/>\n<meta property=\"og:locale\" content=\"sv_SE\" \/>\n<meta property=\"og:type\" content=\"article\" \/>\n<meta property=\"og:title\" content=\"F\u00f6rskoll\u00e4rare \u00e4r hoppfulla om barngrupperna i Knivsta - Knivsta\" \/>\n<meta property=\"og:description\" content=\"En av KD Knivstas viktigaste fr\u00e5gor \u00e4r att minska barngruppernas storlek i f\u00f6rskolan. Planen \u00e4r att forts\u00e4tta att minska barngrupperna med ett halvt barn per \u00e5r under mandatperioden. Nu har resultatet b\u00f6rjat att m\u00e4rkas i kommunen. P\u00e5 grund av den stora inflyttningen av sm\u00e5barnfamiljer \u00e4r behovet av att bygga ut f\u00f6rskolan stort. Den senaste i Read More\" \/>\n<meta property=\"og:url\" content=\"https:\/\/wp.kristdemokraterna.se\/knivsta\/forskollarare-ar-hoppfulla-om-barngrupperna-i-knivsta\/\" \/>\n<meta property=\"og:site_name\" content=\"Knivsta\" \/>\n<meta property=\"article:publisher\" content=\"https:\/\/www.facebook.com\/kdknivsta\" \/>\n<meta property=\"article:published_time\" content=\"2015-08-26T13:17:25+00:00\" \/>\n<meta property=\"article:modified_time\" content=\"2015-11-18T12:56:56+00:00\" \/>\n<meta property=\"og:image\" content=\"http:\/\/wp.kristdemokraterna.se\/knivsta\/files\/2014\/09\/bjorn-owe-225x300.jpg\" \/>\n<meta name=\"author\" content=\"knivsta\" \/>\n<meta name=\"twitter:card\" content=\"summary_large_image\" \/>\n<meta name=\"twitter:label1\" content=\"Skriven av\" \/>\n\t<meta name=\"twitter:data1\" content=\"knivsta\" \/>\n\t<meta name=\"twitter:label2\" content=\"Ber\u00e4knad l\u00e4stid\" \/>\n\t<meta name=\"twitter:data2\" content=\"2 minuter\" \/>\n<script type=\"application\/ld+json\" class=\"yoast-schema-graph\">{\"@context\":\"https:\\\/\\\/schema.org\",\"@graph\":[{\"@type\":\"Article\",\"@id\":\"https:\\\/\\\/wp.kristdemokraterna.se\\\/knivsta\\\/forskollarare-ar-hoppfulla-om-barngrupperna-i-knivsta\\\/#article\",\"isPartOf\":{\"@id\":\"https:\\\/\\\/wp.kristdemokraterna.se\\\/knivsta\\\/forskollarare-ar-hoppfulla-om-barngrupperna-i-knivsta\\\/\"},\"author\":{\"name\":\"knivsta\",\"@id\":\"https:\\\/\\\/wp.kristdemokraterna.se\\\/knivsta\\\/#\\\/schema\\\/person\\\/41c1d3b208899a9de023f9206cac1f52\"},\"headline\":\"F\u00f6rskoll\u00e4rare \u00e4r hoppfulla om barngrupperna i Knivsta\",\"datePublished\":\"2015-08-26T13:17:25+00:00\",\"dateModified\":\"2015-11-18T12:56:56+00:00\",\"mainEntityOfPage\":{\"@id\":\"https:\\\/\\\/wp.kristdemokraterna.se\\\/knivsta\\\/forskollarare-ar-hoppfulla-om-barngrupperna-i-knivsta\\\/\"},\"wordCount\":370,\"image\":{\"@id\":\"https:\\\/\\\/wp.kristdemokraterna.se\\\/knivsta\\\/forskollarare-ar-hoppfulla-om-barngrupperna-i-knivsta\\\/#primaryimage\"},\"thumbnailUrl\":\"http:\\\/\\\/wp.kristdemokraterna.se\\\/knivsta\\\/files\\\/2014\\\/09\\\/bjorn-owe-225x300.jpg\",\"keywords\":[\"barngrupper i f\u00f6rskolan\",\"barngrupper i Knivsta\",\"Bj\u00f6rn-Owe Bj\u00f6rk\",\"KD Knivsta\",\"Knivsta\",\"Kristdemokraterna i Knivsta\",\"utbildningsn\u00e4mnden i Knivsta\"],\"articleSection\":[\"Knivsta\"],\"inLanguage\":\"sv-SE\"},{\"@type\":\"WebPage\",\"@id\":\"https:\\\/\\\/wp.kristdemokraterna.se\\\/knivsta\\\/forskollarare-ar-hoppfulla-om-barngrupperna-i-knivsta\\\/\",\"url\":\"https:\\\/\\\/wp.kristdemokraterna.se\\\/knivsta\\\/forskollarare-ar-hoppfulla-om-barngrupperna-i-knivsta\\\/\",\"name\":\"F\u00f6rskoll\u00e4rare \u00e4r hoppfulla om barngrupperna i Knivsta - Knivsta\",\"isPartOf\":{\"@id\":\"https:\\\/\\\/wp.kristdemokraterna.se\\\/knivsta\\\/#website\"},\"primaryImageOfPage\":{\"@id\":\"https:\\\/\\\/wp.kristdemokraterna.se\\\/knivsta\\\/forskollarare-ar-hoppfulla-om-barngrupperna-i-knivsta\\\/#primaryimage\"},\"image\":{\"@id\":\"https:\\\/\\\/wp.kristdemokraterna.se\\\/knivsta\\\/forskollarare-ar-hoppfulla-om-barngrupperna-i-knivsta\\\/#primaryimage\"},\"thumbnailUrl\":\"http:\\\/\\\/wp.kristdemokraterna.se\\\/knivsta\\\/files\\\/2014\\\/09\\\/bjorn-owe-225x300.jpg\",\"datePublished\":\"2015-08-26T13:17:25+00:00\",\"dateModified\":\"2015-11-18T12:56:56+00:00\",\"author\":{\"@id\":\"https:\\\/\\\/wp.kristdemokraterna.se\\\/knivsta\\\/#\\\/schema\\\/person\\\/41c1d3b208899a9de023f9206cac1f52\"},\"breadcrumb\":{\"@id\":\"https:\\\/\\\/wp.kristdemokraterna.se\\\/knivsta\\\/forskollarare-ar-hoppfulla-om-barngrupperna-i-knivsta\\\/#breadcrumb\"},\"inLanguage\":\"sv-SE\",\"potentialAction\":[{\"@type\":\"ReadAction\",\"target\":[\"https:\\\/\\\/wp.kristdemokraterna.se\\\/knivsta\\\/forskollarare-ar-hoppfulla-om-barngrupperna-i-knivsta\\\/\"]}]},{\"@type\":\"ImageObject\",\"inLanguage\":\"sv-SE\",\"@id\":\"https:\\\/\\\/wp.kristdemokraterna.se\\\/knivsta\\\/forskollarare-ar-hoppfulla-om-barngrupperna-i-knivsta\\\/#primaryimage\",\"url\":\"https:\\\/\\\/wp.kristdemokraterna.se\\\/knivsta\\\/files\\\/2014\\\/09\\\/bjorn-owe.jpg\",\"contentUrl\":\"https:\\\/\\\/wp.kristdemokraterna.se\\\/knivsta\\\/files\\\/2014\\\/09\\\/bjorn-owe.jpg\",\"width\":480,\"height\":640,\"caption\":\"Bj\u00f6rn-Owe Bj\u00f6rk, kommunalr\u00e5d i Knivsta.\"},{\"@type\":\"BreadcrumbList\",\"@id\":\"https:\\\/\\\/wp.kristdemokraterna.se\\\/knivsta\\\/forskollarare-ar-hoppfulla-om-barngrupperna-i-knivsta\\\/#breadcrumb\",\"itemListElement\":[{\"@type\":\"ListItem\",\"position\":1,\"name\":\"Hem\",\"item\":\"https:\\\/\\\/wp.kristdemokraterna.se\\\/knivsta\\\/\"},{\"@type\":\"ListItem\",\"position\":2,\"name\":\"F\u00f6rskoll\u00e4rare \u00e4r hoppfulla om barngrupperna i Knivsta\"}]},{\"@type\":\"WebSite\",\"@id\":\"https:\\\/\\\/wp.kristdemokraterna.se\\\/knivsta\\\/#website\",\"url\":\"https:\\\/\\\/wp.kristdemokraterna.se\\\/knivsta\\\/\",\"name\":\"Knivsta\",\"description\":\" F\u00f6r ett b\u00e4ttre samh\u00e4lle\",\"inLanguage\":\"sv-SE\"},{\"@type\":\"Person\",\"@id\":\"https:\\\/\\\/wp.kristdemokraterna.se\\\/knivsta\\\/#\\\/schema\\\/person\\\/41c1d3b208899a9de023f9206cac1f52\",\"name\":\"knivsta\",\"image\":{\"@type\":\"ImageObject\",\"inLanguage\":\"sv-SE\",\"@id\":\"https:\\\/\\\/secure.gravatar.com\\\/avatar\\\/68a509c7c53375b65b47d1d3c17559bd62f1e272f97020f0faeec022f4f79769?s=96&r=g\",\"url\":\"https:\\\/\\\/secure.gravatar.com\\\/avatar\\\/68a509c7c53375b65b47d1d3c17559bd62f1e272f97020f0faeec022f4f79769?s=96&r=g\",\"contentUrl\":\"https:\\\/\\\/secure.gravatar.com\\\/avatar\\\/68a509c7c53375b65b47d1d3c17559bd62f1e272f97020f0faeec022f4f79769?s=96&r=g\",\"caption\":\"knivsta\"},\"url\":\"https:\\\/\\\/wp.kristdemokraterna.se\\\/knivsta\\\/author\\\/knivsta\\\/\"}]}<\/script>\n<!-- \/ Yoast SEO plugin. -->","yoast_head_json":{"title":"F\u00f6rskoll\u00e4rare \u00e4r hoppfulla om barngrupperna i Knivsta - Knivsta","robots":{"index":"index","follow":"follow","max-snippet":"max-snippet:-1","max-image-preview":"max-image-preview:large","max-video-preview":"max-video-preview:-1"},"canonical":"https:\/\/wp.kristdemokraterna.se\/knivsta\/forskollarare-ar-hoppfulla-om-barngrupperna-i-knivsta\/","og_locale":"sv_SE","og_type":"article","og_title":"F\u00f6rskoll\u00e4rare \u00e4r hoppfulla om barngrupperna i Knivsta - Knivsta","og_description":"En av KD Knivstas viktigaste fr\u00e5gor \u00e4r att minska barngruppernas storlek i f\u00f6rskolan. Planen \u00e4r att forts\u00e4tta att minska barngrupperna med ett halvt barn per \u00e5r under mandatperioden. Nu har resultatet b\u00f6rjat att m\u00e4rkas i kommunen. P\u00e5 grund av den stora inflyttningen av sm\u00e5barnfamiljer \u00e4r behovet av att bygga ut f\u00f6rskolan stort. Den senaste i Read More","og_url":"https:\/\/wp.kristdemokraterna.se\/knivsta\/forskollarare-ar-hoppfulla-om-barngrupperna-i-knivsta\/","og_site_name":"Knivsta","article_publisher":"https:\/\/www.facebook.com\/kdknivsta","article_published_time":"2015-08-26T13:17:25+00:00","article_modified_time":"2015-11-18T12:56:56+00:00","og_image":[{"url":"http:\/\/wp.kristdemokraterna.se\/knivsta\/files\/2014\/09\/bjorn-owe-225x300.jpg","type":"","width":"","height":""}],"author":"knivsta","twitter_card":"summary_large_image","twitter_misc":{"Skriven av":"knivsta","Ber\u00e4knad l\u00e4stid":"2 minuter"},"schema":{"@context":"https:\/\/schema.org","@graph":[{"@type":"Article","@id":"https:\/\/wp.kristdemokraterna.se\/knivsta\/forskollarare-ar-hoppfulla-om-barngrupperna-i-knivsta\/#article","isPartOf":{"@id":"https:\/\/wp.kristdemokraterna.se\/knivsta\/forskollarare-ar-hoppfulla-om-barngrupperna-i-knivsta\/"},"author":{"name":"knivsta","@id":"https:\/\/wp.kristdemokraterna.se\/knivsta\/#\/schema\/person\/41c1d3b208899a9de023f9206cac1f52"},"headline":"F\u00f6rskoll\u00e4rare \u00e4r hoppfulla om barngrupperna i Knivsta","datePublished":"2015-08-26T13:17:25+00:00","dateModified":"2015-11-18T12:56:56+00:00","mainEntityOfPage":{"@id":"https:\/\/wp.kristdemokraterna.se\/knivsta\/forskollarare-ar-hoppfulla-om-barngrupperna-i-knivsta\/"},"wordCount":370,"image":{"@id":"https:\/\/wp.kristdemokraterna.se\/knivsta\/forskollarare-ar-hoppfulla-om-barngrupperna-i-knivsta\/#primaryimage"},"thumbnailUrl":"http:\/\/wp.kristdemokraterna.se\/knivsta\/files\/2014\/09\/bjorn-owe-225x300.jpg","keywords":["barngrupper i f\u00f6rskolan","barngrupper i Knivsta","Bj\u00f6rn-Owe Bj\u00f6rk","KD Knivsta","Knivsta","Kristdemokraterna i Knivsta","utbildningsn\u00e4mnden i Knivsta"],"articleSection":["Knivsta"],"inLanguage":"sv-SE"},{"@type":"WebPage","@id":"https:\/\/wp.kristdemokraterna.se\/knivsta\/forskollarare-ar-hoppfulla-om-barngrupperna-i-knivsta\/","url":"https:\/\/wp.kristdemokraterna.se\/knivsta\/forskollarare-ar-hoppfulla-om-barngrupperna-i-knivsta\/","name":"F\u00f6rskoll\u00e4rare \u00e4r hoppfulla om barngrupperna i Knivsta - Knivsta","isPartOf":{"@id":"https:\/\/wp.kristdemokraterna.se\/knivsta\/#website"},"primaryImageOfPage":{"@id":"https:\/\/wp.kristdemokraterna.se\/knivsta\/forskollarare-ar-hoppfulla-om-barngrupperna-i-knivsta\/#primaryimage"},"image":{"@id":"https:\/\/wp.kristdemokraterna.se\/knivsta\/forskollarare-ar-hoppfulla-om-barngrupperna-i-knivsta\/#primaryimage"},"thumbnailUrl":"http:\/\/wp.kristdemokraterna.se\/knivsta\/files\/2014\/09\/bjorn-owe-225x300.jpg","datePublished":"2015-08-26T13:17:25+00:00","dateModified":"2015-11-18T12:56:56+00:00","author":{"@id":"https:\/\/wp.kristdemokraterna.se\/knivsta\/#\/schema\/person\/41c1d3b208899a9de023f9206cac1f52"},"breadcrumb":{"@id":"https:\/\/wp.kristdemokraterna.se\/knivsta\/forskollarare-ar-hoppfulla-om-barngrupperna-i-knivsta\/#breadcrumb"},"inLanguage":"sv-SE","potentialAction":[{"@type":"ReadAction","target":["https:\/\/wp.kristdemokraterna.se\/knivsta\/forskollarare-ar-hoppfulla-om-barngrupperna-i-knivsta\/"]}]},{"@type":"ImageObject","inLanguage":"sv-SE","@id":"https:\/\/wp.kristdemokraterna.se\/knivsta\/forskollarare-ar-hoppfulla-om-barngrupperna-i-knivsta\/#primaryimage","url":"https:\/\/wp.kristdemokraterna.se\/knivsta\/files\/2014\/09\/bjorn-owe.jpg","contentUrl":"https:\/\/wp.kristdemokraterna.se\/knivsta\/files\/2014\/09\/bjorn-owe.jpg","width":480,"height":640,"caption":"Bj\u00f6rn-Owe Bj\u00f6rk, kommunalr\u00e5d i Knivsta."},{"@type":"BreadcrumbList","@id":"https:\/\/wp.kristdemokraterna.se\/knivsta\/forskollarare-ar-hoppfulla-om-barngrupperna-i-knivsta\/#breadcrumb","itemListElement":[{"@type":"ListItem","position":1,"name":"Hem","item":"https:\/\/wp.kristdemokraterna.se\/knivsta\/"},{"@type":"ListItem","position":2,"name":"F\u00f6rskoll\u00e4rare \u00e4r hoppfulla om barngrupperna i Knivsta"}]},{"@type":"WebSite","@id":"https:\/\/wp.kristdemokraterna.se\/knivsta\/#website","url":"https:\/\/wp.kristdemokraterna.se\/knivsta\/","name":"Knivsta","description":" F\u00f6r ett b\u00e4ttre samh\u00e4lle","inLanguage":"sv-SE"},{"@type":"Person","@id":"https:\/\/wp.kristdemokraterna.se\/knivsta\/#\/schema\/person\/41c1d3b208899a9de023f9206cac1f52","name":"knivsta","image":{"@type":"ImageObject","inLanguage":"sv-SE","@id":"https:\/\/secure.gravatar.com\/avatar\/68a509c7c53375b65b47d1d3c17559bd62f1e272f97020f0faeec022f4f79769?s=96&r=g","url":"https:\/\/secure.gravatar.com\/avatar\/68a509c7c53375b65b47d1d3c17559bd62f1e272f97020f0faeec022f4f79769?s=96&r=g","contentUrl":"https:\/\/secure.gravatar.com\/avatar\/68a509c7c53375b65b47d1d3c17559bd62f1e272f97020f0faeec022f4f79769?s=96&r=g","caption":"knivsta"},"url":"https:\/\/wp.kristdemokraterna.se\/knivsta\/author\/knivsta\/"}]}},"_links":{"self":[{"href":"https:\/\/wp.kristdemokraterna.se\/knivsta\/wp-json\/wp\/v2\/posts\/787","targetHints":{"allow":["GET"]}}],"collection":[{"href":"https:\/\/wp.kristdemokraterna.se\/knivsta\/wp-json\/wp\/v2\/posts"}],"about":[{"href":"https:\/\/wp.kristdemokraterna.se\/knivsta\/wp-json\/wp\/v2\/types\/post"}],"author":[{"embeddable":true,"href":"https:\/\/wp.kristdemokraterna.se\/knivsta\/wp-json\/wp\/v2\/users\/481"}],"replies":[{"embeddable":true,"href":"https:\/\/wp.kristdemokraterna.se\/knivsta\/wp-json\/wp\/v2\/comments?post=787"}],"version-history":[{"count":13,"href":"https:\/\/wp.kristdemokraterna.se\/knivsta\/wp-json\/wp\/v2\/posts\/787\/revisions"}],"predecessor-version":[{"id":800,"href":"https:\/\/wp.kristdemokraterna.se\/knivsta\/wp-json\/wp\/v2\/posts\/787\/revisions\/800"}],"wp:attachment":[{"href":"https:\/\/wp.kristdemokraterna.se\/knivsta\/wp-json\/wp\/v2\/media?parent=787"}],"wp:term":[{"taxonomy":"category","embeddable":true,"href":"https:\/\/wp.kristdemokraterna.se\/knivsta\/wp-json\/wp\/v2\/categories?post=787"},{"taxonomy":"post_tag","embeddable":true,"href":"https:\/\/wp.kristdemokraterna.se\/knivsta\/wp-json\/wp\/v2\/tags?post=787"}],"curies":[{"name":"wp","href":"https:\/\/api.w.org\/{rel}","templated":true}]}}