{"id":801,"date":"2015-08-27T18:08:38","date_gmt":"2015-08-27T16:08:38","guid":{"rendered":"http:\/\/wp.kristdemokraterna.se\/knivsta\/?p=801"},"modified":"2015-11-18T12:23:43","modified_gmt":"2015-11-18T11:23:43","slug":"viktigt-med-bra-bemotande","status":"publish","type":"post","link":"https:\/\/wp.kristdemokraterna.se\/knivsta\/viktigt-med-bra-bemotande\/","title":{"rendered":"Viktigt med bra bem\u00f6tande"},"content":{"rendered":"<p><strong>KD i Knivsta beklagar konflikten kring &#8221;Mojjens&#8221; placering i Knivsta. Det \u00e4r tr\u00e5kigt n\u00e4r en kommuninv\u00e5nare k\u00e4nner sig or\u00e4ttvist behandlad. V\u00e5r \u00f6nskan \u00e4r\u00a0att alla medborgare ska bem\u00f6tas p\u00e5 ett tydligt och r\u00e4ttss\u00e4kert s\u00e4tt.<\/strong><\/p>\n<p>Att uppleva att\u00a0man som enskild kan lita p\u00e5 politiker och ansvariga tj\u00e4nstem\u00e4n i kontakten med dem \u00e4r mycket viktigt f\u00f6r oss. Vi kommer arbeta f\u00f6r att relationen mellan kommunen och Mojjens \u00e4gare ska f\u00f6rb\u00e4ttras och att vi n\u00e5r fram till en godtagbar l\u00f6sning. Det \u00e4r viktigt f\u00f6r oss med ett v\u00e4rdigt bem\u00f6tande och att v\u00e4rna den enskilda m\u00e4nniskan.\u00a0Alla ska behandlas med omtanke och\u00a0respekt.<\/p>\n<h3>Per LIndstr\u00f6m,\u00a0ordf\u00f6rande i KD KNivstas lokalavdelning<\/h3>\n","protected":false},"excerpt":{"rendered":"<p>KD i Knivsta beklagar konflikten kring &#8221;Mojjens&#8221; placering i Knivsta. Det \u00e4r tr\u00e5kigt n\u00e4r en kommuninv\u00e5nare k\u00e4nner sig or\u00e4ttvist behandlad. V\u00e5r \u00f6nskan \u00e4r\u00a0att alla medborgare ska bem\u00f6tas p\u00e5 ett tydligt och r\u00e4ttss\u00e4kert s\u00e4tt. Att uppleva att\u00a0man som enskild kan lita p\u00e5 politiker och ansvariga tj\u00e4nstem\u00e4n i kontakten med dem \u00e4r mycket viktigt f\u00f6r oss. Vi <a class=\"read-more-link\" href=\"https:\/\/wp.kristdemokraterna.se\/knivsta\/viktigt-med-bra-bemotande\/\">Read More<\/a><\/p>\n","protected":false},"author":481,"featured_media":0,"comment_status":"closed","ping_status":"closed","sticky":false,"template":"","format":"standard","meta":{"_acf_changed":false,"footnotes":""},"categories":[1],"tags":[11,5,10,12,16,15],"class_list":["post-801","post","type-post","status-publish","format-standard","hentry","category-knivsta","tag-kd-knivsta","tag-knivsta","tag-kristdemokraterna-i-knivsta","tag-kristdemokraterna-knivsta","tag-mojjen-konflikten","tag-per-lindstrom"],"acf":[],"yoast_head":"<!-- This site is optimized with the Yoast SEO plugin v27.4 - https:\/\/yoast.com\/product\/yoast-seo-wordpress\/ -->\n<title>Viktigt med bra bem\u00f6tande - Knivsta<\/title>\n<meta name=\"robots\" content=\"index, follow, max-snippet:-1, max-image-preview:large, max-video-preview:-1\" \/>\n<link rel=\"canonical\" href=\"https:\/\/wp.kristdemokraterna.se\/knivsta\/viktigt-med-bra-bemotande\/\" \/>\n<meta property=\"og:locale\" content=\"sv_SE\" \/>\n<meta property=\"og:type\" content=\"article\" \/>\n<meta property=\"og:title\" content=\"Viktigt med bra bem\u00f6tande - Knivsta\" \/>\n<meta property=\"og:description\" content=\"KD i Knivsta beklagar konflikten kring &#8221;Mojjens&#8221; placering i Knivsta. Det \u00e4r tr\u00e5kigt n\u00e4r en kommuninv\u00e5nare k\u00e4nner sig or\u00e4ttvist behandlad. V\u00e5r \u00f6nskan \u00e4r\u00a0att alla medborgare ska bem\u00f6tas p\u00e5 ett tydligt och r\u00e4ttss\u00e4kert s\u00e4tt. Att uppleva att\u00a0man som enskild kan lita p\u00e5 politiker och ansvariga tj\u00e4nstem\u00e4n i kontakten med dem \u00e4r mycket viktigt f\u00f6r oss. Vi Read More\" \/>\n<meta property=\"og:url\" content=\"https:\/\/wp.kristdemokraterna.se\/knivsta\/viktigt-med-bra-bemotande\/\" \/>\n<meta property=\"og:site_name\" content=\"Knivsta\" \/>\n<meta property=\"article:publisher\" content=\"https:\/\/www.facebook.com\/kdknivsta\" \/>\n<meta property=\"article:published_time\" content=\"2015-08-27T16:08:38+00:00\" \/>\n<meta property=\"article:modified_time\" content=\"2015-11-18T11:23:43+00:00\" \/>\n<meta name=\"author\" content=\"knivsta\" \/>\n<meta name=\"twitter:card\" content=\"summary_large_image\" \/>\n<meta name=\"twitter:label1\" content=\"Skriven av\" \/>\n\t<meta name=\"twitter:data1\" content=\"knivsta\" \/>\n\t<meta name=\"twitter:label2\" content=\"Ber\u00e4knad l\u00e4stid\" \/>\n\t<meta name=\"twitter:data2\" content=\"1 minut\" \/>\n<script type=\"application\/ld+json\" class=\"yoast-schema-graph\">{\"@context\":\"https:\\\/\\\/schema.org\",\"@graph\":[{\"@type\":\"Article\",\"@id\":\"https:\\\/\\\/wp.kristdemokraterna.se\\\/knivsta\\\/viktigt-med-bra-bemotande\\\/#article\",\"isPartOf\":{\"@id\":\"https:\\\/\\\/wp.kristdemokraterna.se\\\/knivsta\\\/viktigt-med-bra-bemotande\\\/\"},\"author\":{\"name\":\"knivsta\",\"@id\":\"https:\\\/\\\/wp.kristdemokraterna.se\\\/knivsta\\\/#\\\/schema\\\/person\\\/41c1d3b208899a9de023f9206cac1f52\"},\"headline\":\"Viktigt med bra bem\u00f6tande\",\"datePublished\":\"2015-08-27T16:08:38+00:00\",\"dateModified\":\"2015-11-18T11:23:43+00:00\",\"mainEntityOfPage\":{\"@id\":\"https:\\\/\\\/wp.kristdemokraterna.se\\\/knivsta\\\/viktigt-med-bra-bemotande\\\/\"},\"wordCount\":137,\"keywords\":[\"KD Knivsta\",\"Knivsta\",\"Kristdemokraterna i Knivsta\",\"Kristdemokraterna Knivsta\",\"Mojjen-konflikten\",\"Per Lindstr\u00f6m\"],\"articleSection\":[\"Knivsta\"],\"inLanguage\":\"sv-SE\"},{\"@type\":\"WebPage\",\"@id\":\"https:\\\/\\\/wp.kristdemokraterna.se\\\/knivsta\\\/viktigt-med-bra-bemotande\\\/\",\"url\":\"https:\\\/\\\/wp.kristdemokraterna.se\\\/knivsta\\\/viktigt-med-bra-bemotande\\\/\",\"name\":\"Viktigt med bra bem\u00f6tande - Knivsta\",\"isPartOf\":{\"@id\":\"https:\\\/\\\/wp.kristdemokraterna.se\\\/knivsta\\\/#website\"},\"datePublished\":\"2015-08-27T16:08:38+00:00\",\"dateModified\":\"2015-11-18T11:23:43+00:00\",\"author\":{\"@id\":\"https:\\\/\\\/wp.kristdemokraterna.se\\\/knivsta\\\/#\\\/schema\\\/person\\\/41c1d3b208899a9de023f9206cac1f52\"},\"breadcrumb\":{\"@id\":\"https:\\\/\\\/wp.kristdemokraterna.se\\\/knivsta\\\/viktigt-med-bra-bemotande\\\/#breadcrumb\"},\"inLanguage\":\"sv-SE\",\"potentialAction\":[{\"@type\":\"ReadAction\",\"target\":[\"https:\\\/\\\/wp.kristdemokraterna.se\\\/knivsta\\\/viktigt-med-bra-bemotande\\\/\"]}]},{\"@type\":\"BreadcrumbList\",\"@id\":\"https:\\\/\\\/wp.kristdemokraterna.se\\\/knivsta\\\/viktigt-med-bra-bemotande\\\/#breadcrumb\",\"itemListElement\":[{\"@type\":\"ListItem\",\"position\":1,\"name\":\"Hem\",\"item\":\"https:\\\/\\\/wp.kristdemokraterna.se\\\/knivsta\\\/\"},{\"@type\":\"ListItem\",\"position\":2,\"name\":\"Viktigt med bra bem\u00f6tande\"}]},{\"@type\":\"WebSite\",\"@id\":\"https:\\\/\\\/wp.kristdemokraterna.se\\\/knivsta\\\/#website\",\"url\":\"https:\\\/\\\/wp.kristdemokraterna.se\\\/knivsta\\\/\",\"name\":\"Knivsta\",\"description\":\" F\u00f6r ett b\u00e4ttre samh\u00e4lle\",\"inLanguage\":\"sv-SE\"},{\"@type\":\"Person\",\"@id\":\"https:\\\/\\\/wp.kristdemokraterna.se\\\/knivsta\\\/#\\\/schema\\\/person\\\/41c1d3b208899a9de023f9206cac1f52\",\"name\":\"knivsta\",\"image\":{\"@type\":\"ImageObject\",\"inLanguage\":\"sv-SE\",\"@id\":\"https:\\\/\\\/secure.gravatar.com\\\/avatar\\\/68a509c7c53375b65b47d1d3c17559bd62f1e272f97020f0faeec022f4f79769?s=96&r=g\",\"url\":\"https:\\\/\\\/secure.gravatar.com\\\/avatar\\\/68a509c7c53375b65b47d1d3c17559bd62f1e272f97020f0faeec022f4f79769?s=96&r=g\",\"contentUrl\":\"https:\\\/\\\/secure.gravatar.com\\\/avatar\\\/68a509c7c53375b65b47d1d3c17559bd62f1e272f97020f0faeec022f4f79769?s=96&r=g\",\"caption\":\"knivsta\"},\"url\":\"https:\\\/\\\/wp.kristdemokraterna.se\\\/knivsta\\\/author\\\/knivsta\\\/\"}]}<\/script>\n<!-- \/ Yoast SEO plugin. -->","yoast_head_json":{"title":"Viktigt med bra bem\u00f6tande - Knivsta","robots":{"index":"index","follow":"follow","max-snippet":"max-snippet:-1","max-image-preview":"max-image-preview:large","max-video-preview":"max-video-preview:-1"},"canonical":"https:\/\/wp.kristdemokraterna.se\/knivsta\/viktigt-med-bra-bemotande\/","og_locale":"sv_SE","og_type":"article","og_title":"Viktigt med bra bem\u00f6tande - Knivsta","og_description":"KD i Knivsta beklagar konflikten kring &#8221;Mojjens&#8221; placering i Knivsta. Det \u00e4r tr\u00e5kigt n\u00e4r en kommuninv\u00e5nare k\u00e4nner sig or\u00e4ttvist behandlad. V\u00e5r \u00f6nskan \u00e4r\u00a0att alla medborgare ska bem\u00f6tas p\u00e5 ett tydligt och r\u00e4ttss\u00e4kert s\u00e4tt. Att uppleva att\u00a0man som enskild kan lita p\u00e5 politiker och ansvariga tj\u00e4nstem\u00e4n i kontakten med dem \u00e4r mycket viktigt f\u00f6r oss. Vi Read More","og_url":"https:\/\/wp.kristdemokraterna.se\/knivsta\/viktigt-med-bra-bemotande\/","og_site_name":"Knivsta","article_publisher":"https:\/\/www.facebook.com\/kdknivsta","article_published_time":"2015-08-27T16:08:38+00:00","article_modified_time":"2015-11-18T11:23:43+00:00","author":"knivsta","twitter_card":"summary_large_image","twitter_misc":{"Skriven av":"knivsta","Ber\u00e4knad l\u00e4stid":"1 minut"},"schema":{"@context":"https:\/\/schema.org","@graph":[{"@type":"Article","@id":"https:\/\/wp.kristdemokraterna.se\/knivsta\/viktigt-med-bra-bemotande\/#article","isPartOf":{"@id":"https:\/\/wp.kristdemokraterna.se\/knivsta\/viktigt-med-bra-bemotande\/"},"author":{"name":"knivsta","@id":"https:\/\/wp.kristdemokraterna.se\/knivsta\/#\/schema\/person\/41c1d3b208899a9de023f9206cac1f52"},"headline":"Viktigt med bra bem\u00f6tande","datePublished":"2015-08-27T16:08:38+00:00","dateModified":"2015-11-18T11:23:43+00:00","mainEntityOfPage":{"@id":"https:\/\/wp.kristdemokraterna.se\/knivsta\/viktigt-med-bra-bemotande\/"},"wordCount":137,"keywords":["KD Knivsta","Knivsta","Kristdemokraterna i Knivsta","Kristdemokraterna Knivsta","Mojjen-konflikten","Per Lindstr\u00f6m"],"articleSection":["Knivsta"],"inLanguage":"sv-SE"},{"@type":"WebPage","@id":"https:\/\/wp.kristdemokraterna.se\/knivsta\/viktigt-med-bra-bemotande\/","url":"https:\/\/wp.kristdemokraterna.se\/knivsta\/viktigt-med-bra-bemotande\/","name":"Viktigt med bra bem\u00f6tande - Knivsta","isPartOf":{"@id":"https:\/\/wp.kristdemokraterna.se\/knivsta\/#website"},"datePublished":"2015-08-27T16:08:38+00:00","dateModified":"2015-11-18T11:23:43+00:00","author":{"@id":"https:\/\/wp.kristdemokraterna.se\/knivsta\/#\/schema\/person\/41c1d3b208899a9de023f9206cac1f52"},"breadcrumb":{"@id":"https:\/\/wp.kristdemokraterna.se\/knivsta\/viktigt-med-bra-bemotande\/#breadcrumb"},"inLanguage":"sv-SE","potentialAction":[{"@type":"ReadAction","target":["https:\/\/wp.kristdemokraterna.se\/knivsta\/viktigt-med-bra-bemotande\/"]}]},{"@type":"BreadcrumbList","@id":"https:\/\/wp.kristdemokraterna.se\/knivsta\/viktigt-med-bra-bemotande\/#breadcrumb","itemListElement":[{"@type":"ListItem","position":1,"name":"Hem","item":"https:\/\/wp.kristdemokraterna.se\/knivsta\/"},{"@type":"ListItem","position":2,"name":"Viktigt med bra bem\u00f6tande"}]},{"@type":"WebSite","@id":"https:\/\/wp.kristdemokraterna.se\/knivsta\/#website","url":"https:\/\/wp.kristdemokraterna.se\/knivsta\/","name":"Knivsta","description":" F\u00f6r ett b\u00e4ttre samh\u00e4lle","inLanguage":"sv-SE"},{"@type":"Person","@id":"https:\/\/wp.kristdemokraterna.se\/knivsta\/#\/schema\/person\/41c1d3b208899a9de023f9206cac1f52","name":"knivsta","image":{"@type":"ImageObject","inLanguage":"sv-SE","@id":"https:\/\/secure.gravatar.com\/avatar\/68a509c7c53375b65b47d1d3c17559bd62f1e272f97020f0faeec022f4f79769?s=96&r=g","url":"https:\/\/secure.gravatar.com\/avatar\/68a509c7c53375b65b47d1d3c17559bd62f1e272f97020f0faeec022f4f79769?s=96&r=g","contentUrl":"https:\/\/secure.gravatar.com\/avatar\/68a509c7c53375b65b47d1d3c17559bd62f1e272f97020f0faeec022f4f79769?s=96&r=g","caption":"knivsta"},"url":"https:\/\/wp.kristdemokraterna.se\/knivsta\/author\/knivsta\/"}]}},"_links":{"self":[{"href":"https:\/\/wp.kristdemokraterna.se\/knivsta\/wp-json\/wp\/v2\/posts\/801","targetHints":{"allow":["GET"]}}],"collection":[{"href":"https:\/\/wp.kristdemokraterna.se\/knivsta\/wp-json\/wp\/v2\/posts"}],"about":[{"href":"https:\/\/wp.kristdemokraterna.se\/knivsta\/wp-json\/wp\/v2\/types\/post"}],"author":[{"embeddable":true,"href":"https:\/\/wp.kristdemokraterna.se\/knivsta\/wp-json\/wp\/v2\/users\/481"}],"replies":[{"embeddable":true,"href":"https:\/\/wp.kristdemokraterna.se\/knivsta\/wp-json\/wp\/v2\/comments?post=801"}],"version-history":[{"count":8,"href":"https:\/\/wp.kristdemokraterna.se\/knivsta\/wp-json\/wp\/v2\/posts\/801\/revisions"}],"predecessor-version":[{"id":809,"href":"https:\/\/wp.kristdemokraterna.se\/knivsta\/wp-json\/wp\/v2\/posts\/801\/revisions\/809"}],"wp:attachment":[{"href":"https:\/\/wp.kristdemokraterna.se\/knivsta\/wp-json\/wp\/v2\/media?parent=801"}],"wp:term":[{"taxonomy":"category","embeddable":true,"href":"https:\/\/wp.kristdemokraterna.se\/knivsta\/wp-json\/wp\/v2\/categories?post=801"},{"taxonomy":"post_tag","embeddable":true,"href":"https:\/\/wp.kristdemokraterna.se\/knivsta\/wp-json\/wp\/v2\/tags?post=801"}],"curies":[{"name":"wp","href":"https:\/\/api.w.org\/{rel}","templated":true}]}}