{"id":811,"date":"2015-09-08T14:26:02","date_gmt":"2015-09-08T12:26:02","guid":{"rendered":"http:\/\/wp.kristdemokraterna.se\/knivsta\/?p=811"},"modified":"2015-11-18T12:25:35","modified_gmt":"2015-11-18T11:25:35","slug":"vi-vill-ha-en-forlikning","status":"publish","type":"post","link":"https:\/\/wp.kristdemokraterna.se\/knivsta\/vi-vill-ha-en-forlikning\/","title":{"rendered":"Vi vill ha en f\u00f6rlikning"},"content":{"rendered":"<p><strong>KD i Knivsta har under flera veckor arbetat f\u00f6r att f\u00e5 allianspartierna att vilja arbeta f\u00f6r en f\u00f6rlikning i &#8221;Mojjen-konflikten&#8221;. Sk\u00e4let \u00e4r att\u00a0det borde finnas snabbare och enklare s\u00e4tt att l\u00f6sa oenigheten \u00e4n att g\u00e5 till r\u00e4tten.<\/strong><\/p>\n<p>Tyv\u00e4rr har de styrande partierna inte kunnat enas om\u00a0att exempelvis ta emot en utomst\u00e5ende medlare f\u00f6r att sk\u00f6ta samtalen mellan kommunen och \u00e4garen Staffan Vikstr\u00f6m.<\/p>\n<div id=\"attachment_821\" style=\"width: 235px\" class=\"wp-caption alignright\"><a href=\"http:\/\/wp.kristdemokraterna.se\/knivsta\/files\/2015\/09\/mojjen4.jpg\"><img loading=\"lazy\" decoding=\"async\" aria-describedby=\"caption-attachment-821\" class=\"size-medium wp-image-821\" src=\"http:\/\/wp.kristdemokraterna.se\/knivsta\/files\/2015\/09\/mojjen4-225x300.jpg\" alt=\"Bild p\u00e5 korvkiosken Mojjen i Knivsta.\" width=\"225\" height=\"300\" srcset=\"https:\/\/wp.kristdemokraterna.se\/knivsta\/files\/2015\/09\/mojjen4-225x300.jpg 225w, https:\/\/wp.kristdemokraterna.se\/knivsta\/files\/2015\/09\/mojjen4-405x540.jpg 405w, https:\/\/wp.kristdemokraterna.se\/knivsta\/files\/2015\/09\/mojjen4-260x346.jpg 260w, https:\/\/wp.kristdemokraterna.se\/knivsta\/files\/2015\/09\/mojjen4-84x112.jpg 84w, https:\/\/wp.kristdemokraterna.se\/knivsta\/files\/2015\/09\/mojjen4.jpg 450w\" sizes=\"auto, (max-width: 225px) 100vw, 225px\" \/><\/a><p id=\"caption-attachment-821\" class=\"wp-caption-text\">Korvkiosken Mojjen i Knivsta.<\/p><\/div>\n<p>Krisen kring Mojjens placering har p\u00e5g\u00e5tt i flera \u00e5r. Det \u00e4r en komplex fr\u00e5ga med m\u00e5nga turer. I februari 2015 l\u00e4mnade Mojjens \u00e4gare in en st\u00e4mningsans\u00f6kan till Uppsala tingsr\u00e4tt p\u00e5\u00a02,4 miljoner kronor f\u00f6r skada f\u00f6r f\u00f6rlorade inkomster p\u00e5 den tillf\u00e4lliga plats som Mojjen st\u00e4llts p\u00e5 samt\u00a0f\u00f6r att man inte f\u00e5tt k\u00f6pa\u00a0den mark som omfattats av ett tidigare markanvisningsavtal.<\/p>\n<p>\u2013 Vi tar inte st\u00e4llning till skadst\u00e5ndsanspr\u00e5ket, men tycker att en konflikt av denna typ m\u00e5ste kunna l\u00f6sas utanf\u00f6r r\u00e4ttssalen. De andra allianspartierna har sagt\u00a0tydligt nej till att f\u00f6rs\u00f6ka arbeta f\u00f6r en f\u00f6rlikning vilket vi beklagar, s\u00e4ger Bj\u00f6rn-Owe Bj\u00f6rk,\u00a0gruppledare och forts\u00e4tter:<\/p>\n<p>\u2013 Det finns en skillnad mellan att ha juridiskt r\u00e4tt och att vara\u00a0korrekt behandlad. Vi kan konstatera att kommunens kommunikation till \u00e4garen\u00a0inte alltid har varit tydlig eller korrekt. Som kommun ska man alltid g\u00f6ra sitt yttersta f\u00f6r att kommunicera p\u00e5 ett trov\u00e4rdigt s\u00e4tt och f\u00f6rs\u00f6ka uppn\u00e5 en godtagbar l\u00f6sning som \u00e4r rimlig f\u00f6r alla.<\/p>\n<p>Om en m\u00e5nad inleds den r\u00e4ttsliga processen i\u00a0tingsr\u00e4tten, d\u00e4r b\u00e5de kommunen och Mojjens \u00e4gare har egna juridiska ombud.<\/p>\n<p><a href=\"http:\/\/www.unt.se\/uppland\/knivsta\/knivstas-ledning-oense-3869166.aspx\">L\u00e4s mer om Mojjenkrisen i UNT<\/a><\/p>\n","protected":false},"excerpt":{"rendered":"<p>KD i Knivsta har under flera veckor arbetat f\u00f6r att f\u00e5 allianspartierna att vilja arbeta f\u00f6r en f\u00f6rlikning i &#8221;Mojjen-konflikten&#8221;. Sk\u00e4let \u00e4r att\u00a0det borde finnas snabbare och enklare s\u00e4tt att l\u00f6sa oenigheten \u00e4n att g\u00e5 till r\u00e4tten. Tyv\u00e4rr har de styrande partierna inte kunnat enas om\u00a0att exempelvis ta emot en utomst\u00e5ende medlare f\u00f6r att sk\u00f6ta <a class=\"read-more-link\" href=\"https:\/\/wp.kristdemokraterna.se\/knivsta\/vi-vill-ha-en-forlikning\/\">Read More<\/a><\/p>\n","protected":false},"author":481,"featured_media":0,"comment_status":"closed","ping_status":"closed","sticky":false,"template":"","format":"standard","meta":{"_acf_changed":false,"footnotes":""},"categories":[1],"tags":[6,11,5,10,12,16],"class_list":["post-811","post","type-post","status-publish","format-standard","hentry","category-knivsta","tag-bjorn-owe-bjork","tag-kd-knivsta","tag-knivsta","tag-kristdemokraterna-i-knivsta","tag-kristdemokraterna-knivsta","tag-mojjen-konflikten"],"acf":[],"yoast_head":"<!-- This site is optimized with the Yoast SEO plugin v27.5 - https:\/\/yoast.com\/product\/yoast-seo-wordpress\/ -->\n<title>Vi vill ha en f\u00f6rlikning - Knivsta<\/title>\n<meta name=\"robots\" content=\"index, follow, max-snippet:-1, max-image-preview:large, max-video-preview:-1\" \/>\n<link rel=\"canonical\" href=\"https:\/\/wp.kristdemokraterna.se\/knivsta\/vi-vill-ha-en-forlikning\/\" \/>\n<meta property=\"og:locale\" content=\"sv_SE\" \/>\n<meta property=\"og:type\" content=\"article\" \/>\n<meta property=\"og:title\" content=\"Vi vill ha en f\u00f6rlikning - Knivsta\" \/>\n<meta property=\"og:description\" content=\"KD i Knivsta har under flera veckor arbetat f\u00f6r att f\u00e5 allianspartierna att vilja arbeta f\u00f6r en f\u00f6rlikning i &#8221;Mojjen-konflikten&#8221;. Sk\u00e4let \u00e4r att\u00a0det borde finnas snabbare och enklare s\u00e4tt att l\u00f6sa oenigheten \u00e4n att g\u00e5 till r\u00e4tten. Tyv\u00e4rr har de styrande partierna inte kunnat enas om\u00a0att exempelvis ta emot en utomst\u00e5ende medlare f\u00f6r att sk\u00f6ta Read More\" \/>\n<meta property=\"og:url\" content=\"https:\/\/wp.kristdemokraterna.se\/knivsta\/vi-vill-ha-en-forlikning\/\" \/>\n<meta property=\"og:site_name\" content=\"Knivsta\" \/>\n<meta property=\"article:publisher\" content=\"https:\/\/www.facebook.com\/kdknivsta\" \/>\n<meta property=\"article:published_time\" content=\"2015-09-08T12:26:02+00:00\" \/>\n<meta property=\"article:modified_time\" content=\"2015-11-18T11:25:35+00:00\" \/>\n<meta property=\"og:image\" content=\"http:\/\/wp.kristdemokraterna.se\/knivsta\/files\/2015\/09\/mojjen4-225x300.jpg\" \/>\n<meta name=\"author\" content=\"knivsta\" \/>\n<meta name=\"twitter:card\" content=\"summary_large_image\" \/>\n<meta name=\"twitter:label1\" content=\"Skriven av\" \/>\n\t<meta name=\"twitter:data1\" content=\"knivsta\" \/>\n\t<meta name=\"twitter:label2\" content=\"Ber\u00e4knad l\u00e4stid\" \/>\n\t<meta name=\"twitter:data2\" content=\"2 minuter\" \/>\n<script type=\"application\/ld+json\" class=\"yoast-schema-graph\">{\"@context\":\"https:\\\/\\\/schema.org\",\"@graph\":[{\"@type\":\"Article\",\"@id\":\"https:\\\/\\\/wp.kristdemokraterna.se\\\/knivsta\\\/vi-vill-ha-en-forlikning\\\/#article\",\"isPartOf\":{\"@id\":\"https:\\\/\\\/wp.kristdemokraterna.se\\\/knivsta\\\/vi-vill-ha-en-forlikning\\\/\"},\"author\":{\"name\":\"knivsta\",\"@id\":\"https:\\\/\\\/wp.kristdemokraterna.se\\\/knivsta\\\/#\\\/schema\\\/person\\\/41c1d3b208899a9de023f9206cac1f52\"},\"headline\":\"Vi vill ha en f\u00f6rlikning\",\"datePublished\":\"2015-09-08T12:26:02+00:00\",\"dateModified\":\"2015-11-18T11:25:35+00:00\",\"mainEntityOfPage\":{\"@id\":\"https:\\\/\\\/wp.kristdemokraterna.se\\\/knivsta\\\/vi-vill-ha-en-forlikning\\\/\"},\"wordCount\":320,\"image\":{\"@id\":\"https:\\\/\\\/wp.kristdemokraterna.se\\\/knivsta\\\/vi-vill-ha-en-forlikning\\\/#primaryimage\"},\"thumbnailUrl\":\"http:\\\/\\\/wp.kristdemokraterna.se\\\/knivsta\\\/files\\\/2015\\\/09\\\/mojjen4-225x300.jpg\",\"keywords\":[\"Bj\u00f6rn-Owe Bj\u00f6rk\",\"KD Knivsta\",\"Knivsta\",\"Kristdemokraterna i Knivsta\",\"Kristdemokraterna Knivsta\",\"Mojjen-konflikten\"],\"articleSection\":[\"Knivsta\"],\"inLanguage\":\"sv-SE\"},{\"@type\":\"WebPage\",\"@id\":\"https:\\\/\\\/wp.kristdemokraterna.se\\\/knivsta\\\/vi-vill-ha-en-forlikning\\\/\",\"url\":\"https:\\\/\\\/wp.kristdemokraterna.se\\\/knivsta\\\/vi-vill-ha-en-forlikning\\\/\",\"name\":\"Vi vill ha en f\u00f6rlikning - Knivsta\",\"isPartOf\":{\"@id\":\"https:\\\/\\\/wp.kristdemokraterna.se\\\/knivsta\\\/#website\"},\"primaryImageOfPage\":{\"@id\":\"https:\\\/\\\/wp.kristdemokraterna.se\\\/knivsta\\\/vi-vill-ha-en-forlikning\\\/#primaryimage\"},\"image\":{\"@id\":\"https:\\\/\\\/wp.kristdemokraterna.se\\\/knivsta\\\/vi-vill-ha-en-forlikning\\\/#primaryimage\"},\"thumbnailUrl\":\"http:\\\/\\\/wp.kristdemokraterna.se\\\/knivsta\\\/files\\\/2015\\\/09\\\/mojjen4-225x300.jpg\",\"datePublished\":\"2015-09-08T12:26:02+00:00\",\"dateModified\":\"2015-11-18T11:25:35+00:00\",\"author\":{\"@id\":\"https:\\\/\\\/wp.kristdemokraterna.se\\\/knivsta\\\/#\\\/schema\\\/person\\\/41c1d3b208899a9de023f9206cac1f52\"},\"breadcrumb\":{\"@id\":\"https:\\\/\\\/wp.kristdemokraterna.se\\\/knivsta\\\/vi-vill-ha-en-forlikning\\\/#breadcrumb\"},\"inLanguage\":\"sv-SE\",\"potentialAction\":[{\"@type\":\"ReadAction\",\"target\":[\"https:\\\/\\\/wp.kristdemokraterna.se\\\/knivsta\\\/vi-vill-ha-en-forlikning\\\/\"]}]},{\"@type\":\"ImageObject\",\"inLanguage\":\"sv-SE\",\"@id\":\"https:\\\/\\\/wp.kristdemokraterna.se\\\/knivsta\\\/vi-vill-ha-en-forlikning\\\/#primaryimage\",\"url\":\"https:\\\/\\\/wp.kristdemokraterna.se\\\/knivsta\\\/files\\\/2015\\\/09\\\/mojjen4.jpg\",\"contentUrl\":\"https:\\\/\\\/wp.kristdemokraterna.se\\\/knivsta\\\/files\\\/2015\\\/09\\\/mojjen4.jpg\",\"width\":450,\"height\":600,\"caption\":\"Korvkiosken Mojjen i Knivsta.\"},{\"@type\":\"BreadcrumbList\",\"@id\":\"https:\\\/\\\/wp.kristdemokraterna.se\\\/knivsta\\\/vi-vill-ha-en-forlikning\\\/#breadcrumb\",\"itemListElement\":[{\"@type\":\"ListItem\",\"position\":1,\"name\":\"Hem\",\"item\":\"https:\\\/\\\/wp.kristdemokraterna.se\\\/knivsta\\\/\"},{\"@type\":\"ListItem\",\"position\":2,\"name\":\"Vi vill ha en f\u00f6rlikning\"}]},{\"@type\":\"WebSite\",\"@id\":\"https:\\\/\\\/wp.kristdemokraterna.se\\\/knivsta\\\/#website\",\"url\":\"https:\\\/\\\/wp.kristdemokraterna.se\\\/knivsta\\\/\",\"name\":\"Knivsta\",\"description\":\" F\u00f6r ett b\u00e4ttre samh\u00e4lle\",\"inLanguage\":\"sv-SE\"},{\"@type\":\"Person\",\"@id\":\"https:\\\/\\\/wp.kristdemokraterna.se\\\/knivsta\\\/#\\\/schema\\\/person\\\/41c1d3b208899a9de023f9206cac1f52\",\"name\":\"knivsta\",\"image\":{\"@type\":\"ImageObject\",\"inLanguage\":\"sv-SE\",\"@id\":\"https:\\\/\\\/secure.gravatar.com\\\/avatar\\\/68a509c7c53375b65b47d1d3c17559bd62f1e272f97020f0faeec022f4f79769?s=96&r=g\",\"url\":\"https:\\\/\\\/secure.gravatar.com\\\/avatar\\\/68a509c7c53375b65b47d1d3c17559bd62f1e272f97020f0faeec022f4f79769?s=96&r=g\",\"contentUrl\":\"https:\\\/\\\/secure.gravatar.com\\\/avatar\\\/68a509c7c53375b65b47d1d3c17559bd62f1e272f97020f0faeec022f4f79769?s=96&r=g\",\"caption\":\"knivsta\"},\"url\":\"https:\\\/\\\/wp.kristdemokraterna.se\\\/knivsta\\\/author\\\/knivsta\\\/\"}]}<\/script>\n<!-- \/ Yoast SEO plugin. -->","yoast_head_json":{"title":"Vi vill ha en f\u00f6rlikning - Knivsta","robots":{"index":"index","follow":"follow","max-snippet":"max-snippet:-1","max-image-preview":"max-image-preview:large","max-video-preview":"max-video-preview:-1"},"canonical":"https:\/\/wp.kristdemokraterna.se\/knivsta\/vi-vill-ha-en-forlikning\/","og_locale":"sv_SE","og_type":"article","og_title":"Vi vill ha en f\u00f6rlikning - Knivsta","og_description":"KD i Knivsta har under flera veckor arbetat f\u00f6r att f\u00e5 allianspartierna att vilja arbeta f\u00f6r en f\u00f6rlikning i &#8221;Mojjen-konflikten&#8221;. Sk\u00e4let \u00e4r att\u00a0det borde finnas snabbare och enklare s\u00e4tt att l\u00f6sa oenigheten \u00e4n att g\u00e5 till r\u00e4tten. Tyv\u00e4rr har de styrande partierna inte kunnat enas om\u00a0att exempelvis ta emot en utomst\u00e5ende medlare f\u00f6r att sk\u00f6ta Read More","og_url":"https:\/\/wp.kristdemokraterna.se\/knivsta\/vi-vill-ha-en-forlikning\/","og_site_name":"Knivsta","article_publisher":"https:\/\/www.facebook.com\/kdknivsta","article_published_time":"2015-09-08T12:26:02+00:00","article_modified_time":"2015-11-18T11:25:35+00:00","og_image":[{"url":"http:\/\/wp.kristdemokraterna.se\/knivsta\/files\/2015\/09\/mojjen4-225x300.jpg","type":"","width":"","height":""}],"author":"knivsta","twitter_card":"summary_large_image","twitter_misc":{"Skriven av":"knivsta","Ber\u00e4knad l\u00e4stid":"2 minuter"},"schema":{"@context":"https:\/\/schema.org","@graph":[{"@type":"Article","@id":"https:\/\/wp.kristdemokraterna.se\/knivsta\/vi-vill-ha-en-forlikning\/#article","isPartOf":{"@id":"https:\/\/wp.kristdemokraterna.se\/knivsta\/vi-vill-ha-en-forlikning\/"},"author":{"name":"knivsta","@id":"https:\/\/wp.kristdemokraterna.se\/knivsta\/#\/schema\/person\/41c1d3b208899a9de023f9206cac1f52"},"headline":"Vi vill ha en f\u00f6rlikning","datePublished":"2015-09-08T12:26:02+00:00","dateModified":"2015-11-18T11:25:35+00:00","mainEntityOfPage":{"@id":"https:\/\/wp.kristdemokraterna.se\/knivsta\/vi-vill-ha-en-forlikning\/"},"wordCount":320,"image":{"@id":"https:\/\/wp.kristdemokraterna.se\/knivsta\/vi-vill-ha-en-forlikning\/#primaryimage"},"thumbnailUrl":"http:\/\/wp.kristdemokraterna.se\/knivsta\/files\/2015\/09\/mojjen4-225x300.jpg","keywords":["Bj\u00f6rn-Owe Bj\u00f6rk","KD Knivsta","Knivsta","Kristdemokraterna i Knivsta","Kristdemokraterna Knivsta","Mojjen-konflikten"],"articleSection":["Knivsta"],"inLanguage":"sv-SE"},{"@type":"WebPage","@id":"https:\/\/wp.kristdemokraterna.se\/knivsta\/vi-vill-ha-en-forlikning\/","url":"https:\/\/wp.kristdemokraterna.se\/knivsta\/vi-vill-ha-en-forlikning\/","name":"Vi vill ha en f\u00f6rlikning - Knivsta","isPartOf":{"@id":"https:\/\/wp.kristdemokraterna.se\/knivsta\/#website"},"primaryImageOfPage":{"@id":"https:\/\/wp.kristdemokraterna.se\/knivsta\/vi-vill-ha-en-forlikning\/#primaryimage"},"image":{"@id":"https:\/\/wp.kristdemokraterna.se\/knivsta\/vi-vill-ha-en-forlikning\/#primaryimage"},"thumbnailUrl":"http:\/\/wp.kristdemokraterna.se\/knivsta\/files\/2015\/09\/mojjen4-225x300.jpg","datePublished":"2015-09-08T12:26:02+00:00","dateModified":"2015-11-18T11:25:35+00:00","author":{"@id":"https:\/\/wp.kristdemokraterna.se\/knivsta\/#\/schema\/person\/41c1d3b208899a9de023f9206cac1f52"},"breadcrumb":{"@id":"https:\/\/wp.kristdemokraterna.se\/knivsta\/vi-vill-ha-en-forlikning\/#breadcrumb"},"inLanguage":"sv-SE","potentialAction":[{"@type":"ReadAction","target":["https:\/\/wp.kristdemokraterna.se\/knivsta\/vi-vill-ha-en-forlikning\/"]}]},{"@type":"ImageObject","inLanguage":"sv-SE","@id":"https:\/\/wp.kristdemokraterna.se\/knivsta\/vi-vill-ha-en-forlikning\/#primaryimage","url":"https:\/\/wp.kristdemokraterna.se\/knivsta\/files\/2015\/09\/mojjen4.jpg","contentUrl":"https:\/\/wp.kristdemokraterna.se\/knivsta\/files\/2015\/09\/mojjen4.jpg","width":450,"height":600,"caption":"Korvkiosken Mojjen i Knivsta."},{"@type":"BreadcrumbList","@id":"https:\/\/wp.kristdemokraterna.se\/knivsta\/vi-vill-ha-en-forlikning\/#breadcrumb","itemListElement":[{"@type":"ListItem","position":1,"name":"Hem","item":"https:\/\/wp.kristdemokraterna.se\/knivsta\/"},{"@type":"ListItem","position":2,"name":"Vi vill ha en f\u00f6rlikning"}]},{"@type":"WebSite","@id":"https:\/\/wp.kristdemokraterna.se\/knivsta\/#website","url":"https:\/\/wp.kristdemokraterna.se\/knivsta\/","name":"Knivsta","description":" F\u00f6r ett b\u00e4ttre samh\u00e4lle","inLanguage":"sv-SE"},{"@type":"Person","@id":"https:\/\/wp.kristdemokraterna.se\/knivsta\/#\/schema\/person\/41c1d3b208899a9de023f9206cac1f52","name":"knivsta","image":{"@type":"ImageObject","inLanguage":"sv-SE","@id":"https:\/\/secure.gravatar.com\/avatar\/68a509c7c53375b65b47d1d3c17559bd62f1e272f97020f0faeec022f4f79769?s=96&r=g","url":"https:\/\/secure.gravatar.com\/avatar\/68a509c7c53375b65b47d1d3c17559bd62f1e272f97020f0faeec022f4f79769?s=96&r=g","contentUrl":"https:\/\/secure.gravatar.com\/avatar\/68a509c7c53375b65b47d1d3c17559bd62f1e272f97020f0faeec022f4f79769?s=96&r=g","caption":"knivsta"},"url":"https:\/\/wp.kristdemokraterna.se\/knivsta\/author\/knivsta\/"}]}},"_links":{"self":[{"href":"https:\/\/wp.kristdemokraterna.se\/knivsta\/wp-json\/wp\/v2\/posts\/811","targetHints":{"allow":["GET"]}}],"collection":[{"href":"https:\/\/wp.kristdemokraterna.se\/knivsta\/wp-json\/wp\/v2\/posts"}],"about":[{"href":"https:\/\/wp.kristdemokraterna.se\/knivsta\/wp-json\/wp\/v2\/types\/post"}],"author":[{"embeddable":true,"href":"https:\/\/wp.kristdemokraterna.se\/knivsta\/wp-json\/wp\/v2\/users\/481"}],"replies":[{"embeddable":true,"href":"https:\/\/wp.kristdemokraterna.se\/knivsta\/wp-json\/wp\/v2\/comments?post=811"}],"version-history":[{"count":30,"href":"https:\/\/wp.kristdemokraterna.se\/knivsta\/wp-json\/wp\/v2\/posts\/811\/revisions"}],"predecessor-version":[{"id":842,"href":"https:\/\/wp.kristdemokraterna.se\/knivsta\/wp-json\/wp\/v2\/posts\/811\/revisions\/842"}],"wp:attachment":[{"href":"https:\/\/wp.kristdemokraterna.se\/knivsta\/wp-json\/wp\/v2\/media?parent=811"}],"wp:term":[{"taxonomy":"category","embeddable":true,"href":"https:\/\/wp.kristdemokraterna.se\/knivsta\/wp-json\/wp\/v2\/categories?post=811"},{"taxonomy":"post_tag","embeddable":true,"href":"https:\/\/wp.kristdemokraterna.se\/knivsta\/wp-json\/wp\/v2\/tags?post=811"}],"curies":[{"name":"wp","href":"https:\/\/api.w.org\/{rel}","templated":true}]}}