{"id":890,"date":"2015-09-29T10:00:55","date_gmt":"2015-09-29T08:00:55","guid":{"rendered":"http:\/\/wp.kristdemokraterna.se\/knivsta\/?p=890"},"modified":"2015-11-18T12:21:45","modified_gmt":"2015-11-18T11:21:45","slug":"sjalvklart-hitta-en-losning","status":"publish","type":"post","link":"https:\/\/wp.kristdemokraterna.se\/knivsta\/sjalvklart-hitta-en-losning\/","title":{"rendered":"Sj\u00e4lvklart att hitta en l\u00f6sning"},"content":{"rendered":"<p><strong>KD i Knivsta har efter Uppdrag gransknings program arbetat f\u00f6r att f\u00e5 allianspartierna att vilja n\u00e5 en f\u00f6rlikning utanf\u00f6r r\u00e4ttssalen\u00a0i \u201dMojjen-konflikten\u201d. Idag b\u00f6rjar f\u00f6rhandlingen i r\u00e4tten\u00a0och vi\u00a0beklagar\u00a0att vi misslyckats med att f\u00e5 med \u00f6vriga partier.<\/strong><\/p>\n<p>Som kristdemokrater vill vi\u00a0v\u00e4rna skattebetalarnas tillg\u00e5ngar. Att v\u00e4gra att f\u00f6rs\u00f6ka\u00a0arbeta f\u00f6r hitta en l\u00f6sning p\u00e5 \u201dMojjen-konflikten\u201d \u00e4r inte rimligt. Det handlar inte om populism utan om\u00a0att avsluta en on\u00f6dig, utdragen\u00a0konflikt.<\/p>\n<div id=\"attachment_573\" style=\"width: 232px\" class=\"wp-caption alignright\"><a href=\"http:\/\/wp.kristdemokraterna.se\/knivsta\/files\/2014\/12\/bjornowe1.jpg\"><img loading=\"lazy\" decoding=\"async\" aria-describedby=\"caption-attachment-573\" class=\"wp-image-573 size-medium\" src=\"http:\/\/wp.kristdemokraterna.se\/knivsta\/files\/2014\/12\/bjornowe1-222x300.jpg\" alt=\"Bj\u00f6rn-Owe Bj\u00f6rk, gruppledare och medlem i kommunstyrelsen, KD i Knivsta\" width=\"222\" height=\"300\" srcset=\"https:\/\/wp.kristdemokraterna.se\/knivsta\/files\/2014\/12\/bjornowe1-222x300.jpg 222w, https:\/\/wp.kristdemokraterna.se\/knivsta\/files\/2014\/12\/bjornowe1-399x540.jpg 399w, https:\/\/wp.kristdemokraterna.se\/knivsta\/files\/2014\/12\/bjornowe1-256x346.jpg 256w, https:\/\/wp.kristdemokraterna.se\/knivsta\/files\/2014\/12\/bjornowe1-82x112.jpg 82w, https:\/\/wp.kristdemokraterna.se\/knivsta\/files\/2014\/12\/bjornowe1.jpg 1463w\" sizes=\"auto, (max-width: 222px) 100vw, 222px\" \/><\/a><p id=\"caption-attachment-573\" class=\"wp-caption-text\">Bj\u00f6rn-Owe Bj\u00f6rk, gruppledare f\u00f6r KD,\u00a0ledamot i kommunstyrelsen.<\/p><\/div>\n<p>I \u201dMojjen-konflikten\u201d finns flera h\u00e4ndelser som vi tycker \u00e4r\u00a0olyckliga.<\/p>\n<p>En av dessa \u00e4r markanvisningsavtalet som f\u00f6rre kommunalr\u00e5det G\u00f6ran Nilsson skrev under utan att f\u00f6rst f\u00f6rankra avtalet i kommunstyrelsen. Hade avtalet f\u00f6relagts KS s\u00e5 hade det troligtvis aldrig ing\u00e5tts ifr\u00e5n kommunens sida.<\/p>\n<p><strong>Detta eftersom man<\/strong> p\u00e5 den tomten kan bygga upp till 100 l\u00e4genheter, d\u00e4r vi\u00a0hade f\u00f6respr\u00e5kat en annan plats f\u00f6r Mojjen.<\/p>\n<p>Sj\u00e4lvklart f\u00f6rst\u00e5r jag\u00a0att Mojjens \u00e4gare \u00e4r besviken \u00f6ver att kommunen valde att inte g\u00e5 vidare med en f\u00f6rs\u00e4ljning av tomten och att han aldrig fick n\u00e5gon m\u00f6jlighet att\u00a0f\u00f6rhandla utifr\u00e5n avtalet.\u00a0\u00c4garen Staffan Vikstr\u00f6m hade d\u00e5 flyttat fr\u00e5n sitt arrende i f\u00f6rtid eftersom han trodde att han skulle f\u00e5 k\u00f6pa marken.<\/p>\n<p><strong>Med anledning av denna konflikt<\/strong> s\u00e5 tog vi\u00a0fram ett konkret f\u00f6rslag p\u00e5\u00a0hur detta skulle kunna hanteras utanf\u00f6r en domstol. Sk\u00e4let \u00e4r att\u00a0det\u00a0borde finnas ett snabbare och billigare s\u00e4tt att l\u00f6sa oenigheten \u00e4n att g\u00e5 till r\u00e4tten.\u00a0Vi tycker ocks\u00e5 att det \u00e4r viktigt att g\u00f6ra det som \u00e4r moraliskt r\u00e4tt \u00e4ven om juridiken skulle s\u00e4ga n\u00e5got annat.<\/p>\n<p>Vi ville ta in en f\u00f6rhandlare, en r\u00e4ttskaffens utomst\u00e5ende person fr\u00e5n ett parti som inte varit inblandat i konflikten och kontaktade <a href=\"http:\/\/www.markaryd.se\/politiker\/Bengt%20Germundsson\">Bengt Germundsson<\/a>, kommunalr\u00e5d i Markaryd, med ett omvittnat gott omd\u00f6me och\u00a0med stor vana av\u00a0att\u00a0f\u00f6rhandla i sv\u00e5ra fr\u00e5gor. Bland annat var han ordf\u00f6rande i utredningen om det kommunala utj\u00e4mningssystemet som alla partier st\u00e4llde sig bakom.\u00a0Hans\u00a0kommun\u00a0har f\u00e5tt\u00a0utm\u00e4rkelsen <a href=\"http:\/\/www.markaryd.se\/nyheter\/foretagsklimatet-i-markaryd-bast-i-sverige\">Sveriges\u00a0b\u00e4sta\u00a0f\u00f6retagsklimat<\/a>.<\/p>\n<p><strong>Han var villig att g\u00f6ra ett f\u00f6rs\u00f6k<\/strong> att hitta en f\u00f6r B\u00c5DA parter acceptabel l\u00f6sning men kr\u00e4vde att den styrande politiska ledningen skulle vilja hitta en s\u00e5dan. \u00c4r\u00a0den politiska ledningen ovillig s\u00e5 \u00e4r det inte v\u00e4rt att f\u00f6rs\u00f6ka.<\/p>\n<p>Efter veckor av diskussioner mellan allianspartierna s\u00e5 kan vi konstatera att KD inte fick geh\u00f6r f\u00f6r detta f\u00f6rslag. \u00d6vriga allianspartier vill ist\u00e4llet att tvisten ska l\u00f6sas i r\u00e4tten.<\/p>\n<p><strong>V\u00e5r h\u00e5llning har varit\u00a0l\u00f6sningsorienterad<\/strong> med\u00a0syftet att f\u00e5 till en win-win l\u00f6sning d\u00e4r Mojjen kan forts\u00e4tta utveckla sin verksamhet och d\u00e4r kommunen kan l\u00e4gga konflikten bakom sig.<\/p>\n<p>Hade detta varit m\u00f6jligt? Det vet vi inte men vi sa \u00e5tminstone inte nej till att f\u00f6rs\u00f6ka.<\/p>\n<h3>Bj\u00f6rn-Owe Bj\u00f6rk, gruppledare f\u00f6r KD Knivsta, ledamot i kommunstyrelsen<\/h3>\n","protected":false},"excerpt":{"rendered":"<p>KD i Knivsta har efter Uppdrag gransknings program arbetat f\u00f6r att f\u00e5 allianspartierna att vilja n\u00e5 en f\u00f6rlikning utanf\u00f6r r\u00e4ttssalen\u00a0i \u201dMojjen-konflikten\u201d. Idag b\u00f6rjar f\u00f6rhandlingen i r\u00e4tten\u00a0och vi\u00a0beklagar\u00a0att vi misslyckats med att f\u00e5 med \u00f6vriga partier. Som kristdemokrater vill vi\u00a0v\u00e4rna skattebetalarnas tillg\u00e5ngar. Att v\u00e4gra att f\u00f6rs\u00f6ka\u00a0arbeta f\u00f6r hitta en l\u00f6sning p\u00e5 \u201dMojjen-konflikten\u201d \u00e4r inte rimligt. Det <a class=\"read-more-link\" href=\"https:\/\/wp.kristdemokraterna.se\/knivsta\/sjalvklart-hitta-en-losning\/\">Read More<\/a><\/p>\n","protected":false},"author":481,"featured_media":0,"comment_status":"closed","ping_status":"closed","sticky":false,"template":"","format":"standard","meta":{"_acf_changed":false,"footnotes":""},"categories":[1],"tags":[6,11,5,10,12,16],"class_list":["post-890","post","type-post","status-publish","format-standard","hentry","category-knivsta","tag-bjorn-owe-bjork","tag-kd-knivsta","tag-knivsta","tag-kristdemokraterna-i-knivsta","tag-kristdemokraterna-knivsta","tag-mojjen-konflikten"],"acf":[],"yoast_head":"<!-- This site is optimized with the Yoast SEO plugin v27.5 - https:\/\/yoast.com\/product\/yoast-seo-wordpress\/ -->\n<title>Sj\u00e4lvklart att hitta en l\u00f6sning - Knivsta<\/title>\n<meta name=\"robots\" content=\"index, follow, max-snippet:-1, max-image-preview:large, max-video-preview:-1\" \/>\n<link rel=\"canonical\" href=\"https:\/\/wp.kristdemokraterna.se\/knivsta\/sjalvklart-hitta-en-losning\/\" \/>\n<meta property=\"og:locale\" content=\"sv_SE\" \/>\n<meta property=\"og:type\" content=\"article\" \/>\n<meta property=\"og:title\" content=\"Sj\u00e4lvklart att hitta en l\u00f6sning - Knivsta\" \/>\n<meta property=\"og:description\" content=\"KD i Knivsta har efter Uppdrag gransknings program arbetat f\u00f6r att f\u00e5 allianspartierna att vilja n\u00e5 en f\u00f6rlikning utanf\u00f6r r\u00e4ttssalen\u00a0i \u201dMojjen-konflikten\u201d. Idag b\u00f6rjar f\u00f6rhandlingen i r\u00e4tten\u00a0och vi\u00a0beklagar\u00a0att vi misslyckats med att f\u00e5 med \u00f6vriga partier. Som kristdemokrater vill vi\u00a0v\u00e4rna skattebetalarnas tillg\u00e5ngar. Att v\u00e4gra att f\u00f6rs\u00f6ka\u00a0arbeta f\u00f6r hitta en l\u00f6sning p\u00e5 \u201dMojjen-konflikten\u201d \u00e4r inte rimligt. Det Read More\" \/>\n<meta property=\"og:url\" content=\"https:\/\/wp.kristdemokraterna.se\/knivsta\/sjalvklart-hitta-en-losning\/\" \/>\n<meta property=\"og:site_name\" content=\"Knivsta\" \/>\n<meta property=\"article:publisher\" content=\"https:\/\/www.facebook.com\/kdknivsta\" \/>\n<meta property=\"article:published_time\" content=\"2015-09-29T08:00:55+00:00\" \/>\n<meta property=\"article:modified_time\" content=\"2015-11-18T11:21:45+00:00\" \/>\n<meta property=\"og:image\" content=\"http:\/\/wp.kristdemokraterna.se\/knivsta\/files\/2014\/12\/bjornowe1-222x300.jpg\" \/>\n<meta name=\"author\" content=\"knivsta\" \/>\n<meta name=\"twitter:card\" content=\"summary_large_image\" \/>\n<meta name=\"twitter:label1\" content=\"Skriven av\" \/>\n\t<meta name=\"twitter:data1\" content=\"knivsta\" \/>\n\t<meta name=\"twitter:label2\" content=\"Ber\u00e4knad l\u00e4stid\" \/>\n\t<meta name=\"twitter:data2\" content=\"3 minuter\" \/>\n<script type=\"application\/ld+json\" class=\"yoast-schema-graph\">{\"@context\":\"https:\\\/\\\/schema.org\",\"@graph\":[{\"@type\":\"Article\",\"@id\":\"https:\\\/\\\/wp.kristdemokraterna.se\\\/knivsta\\\/sjalvklart-hitta-en-losning\\\/#article\",\"isPartOf\":{\"@id\":\"https:\\\/\\\/wp.kristdemokraterna.se\\\/knivsta\\\/sjalvklart-hitta-en-losning\\\/\"},\"author\":{\"name\":\"knivsta\",\"@id\":\"https:\\\/\\\/wp.kristdemokraterna.se\\\/knivsta\\\/#\\\/schema\\\/person\\\/41c1d3b208899a9de023f9206cac1f52\"},\"headline\":\"Sj\u00e4lvklart att hitta en l\u00f6sning\",\"datePublished\":\"2015-09-29T08:00:55+00:00\",\"dateModified\":\"2015-11-18T11:21:45+00:00\",\"mainEntityOfPage\":{\"@id\":\"https:\\\/\\\/wp.kristdemokraterna.se\\\/knivsta\\\/sjalvklart-hitta-en-losning\\\/\"},\"wordCount\":559,\"image\":{\"@id\":\"https:\\\/\\\/wp.kristdemokraterna.se\\\/knivsta\\\/sjalvklart-hitta-en-losning\\\/#primaryimage\"},\"thumbnailUrl\":\"http:\\\/\\\/wp.kristdemokraterna.se\\\/knivsta\\\/files\\\/2014\\\/12\\\/bjornowe1-222x300.jpg\",\"keywords\":[\"Bj\u00f6rn-Owe Bj\u00f6rk\",\"KD Knivsta\",\"Knivsta\",\"Kristdemokraterna i Knivsta\",\"Kristdemokraterna Knivsta\",\"Mojjen-konflikten\"],\"articleSection\":[\"Knivsta\"],\"inLanguage\":\"sv-SE\"},{\"@type\":\"WebPage\",\"@id\":\"https:\\\/\\\/wp.kristdemokraterna.se\\\/knivsta\\\/sjalvklart-hitta-en-losning\\\/\",\"url\":\"https:\\\/\\\/wp.kristdemokraterna.se\\\/knivsta\\\/sjalvklart-hitta-en-losning\\\/\",\"name\":\"Sj\u00e4lvklart att hitta en l\u00f6sning - Knivsta\",\"isPartOf\":{\"@id\":\"https:\\\/\\\/wp.kristdemokraterna.se\\\/knivsta\\\/#website\"},\"primaryImageOfPage\":{\"@id\":\"https:\\\/\\\/wp.kristdemokraterna.se\\\/knivsta\\\/sjalvklart-hitta-en-losning\\\/#primaryimage\"},\"image\":{\"@id\":\"https:\\\/\\\/wp.kristdemokraterna.se\\\/knivsta\\\/sjalvklart-hitta-en-losning\\\/#primaryimage\"},\"thumbnailUrl\":\"http:\\\/\\\/wp.kristdemokraterna.se\\\/knivsta\\\/files\\\/2014\\\/12\\\/bjornowe1-222x300.jpg\",\"datePublished\":\"2015-09-29T08:00:55+00:00\",\"dateModified\":\"2015-11-18T11:21:45+00:00\",\"author\":{\"@id\":\"https:\\\/\\\/wp.kristdemokraterna.se\\\/knivsta\\\/#\\\/schema\\\/person\\\/41c1d3b208899a9de023f9206cac1f52\"},\"breadcrumb\":{\"@id\":\"https:\\\/\\\/wp.kristdemokraterna.se\\\/knivsta\\\/sjalvklart-hitta-en-losning\\\/#breadcrumb\"},\"inLanguage\":\"sv-SE\",\"potentialAction\":[{\"@type\":\"ReadAction\",\"target\":[\"https:\\\/\\\/wp.kristdemokraterna.se\\\/knivsta\\\/sjalvklart-hitta-en-losning\\\/\"]}]},{\"@type\":\"ImageObject\",\"inLanguage\":\"sv-SE\",\"@id\":\"https:\\\/\\\/wp.kristdemokraterna.se\\\/knivsta\\\/sjalvklart-hitta-en-losning\\\/#primaryimage\",\"url\":\"https:\\\/\\\/wp.kristdemokraterna.se\\\/knivsta\\\/files\\\/2014\\\/12\\\/bjornowe1.jpg\",\"contentUrl\":\"https:\\\/\\\/wp.kristdemokraterna.se\\\/knivsta\\\/files\\\/2014\\\/12\\\/bjornowe1.jpg\",\"width\":1463,\"height\":1976,\"caption\":\"Bj\u00f6rn-Owe Bj\u00f6rk, medlem i kommunstyrelsen\"},{\"@type\":\"BreadcrumbList\",\"@id\":\"https:\\\/\\\/wp.kristdemokraterna.se\\\/knivsta\\\/sjalvklart-hitta-en-losning\\\/#breadcrumb\",\"itemListElement\":[{\"@type\":\"ListItem\",\"position\":1,\"name\":\"Hem\",\"item\":\"https:\\\/\\\/wp.kristdemokraterna.se\\\/knivsta\\\/\"},{\"@type\":\"ListItem\",\"position\":2,\"name\":\"Sj\u00e4lvklart att hitta en l\u00f6sning\"}]},{\"@type\":\"WebSite\",\"@id\":\"https:\\\/\\\/wp.kristdemokraterna.se\\\/knivsta\\\/#website\",\"url\":\"https:\\\/\\\/wp.kristdemokraterna.se\\\/knivsta\\\/\",\"name\":\"Knivsta\",\"description\":\" F\u00f6r ett b\u00e4ttre samh\u00e4lle\",\"inLanguage\":\"sv-SE\"},{\"@type\":\"Person\",\"@id\":\"https:\\\/\\\/wp.kristdemokraterna.se\\\/knivsta\\\/#\\\/schema\\\/person\\\/41c1d3b208899a9de023f9206cac1f52\",\"name\":\"knivsta\",\"image\":{\"@type\":\"ImageObject\",\"inLanguage\":\"sv-SE\",\"@id\":\"https:\\\/\\\/secure.gravatar.com\\\/avatar\\\/68a509c7c53375b65b47d1d3c17559bd62f1e272f97020f0faeec022f4f79769?s=96&r=g\",\"url\":\"https:\\\/\\\/secure.gravatar.com\\\/avatar\\\/68a509c7c53375b65b47d1d3c17559bd62f1e272f97020f0faeec022f4f79769?s=96&r=g\",\"contentUrl\":\"https:\\\/\\\/secure.gravatar.com\\\/avatar\\\/68a509c7c53375b65b47d1d3c17559bd62f1e272f97020f0faeec022f4f79769?s=96&r=g\",\"caption\":\"knivsta\"},\"url\":\"https:\\\/\\\/wp.kristdemokraterna.se\\\/knivsta\\\/author\\\/knivsta\\\/\"}]}<\/script>\n<!-- \/ Yoast SEO plugin. -->","yoast_head_json":{"title":"Sj\u00e4lvklart att hitta en l\u00f6sning - Knivsta","robots":{"index":"index","follow":"follow","max-snippet":"max-snippet:-1","max-image-preview":"max-image-preview:large","max-video-preview":"max-video-preview:-1"},"canonical":"https:\/\/wp.kristdemokraterna.se\/knivsta\/sjalvklart-hitta-en-losning\/","og_locale":"sv_SE","og_type":"article","og_title":"Sj\u00e4lvklart att hitta en l\u00f6sning - Knivsta","og_description":"KD i Knivsta har efter Uppdrag gransknings program arbetat f\u00f6r att f\u00e5 allianspartierna att vilja n\u00e5 en f\u00f6rlikning utanf\u00f6r r\u00e4ttssalen\u00a0i \u201dMojjen-konflikten\u201d. Idag b\u00f6rjar f\u00f6rhandlingen i r\u00e4tten\u00a0och vi\u00a0beklagar\u00a0att vi misslyckats med att f\u00e5 med \u00f6vriga partier. Som kristdemokrater vill vi\u00a0v\u00e4rna skattebetalarnas tillg\u00e5ngar. Att v\u00e4gra att f\u00f6rs\u00f6ka\u00a0arbeta f\u00f6r hitta en l\u00f6sning p\u00e5 \u201dMojjen-konflikten\u201d \u00e4r inte rimligt. Det Read More","og_url":"https:\/\/wp.kristdemokraterna.se\/knivsta\/sjalvklart-hitta-en-losning\/","og_site_name":"Knivsta","article_publisher":"https:\/\/www.facebook.com\/kdknivsta","article_published_time":"2015-09-29T08:00:55+00:00","article_modified_time":"2015-11-18T11:21:45+00:00","og_image":[{"url":"http:\/\/wp.kristdemokraterna.se\/knivsta\/files\/2014\/12\/bjornowe1-222x300.jpg","type":"","width":"","height":""}],"author":"knivsta","twitter_card":"summary_large_image","twitter_misc":{"Skriven av":"knivsta","Ber\u00e4knad l\u00e4stid":"3 minuter"},"schema":{"@context":"https:\/\/schema.org","@graph":[{"@type":"Article","@id":"https:\/\/wp.kristdemokraterna.se\/knivsta\/sjalvklart-hitta-en-losning\/#article","isPartOf":{"@id":"https:\/\/wp.kristdemokraterna.se\/knivsta\/sjalvklart-hitta-en-losning\/"},"author":{"name":"knivsta","@id":"https:\/\/wp.kristdemokraterna.se\/knivsta\/#\/schema\/person\/41c1d3b208899a9de023f9206cac1f52"},"headline":"Sj\u00e4lvklart att hitta en l\u00f6sning","datePublished":"2015-09-29T08:00:55+00:00","dateModified":"2015-11-18T11:21:45+00:00","mainEntityOfPage":{"@id":"https:\/\/wp.kristdemokraterna.se\/knivsta\/sjalvklart-hitta-en-losning\/"},"wordCount":559,"image":{"@id":"https:\/\/wp.kristdemokraterna.se\/knivsta\/sjalvklart-hitta-en-losning\/#primaryimage"},"thumbnailUrl":"http:\/\/wp.kristdemokraterna.se\/knivsta\/files\/2014\/12\/bjornowe1-222x300.jpg","keywords":["Bj\u00f6rn-Owe Bj\u00f6rk","KD Knivsta","Knivsta","Kristdemokraterna i Knivsta","Kristdemokraterna Knivsta","Mojjen-konflikten"],"articleSection":["Knivsta"],"inLanguage":"sv-SE"},{"@type":"WebPage","@id":"https:\/\/wp.kristdemokraterna.se\/knivsta\/sjalvklart-hitta-en-losning\/","url":"https:\/\/wp.kristdemokraterna.se\/knivsta\/sjalvklart-hitta-en-losning\/","name":"Sj\u00e4lvklart att hitta en l\u00f6sning - Knivsta","isPartOf":{"@id":"https:\/\/wp.kristdemokraterna.se\/knivsta\/#website"},"primaryImageOfPage":{"@id":"https:\/\/wp.kristdemokraterna.se\/knivsta\/sjalvklart-hitta-en-losning\/#primaryimage"},"image":{"@id":"https:\/\/wp.kristdemokraterna.se\/knivsta\/sjalvklart-hitta-en-losning\/#primaryimage"},"thumbnailUrl":"http:\/\/wp.kristdemokraterna.se\/knivsta\/files\/2014\/12\/bjornowe1-222x300.jpg","datePublished":"2015-09-29T08:00:55+00:00","dateModified":"2015-11-18T11:21:45+00:00","author":{"@id":"https:\/\/wp.kristdemokraterna.se\/knivsta\/#\/schema\/person\/41c1d3b208899a9de023f9206cac1f52"},"breadcrumb":{"@id":"https:\/\/wp.kristdemokraterna.se\/knivsta\/sjalvklart-hitta-en-losning\/#breadcrumb"},"inLanguage":"sv-SE","potentialAction":[{"@type":"ReadAction","target":["https:\/\/wp.kristdemokraterna.se\/knivsta\/sjalvklart-hitta-en-losning\/"]}]},{"@type":"ImageObject","inLanguage":"sv-SE","@id":"https:\/\/wp.kristdemokraterna.se\/knivsta\/sjalvklart-hitta-en-losning\/#primaryimage","url":"https:\/\/wp.kristdemokraterna.se\/knivsta\/files\/2014\/12\/bjornowe1.jpg","contentUrl":"https:\/\/wp.kristdemokraterna.se\/knivsta\/files\/2014\/12\/bjornowe1.jpg","width":1463,"height":1976,"caption":"Bj\u00f6rn-Owe Bj\u00f6rk, medlem i kommunstyrelsen"},{"@type":"BreadcrumbList","@id":"https:\/\/wp.kristdemokraterna.se\/knivsta\/sjalvklart-hitta-en-losning\/#breadcrumb","itemListElement":[{"@type":"ListItem","position":1,"name":"Hem","item":"https:\/\/wp.kristdemokraterna.se\/knivsta\/"},{"@type":"ListItem","position":2,"name":"Sj\u00e4lvklart att hitta en l\u00f6sning"}]},{"@type":"WebSite","@id":"https:\/\/wp.kristdemokraterna.se\/knivsta\/#website","url":"https:\/\/wp.kristdemokraterna.se\/knivsta\/","name":"Knivsta","description":" F\u00f6r ett b\u00e4ttre samh\u00e4lle","inLanguage":"sv-SE"},{"@type":"Person","@id":"https:\/\/wp.kristdemokraterna.se\/knivsta\/#\/schema\/person\/41c1d3b208899a9de023f9206cac1f52","name":"knivsta","image":{"@type":"ImageObject","inLanguage":"sv-SE","@id":"https:\/\/secure.gravatar.com\/avatar\/68a509c7c53375b65b47d1d3c17559bd62f1e272f97020f0faeec022f4f79769?s=96&r=g","url":"https:\/\/secure.gravatar.com\/avatar\/68a509c7c53375b65b47d1d3c17559bd62f1e272f97020f0faeec022f4f79769?s=96&r=g","contentUrl":"https:\/\/secure.gravatar.com\/avatar\/68a509c7c53375b65b47d1d3c17559bd62f1e272f97020f0faeec022f4f79769?s=96&r=g","caption":"knivsta"},"url":"https:\/\/wp.kristdemokraterna.se\/knivsta\/author\/knivsta\/"}]}},"_links":{"self":[{"href":"https:\/\/wp.kristdemokraterna.se\/knivsta\/wp-json\/wp\/v2\/posts\/890","targetHints":{"allow":["GET"]}}],"collection":[{"href":"https:\/\/wp.kristdemokraterna.se\/knivsta\/wp-json\/wp\/v2\/posts"}],"about":[{"href":"https:\/\/wp.kristdemokraterna.se\/knivsta\/wp-json\/wp\/v2\/types\/post"}],"author":[{"embeddable":true,"href":"https:\/\/wp.kristdemokraterna.se\/knivsta\/wp-json\/wp\/v2\/users\/481"}],"replies":[{"embeddable":true,"href":"https:\/\/wp.kristdemokraterna.se\/knivsta\/wp-json\/wp\/v2\/comments?post=890"}],"version-history":[{"count":37,"href":"https:\/\/wp.kristdemokraterna.se\/knivsta\/wp-json\/wp\/v2\/posts\/890\/revisions"}],"predecessor-version":[{"id":949,"href":"https:\/\/wp.kristdemokraterna.se\/knivsta\/wp-json\/wp\/v2\/posts\/890\/revisions\/949"}],"wp:attachment":[{"href":"https:\/\/wp.kristdemokraterna.se\/knivsta\/wp-json\/wp\/v2\/media?parent=890"}],"wp:term":[{"taxonomy":"category","embeddable":true,"href":"https:\/\/wp.kristdemokraterna.se\/knivsta\/wp-json\/wp\/v2\/categories?post=890"},{"taxonomy":"post_tag","embeddable":true,"href":"https:\/\/wp.kristdemokraterna.se\/knivsta\/wp-json\/wp\/v2\/tags?post=890"}],"curies":[{"name":"wp","href":"https:\/\/api.w.org\/{rel}","templated":true}]}}