{"id":99,"date":"2013-12-11T20:54:14","date_gmt":"2013-12-11T19:54:14","guid":{"rendered":"http:\/\/wp.kristdemokraterna.se\/knivsta\/?p=99"},"modified":"2013-12-11T20:54:14","modified_gmt":"2013-12-11T19:54:14","slug":"knivsta-dar-det-byggs-mest","status":"publish","type":"post","link":"https:\/\/wp.kristdemokraterna.se\/knivsta\/knivsta-dar-det-byggs-mest\/","title":{"rendered":"Knivsta &#8211; d\u00e4r det byggs mest"},"content":{"rendered":"<p>Idag bes\u00f6kte bostadsminister Stefan Attefall (KD) Knivsta f\u00f6r att uppm\u00e4rksamma vi \u00e4r den kommun som bygger mest bost\u00e4der i landet per capita!<\/p>\n<p>N\u00e4r han \u00e4nd\u00e5 var h\u00e4r fick ta f\u00f6rsta spadtagen till vad som ska bli tre kvarter med 147 hyresr\u00e4tter, bostadsr\u00e4tter, trygghetsboende och butiker samt 121 ungdomsl\u00e4genheter!<\/p>\n<p><a href=\"http:\/\/wp.kristdemokraterna.se\/knivsta\/files\/2013\/12\/20131211-205404.jpg\"><img decoding=\"async\" src=\"http:\/\/wp.kristdemokraterna.se\/knivsta\/files\/2013\/12\/20131211-205404.jpg\" alt=\"20131211-205404.jpg\" class=\"alignnone size-full\" \/><\/a><\/p>\n","protected":false},"excerpt":{"rendered":"<p>Idag bes\u00f6kte bostadsminister Stefan Attefall (KD) Knivsta f\u00f6r att uppm\u00e4rksamma vi \u00e4r den kommun som bygger mest bost\u00e4der i landet per capita! N\u00e4r han \u00e4nd\u00e5 var h\u00e4r fick ta f\u00f6rsta spadtagen till vad som ska bli tre kvarter med 147 hyresr\u00e4tter, bostadsr\u00e4tter, trygghetsboende och butiker samt 121 ungdomsl\u00e4genheter!<\/p>\n","protected":false},"author":481,"featured_media":0,"comment_status":"open","ping_status":"open","sticky":false,"template":"","format":"standard","meta":{"_acf_changed":false,"footnotes":""},"categories":[1],"tags":[],"class_list":["post-99","post","type-post","status-publish","format-standard","hentry","category-knivsta"],"acf":[],"yoast_head":"<!-- This site is optimized with the Yoast SEO plugin v27.5 - https:\/\/yoast.com\/product\/yoast-seo-wordpress\/ -->\n<title>Knivsta - d\u00e4r det byggs mest - Knivsta<\/title>\n<meta name=\"robots\" content=\"index, follow, max-snippet:-1, max-image-preview:large, max-video-preview:-1\" \/>\n<link rel=\"canonical\" href=\"https:\/\/wp.kristdemokraterna.se\/knivsta\/knivsta-dar-det-byggs-mest\/\" \/>\n<meta property=\"og:locale\" content=\"sv_SE\" \/>\n<meta property=\"og:type\" content=\"article\" \/>\n<meta property=\"og:title\" content=\"Knivsta - d\u00e4r det byggs mest - Knivsta\" \/>\n<meta property=\"og:description\" content=\"Idag bes\u00f6kte bostadsminister Stefan Attefall (KD) Knivsta f\u00f6r att uppm\u00e4rksamma vi \u00e4r den kommun som bygger mest bost\u00e4der i landet per capita! N\u00e4r han \u00e4nd\u00e5 var h\u00e4r fick ta f\u00f6rsta spadtagen till vad som ska bli tre kvarter med 147 hyresr\u00e4tter, bostadsr\u00e4tter, trygghetsboende och butiker samt 121 ungdomsl\u00e4genheter!\" \/>\n<meta property=\"og:url\" content=\"https:\/\/wp.kristdemokraterna.se\/knivsta\/knivsta-dar-det-byggs-mest\/\" \/>\n<meta property=\"og:site_name\" content=\"Knivsta\" \/>\n<meta property=\"article:publisher\" content=\"https:\/\/www.facebook.com\/kdknivsta\" \/>\n<meta property=\"article:published_time\" content=\"2013-12-11T19:54:14+00:00\" \/>\n<meta property=\"og:image\" content=\"http:\/\/wp.kristdemokraterna.se\/knivsta\/files\/2013\/12\/20131211-205404.jpg\" \/>\n<meta name=\"author\" content=\"knivsta\" \/>\n<meta name=\"twitter:card\" content=\"summary_large_image\" \/>\n<meta name=\"twitter:label1\" content=\"Skriven av\" \/>\n\t<meta name=\"twitter:data1\" content=\"knivsta\" \/>\n<script type=\"application\/ld+json\" class=\"yoast-schema-graph\">{\"@context\":\"https:\\\/\\\/schema.org\",\"@graph\":[{\"@type\":\"Article\",\"@id\":\"https:\\\/\\\/wp.kristdemokraterna.se\\\/knivsta\\\/knivsta-dar-det-byggs-mest\\\/#article\",\"isPartOf\":{\"@id\":\"https:\\\/\\\/wp.kristdemokraterna.se\\\/knivsta\\\/knivsta-dar-det-byggs-mest\\\/\"},\"author\":{\"name\":\"knivsta\",\"@id\":\"https:\\\/\\\/wp.kristdemokraterna.se\\\/knivsta\\\/#\\\/schema\\\/person\\\/41c1d3b208899a9de023f9206cac1f52\"},\"headline\":\"Knivsta &#8211; d\u00e4r det byggs mest\",\"datePublished\":\"2013-12-11T19:54:14+00:00\",\"mainEntityOfPage\":{\"@id\":\"https:\\\/\\\/wp.kristdemokraterna.se\\\/knivsta\\\/knivsta-dar-det-byggs-mest\\\/\"},\"wordCount\":63,\"commentCount\":0,\"image\":{\"@id\":\"https:\\\/\\\/wp.kristdemokraterna.se\\\/knivsta\\\/knivsta-dar-det-byggs-mest\\\/#primaryimage\"},\"thumbnailUrl\":\"http:\\\/\\\/wp.kristdemokraterna.se\\\/knivsta\\\/files\\\/2013\\\/12\\\/20131211-205404.jpg\",\"articleSection\":[\"Knivsta\"],\"inLanguage\":\"sv-SE\"},{\"@type\":\"WebPage\",\"@id\":\"https:\\\/\\\/wp.kristdemokraterna.se\\\/knivsta\\\/knivsta-dar-det-byggs-mest\\\/\",\"url\":\"https:\\\/\\\/wp.kristdemokraterna.se\\\/knivsta\\\/knivsta-dar-det-byggs-mest\\\/\",\"name\":\"Knivsta - d\u00e4r det byggs mest - Knivsta\",\"isPartOf\":{\"@id\":\"https:\\\/\\\/wp.kristdemokraterna.se\\\/knivsta\\\/#website\"},\"primaryImageOfPage\":{\"@id\":\"https:\\\/\\\/wp.kristdemokraterna.se\\\/knivsta\\\/knivsta-dar-det-byggs-mest\\\/#primaryimage\"},\"image\":{\"@id\":\"https:\\\/\\\/wp.kristdemokraterna.se\\\/knivsta\\\/knivsta-dar-det-byggs-mest\\\/#primaryimage\"},\"thumbnailUrl\":\"http:\\\/\\\/wp.kristdemokraterna.se\\\/knivsta\\\/files\\\/2013\\\/12\\\/20131211-205404.jpg\",\"datePublished\":\"2013-12-11T19:54:14+00:00\",\"author\":{\"@id\":\"https:\\\/\\\/wp.kristdemokraterna.se\\\/knivsta\\\/#\\\/schema\\\/person\\\/41c1d3b208899a9de023f9206cac1f52\"},\"breadcrumb\":{\"@id\":\"https:\\\/\\\/wp.kristdemokraterna.se\\\/knivsta\\\/knivsta-dar-det-byggs-mest\\\/#breadcrumb\"},\"inLanguage\":\"sv-SE\",\"potentialAction\":[{\"@type\":\"ReadAction\",\"target\":[\"https:\\\/\\\/wp.kristdemokraterna.se\\\/knivsta\\\/knivsta-dar-det-byggs-mest\\\/\"]}]},{\"@type\":\"ImageObject\",\"inLanguage\":\"sv-SE\",\"@id\":\"https:\\\/\\\/wp.kristdemokraterna.se\\\/knivsta\\\/knivsta-dar-det-byggs-mest\\\/#primaryimage\",\"url\":\"https:\\\/\\\/wp.kristdemokraterna.se\\\/knivsta\\\/files\\\/2013\\\/12\\\/20131211-205404.jpg\",\"contentUrl\":\"https:\\\/\\\/wp.kristdemokraterna.se\\\/knivsta\\\/files\\\/2013\\\/12\\\/20131211-205404.jpg\",\"width\":200,\"height\":300},{\"@type\":\"BreadcrumbList\",\"@id\":\"https:\\\/\\\/wp.kristdemokraterna.se\\\/knivsta\\\/knivsta-dar-det-byggs-mest\\\/#breadcrumb\",\"itemListElement\":[{\"@type\":\"ListItem\",\"position\":1,\"name\":\"Hem\",\"item\":\"https:\\\/\\\/wp.kristdemokraterna.se\\\/knivsta\\\/\"},{\"@type\":\"ListItem\",\"position\":2,\"name\":\"Knivsta &#8211; d\u00e4r det byggs mest\"}]},{\"@type\":\"WebSite\",\"@id\":\"https:\\\/\\\/wp.kristdemokraterna.se\\\/knivsta\\\/#website\",\"url\":\"https:\\\/\\\/wp.kristdemokraterna.se\\\/knivsta\\\/\",\"name\":\"Knivsta\",\"description\":\" F\u00f6r ett b\u00e4ttre samh\u00e4lle\",\"inLanguage\":\"sv-SE\"},{\"@type\":\"Person\",\"@id\":\"https:\\\/\\\/wp.kristdemokraterna.se\\\/knivsta\\\/#\\\/schema\\\/person\\\/41c1d3b208899a9de023f9206cac1f52\",\"name\":\"knivsta\",\"image\":{\"@type\":\"ImageObject\",\"inLanguage\":\"sv-SE\",\"@id\":\"https:\\\/\\\/secure.gravatar.com\\\/avatar\\\/68a509c7c53375b65b47d1d3c17559bd62f1e272f97020f0faeec022f4f79769?s=96&r=g\",\"url\":\"https:\\\/\\\/secure.gravatar.com\\\/avatar\\\/68a509c7c53375b65b47d1d3c17559bd62f1e272f97020f0faeec022f4f79769?s=96&r=g\",\"contentUrl\":\"https:\\\/\\\/secure.gravatar.com\\\/avatar\\\/68a509c7c53375b65b47d1d3c17559bd62f1e272f97020f0faeec022f4f79769?s=96&r=g\",\"caption\":\"knivsta\"},\"url\":\"https:\\\/\\\/wp.kristdemokraterna.se\\\/knivsta\\\/author\\\/knivsta\\\/\"}]}<\/script>\n<!-- \/ Yoast SEO plugin. -->","yoast_head_json":{"title":"Knivsta - d\u00e4r det byggs mest - Knivsta","robots":{"index":"index","follow":"follow","max-snippet":"max-snippet:-1","max-image-preview":"max-image-preview:large","max-video-preview":"max-video-preview:-1"},"canonical":"https:\/\/wp.kristdemokraterna.se\/knivsta\/knivsta-dar-det-byggs-mest\/","og_locale":"sv_SE","og_type":"article","og_title":"Knivsta - d\u00e4r det byggs mest - Knivsta","og_description":"Idag bes\u00f6kte bostadsminister Stefan Attefall (KD) Knivsta f\u00f6r att uppm\u00e4rksamma vi \u00e4r den kommun som bygger mest bost\u00e4der i landet per capita! N\u00e4r han \u00e4nd\u00e5 var h\u00e4r fick ta f\u00f6rsta spadtagen till vad som ska bli tre kvarter med 147 hyresr\u00e4tter, bostadsr\u00e4tter, trygghetsboende och butiker samt 121 ungdomsl\u00e4genheter!","og_url":"https:\/\/wp.kristdemokraterna.se\/knivsta\/knivsta-dar-det-byggs-mest\/","og_site_name":"Knivsta","article_publisher":"https:\/\/www.facebook.com\/kdknivsta","article_published_time":"2013-12-11T19:54:14+00:00","og_image":[{"url":"http:\/\/wp.kristdemokraterna.se\/knivsta\/files\/2013\/12\/20131211-205404.jpg","type":"","width":"","height":""}],"author":"knivsta","twitter_card":"summary_large_image","twitter_misc":{"Skriven av":"knivsta"},"schema":{"@context":"https:\/\/schema.org","@graph":[{"@type":"Article","@id":"https:\/\/wp.kristdemokraterna.se\/knivsta\/knivsta-dar-det-byggs-mest\/#article","isPartOf":{"@id":"https:\/\/wp.kristdemokraterna.se\/knivsta\/knivsta-dar-det-byggs-mest\/"},"author":{"name":"knivsta","@id":"https:\/\/wp.kristdemokraterna.se\/knivsta\/#\/schema\/person\/41c1d3b208899a9de023f9206cac1f52"},"headline":"Knivsta &#8211; d\u00e4r det byggs mest","datePublished":"2013-12-11T19:54:14+00:00","mainEntityOfPage":{"@id":"https:\/\/wp.kristdemokraterna.se\/knivsta\/knivsta-dar-det-byggs-mest\/"},"wordCount":63,"commentCount":0,"image":{"@id":"https:\/\/wp.kristdemokraterna.se\/knivsta\/knivsta-dar-det-byggs-mest\/#primaryimage"},"thumbnailUrl":"http:\/\/wp.kristdemokraterna.se\/knivsta\/files\/2013\/12\/20131211-205404.jpg","articleSection":["Knivsta"],"inLanguage":"sv-SE"},{"@type":"WebPage","@id":"https:\/\/wp.kristdemokraterna.se\/knivsta\/knivsta-dar-det-byggs-mest\/","url":"https:\/\/wp.kristdemokraterna.se\/knivsta\/knivsta-dar-det-byggs-mest\/","name":"Knivsta - d\u00e4r det byggs mest - Knivsta","isPartOf":{"@id":"https:\/\/wp.kristdemokraterna.se\/knivsta\/#website"},"primaryImageOfPage":{"@id":"https:\/\/wp.kristdemokraterna.se\/knivsta\/knivsta-dar-det-byggs-mest\/#primaryimage"},"image":{"@id":"https:\/\/wp.kristdemokraterna.se\/knivsta\/knivsta-dar-det-byggs-mest\/#primaryimage"},"thumbnailUrl":"http:\/\/wp.kristdemokraterna.se\/knivsta\/files\/2013\/12\/20131211-205404.jpg","datePublished":"2013-12-11T19:54:14+00:00","author":{"@id":"https:\/\/wp.kristdemokraterna.se\/knivsta\/#\/schema\/person\/41c1d3b208899a9de023f9206cac1f52"},"breadcrumb":{"@id":"https:\/\/wp.kristdemokraterna.se\/knivsta\/knivsta-dar-det-byggs-mest\/#breadcrumb"},"inLanguage":"sv-SE","potentialAction":[{"@type":"ReadAction","target":["https:\/\/wp.kristdemokraterna.se\/knivsta\/knivsta-dar-det-byggs-mest\/"]}]},{"@type":"ImageObject","inLanguage":"sv-SE","@id":"https:\/\/wp.kristdemokraterna.se\/knivsta\/knivsta-dar-det-byggs-mest\/#primaryimage","url":"https:\/\/wp.kristdemokraterna.se\/knivsta\/files\/2013\/12\/20131211-205404.jpg","contentUrl":"https:\/\/wp.kristdemokraterna.se\/knivsta\/files\/2013\/12\/20131211-205404.jpg","width":200,"height":300},{"@type":"BreadcrumbList","@id":"https:\/\/wp.kristdemokraterna.se\/knivsta\/knivsta-dar-det-byggs-mest\/#breadcrumb","itemListElement":[{"@type":"ListItem","position":1,"name":"Hem","item":"https:\/\/wp.kristdemokraterna.se\/knivsta\/"},{"@type":"ListItem","position":2,"name":"Knivsta &#8211; d\u00e4r det byggs mest"}]},{"@type":"WebSite","@id":"https:\/\/wp.kristdemokraterna.se\/knivsta\/#website","url":"https:\/\/wp.kristdemokraterna.se\/knivsta\/","name":"Knivsta","description":" F\u00f6r ett b\u00e4ttre samh\u00e4lle","inLanguage":"sv-SE"},{"@type":"Person","@id":"https:\/\/wp.kristdemokraterna.se\/knivsta\/#\/schema\/person\/41c1d3b208899a9de023f9206cac1f52","name":"knivsta","image":{"@type":"ImageObject","inLanguage":"sv-SE","@id":"https:\/\/secure.gravatar.com\/avatar\/68a509c7c53375b65b47d1d3c17559bd62f1e272f97020f0faeec022f4f79769?s=96&r=g","url":"https:\/\/secure.gravatar.com\/avatar\/68a509c7c53375b65b47d1d3c17559bd62f1e272f97020f0faeec022f4f79769?s=96&r=g","contentUrl":"https:\/\/secure.gravatar.com\/avatar\/68a509c7c53375b65b47d1d3c17559bd62f1e272f97020f0faeec022f4f79769?s=96&r=g","caption":"knivsta"},"url":"https:\/\/wp.kristdemokraterna.se\/knivsta\/author\/knivsta\/"}]}},"_links":{"self":[{"href":"https:\/\/wp.kristdemokraterna.se\/knivsta\/wp-json\/wp\/v2\/posts\/99","targetHints":{"allow":["GET"]}}],"collection":[{"href":"https:\/\/wp.kristdemokraterna.se\/knivsta\/wp-json\/wp\/v2\/posts"}],"about":[{"href":"https:\/\/wp.kristdemokraterna.se\/knivsta\/wp-json\/wp\/v2\/types\/post"}],"author":[{"embeddable":true,"href":"https:\/\/wp.kristdemokraterna.se\/knivsta\/wp-json\/wp\/v2\/users\/481"}],"replies":[{"embeddable":true,"href":"https:\/\/wp.kristdemokraterna.se\/knivsta\/wp-json\/wp\/v2\/comments?post=99"}],"version-history":[{"count":1,"href":"https:\/\/wp.kristdemokraterna.se\/knivsta\/wp-json\/wp\/v2\/posts\/99\/revisions"}],"predecessor-version":[{"id":100,"href":"https:\/\/wp.kristdemokraterna.se\/knivsta\/wp-json\/wp\/v2\/posts\/99\/revisions\/100"}],"wp:attachment":[{"href":"https:\/\/wp.kristdemokraterna.se\/knivsta\/wp-json\/wp\/v2\/media?parent=99"}],"wp:term":[{"taxonomy":"category","embeddable":true,"href":"https:\/\/wp.kristdemokraterna.se\/knivsta\/wp-json\/wp\/v2\/categories?post=99"},{"taxonomy":"post_tag","embeddable":true,"href":"https:\/\/wp.kristdemokraterna.se\/knivsta\/wp-json\/wp\/v2\/tags?post=99"}],"curies":[{"name":"wp","href":"https:\/\/api.w.org\/{rel}","templated":true}]}}