{"id":990,"date":"2015-11-02T20:27:16","date_gmt":"2015-11-02T19:27:16","guid":{"rendered":"http:\/\/wp.kristdemokraterna.se\/knivsta\/?p=990"},"modified":"2015-11-18T12:13:09","modified_gmt":"2015-11-18T11:13:09","slug":"nytt-kommunalrad-pa-plats","status":"publish","type":"post","link":"https:\/\/wp.kristdemokraterna.se\/knivsta\/nytt-kommunalrad-pa-plats\/","title":{"rendered":"Nytt kommunalr\u00e5d p\u00e5 plats"},"content":{"rendered":"<p><strong>Den\u00a01 november b\u00f6rjade\u00a0Bj\u00f6rn-Owe Bj\u00f6rk som nytt kommunalr\u00e5d i Knivsta. Han blir d\u00e4rmed det f\u00f6rsta kommunalr\u00e5det\u00a0f\u00f6r utbildningsfr\u00e5gor i kommunen och Kristdemokraternas f\u00f6rsta sedan kommunen\u00a0bildades 2003.<\/strong><\/p>\n<p>Detta kommer att st\u00e4rka partiets roll i kommunen och \u00f6kar\u00a0m\u00f6jligheten att\u00a0\u00e4nnu tydligare kunna bedriva en kristdemokratisk utbildningspolitik, menar han.<\/p>\n<div id=\"attachment_589\" style=\"width: 232px\" class=\"wp-caption alignright\"><a href=\"http:\/\/wp.kristdemokraterna.se\/knivsta\/files\/2015\/01\/bjornowe.jpg\"><img loading=\"lazy\" decoding=\"async\" aria-describedby=\"caption-attachment-589\" class=\"wp-image-589 size-medium\" src=\"http:\/\/wp.kristdemokraterna.se\/knivsta\/files\/2015\/01\/bjornowe-222x300.jpg\" alt=\"Bj\u00f6rn-Owe Bj\u00f6rk, kommunalr\u00e5d i Knivsta kommun\" width=\"222\" height=\"300\" srcset=\"https:\/\/wp.kristdemokraterna.se\/knivsta\/files\/2015\/01\/bjornowe.jpg 222w, https:\/\/wp.kristdemokraterna.se\/knivsta\/files\/2015\/01\/bjornowe-83x112.jpg 83w\" sizes=\"auto, (max-width: 222px) 100vw, 222px\" \/><\/a><p id=\"caption-attachment-589\" class=\"wp-caption-text\">Bj\u00f6rn-Owe Bj\u00f6rk, nytt kommunalr\u00e5d i Knivsta kommun.<\/p><\/div>\n<p><strong>Hur k\u00e4nns det?<\/strong><br \/>\nTack bra.\u00a0J\u00e4ttesp\u00e4nnande och hedrande p\u00e5 en och samma g\u00e5ng.<\/p>\n<p><strong>Vilka \u00e4r de viktigaste fr\u00e5gorna inom utbildningsomr\u00e5det?<br \/>\n<\/strong>Dels vill jag\u00a0\u00f6ka l\u00e4rart\u00e4theten i skolan och skapa f\u00f6ruts\u00e4ttningar f\u00f6r b\u00e4ttre meritv\u00e4rden. Men ocks\u00e5\u00a0komma tillr\u00e4tta med att m\u00e5nga elever m\u00e5r d\u00e5ligt. I f\u00f6rskolan arbetar vi med att minska barngrupperna och att \u00f6ka personalt\u00e4theten. Andra utmaningar \u00e4r att s\u00e4kerst\u00e4lla att vi har tillr\u00e4ckligt med lokaler och att\u00a0ordna skolg\u00e5ng och integration f\u00f6r ensamkommande ungdomar.<\/p>\n<p><strong>Varf\u00f6r beh\u00f6vs denna kommunalr\u00e5dspost?<\/strong><br \/>\nDet ger utbildningsomr\u00e5det en\u00a0extra skjuts. Jag f\u00e5r nu\u00a0en m\u00f6jlighet att arbeta mer fokuserat med viktiga fr\u00e5gor f\u00f6r\u00a0Knivstas barn och unga &#8211; vilket jag tror hela kommunen tj\u00e4nar p\u00e5.<\/p>\n<p><strong>Knivsta har\u00a0l\u00e4nets st\u00f6rsta f\u00f6rskolegrupper. Hur ser du p\u00e5 det?<br \/>\n<\/strong>Det \u00e4r sj\u00e4lvklart inte rimligt. KD arbetar nu f\u00f6r att under mandatperioden minska barngrupperna med tv\u00e5 barn. Tyv\u00e4rr motverkar regeringens politik genom avskaffandet av v\u00e5rdnadsbidraget arbetet med att minska barngrupperna. Med kristdemokratisk riksdagspolitik med reformerad maxtaxa hade arbetet varit enklare och f\u00f6r\u00e4ldrarna getts st\u00f6rre m\u00f6jlighet att sj\u00e4lva best\u00e4mma \u00f6ver sm\u00e5barns\u00e5ren.<\/p>\n<p><strong>Vad h\u00e4nder n\u00e4rmast?<br \/>\n<\/strong>Vi kommer p\u00e5b\u00f6rja en rekryteringskampanj. Jag hoppas att\u00a0det\u00a0g\u00e5r enklare nu n\u00e4r KD\u00a0rivit upp December\u00f6verenskommelsen. Jag vill ocks\u00e5 inom kort m\u00f6ta Knivstaborna f\u00f6r en dialog om utbildningsfr\u00e5gor!<\/p>\n<p><strong>Vad \u00f6nskar du mest just nu?<\/strong><br \/>\nFler aktiva kristdemokrater som brinner f\u00f6r ett m\u00e4nskligare Knivsta och Uppland.<\/p>\n","protected":false},"excerpt":{"rendered":"<p>Den\u00a01 november b\u00f6rjade\u00a0Bj\u00f6rn-Owe Bj\u00f6rk som nytt kommunalr\u00e5d i Knivsta. Han blir d\u00e4rmed det f\u00f6rsta kommunalr\u00e5det\u00a0f\u00f6r utbildningsfr\u00e5gor i kommunen och Kristdemokraternas f\u00f6rsta sedan kommunen\u00a0bildades 2003. Detta kommer att st\u00e4rka partiets roll i kommunen och \u00f6kar\u00a0m\u00f6jligheten att\u00a0\u00e4nnu tydligare kunna bedriva en kristdemokratisk utbildningspolitik, menar han. Hur k\u00e4nns det? Tack bra.\u00a0J\u00e4ttesp\u00e4nnande och hedrande p\u00e5 en och samma g\u00e5ng. <a class=\"read-more-link\" href=\"https:\/\/wp.kristdemokraterna.se\/knivsta\/nytt-kommunalrad-pa-plats\/\">Read More<\/a><\/p>\n","protected":false},"author":481,"featured_media":0,"comment_status":"closed","ping_status":"closed","sticky":false,"template":"","format":"standard","meta":{"_acf_changed":false,"footnotes":""},"categories":[1],"tags":[6,11,5,10,12,8,9],"class_list":["post-990","post","type-post","status-publish","format-standard","hentry","category-knivsta","tag-bjorn-owe-bjork","tag-kd-knivsta","tag-knivsta","tag-kristdemokraterna-i-knivsta","tag-kristdemokraterna-knivsta","tag-nytt-kommunalrad","tag-utbildningsnamnden"],"acf":[],"yoast_head":"<!-- This site is optimized with the Yoast SEO plugin v27.5 - https:\/\/yoast.com\/product\/yoast-seo-wordpress\/ -->\n<title>Nytt kommunalr\u00e5d p\u00e5 plats - Knivsta<\/title>\n<meta name=\"robots\" content=\"index, follow, max-snippet:-1, max-image-preview:large, max-video-preview:-1\" \/>\n<link rel=\"canonical\" href=\"https:\/\/wp.kristdemokraterna.se\/knivsta\/nytt-kommunalrad-pa-plats\/\" \/>\n<meta property=\"og:locale\" content=\"sv_SE\" \/>\n<meta property=\"og:type\" content=\"article\" \/>\n<meta property=\"og:title\" content=\"Nytt kommunalr\u00e5d p\u00e5 plats - Knivsta\" \/>\n<meta property=\"og:description\" content=\"Den\u00a01 november b\u00f6rjade\u00a0Bj\u00f6rn-Owe Bj\u00f6rk som nytt kommunalr\u00e5d i Knivsta. Han blir d\u00e4rmed det f\u00f6rsta kommunalr\u00e5det\u00a0f\u00f6r utbildningsfr\u00e5gor i kommunen och Kristdemokraternas f\u00f6rsta sedan kommunen\u00a0bildades 2003. Detta kommer att st\u00e4rka partiets roll i kommunen och \u00f6kar\u00a0m\u00f6jligheten att\u00a0\u00e4nnu tydligare kunna bedriva en kristdemokratisk utbildningspolitik, menar han. Hur k\u00e4nns det? Tack bra.\u00a0J\u00e4ttesp\u00e4nnande och hedrande p\u00e5 en och samma g\u00e5ng. Read More\" \/>\n<meta property=\"og:url\" content=\"https:\/\/wp.kristdemokraterna.se\/knivsta\/nytt-kommunalrad-pa-plats\/\" \/>\n<meta property=\"og:site_name\" content=\"Knivsta\" \/>\n<meta property=\"article:publisher\" content=\"https:\/\/www.facebook.com\/kdknivsta\" \/>\n<meta property=\"article:published_time\" content=\"2015-11-02T19:27:16+00:00\" \/>\n<meta property=\"article:modified_time\" content=\"2015-11-18T11:13:09+00:00\" \/>\n<meta property=\"og:image\" content=\"http:\/\/wp.kristdemokraterna.se\/knivsta\/files\/2015\/01\/bjornowe-222x300.jpg\" \/>\n<meta name=\"author\" content=\"knivsta\" \/>\n<meta name=\"twitter:card\" content=\"summary_large_image\" \/>\n<meta name=\"twitter:label1\" content=\"Skriven av\" \/>\n\t<meta name=\"twitter:data1\" content=\"knivsta\" \/>\n\t<meta name=\"twitter:label2\" content=\"Ber\u00e4knad l\u00e4stid\" \/>\n\t<meta name=\"twitter:data2\" content=\"2 minuter\" \/>\n<script type=\"application\/ld+json\" class=\"yoast-schema-graph\">{\"@context\":\"https:\\\/\\\/schema.org\",\"@graph\":[{\"@type\":\"Article\",\"@id\":\"https:\\\/\\\/wp.kristdemokraterna.se\\\/knivsta\\\/nytt-kommunalrad-pa-plats\\\/#article\",\"isPartOf\":{\"@id\":\"https:\\\/\\\/wp.kristdemokraterna.se\\\/knivsta\\\/nytt-kommunalrad-pa-plats\\\/\"},\"author\":{\"name\":\"knivsta\",\"@id\":\"https:\\\/\\\/wp.kristdemokraterna.se\\\/knivsta\\\/#\\\/schema\\\/person\\\/41c1d3b208899a9de023f9206cac1f52\"},\"headline\":\"Nytt kommunalr\u00e5d p\u00e5 plats\",\"datePublished\":\"2015-11-02T19:27:16+00:00\",\"dateModified\":\"2015-11-18T11:13:09+00:00\",\"mainEntityOfPage\":{\"@id\":\"https:\\\/\\\/wp.kristdemokraterna.se\\\/knivsta\\\/nytt-kommunalrad-pa-plats\\\/\"},\"wordCount\":360,\"image\":{\"@id\":\"https:\\\/\\\/wp.kristdemokraterna.se\\\/knivsta\\\/nytt-kommunalrad-pa-plats\\\/#primaryimage\"},\"thumbnailUrl\":\"http:\\\/\\\/wp.kristdemokraterna.se\\\/knivsta\\\/files\\\/2015\\\/01\\\/bjornowe-222x300.jpg\",\"keywords\":[\"Bj\u00f6rn-Owe Bj\u00f6rk\",\"KD Knivsta\",\"Knivsta\",\"Kristdemokraterna i Knivsta\",\"Kristdemokraterna Knivsta\",\"nytt kommunalr\u00e5d\",\"utbildningsn\u00e4mnden\"],\"articleSection\":[\"Knivsta\"],\"inLanguage\":\"sv-SE\"},{\"@type\":\"WebPage\",\"@id\":\"https:\\\/\\\/wp.kristdemokraterna.se\\\/knivsta\\\/nytt-kommunalrad-pa-plats\\\/\",\"url\":\"https:\\\/\\\/wp.kristdemokraterna.se\\\/knivsta\\\/nytt-kommunalrad-pa-plats\\\/\",\"name\":\"Nytt kommunalr\u00e5d p\u00e5 plats - Knivsta\",\"isPartOf\":{\"@id\":\"https:\\\/\\\/wp.kristdemokraterna.se\\\/knivsta\\\/#website\"},\"primaryImageOfPage\":{\"@id\":\"https:\\\/\\\/wp.kristdemokraterna.se\\\/knivsta\\\/nytt-kommunalrad-pa-plats\\\/#primaryimage\"},\"image\":{\"@id\":\"https:\\\/\\\/wp.kristdemokraterna.se\\\/knivsta\\\/nytt-kommunalrad-pa-plats\\\/#primaryimage\"},\"thumbnailUrl\":\"http:\\\/\\\/wp.kristdemokraterna.se\\\/knivsta\\\/files\\\/2015\\\/01\\\/bjornowe-222x300.jpg\",\"datePublished\":\"2015-11-02T19:27:16+00:00\",\"dateModified\":\"2015-11-18T11:13:09+00:00\",\"author\":{\"@id\":\"https:\\\/\\\/wp.kristdemokraterna.se\\\/knivsta\\\/#\\\/schema\\\/person\\\/41c1d3b208899a9de023f9206cac1f52\"},\"breadcrumb\":{\"@id\":\"https:\\\/\\\/wp.kristdemokraterna.se\\\/knivsta\\\/nytt-kommunalrad-pa-plats\\\/#breadcrumb\"},\"inLanguage\":\"sv-SE\",\"potentialAction\":[{\"@type\":\"ReadAction\",\"target\":[\"https:\\\/\\\/wp.kristdemokraterna.se\\\/knivsta\\\/nytt-kommunalrad-pa-plats\\\/\"]}]},{\"@type\":\"ImageObject\",\"inLanguage\":\"sv-SE\",\"@id\":\"https:\\\/\\\/wp.kristdemokraterna.se\\\/knivsta\\\/nytt-kommunalrad-pa-plats\\\/#primaryimage\",\"url\":\"https:\\\/\\\/wp.kristdemokraterna.se\\\/knivsta\\\/files\\\/2015\\\/01\\\/bjornowe.jpg\",\"contentUrl\":\"https:\\\/\\\/wp.kristdemokraterna.se\\\/knivsta\\\/files\\\/2015\\\/01\\\/bjornowe.jpg\",\"width\":222,\"height\":300,\"caption\":\"Bj\u00f6rn-Owe Bj\u00f6rk, gruppledare, nytt kommunalr\u00e5d i Knivsta kommun.\"},{\"@type\":\"BreadcrumbList\",\"@id\":\"https:\\\/\\\/wp.kristdemokraterna.se\\\/knivsta\\\/nytt-kommunalrad-pa-plats\\\/#breadcrumb\",\"itemListElement\":[{\"@type\":\"ListItem\",\"position\":1,\"name\":\"Hem\",\"item\":\"https:\\\/\\\/wp.kristdemokraterna.se\\\/knivsta\\\/\"},{\"@type\":\"ListItem\",\"position\":2,\"name\":\"Nytt kommunalr\u00e5d p\u00e5 plats\"}]},{\"@type\":\"WebSite\",\"@id\":\"https:\\\/\\\/wp.kristdemokraterna.se\\\/knivsta\\\/#website\",\"url\":\"https:\\\/\\\/wp.kristdemokraterna.se\\\/knivsta\\\/\",\"name\":\"Knivsta\",\"description\":\" F\u00f6r ett b\u00e4ttre samh\u00e4lle\",\"inLanguage\":\"sv-SE\"},{\"@type\":\"Person\",\"@id\":\"https:\\\/\\\/wp.kristdemokraterna.se\\\/knivsta\\\/#\\\/schema\\\/person\\\/41c1d3b208899a9de023f9206cac1f52\",\"name\":\"knivsta\",\"image\":{\"@type\":\"ImageObject\",\"inLanguage\":\"sv-SE\",\"@id\":\"https:\\\/\\\/secure.gravatar.com\\\/avatar\\\/68a509c7c53375b65b47d1d3c17559bd62f1e272f97020f0faeec022f4f79769?s=96&r=g\",\"url\":\"https:\\\/\\\/secure.gravatar.com\\\/avatar\\\/68a509c7c53375b65b47d1d3c17559bd62f1e272f97020f0faeec022f4f79769?s=96&r=g\",\"contentUrl\":\"https:\\\/\\\/secure.gravatar.com\\\/avatar\\\/68a509c7c53375b65b47d1d3c17559bd62f1e272f97020f0faeec022f4f79769?s=96&r=g\",\"caption\":\"knivsta\"},\"url\":\"https:\\\/\\\/wp.kristdemokraterna.se\\\/knivsta\\\/author\\\/knivsta\\\/\"}]}<\/script>\n<!-- \/ Yoast SEO plugin. -->","yoast_head_json":{"title":"Nytt kommunalr\u00e5d p\u00e5 plats - Knivsta","robots":{"index":"index","follow":"follow","max-snippet":"max-snippet:-1","max-image-preview":"max-image-preview:large","max-video-preview":"max-video-preview:-1"},"canonical":"https:\/\/wp.kristdemokraterna.se\/knivsta\/nytt-kommunalrad-pa-plats\/","og_locale":"sv_SE","og_type":"article","og_title":"Nytt kommunalr\u00e5d p\u00e5 plats - Knivsta","og_description":"Den\u00a01 november b\u00f6rjade\u00a0Bj\u00f6rn-Owe Bj\u00f6rk som nytt kommunalr\u00e5d i Knivsta. Han blir d\u00e4rmed det f\u00f6rsta kommunalr\u00e5det\u00a0f\u00f6r utbildningsfr\u00e5gor i kommunen och Kristdemokraternas f\u00f6rsta sedan kommunen\u00a0bildades 2003. Detta kommer att st\u00e4rka partiets roll i kommunen och \u00f6kar\u00a0m\u00f6jligheten att\u00a0\u00e4nnu tydligare kunna bedriva en kristdemokratisk utbildningspolitik, menar han. Hur k\u00e4nns det? Tack bra.\u00a0J\u00e4ttesp\u00e4nnande och hedrande p\u00e5 en och samma g\u00e5ng. Read More","og_url":"https:\/\/wp.kristdemokraterna.se\/knivsta\/nytt-kommunalrad-pa-plats\/","og_site_name":"Knivsta","article_publisher":"https:\/\/www.facebook.com\/kdknivsta","article_published_time":"2015-11-02T19:27:16+00:00","article_modified_time":"2015-11-18T11:13:09+00:00","og_image":[{"url":"http:\/\/wp.kristdemokraterna.se\/knivsta\/files\/2015\/01\/bjornowe-222x300.jpg","type":"","width":"","height":""}],"author":"knivsta","twitter_card":"summary_large_image","twitter_misc":{"Skriven av":"knivsta","Ber\u00e4knad l\u00e4stid":"2 minuter"},"schema":{"@context":"https:\/\/schema.org","@graph":[{"@type":"Article","@id":"https:\/\/wp.kristdemokraterna.se\/knivsta\/nytt-kommunalrad-pa-plats\/#article","isPartOf":{"@id":"https:\/\/wp.kristdemokraterna.se\/knivsta\/nytt-kommunalrad-pa-plats\/"},"author":{"name":"knivsta","@id":"https:\/\/wp.kristdemokraterna.se\/knivsta\/#\/schema\/person\/41c1d3b208899a9de023f9206cac1f52"},"headline":"Nytt kommunalr\u00e5d p\u00e5 plats","datePublished":"2015-11-02T19:27:16+00:00","dateModified":"2015-11-18T11:13:09+00:00","mainEntityOfPage":{"@id":"https:\/\/wp.kristdemokraterna.se\/knivsta\/nytt-kommunalrad-pa-plats\/"},"wordCount":360,"image":{"@id":"https:\/\/wp.kristdemokraterna.se\/knivsta\/nytt-kommunalrad-pa-plats\/#primaryimage"},"thumbnailUrl":"http:\/\/wp.kristdemokraterna.se\/knivsta\/files\/2015\/01\/bjornowe-222x300.jpg","keywords":["Bj\u00f6rn-Owe Bj\u00f6rk","KD Knivsta","Knivsta","Kristdemokraterna i Knivsta","Kristdemokraterna Knivsta","nytt kommunalr\u00e5d","utbildningsn\u00e4mnden"],"articleSection":["Knivsta"],"inLanguage":"sv-SE"},{"@type":"WebPage","@id":"https:\/\/wp.kristdemokraterna.se\/knivsta\/nytt-kommunalrad-pa-plats\/","url":"https:\/\/wp.kristdemokraterna.se\/knivsta\/nytt-kommunalrad-pa-plats\/","name":"Nytt kommunalr\u00e5d p\u00e5 plats - Knivsta","isPartOf":{"@id":"https:\/\/wp.kristdemokraterna.se\/knivsta\/#website"},"primaryImageOfPage":{"@id":"https:\/\/wp.kristdemokraterna.se\/knivsta\/nytt-kommunalrad-pa-plats\/#primaryimage"},"image":{"@id":"https:\/\/wp.kristdemokraterna.se\/knivsta\/nytt-kommunalrad-pa-plats\/#primaryimage"},"thumbnailUrl":"http:\/\/wp.kristdemokraterna.se\/knivsta\/files\/2015\/01\/bjornowe-222x300.jpg","datePublished":"2015-11-02T19:27:16+00:00","dateModified":"2015-11-18T11:13:09+00:00","author":{"@id":"https:\/\/wp.kristdemokraterna.se\/knivsta\/#\/schema\/person\/41c1d3b208899a9de023f9206cac1f52"},"breadcrumb":{"@id":"https:\/\/wp.kristdemokraterna.se\/knivsta\/nytt-kommunalrad-pa-plats\/#breadcrumb"},"inLanguage":"sv-SE","potentialAction":[{"@type":"ReadAction","target":["https:\/\/wp.kristdemokraterna.se\/knivsta\/nytt-kommunalrad-pa-plats\/"]}]},{"@type":"ImageObject","inLanguage":"sv-SE","@id":"https:\/\/wp.kristdemokraterna.se\/knivsta\/nytt-kommunalrad-pa-plats\/#primaryimage","url":"https:\/\/wp.kristdemokraterna.se\/knivsta\/files\/2015\/01\/bjornowe.jpg","contentUrl":"https:\/\/wp.kristdemokraterna.se\/knivsta\/files\/2015\/01\/bjornowe.jpg","width":222,"height":300,"caption":"Bj\u00f6rn-Owe Bj\u00f6rk, gruppledare, nytt kommunalr\u00e5d i Knivsta kommun."},{"@type":"BreadcrumbList","@id":"https:\/\/wp.kristdemokraterna.se\/knivsta\/nytt-kommunalrad-pa-plats\/#breadcrumb","itemListElement":[{"@type":"ListItem","position":1,"name":"Hem","item":"https:\/\/wp.kristdemokraterna.se\/knivsta\/"},{"@type":"ListItem","position":2,"name":"Nytt kommunalr\u00e5d p\u00e5 plats"}]},{"@type":"WebSite","@id":"https:\/\/wp.kristdemokraterna.se\/knivsta\/#website","url":"https:\/\/wp.kristdemokraterna.se\/knivsta\/","name":"Knivsta","description":" F\u00f6r ett b\u00e4ttre samh\u00e4lle","inLanguage":"sv-SE"},{"@type":"Person","@id":"https:\/\/wp.kristdemokraterna.se\/knivsta\/#\/schema\/person\/41c1d3b208899a9de023f9206cac1f52","name":"knivsta","image":{"@type":"ImageObject","inLanguage":"sv-SE","@id":"https:\/\/secure.gravatar.com\/avatar\/68a509c7c53375b65b47d1d3c17559bd62f1e272f97020f0faeec022f4f79769?s=96&r=g","url":"https:\/\/secure.gravatar.com\/avatar\/68a509c7c53375b65b47d1d3c17559bd62f1e272f97020f0faeec022f4f79769?s=96&r=g","contentUrl":"https:\/\/secure.gravatar.com\/avatar\/68a509c7c53375b65b47d1d3c17559bd62f1e272f97020f0faeec022f4f79769?s=96&r=g","caption":"knivsta"},"url":"https:\/\/wp.kristdemokraterna.se\/knivsta\/author\/knivsta\/"}]}},"_links":{"self":[{"href":"https:\/\/wp.kristdemokraterna.se\/knivsta\/wp-json\/wp\/v2\/posts\/990","targetHints":{"allow":["GET"]}}],"collection":[{"href":"https:\/\/wp.kristdemokraterna.se\/knivsta\/wp-json\/wp\/v2\/posts"}],"about":[{"href":"https:\/\/wp.kristdemokraterna.se\/knivsta\/wp-json\/wp\/v2\/types\/post"}],"author":[{"embeddable":true,"href":"https:\/\/wp.kristdemokraterna.se\/knivsta\/wp-json\/wp\/v2\/users\/481"}],"replies":[{"embeddable":true,"href":"https:\/\/wp.kristdemokraterna.se\/knivsta\/wp-json\/wp\/v2\/comments?post=990"}],"version-history":[{"count":30,"href":"https:\/\/wp.kristdemokraterna.se\/knivsta\/wp-json\/wp\/v2\/posts\/990\/revisions"}],"predecessor-version":[{"id":1020,"href":"https:\/\/wp.kristdemokraterna.se\/knivsta\/wp-json\/wp\/v2\/posts\/990\/revisions\/1020"}],"wp:attachment":[{"href":"https:\/\/wp.kristdemokraterna.se\/knivsta\/wp-json\/wp\/v2\/media?parent=990"}],"wp:term":[{"taxonomy":"category","embeddable":true,"href":"https:\/\/wp.kristdemokraterna.se\/knivsta\/wp-json\/wp\/v2\/categories?post=990"},{"taxonomy":"post_tag","embeddable":true,"href":"https:\/\/wp.kristdemokraterna.se\/knivsta\/wp-json\/wp\/v2\/tags?post=990"}],"curies":[{"name":"wp","href":"https:\/\/api.w.org\/{rel}","templated":true}]}}