{"id":2297,"date":"2024-02-26T12:17:19","date_gmt":"2024-02-26T11:17:19","guid":{"rendered":"https:\/\/wp.kristdemokraterna.se\/koping\/?p=2297"},"modified":"2025-03-31T23:14:47","modified_gmt":"2025-03-31T21:14:47","slug":"arsmote-med-framtidsplaner","status":"publish","type":"post","link":"https:\/\/wp.kristdemokraterna.se\/koping\/2024\/02\/26\/arsmote-med-framtidsplaner\/","title":{"rendered":"\u00c5rsm\u00f6te med framtidsplaner"},"content":{"rendered":"<h4><em>KD K\u00f6ping hade l\u00f6rdag 24 feb 2024 sitt \u00e5rsm\u00f6te med val av styrelse f\u00f6r partiavdelningen samt ombud till distrikts\u00e5rsm\u00f6tena, h\u00f6st och v\u00e5r. En verksamhetsplan och budget f\u00f6r 2024 fastst\u00e4lldes med ambitionen att arbeta mer med den lokala politikutveckling och att forts\u00e4tta v\u00e4xa i antal medlemmar och i opinionen.\u00a0<\/em><\/h4>\n<h3><strong>Styrelsen f\u00f6r KD K\u00f6ping 2024<\/strong><\/h3>\n<p>Anna-Carin Ragnarsson valdes till ordf\u00f6rande och Lelle \u00c5ngman till vice ordf. Till sekreterare valds Margareta Widarsson. \u00d6vriga ledam\u00f6ter i styrelsen \u00e4r Tommy Svanborg och\u00a0 Astrid Lamprecht (kommunalr\u00e5d) och Lars-Axel Nordell (Gruppledar)<\/p>\n<p>Tre ers\u00e4ttare valdes till styrlesen. Det blev Ingrid Broman Mustafa Al-bayati (nyvald) och Joakim Sj\u00f6gren (nvvald).<\/p>\n","protected":false},"excerpt":{"rendered":"<p>KD K\u00f6ping hade l\u00f6rdag 24 feb 2024 sitt \u00e5rsm\u00f6te med val av styrelse f\u00f6r partiavdelningen samt ombud till distrikts\u00e5rsm\u00f6tena, h\u00f6st och v\u00e5r. En verksamhetsplan och budget f\u00f6r 2024 fastst\u00e4lldes med ambitionen att arbeta mer med den lokala politikutveckling och att forts\u00e4tta v\u00e4xa i antal medlemmar och i opinionen.\u00a0 Styrelsen f\u00f6r KD K\u00f6ping 2024 Anna-Carin Ragnarsson <a class=\"read-more-link\" href=\"https:\/\/wp.kristdemokraterna.se\/koping\/2024\/02\/26\/arsmote-med-framtidsplaner\/\">Read More<\/a><\/p>\n","protected":false},"author":62,"featured_media":0,"comment_status":"closed","ping_status":"closed","sticky":false,"template":"","format":"standard","meta":{"_acf_changed":false,"footnotes":""},"categories":[10],"tags":[],"class_list":["post-2297","post","type-post","status-publish","format-standard","hentry","category-i-media"],"acf":[],"yoast_head":"<!-- This site is optimized with the Yoast SEO plugin v27.5 - https:\/\/yoast.com\/product\/yoast-seo-wordpress\/ -->\n<title>\u00c5rsm\u00f6te med framtidsplaner - Kristdemokraterna | K\u00f6ping<\/title>\n<meta name=\"robots\" content=\"index, follow, max-snippet:-1, max-image-preview:large, max-video-preview:-1\" \/>\n<link rel=\"canonical\" href=\"https:\/\/wp.kristdemokraterna.se\/koping\/2024\/02\/26\/arsmote-med-framtidsplaner\/\" \/>\n<meta property=\"og:locale\" content=\"sv_SE\" \/>\n<meta property=\"og:type\" content=\"article\" \/>\n<meta property=\"og:title\" content=\"\u00c5rsm\u00f6te med framtidsplaner - Kristdemokraterna | K\u00f6ping\" \/>\n<meta property=\"og:description\" content=\"KD K\u00f6ping hade l\u00f6rdag 24 feb 2024 sitt \u00e5rsm\u00f6te med val av styrelse f\u00f6r partiavdelningen samt ombud till distrikts\u00e5rsm\u00f6tena, h\u00f6st och v\u00e5r. En verksamhetsplan och budget f\u00f6r 2024 fastst\u00e4lldes med ambitionen att arbeta mer med den lokala politikutveckling och att forts\u00e4tta v\u00e4xa i antal medlemmar och i opinionen.\u00a0 Styrelsen f\u00f6r KD K\u00f6ping 2024 Anna-Carin Ragnarsson Read More\" \/>\n<meta property=\"og:url\" content=\"https:\/\/wp.kristdemokraterna.se\/koping\/2024\/02\/26\/arsmote-med-framtidsplaner\/\" \/>\n<meta property=\"og:site_name\" content=\"Kristdemokraterna | K\u00f6ping\" \/>\n<meta property=\"article:published_time\" content=\"2024-02-26T11:17:19+00:00\" \/>\n<meta property=\"article:modified_time\" content=\"2025-03-31T21:14:47+00:00\" \/>\n<meta name=\"author\" content=\"Lars-Axel Nordell\" \/>\n<meta name=\"twitter:card\" content=\"summary_large_image\" \/>\n<meta name=\"twitter:label1\" content=\"Skriven av\" \/>\n\t<meta name=\"twitter:data1\" content=\"Lars-Axel Nordell\" \/>\n\t<meta name=\"twitter:label2\" content=\"Ber\u00e4knad l\u00e4stid\" \/>\n\t<meta name=\"twitter:data2\" content=\"1 minut\" \/>\n<script type=\"application\/ld+json\" class=\"yoast-schema-graph\">{\"@context\":\"https:\\\/\\\/schema.org\",\"@graph\":[{\"@type\":\"Article\",\"@id\":\"https:\\\/\\\/wp.kristdemokraterna.se\\\/koping\\\/2024\\\/02\\\/26\\\/arsmote-med-framtidsplaner\\\/#article\",\"isPartOf\":{\"@id\":\"https:\\\/\\\/wp.kristdemokraterna.se\\\/koping\\\/2024\\\/02\\\/26\\\/arsmote-med-framtidsplaner\\\/\"},\"author\":{\"name\":\"Lars-Axel Nordell\",\"@id\":\"https:\\\/\\\/wp.kristdemokraterna.se\\\/koping\\\/#\\\/schema\\\/person\\\/bdb0c5f48d712a46a4a2837cc9440b62\"},\"headline\":\"\u00c5rsm\u00f6te med framtidsplaner\",\"datePublished\":\"2024-02-26T11:17:19+00:00\",\"dateModified\":\"2025-03-31T21:14:47+00:00\",\"mainEntityOfPage\":{\"@id\":\"https:\\\/\\\/wp.kristdemokraterna.se\\\/koping\\\/2024\\\/02\\\/26\\\/arsmote-med-framtidsplaner\\\/\"},\"wordCount\":119,\"articleSection\":[\"I media\"],\"inLanguage\":\"sv-SE\"},{\"@type\":\"WebPage\",\"@id\":\"https:\\\/\\\/wp.kristdemokraterna.se\\\/koping\\\/2024\\\/02\\\/26\\\/arsmote-med-framtidsplaner\\\/\",\"url\":\"https:\\\/\\\/wp.kristdemokraterna.se\\\/koping\\\/2024\\\/02\\\/26\\\/arsmote-med-framtidsplaner\\\/\",\"name\":\"\u00c5rsm\u00f6te med framtidsplaner - Kristdemokraterna | K\u00f6ping\",\"isPartOf\":{\"@id\":\"https:\\\/\\\/wp.kristdemokraterna.se\\\/koping\\\/#website\"},\"datePublished\":\"2024-02-26T11:17:19+00:00\",\"dateModified\":\"2025-03-31T21:14:47+00:00\",\"author\":{\"@id\":\"https:\\\/\\\/wp.kristdemokraterna.se\\\/koping\\\/#\\\/schema\\\/person\\\/bdb0c5f48d712a46a4a2837cc9440b62\"},\"breadcrumb\":{\"@id\":\"https:\\\/\\\/wp.kristdemokraterna.se\\\/koping\\\/2024\\\/02\\\/26\\\/arsmote-med-framtidsplaner\\\/#breadcrumb\"},\"inLanguage\":\"sv-SE\",\"potentialAction\":[{\"@type\":\"ReadAction\",\"target\":[\"https:\\\/\\\/wp.kristdemokraterna.se\\\/koping\\\/2024\\\/02\\\/26\\\/arsmote-med-framtidsplaner\\\/\"]}]},{\"@type\":\"BreadcrumbList\",\"@id\":\"https:\\\/\\\/wp.kristdemokraterna.se\\\/koping\\\/2024\\\/02\\\/26\\\/arsmote-med-framtidsplaner\\\/#breadcrumb\",\"itemListElement\":[{\"@type\":\"ListItem\",\"position\":1,\"name\":\"Hem\",\"item\":\"https:\\\/\\\/wp.kristdemokraterna.se\\\/koping\\\/\"},{\"@type\":\"ListItem\",\"position\":2,\"name\":\"\u00c5rsm\u00f6te med framtidsplaner\"}]},{\"@type\":\"WebSite\",\"@id\":\"https:\\\/\\\/wp.kristdemokraterna.se\\\/koping\\\/#website\",\"url\":\"https:\\\/\\\/wp.kristdemokraterna.se\\\/koping\\\/\",\"name\":\"Kristdemokraterna | K\u00f6ping\",\"description\":\"K\u00f6ping beh\u00f6ver ett nytt styre - men inga bilar p\u00e5 Stora gatan\",\"inLanguage\":\"sv-SE\"},{\"@type\":\"Person\",\"@id\":\"https:\\\/\\\/wp.kristdemokraterna.se\\\/koping\\\/#\\\/schema\\\/person\\\/bdb0c5f48d712a46a4a2837cc9440b62\",\"name\":\"Lars-Axel Nordell\",\"image\":{\"@type\":\"ImageObject\",\"inLanguage\":\"sv-SE\",\"@id\":\"https:\\\/\\\/secure.gravatar.com\\\/avatar\\\/d92875e023d2cb6ae0d1029a6bd2cca88e6910b5027e0eae0de217c7a30af7c8?s=96&d=mm&r=g\",\"url\":\"https:\\\/\\\/secure.gravatar.com\\\/avatar\\\/d92875e023d2cb6ae0d1029a6bd2cca88e6910b5027e0eae0de217c7a30af7c8?s=96&d=mm&r=g\",\"contentUrl\":\"https:\\\/\\\/secure.gravatar.com\\\/avatar\\\/d92875e023d2cb6ae0d1029a6bd2cca88e6910b5027e0eae0de217c7a30af7c8?s=96&d=mm&r=g\",\"caption\":\"Lars-Axel Nordell\"},\"sameAs\":[\"http:\\\/\\\/larsaxel.se\"],\"url\":\"https:\\\/\\\/wp.kristdemokraterna.se\\\/koping\\\/author\\\/larsaxel\\\/\"}]}<\/script>\n<!-- \/ Yoast SEO plugin. -->","yoast_head_json":{"title":"\u00c5rsm\u00f6te med framtidsplaner - Kristdemokraterna | K\u00f6ping","robots":{"index":"index","follow":"follow","max-snippet":"max-snippet:-1","max-image-preview":"max-image-preview:large","max-video-preview":"max-video-preview:-1"},"canonical":"https:\/\/wp.kristdemokraterna.se\/koping\/2024\/02\/26\/arsmote-med-framtidsplaner\/","og_locale":"sv_SE","og_type":"article","og_title":"\u00c5rsm\u00f6te med framtidsplaner - Kristdemokraterna | K\u00f6ping","og_description":"KD K\u00f6ping hade l\u00f6rdag 24 feb 2024 sitt \u00e5rsm\u00f6te med val av styrelse f\u00f6r partiavdelningen samt ombud till distrikts\u00e5rsm\u00f6tena, h\u00f6st och v\u00e5r. En verksamhetsplan och budget f\u00f6r 2024 fastst\u00e4lldes med ambitionen att arbeta mer med den lokala politikutveckling och att forts\u00e4tta v\u00e4xa i antal medlemmar och i opinionen.\u00a0 Styrelsen f\u00f6r KD K\u00f6ping 2024 Anna-Carin Ragnarsson Read More","og_url":"https:\/\/wp.kristdemokraterna.se\/koping\/2024\/02\/26\/arsmote-med-framtidsplaner\/","og_site_name":"Kristdemokraterna | K\u00f6ping","article_published_time":"2024-02-26T11:17:19+00:00","article_modified_time":"2025-03-31T21:14:47+00:00","author":"Lars-Axel Nordell","twitter_card":"summary_large_image","twitter_misc":{"Skriven av":"Lars-Axel Nordell","Ber\u00e4knad l\u00e4stid":"1 minut"},"schema":{"@context":"https:\/\/schema.org","@graph":[{"@type":"Article","@id":"https:\/\/wp.kristdemokraterna.se\/koping\/2024\/02\/26\/arsmote-med-framtidsplaner\/#article","isPartOf":{"@id":"https:\/\/wp.kristdemokraterna.se\/koping\/2024\/02\/26\/arsmote-med-framtidsplaner\/"},"author":{"name":"Lars-Axel Nordell","@id":"https:\/\/wp.kristdemokraterna.se\/koping\/#\/schema\/person\/bdb0c5f48d712a46a4a2837cc9440b62"},"headline":"\u00c5rsm\u00f6te med framtidsplaner","datePublished":"2024-02-26T11:17:19+00:00","dateModified":"2025-03-31T21:14:47+00:00","mainEntityOfPage":{"@id":"https:\/\/wp.kristdemokraterna.se\/koping\/2024\/02\/26\/arsmote-med-framtidsplaner\/"},"wordCount":119,"articleSection":["I media"],"inLanguage":"sv-SE"},{"@type":"WebPage","@id":"https:\/\/wp.kristdemokraterna.se\/koping\/2024\/02\/26\/arsmote-med-framtidsplaner\/","url":"https:\/\/wp.kristdemokraterna.se\/koping\/2024\/02\/26\/arsmote-med-framtidsplaner\/","name":"\u00c5rsm\u00f6te med framtidsplaner - Kristdemokraterna | K\u00f6ping","isPartOf":{"@id":"https:\/\/wp.kristdemokraterna.se\/koping\/#website"},"datePublished":"2024-02-26T11:17:19+00:00","dateModified":"2025-03-31T21:14:47+00:00","author":{"@id":"https:\/\/wp.kristdemokraterna.se\/koping\/#\/schema\/person\/bdb0c5f48d712a46a4a2837cc9440b62"},"breadcrumb":{"@id":"https:\/\/wp.kristdemokraterna.se\/koping\/2024\/02\/26\/arsmote-med-framtidsplaner\/#breadcrumb"},"inLanguage":"sv-SE","potentialAction":[{"@type":"ReadAction","target":["https:\/\/wp.kristdemokraterna.se\/koping\/2024\/02\/26\/arsmote-med-framtidsplaner\/"]}]},{"@type":"BreadcrumbList","@id":"https:\/\/wp.kristdemokraterna.se\/koping\/2024\/02\/26\/arsmote-med-framtidsplaner\/#breadcrumb","itemListElement":[{"@type":"ListItem","position":1,"name":"Hem","item":"https:\/\/wp.kristdemokraterna.se\/koping\/"},{"@type":"ListItem","position":2,"name":"\u00c5rsm\u00f6te med framtidsplaner"}]},{"@type":"WebSite","@id":"https:\/\/wp.kristdemokraterna.se\/koping\/#website","url":"https:\/\/wp.kristdemokraterna.se\/koping\/","name":"Kristdemokraterna | K\u00f6ping","description":"K\u00f6ping beh\u00f6ver ett nytt styre - men inga bilar p\u00e5 Stora gatan","inLanguage":"sv-SE"},{"@type":"Person","@id":"https:\/\/wp.kristdemokraterna.se\/koping\/#\/schema\/person\/bdb0c5f48d712a46a4a2837cc9440b62","name":"Lars-Axel Nordell","image":{"@type":"ImageObject","inLanguage":"sv-SE","@id":"https:\/\/secure.gravatar.com\/avatar\/d92875e023d2cb6ae0d1029a6bd2cca88e6910b5027e0eae0de217c7a30af7c8?s=96&d=mm&r=g","url":"https:\/\/secure.gravatar.com\/avatar\/d92875e023d2cb6ae0d1029a6bd2cca88e6910b5027e0eae0de217c7a30af7c8?s=96&d=mm&r=g","contentUrl":"https:\/\/secure.gravatar.com\/avatar\/d92875e023d2cb6ae0d1029a6bd2cca88e6910b5027e0eae0de217c7a30af7c8?s=96&d=mm&r=g","caption":"Lars-Axel Nordell"},"sameAs":["http:\/\/larsaxel.se"],"url":"https:\/\/wp.kristdemokraterna.se\/koping\/author\/larsaxel\/"}]}},"_links":{"self":[{"href":"https:\/\/wp.kristdemokraterna.se\/koping\/wp-json\/wp\/v2\/posts\/2297","targetHints":{"allow":["GET"]}}],"collection":[{"href":"https:\/\/wp.kristdemokraterna.se\/koping\/wp-json\/wp\/v2\/posts"}],"about":[{"href":"https:\/\/wp.kristdemokraterna.se\/koping\/wp-json\/wp\/v2\/types\/post"}],"author":[{"embeddable":true,"href":"https:\/\/wp.kristdemokraterna.se\/koping\/wp-json\/wp\/v2\/users\/62"}],"replies":[{"embeddable":true,"href":"https:\/\/wp.kristdemokraterna.se\/koping\/wp-json\/wp\/v2\/comments?post=2297"}],"version-history":[{"count":4,"href":"https:\/\/wp.kristdemokraterna.se\/koping\/wp-json\/wp\/v2\/posts\/2297\/revisions"}],"predecessor-version":[{"id":2472,"href":"https:\/\/wp.kristdemokraterna.se\/koping\/wp-json\/wp\/v2\/posts\/2297\/revisions\/2472"}],"wp:attachment":[{"href":"https:\/\/wp.kristdemokraterna.se\/koping\/wp-json\/wp\/v2\/media?parent=2297"}],"wp:term":[{"taxonomy":"category","embeddable":true,"href":"https:\/\/wp.kristdemokraterna.se\/koping\/wp-json\/wp\/v2\/categories?post=2297"},{"taxonomy":"post_tag","embeddable":true,"href":"https:\/\/wp.kristdemokraterna.se\/koping\/wp-json\/wp\/v2\/tags?post=2297"}],"curies":[{"name":"wp","href":"https:\/\/api.w.org\/{rel}","templated":true}]}}