{"id":779,"date":"2020-10-09T11:29:02","date_gmt":"2020-10-09T09:29:02","guid":{"rendered":"http:\/\/wp.kristdemokraterna.se\/koping\/?p=779"},"modified":"2020-10-09T11:32:17","modified_gmt":"2020-10-09T09:32:17","slug":"nu-kan-kommunernas-tvangsanslutning-vara-pa-vag-att-upphora","status":"publish","type":"post","link":"https:\/\/wp.kristdemokraterna.se\/koping\/2020\/10\/09\/nu-kan-kommunernas-tvangsanslutning-vara-pa-vag-att-upphora\/","title":{"rendered":"Nu kan kommunernas tv\u00e5ngsanslutning vara p\u00e5 v\u00e4g att upph\u00f6ra"},"content":{"rendered":"<p><a href=\"http:\/\/wp.kristdemokraterna.se\/koping\/2020\/10\/09\/nu-kan-kommunernas-tvangsanslutning-vara-pa-vag-att-upphora\/img-4763\/\" rel=\"attachment wp-att-780\"><img loading=\"lazy\" decoding=\"async\" class=\"alignright size-medium wp-image-780\" src=\"http:\/\/wp.kristdemokraterna.se\/koping\/files\/2020\/10\/img_4763-300x225.jpeg\" alt=\"\" width=\"300\" height=\"225\" srcset=\"https:\/\/wp.kristdemokraterna.se\/koping\/files\/2020\/10\/img_4763-300x225.jpeg 300w, https:\/\/wp.kristdemokraterna.se\/koping\/files\/2020\/10\/img_4763-1024x768.jpeg 1024w, https:\/\/wp.kristdemokraterna.se\/koping\/files\/2020\/10\/img_4763-768x576.jpeg 768w, https:\/\/wp.kristdemokraterna.se\/koping\/files\/2020\/10\/img_4763-1536x1152.jpeg 1536w, https:\/\/wp.kristdemokraterna.se\/koping\/files\/2020\/10\/img_4763-2048x1536.jpeg 2048w, https:\/\/wp.kristdemokraterna.se\/koping\/files\/2020\/10\/img_4763-267x200.jpeg 267w, https:\/\/wp.kristdemokraterna.se\/koping\/files\/2020\/10\/img_4763-370x278.jpeg 370w, https:\/\/wp.kristdemokraterna.se\/koping\/files\/2020\/10\/img_4763-770x578.jpeg 770w, https:\/\/wp.kristdemokraterna.se\/koping\/files\/2020\/10\/img_4763-450x338.jpeg 450w, https:\/\/wp.kristdemokraterna.se\/koping\/files\/2020\/10\/img_4763-280x210.jpeg 280w, https:\/\/wp.kristdemokraterna.se\/koping\/files\/2020\/10\/img_4763-340x255.jpeg 340w, https:\/\/wp.kristdemokraterna.se\/koping\/files\/2020\/10\/img_4763-200x150.jpeg 200w, https:\/\/wp.kristdemokraterna.se\/koping\/files\/2020\/10\/img_4763-75x56.jpeg 75w\" sizes=\"auto, (max-width: 300px) 100vw, 300px\" \/><\/a>Debattinl\u00e4gg publicerad i Magazin24 i oktober 2020<\/p>\n<p><strong>Jag var under tio \u00e5r ledamot av Sveriges riksdag. F\u00f6r fyra \u00e5r sedan, den 22 sept 2016, st\u00e4llde jag en fr\u00e5ga i den TV-s\u00e4nda fr\u00e5gestunden till d\u00e5varande Milj\u00f6minister Karolina Skog om vatten- och avloppslagstiftningen.<\/strong><\/p>\n<p>Bakgrunden var att 23 kommunalr\u00e5d fr\u00e5n olika delar av landet och fr\u00e5n olika partier en tid innan p\u00e5talat att lagstiftningen f\u00f6r vatten och avlopp blivit ett allvarligt hinder f\u00f6r bostadsbyggande utanf\u00f6r t\u00e4torter.<\/p>\n<p>Jag p\u00e5talade att anl\u00e4ggningslagen krockar med vattentj\u00e4nstlagens krav om att det alltid ska vara kommunalt ansvar f\u00f6r vatten och avlopp i st\u00f6rre sammanhang. Att hantera konsekvenserna av att lagarna krockar inneb\u00e4r att byggnation med detaljplan utanf\u00f6r t\u00e4torter i praktiken om\u00f6jligg\u00f6rs och f\u00f6rsv\u00e5rar \u00e5tg\u00e4rdandet av ett stort antal ej godk\u00e4nda avlopp.<\/p>\n<p>Jag fr\u00e5gade vad regeringen t\u00e4nkte g\u00f6ra \u00e5t detta och fick ett mycket positivt svar som gick ut p\u00e5 att regeringen hade blivit uppm\u00e4rksammad p\u00e5 problemet och att hon hade f\u00f6r avsikt att \u00e5terkomma i fr\u00e5gan.<\/p>\n<p>Anders Gr\u00f6nvall fick d\u00e4refter uppdraget att utreda fr\u00e5gan och i maj 2018 \u00f6verl\u00e4mnade han bet\u00e4nkandet V\u00e4gar till h\u00e5llbara vattentj\u00e4nster, SOU 118:34 till regeringen. I detta bet\u00e4nkande f\u00f6resl\u00e5s bl a att tv\u00e5ngsanslutningen till kommunala vatten och avloppsanl\u00e4ggningar skall upph\u00f6ra. Detta gav m\u00e5nga boende p\u00e5 Norr M\u00e4larstrand i K\u00f6ping, som motsatt sig anslutning till kommunalt VA, stora f\u00f6rhoppningar om att kunna l\u00f6sa avloppsfr\u00e5gan genom gemensamhetsanl\u00e4ggningar eller moderna enskilda reningsanl\u00e4ggningar.<\/p>\n<p>Efter sedvanlig remissrunda till kommunerna och andra ber\u00f6rda myndigheter under h\u00f6sten samma \u00e5r har vi sedan v\u00e4ntat p\u00e5 att regeringen skulle komma med sitt lagf\u00f6rslag om h\u00e5llbara vattentj\u00e4nster.<\/p>\n<p>I januari 2020 aviserade regeringen att efter sommaren vara klar med sitt lagf\u00f6rslag om h\u00e5llbara vattentj\u00e4nster. Nyligen har regeringen lovat att l\u00e4gga sin efterl\u00e4ngtade proposition p\u00e5 riksdagens bord i december 2020.<\/p>\n<p>Nu knyts stora f\u00f6rhoppningar till detta lagf\u00f6rslag som, om det f\u00f6ljer Anders Gr\u00f6nvalls utredningsf\u00f6rslag, kommer att ge \u00f6kad valfrihet och flexibilitet och samtidigt bil\u00e4gga \u00e5rsl\u00e5nga konflikter mellan fastighets\u00e4gare och kommun i s\u00e5v\u00e4l K\u00f6ping som p\u00e5 m\u00e5nga andra platser i landet.<\/p>\n<p>De boende p\u00e5 Norr M\u00e4larstrand i K\u00f6ping kan fortfarande hoppas p\u00e5 att slippa anslutning till kommunalt VA.<\/p>\n<p><em>Lars-Axel Nordell (KD),<\/em><br \/>\n<em>Ledamot av Samh\u00e4llsbyggnadsn\u00e4mnden i K\u00f6ping<\/em><\/p>\n","protected":false},"excerpt":{"rendered":"<p>Debattinl\u00e4gg publicerad i Magazin24 i oktober 2020 Jag var under tio \u00e5r ledamot av Sveriges riksdag. F\u00f6r fyra \u00e5r sedan, den 22 sept 2016, st\u00e4llde jag en fr\u00e5ga i den TV-s\u00e4nda fr\u00e5gestunden till d\u00e5varande Milj\u00f6minister Karolina Skog om vatten- och avloppslagstiftningen. Bakgrunden var att 23 kommunalr\u00e5d fr\u00e5n olika delar av landet och fr\u00e5n olika partier <a class=\"read-more-link\" href=\"https:\/\/wp.kristdemokraterna.se\/koping\/2020\/10\/09\/nu-kan-kommunernas-tvangsanslutning-vara-pa-vag-att-upphora\/\">Read More<\/a><\/p>\n","protected":false},"author":62,"featured_media":0,"comment_status":"closed","ping_status":"closed","sticky":false,"template":"","format":"standard","meta":{"_acf_changed":false,"footnotes":""},"categories":[10],"tags":[],"class_list":["post-779","post","type-post","status-publish","format-standard","hentry","category-i-media"],"acf":[],"yoast_head":"<!-- This site is optimized with the Yoast SEO plugin v27.4 - https:\/\/yoast.com\/product\/yoast-seo-wordpress\/ -->\n<title>Nu kan kommunernas tv\u00e5ngsanslutning vara p\u00e5 v\u00e4g att upph\u00f6ra - Kristdemokraterna | K\u00f6ping<\/title>\n<meta name=\"robots\" content=\"index, follow, max-snippet:-1, max-image-preview:large, max-video-preview:-1\" \/>\n<link rel=\"canonical\" href=\"https:\/\/wp.kristdemokraterna.se\/koping\/2020\/10\/09\/nu-kan-kommunernas-tvangsanslutning-vara-pa-vag-att-upphora\/\" \/>\n<meta property=\"og:locale\" content=\"sv_SE\" \/>\n<meta property=\"og:type\" content=\"article\" \/>\n<meta property=\"og:title\" content=\"Nu kan kommunernas tv\u00e5ngsanslutning vara p\u00e5 v\u00e4g att upph\u00f6ra - Kristdemokraterna | K\u00f6ping\" \/>\n<meta property=\"og:description\" content=\"Debattinl\u00e4gg publicerad i Magazin24 i oktober 2020 Jag var under tio \u00e5r ledamot av Sveriges riksdag. F\u00f6r fyra \u00e5r sedan, den 22 sept 2016, st\u00e4llde jag en fr\u00e5ga i den TV-s\u00e4nda fr\u00e5gestunden till d\u00e5varande Milj\u00f6minister Karolina Skog om vatten- och avloppslagstiftningen. Bakgrunden var att 23 kommunalr\u00e5d fr\u00e5n olika delar av landet och fr\u00e5n olika partier Read More\" \/>\n<meta property=\"og:url\" content=\"https:\/\/wp.kristdemokraterna.se\/koping\/2020\/10\/09\/nu-kan-kommunernas-tvangsanslutning-vara-pa-vag-att-upphora\/\" \/>\n<meta property=\"og:site_name\" content=\"Kristdemokraterna | K\u00f6ping\" \/>\n<meta property=\"article:published_time\" content=\"2020-10-09T09:29:02+00:00\" \/>\n<meta property=\"article:modified_time\" content=\"2020-10-09T09:32:17+00:00\" \/>\n<meta property=\"og:image\" content=\"http:\/\/wp.kristdemokraterna.se\/koping\/files\/2020\/10\/img_4763-300x225.jpeg\" \/>\n<meta name=\"author\" content=\"Lars-Axel Nordell\" \/>\n<meta name=\"twitter:card\" content=\"summary_large_image\" \/>\n<meta name=\"twitter:label1\" content=\"Skriven av\" \/>\n\t<meta name=\"twitter:data1\" content=\"Lars-Axel Nordell\" \/>\n\t<meta name=\"twitter:label2\" content=\"Ber\u00e4knad l\u00e4stid\" \/>\n\t<meta name=\"twitter:data2\" content=\"2 minuter\" \/>\n<script type=\"application\/ld+json\" class=\"yoast-schema-graph\">{\"@context\":\"https:\\\/\\\/schema.org\",\"@graph\":[{\"@type\":\"Article\",\"@id\":\"https:\\\/\\\/wp.kristdemokraterna.se\\\/koping\\\/2020\\\/10\\\/09\\\/nu-kan-kommunernas-tvangsanslutning-vara-pa-vag-att-upphora\\\/#article\",\"isPartOf\":{\"@id\":\"https:\\\/\\\/wp.kristdemokraterna.se\\\/koping\\\/2020\\\/10\\\/09\\\/nu-kan-kommunernas-tvangsanslutning-vara-pa-vag-att-upphora\\\/\"},\"author\":{\"name\":\"Lars-Axel Nordell\",\"@id\":\"https:\\\/\\\/wp.kristdemokraterna.se\\\/koping\\\/#\\\/schema\\\/person\\\/bdb0c5f48d712a46a4a2837cc9440b62\"},\"headline\":\"Nu kan kommunernas tv\u00e5ngsanslutning vara p\u00e5 v\u00e4g att upph\u00f6ra\",\"datePublished\":\"2020-10-09T09:29:02+00:00\",\"dateModified\":\"2020-10-09T09:32:17+00:00\",\"mainEntityOfPage\":{\"@id\":\"https:\\\/\\\/wp.kristdemokraterna.se\\\/koping\\\/2020\\\/10\\\/09\\\/nu-kan-kommunernas-tvangsanslutning-vara-pa-vag-att-upphora\\\/\"},\"wordCount\":439,\"image\":{\"@id\":\"https:\\\/\\\/wp.kristdemokraterna.se\\\/koping\\\/2020\\\/10\\\/09\\\/nu-kan-kommunernas-tvangsanslutning-vara-pa-vag-att-upphora\\\/#primaryimage\"},\"thumbnailUrl\":\"http:\\\/\\\/wp.kristdemokraterna.se\\\/koping\\\/files\\\/2020\\\/10\\\/img_4763-300x225.jpeg\",\"articleSection\":[\"I media\"],\"inLanguage\":\"sv-SE\"},{\"@type\":\"WebPage\",\"@id\":\"https:\\\/\\\/wp.kristdemokraterna.se\\\/koping\\\/2020\\\/10\\\/09\\\/nu-kan-kommunernas-tvangsanslutning-vara-pa-vag-att-upphora\\\/\",\"url\":\"https:\\\/\\\/wp.kristdemokraterna.se\\\/koping\\\/2020\\\/10\\\/09\\\/nu-kan-kommunernas-tvangsanslutning-vara-pa-vag-att-upphora\\\/\",\"name\":\"Nu kan kommunernas tv\u00e5ngsanslutning vara p\u00e5 v\u00e4g att upph\u00f6ra - Kristdemokraterna | K\u00f6ping\",\"isPartOf\":{\"@id\":\"https:\\\/\\\/wp.kristdemokraterna.se\\\/koping\\\/#website\"},\"primaryImageOfPage\":{\"@id\":\"https:\\\/\\\/wp.kristdemokraterna.se\\\/koping\\\/2020\\\/10\\\/09\\\/nu-kan-kommunernas-tvangsanslutning-vara-pa-vag-att-upphora\\\/#primaryimage\"},\"image\":{\"@id\":\"https:\\\/\\\/wp.kristdemokraterna.se\\\/koping\\\/2020\\\/10\\\/09\\\/nu-kan-kommunernas-tvangsanslutning-vara-pa-vag-att-upphora\\\/#primaryimage\"},\"thumbnailUrl\":\"http:\\\/\\\/wp.kristdemokraterna.se\\\/koping\\\/files\\\/2020\\\/10\\\/img_4763-300x225.jpeg\",\"datePublished\":\"2020-10-09T09:29:02+00:00\",\"dateModified\":\"2020-10-09T09:32:17+00:00\",\"author\":{\"@id\":\"https:\\\/\\\/wp.kristdemokraterna.se\\\/koping\\\/#\\\/schema\\\/person\\\/bdb0c5f48d712a46a4a2837cc9440b62\"},\"breadcrumb\":{\"@id\":\"https:\\\/\\\/wp.kristdemokraterna.se\\\/koping\\\/2020\\\/10\\\/09\\\/nu-kan-kommunernas-tvangsanslutning-vara-pa-vag-att-upphora\\\/#breadcrumb\"},\"inLanguage\":\"sv-SE\",\"potentialAction\":[{\"@type\":\"ReadAction\",\"target\":[\"https:\\\/\\\/wp.kristdemokraterna.se\\\/koping\\\/2020\\\/10\\\/09\\\/nu-kan-kommunernas-tvangsanslutning-vara-pa-vag-att-upphora\\\/\"]}]},{\"@type\":\"ImageObject\",\"inLanguage\":\"sv-SE\",\"@id\":\"https:\\\/\\\/wp.kristdemokraterna.se\\\/koping\\\/2020\\\/10\\\/09\\\/nu-kan-kommunernas-tvangsanslutning-vara-pa-vag-att-upphora\\\/#primaryimage\",\"url\":\"http:\\\/\\\/wp.kristdemokraterna.se\\\/koping\\\/files\\\/2020\\\/10\\\/img_4763-300x225.jpeg\",\"contentUrl\":\"http:\\\/\\\/wp.kristdemokraterna.se\\\/koping\\\/files\\\/2020\\\/10\\\/img_4763-300x225.jpeg\"},{\"@type\":\"BreadcrumbList\",\"@id\":\"https:\\\/\\\/wp.kristdemokraterna.se\\\/koping\\\/2020\\\/10\\\/09\\\/nu-kan-kommunernas-tvangsanslutning-vara-pa-vag-att-upphora\\\/#breadcrumb\",\"itemListElement\":[{\"@type\":\"ListItem\",\"position\":1,\"name\":\"Hem\",\"item\":\"https:\\\/\\\/wp.kristdemokraterna.se\\\/koping\\\/\"},{\"@type\":\"ListItem\",\"position\":2,\"name\":\"Nu kan kommunernas tv\u00e5ngsanslutning vara p\u00e5 v\u00e4g att upph\u00f6ra\"}]},{\"@type\":\"WebSite\",\"@id\":\"https:\\\/\\\/wp.kristdemokraterna.se\\\/koping\\\/#website\",\"url\":\"https:\\\/\\\/wp.kristdemokraterna.se\\\/koping\\\/\",\"name\":\"Kristdemokraterna | K\u00f6ping\",\"description\":\"K\u00f6ping beh\u00f6ver ett nytt styre - men inga bilar p\u00e5 Stora gatan\",\"inLanguage\":\"sv-SE\"},{\"@type\":\"Person\",\"@id\":\"https:\\\/\\\/wp.kristdemokraterna.se\\\/koping\\\/#\\\/schema\\\/person\\\/bdb0c5f48d712a46a4a2837cc9440b62\",\"name\":\"Lars-Axel Nordell\",\"image\":{\"@type\":\"ImageObject\",\"inLanguage\":\"sv-SE\",\"@id\":\"https:\\\/\\\/secure.gravatar.com\\\/avatar\\\/d92875e023d2cb6ae0d1029a6bd2cca88e6910b5027e0eae0de217c7a30af7c8?s=96&d=mm&r=g\",\"url\":\"https:\\\/\\\/secure.gravatar.com\\\/avatar\\\/d92875e023d2cb6ae0d1029a6bd2cca88e6910b5027e0eae0de217c7a30af7c8?s=96&d=mm&r=g\",\"contentUrl\":\"https:\\\/\\\/secure.gravatar.com\\\/avatar\\\/d92875e023d2cb6ae0d1029a6bd2cca88e6910b5027e0eae0de217c7a30af7c8?s=96&d=mm&r=g\",\"caption\":\"Lars-Axel Nordell\"},\"sameAs\":[\"http:\\\/\\\/larsaxel.se\"],\"url\":\"https:\\\/\\\/wp.kristdemokraterna.se\\\/koping\\\/author\\\/larsaxel\\\/\"}]}<\/script>\n<!-- \/ Yoast SEO plugin. -->","yoast_head_json":{"title":"Nu kan kommunernas tv\u00e5ngsanslutning vara p\u00e5 v\u00e4g att upph\u00f6ra - Kristdemokraterna | K\u00f6ping","robots":{"index":"index","follow":"follow","max-snippet":"max-snippet:-1","max-image-preview":"max-image-preview:large","max-video-preview":"max-video-preview:-1"},"canonical":"https:\/\/wp.kristdemokraterna.se\/koping\/2020\/10\/09\/nu-kan-kommunernas-tvangsanslutning-vara-pa-vag-att-upphora\/","og_locale":"sv_SE","og_type":"article","og_title":"Nu kan kommunernas tv\u00e5ngsanslutning vara p\u00e5 v\u00e4g att upph\u00f6ra - Kristdemokraterna | K\u00f6ping","og_description":"Debattinl\u00e4gg publicerad i Magazin24 i oktober 2020 Jag var under tio \u00e5r ledamot av Sveriges riksdag. F\u00f6r fyra \u00e5r sedan, den 22 sept 2016, st\u00e4llde jag en fr\u00e5ga i den TV-s\u00e4nda fr\u00e5gestunden till d\u00e5varande Milj\u00f6minister Karolina Skog om vatten- och avloppslagstiftningen. Bakgrunden var att 23 kommunalr\u00e5d fr\u00e5n olika delar av landet och fr\u00e5n olika partier Read More","og_url":"https:\/\/wp.kristdemokraterna.se\/koping\/2020\/10\/09\/nu-kan-kommunernas-tvangsanslutning-vara-pa-vag-att-upphora\/","og_site_name":"Kristdemokraterna | K\u00f6ping","article_published_time":"2020-10-09T09:29:02+00:00","article_modified_time":"2020-10-09T09:32:17+00:00","og_image":[{"url":"http:\/\/wp.kristdemokraterna.se\/koping\/files\/2020\/10\/img_4763-300x225.jpeg","type":"","width":"","height":""}],"author":"Lars-Axel Nordell","twitter_card":"summary_large_image","twitter_misc":{"Skriven av":"Lars-Axel Nordell","Ber\u00e4knad l\u00e4stid":"2 minuter"},"schema":{"@context":"https:\/\/schema.org","@graph":[{"@type":"Article","@id":"https:\/\/wp.kristdemokraterna.se\/koping\/2020\/10\/09\/nu-kan-kommunernas-tvangsanslutning-vara-pa-vag-att-upphora\/#article","isPartOf":{"@id":"https:\/\/wp.kristdemokraterna.se\/koping\/2020\/10\/09\/nu-kan-kommunernas-tvangsanslutning-vara-pa-vag-att-upphora\/"},"author":{"name":"Lars-Axel Nordell","@id":"https:\/\/wp.kristdemokraterna.se\/koping\/#\/schema\/person\/bdb0c5f48d712a46a4a2837cc9440b62"},"headline":"Nu kan kommunernas tv\u00e5ngsanslutning vara p\u00e5 v\u00e4g att upph\u00f6ra","datePublished":"2020-10-09T09:29:02+00:00","dateModified":"2020-10-09T09:32:17+00:00","mainEntityOfPage":{"@id":"https:\/\/wp.kristdemokraterna.se\/koping\/2020\/10\/09\/nu-kan-kommunernas-tvangsanslutning-vara-pa-vag-att-upphora\/"},"wordCount":439,"image":{"@id":"https:\/\/wp.kristdemokraterna.se\/koping\/2020\/10\/09\/nu-kan-kommunernas-tvangsanslutning-vara-pa-vag-att-upphora\/#primaryimage"},"thumbnailUrl":"http:\/\/wp.kristdemokraterna.se\/koping\/files\/2020\/10\/img_4763-300x225.jpeg","articleSection":["I media"],"inLanguage":"sv-SE"},{"@type":"WebPage","@id":"https:\/\/wp.kristdemokraterna.se\/koping\/2020\/10\/09\/nu-kan-kommunernas-tvangsanslutning-vara-pa-vag-att-upphora\/","url":"https:\/\/wp.kristdemokraterna.se\/koping\/2020\/10\/09\/nu-kan-kommunernas-tvangsanslutning-vara-pa-vag-att-upphora\/","name":"Nu kan kommunernas tv\u00e5ngsanslutning vara p\u00e5 v\u00e4g att upph\u00f6ra - Kristdemokraterna | K\u00f6ping","isPartOf":{"@id":"https:\/\/wp.kristdemokraterna.se\/koping\/#website"},"primaryImageOfPage":{"@id":"https:\/\/wp.kristdemokraterna.se\/koping\/2020\/10\/09\/nu-kan-kommunernas-tvangsanslutning-vara-pa-vag-att-upphora\/#primaryimage"},"image":{"@id":"https:\/\/wp.kristdemokraterna.se\/koping\/2020\/10\/09\/nu-kan-kommunernas-tvangsanslutning-vara-pa-vag-att-upphora\/#primaryimage"},"thumbnailUrl":"http:\/\/wp.kristdemokraterna.se\/koping\/files\/2020\/10\/img_4763-300x225.jpeg","datePublished":"2020-10-09T09:29:02+00:00","dateModified":"2020-10-09T09:32:17+00:00","author":{"@id":"https:\/\/wp.kristdemokraterna.se\/koping\/#\/schema\/person\/bdb0c5f48d712a46a4a2837cc9440b62"},"breadcrumb":{"@id":"https:\/\/wp.kristdemokraterna.se\/koping\/2020\/10\/09\/nu-kan-kommunernas-tvangsanslutning-vara-pa-vag-att-upphora\/#breadcrumb"},"inLanguage":"sv-SE","potentialAction":[{"@type":"ReadAction","target":["https:\/\/wp.kristdemokraterna.se\/koping\/2020\/10\/09\/nu-kan-kommunernas-tvangsanslutning-vara-pa-vag-att-upphora\/"]}]},{"@type":"ImageObject","inLanguage":"sv-SE","@id":"https:\/\/wp.kristdemokraterna.se\/koping\/2020\/10\/09\/nu-kan-kommunernas-tvangsanslutning-vara-pa-vag-att-upphora\/#primaryimage","url":"http:\/\/wp.kristdemokraterna.se\/koping\/files\/2020\/10\/img_4763-300x225.jpeg","contentUrl":"http:\/\/wp.kristdemokraterna.se\/koping\/files\/2020\/10\/img_4763-300x225.jpeg"},{"@type":"BreadcrumbList","@id":"https:\/\/wp.kristdemokraterna.se\/koping\/2020\/10\/09\/nu-kan-kommunernas-tvangsanslutning-vara-pa-vag-att-upphora\/#breadcrumb","itemListElement":[{"@type":"ListItem","position":1,"name":"Hem","item":"https:\/\/wp.kristdemokraterna.se\/koping\/"},{"@type":"ListItem","position":2,"name":"Nu kan kommunernas tv\u00e5ngsanslutning vara p\u00e5 v\u00e4g att upph\u00f6ra"}]},{"@type":"WebSite","@id":"https:\/\/wp.kristdemokraterna.se\/koping\/#website","url":"https:\/\/wp.kristdemokraterna.se\/koping\/","name":"Kristdemokraterna | K\u00f6ping","description":"K\u00f6ping beh\u00f6ver ett nytt styre - men inga bilar p\u00e5 Stora gatan","inLanguage":"sv-SE"},{"@type":"Person","@id":"https:\/\/wp.kristdemokraterna.se\/koping\/#\/schema\/person\/bdb0c5f48d712a46a4a2837cc9440b62","name":"Lars-Axel Nordell","image":{"@type":"ImageObject","inLanguage":"sv-SE","@id":"https:\/\/secure.gravatar.com\/avatar\/d92875e023d2cb6ae0d1029a6bd2cca88e6910b5027e0eae0de217c7a30af7c8?s=96&d=mm&r=g","url":"https:\/\/secure.gravatar.com\/avatar\/d92875e023d2cb6ae0d1029a6bd2cca88e6910b5027e0eae0de217c7a30af7c8?s=96&d=mm&r=g","contentUrl":"https:\/\/secure.gravatar.com\/avatar\/d92875e023d2cb6ae0d1029a6bd2cca88e6910b5027e0eae0de217c7a30af7c8?s=96&d=mm&r=g","caption":"Lars-Axel Nordell"},"sameAs":["http:\/\/larsaxel.se"],"url":"https:\/\/wp.kristdemokraterna.se\/koping\/author\/larsaxel\/"}]}},"_links":{"self":[{"href":"https:\/\/wp.kristdemokraterna.se\/koping\/wp-json\/wp\/v2\/posts\/779","targetHints":{"allow":["GET"]}}],"collection":[{"href":"https:\/\/wp.kristdemokraterna.se\/koping\/wp-json\/wp\/v2\/posts"}],"about":[{"href":"https:\/\/wp.kristdemokraterna.se\/koping\/wp-json\/wp\/v2\/types\/post"}],"author":[{"embeddable":true,"href":"https:\/\/wp.kristdemokraterna.se\/koping\/wp-json\/wp\/v2\/users\/62"}],"replies":[{"embeddable":true,"href":"https:\/\/wp.kristdemokraterna.se\/koping\/wp-json\/wp\/v2\/comments?post=779"}],"version-history":[{"count":7,"href":"https:\/\/wp.kristdemokraterna.se\/koping\/wp-json\/wp\/v2\/posts\/779\/revisions"}],"predecessor-version":[{"id":787,"href":"https:\/\/wp.kristdemokraterna.se\/koping\/wp-json\/wp\/v2\/posts\/779\/revisions\/787"}],"wp:attachment":[{"href":"https:\/\/wp.kristdemokraterna.se\/koping\/wp-json\/wp\/v2\/media?parent=779"}],"wp:term":[{"taxonomy":"category","embeddable":true,"href":"https:\/\/wp.kristdemokraterna.se\/koping\/wp-json\/wp\/v2\/categories?post=779"},{"taxonomy":"post_tag","embeddable":true,"href":"https:\/\/wp.kristdemokraterna.se\/koping\/wp-json\/wp\/v2\/tags?post=779"}],"curies":[{"name":"wp","href":"https:\/\/api.w.org\/{rel}","templated":true}]}}